{"id":93777,"date":"2020-03-08T09:41:10","date_gmt":"2020-03-08T13:41:10","guid":{"rendered":"https:\/\/digital58.com.ve\/site\/?p=93777"},"modified":"2020-03-08T09:41:10","modified_gmt":"2020-03-08T13:41:10","slug":"unt-zulia-a-un-ano-del-apagon-nacional-los-zulianos-seguimos-viviendo-una-calamidad","status":"publish","type":"post","link":"https:\/\/digital58.com.ve\/site\/2020\/03\/08\/unt-zulia-a-un-ano-del-apagon-nacional-los-zulianos-seguimos-viviendo-una-calamidad\/","title":{"rendered":"UNT Zulia: \u00aba un a\u00f1o del apag\u00f3n nacional los zulianos seguimos viviendo una calamidad\u00bb"},"content":{"rendered":"<p><a href=\"https:\/\/digital58.com.ve\/site\/wp-content\/uploads\/2020\/03\/photo_2020-03-07_16-09-25.jpg\"><img loading=\"lazy\" decoding=\"async\" class=\"aligncenter size-full wp-image-93781\" src=\"https:\/\/digital58.com.ve\/site\/wp-content\/uploads\/2020\/03\/photo_2020-03-07_16-09-25.jpg\" alt=\"\" width=\"1080\" height=\"525\" srcset=\"https:\/\/digital58.com.ve\/site\/wp-content\/uploads\/2020\/03\/photo_2020-03-07_16-09-25.jpg 800w, https:\/\/digital58.com.ve\/site\/wp-content\/uploads\/2020\/03\/photo_2020-03-07_16-09-25-300x146.jpg 300w, https:\/\/digital58.com.ve\/site\/wp-content\/uploads\/2020\/03\/photo_2020-03-07_16-09-25-768x373.jpg 768w\" sizes=\"auto, (max-width: 1080px) 100vw, 1080px\" \/><\/a><\/p>\n<p>Este 7 de marzo se cumple un a\u00f1o del primer apag\u00f3n nacional que se registr\u00f3 en el 2019, una gran falla que afect\u00f3 a los 24 estados del pa\u00eds y que dej\u00f3 al estado Zulia con m\u00e1s de 6 d\u00edas sin servicio el\u00e9ctrico, lo cual caus\u00f3 p\u00e9rdidas millonarias y acab\u00f3 con la tranquilidad de las familias en la regi\u00f3n petrolera venezolana<\/p>\n<p><strong>Maracaibo, Zulia, Venezuela, 08 de marzo de 2020 (ND58).-<\/strong> Jos\u00e9 Luis Alcal\u00e1 Rhode, presidente de Un Nuevo Tiempo (UNT) en el estado Zulia, asegur\u00f3 que hasta la fecha no se han presentado soluciones concretas por parte del gobierno regional para buscar soluciones a la crisis en la cual se encuentra sumergida la entidad y que a su criterio ha llevado a la quiebra a centenares de empresas y acaba con la tranquilidad de millones de zulianos.<\/p>\n<p><a href=\"https:\/\/digital58.com.ve\/site\/wp-content\/uploads\/2020\/03\/photo_2020-03-07_16-09-14.jpg\"><img loading=\"lazy\" decoding=\"async\" class=\"aligncenter size-full wp-image-93779\" src=\"https:\/\/digital58.com.ve\/site\/wp-content\/uploads\/2020\/03\/photo_2020-03-07_16-09-14.jpg\" alt=\"\" width=\"1080\" height=\"525\" srcset=\"https:\/\/digital58.com.ve\/site\/wp-content\/uploads\/2020\/03\/photo_2020-03-07_16-09-14.jpg 800w, https:\/\/digital58.com.ve\/site\/wp-content\/uploads\/2020\/03\/photo_2020-03-07_16-09-14-300x146.jpg 300w, https:\/\/digital58.com.ve\/site\/wp-content\/uploads\/2020\/03\/photo_2020-03-07_16-09-14-768x373.jpg 768w\" sizes=\"auto, (max-width: 1080px) 100vw, 1080px\" \/><\/a><\/p>\n<p>\u00abLos apagones contin\u00faan, siempre salen con cuentos chinos que est\u00e1n solucionando o arreglando algo y es cuando precisamente se intensifican los mal llamados bajones y los cortes el\u00e9ctricos. Parece que no existiera la voluntad para solucionar los da\u00f1os que han causado por la falta de inversi\u00f3n, la corrupci\u00f3n en el sector y a falta de personal capacitado para realizar las labores de mantenimiento, esto se le sali\u00f3 de las manos y no lo quieren afrontar. A un a\u00f1o del apag\u00f3n nacional los zulianos seguimos viviendo una calamidad\u00bb, asegur\u00f3.<\/p>\n<p>Alcal\u00e1 Rhode indic\u00f3 que a trav\u00e9s del Plan Pa\u00eds que encabeza el Presidente de la Asamblea Nacional, Juan Guaid\u00f3, se tiene planteadas las soluciones y presupuestos para recuperar el sistema el\u00e9ctrico nacional y crear nuevas estaciones de energ\u00eda en los estados que permitan poseer una autonom\u00eda de la Central Hidroel\u00e9ctrica Sim\u00f3n Bol\u00edvar (El Guri).<\/p>\n<p>\u00abExpertos en todo el pa\u00eds han trabajado arduamente para buscar soluciones factibles para la grave crisis que vive el territorio nacional por culpa de los constantes apagones. Desde el Zulia, el ex gobernador Manuel Rosales present\u00f3 un proyecto ante la Corporaci\u00f3n Andina de Fomento (CAF) que fue recibido, evaluado y aprobado para que a trav\u00e9s de la Organizaci\u00f3n de las Naciones Unidas (ONU) se realice el financiamiento para la adquisici\u00f3n de m\u00e1quinas de arranque r\u00e1pido y dispuestas en los estados m\u00e1s golpeados y as\u00ed comenzar a solventar las fallas en el sistema el\u00e9ctrico\u00bb, afirm\u00f3.<\/p>\n<p>Acot\u00f3 el presidente de UNT Zulia, que actualmente el pa\u00eds se encuentra atravesando por la \u00e9poca m\u00e1s calurosa del a\u00f1o y en la cual de acuerdo a la informaci\u00f3n manejada por los expertos se eleva el consumo de electricidad, por lo cual esto puede provocar m\u00e1s fallas y ca\u00eddas en el sistema el\u00e9ctrico como se est\u00e1 registrado en la ciudad de Caracas en donde hay sectores hasta con 48 horas sin energ\u00eda.<\/p>\n<p>\u00abSiempre intentaron ocultar el sol con un dedo y mantener a Caracas aislada de la realidad del pa\u00eds y hoy en d\u00eda ya no pueden soportar las mentiras, ah\u00ed tienen sectores con m\u00e1s de dos d\u00edas sin energ\u00eda el\u00e9ctrica. \u00bfA qui\u00e9n van a culpar de eso?\u00bb, inquiri\u00f3.<\/p>\n<p>Estas declaraciones fueron emitidas durante la continuaci\u00f3n de las actividades con motivo del XIV aniversario de Un Nuevo Tiempo a nivel nacional desde la parroquia Chiquinquir\u00e1 de Maracaibo, donde se realiz\u00f3 una extraordinaria jornada social con atenci\u00f3n m\u00e9dica, peluquer\u00eda, actividades recreativas para los ni\u00f1os y la cual culmin\u00f3 con un sancochazo organizado por el equipo de UNT Solidario en la que se beneficiaron m\u00e1s de 700 habitantes del sector Los Capachos en la capital zuliana.<\/p>\n<p><strong>Redacci\u00f3n con fuente: Prensa UNT Zulia<\/strong><br \/>\n<strong>Edici\u00f3n: Villasmil, Henry<\/strong><br \/>\n<strong>Gr\u00e1ficas: cortes\u00eda Prensa<\/strong> <strong>@partidountzulia<\/p>\n<p><\/strong><a href=\"https:\/\/digital58.com.ve\/site\/wp-content\/uploads\/2020\/03\/photo_2020-03-07_16-08-51.jpg\"><img loading=\"lazy\" decoding=\"async\" class=\"aligncenter size-full wp-image-93783\" src=\"https:\/\/digital58.com.ve\/site\/wp-content\/uploads\/2020\/03\/photo_2020-03-07_16-08-51.jpg\" alt=\"\" width=\"1080\" height=\"525\" srcset=\"https:\/\/digital58.com.ve\/site\/wp-content\/uploads\/2020\/03\/photo_2020-03-07_16-08-51.jpg 800w, https:\/\/digital58.com.ve\/site\/wp-content\/uploads\/2020\/03\/photo_2020-03-07_16-08-51-300x146.jpg 300w, https:\/\/digital58.com.ve\/site\/wp-content\/uploads\/2020\/03\/photo_2020-03-07_16-08-51-768x373.jpg 768w\" sizes=\"auto, (max-width: 1080px) 100vw, 1080px\" \/><\/a><\/p>\n<p><a href=\"https:\/\/digital58.com.ve\/site\/wp-content\/uploads\/2020\/03\/photo_2020-03-07_16-09-28.jpg\"><img loading=\"lazy\" decoding=\"async\" class=\"aligncenter size-full wp-image-93784\" src=\"https:\/\/digital58.com.ve\/site\/wp-content\/uploads\/2020\/03\/photo_2020-03-07_16-09-28.jpg\" alt=\"\" width=\"1080\" height=\"525\" srcset=\"https:\/\/digital58.com.ve\/site\/wp-content\/uploads\/2020\/03\/photo_2020-03-07_16-09-28.jpg 800w, https:\/\/digital58.com.ve\/site\/wp-content\/uploads\/2020\/03\/photo_2020-03-07_16-09-28-300x146.jpg 300w, https:\/\/digital58.com.ve\/site\/wp-content\/uploads\/2020\/03\/photo_2020-03-07_16-09-28-768x373.jpg 768w\" sizes=\"auto, (max-width: 1080px) 100vw, 1080px\" \/><\/a><\/p>\n<p><a href=\"https:\/\/digital58.com.ve\/site\/wp-content\/uploads\/2020\/03\/photo_2020-03-07_16-08-54.jpg\"><img loading=\"lazy\" decoding=\"async\" class=\"aligncenter size-full wp-image-93782\" src=\"https:\/\/digital58.com.ve\/site\/wp-content\/uploads\/2020\/03\/photo_2020-03-07_16-08-54.jpg\" alt=\"\" width=\"1080\" height=\"525\" srcset=\"https:\/\/digital58.com.ve\/site\/wp-content\/uploads\/2020\/03\/photo_2020-03-07_16-08-54.jpg 800w, https:\/\/digital58.com.ve\/site\/wp-content\/uploads\/2020\/03\/photo_2020-03-07_16-08-54-300x146.jpg 300w, https:\/\/digital58.com.ve\/site\/wp-content\/uploads\/2020\/03\/photo_2020-03-07_16-08-54-768x373.jpg 768w\" sizes=\"auto, (max-width: 1080px) 100vw, 1080px\" \/><\/a><\/p><div class=\"hphwd69f145db44554\" ><p style=\"text-align: center;\"><a href=\"https:\/\/t.me\/noticiasdigital58\" target=\"_blank\" rel=\"noopener\"><img class=\"aligncenter size-full wp-image-125363\" src=\"https:\/\/digital58.com.ve\/site\/wp-content\/uploads\/2021\/04\/banner-telegram-web-2021.png\" alt=\"\" width=\"600\" height=\"90\" \/><\/a><\/p><\/div><style type=\"text\/css\">\r\n@media screen and (min-width: 1201px) {\r\n.hphwd69f145db44554 {\r\ndisplay: block;\r\n}\r\n}\r\n@media screen and (min-width: 993px) and (max-width: 1200px) {\r\n.hphwd69f145db44554 {\r\ndisplay: block;\r\n}\r\n}\r\n@media screen and (min-width: 769px) and (max-width: 992px) {\r\n.hphwd69f145db44554 {\r\ndisplay: block;\r\n}\r\n}\r\n@media screen and (min-width: 768px) and (max-width: 768px) {\r\n.hphwd69f145db44554 {\r\ndisplay: block;\r\n}\r\n}\r\n@media screen and (max-width: 767px) {\r\n.hphwd69f145db44554 {\r\ndisplay: block;\r\n}\r\n}\r\n<\/style>\r\n\n<p><a href=\"https:\/\/digital58.com.ve\/site\/wp-content\/uploads\/2020\/03\/photo_2020-03-07_16-09-11.jpg\"><img loading=\"lazy\" decoding=\"async\" class=\"aligncenter size-full wp-image-93780\" src=\"https:\/\/digital58.com.ve\/site\/wp-content\/uploads\/2020\/03\/photo_2020-03-07_16-09-11.jpg\" alt=\"\" width=\"1080\" height=\"525\" srcset=\"https:\/\/digital58.com.ve\/site\/wp-content\/uploads\/2020\/03\/photo_2020-03-07_16-09-11.jpg 800w, https:\/\/digital58.com.ve\/site\/wp-content\/uploads\/2020\/03\/photo_2020-03-07_16-09-11-300x146.jpg 300w, https:\/\/digital58.com.ve\/site\/wp-content\/uploads\/2020\/03\/photo_2020-03-07_16-09-11-768x373.jpg 768w\" sizes=\"auto, (max-width: 1080px) 100vw, 1080px\" \/><\/a><\/p>\n<div style=\"margin-top: 0px; margin-bottom: 0px;\" class=\"sharethis-inline-share-buttons\" ><\/div>","protected":false},"excerpt":{"rendered":"<p>Este 7 de marzo se cumple un a\u00f1o del primer apag\u00f3n nacional que se registr\u00f3 en el 2019, una gran<\/p>\n","protected":false},"author":1,"featured_media":93779,"comment_status":"open","ping_status":"closed","sticky":false,"template":"","format":"standard","meta":{"colormag_page_container_layout":"default_layout","colormag_page_sidebar_layout":"default_layout","_uag_custom_page_level_css":"","footnotes":""},"categories":[8610,8608],"tags":[13710,13577,73,2354,732,32,761],"class_list":["post-93777","post","type-post","status-publish","format-standard","has-post-thumbnail","hentry","category-politica","category-reportajes-especiales","tag-apagon-nacional-2009","tag-crisis-energetica","tag-maracaibo","tag-regionales","tag-un-nuevo-tiempo","tag-venezuela","tag-zulia"],"yoast_head":"<!-- This site is optimized with the Yoast SEO plugin v27.5 - https:\/\/yoast.com\/product\/yoast-seo-wordpress\/ -->\n<title>UNT Zulia: \u00aba un a\u00f1o del apag\u00f3n nacional los zulianos seguimos viviendo una calamidad\u00bb<\/title>\n<meta name=\"description\" content=\"Reportajes Especiales\" \/>\n<meta name=\"robots\" content=\"index, follow, max-snippet:-1, max-image-preview:large, max-video-preview:-1\" \/>\n<link rel=\"canonical\" href=\"https:\/\/digital58.com.ve\/site\/2020\/03\/08\/unt-zulia-a-un-ano-del-apagon-nacional-los-zulianos-seguimos-viviendo-una-calamidad\/\" \/>\n<meta property=\"og:locale\" content=\"es_ES\" \/>\n<meta property=\"og:type\" content=\"article\" \/>\n<meta property=\"og:title\" content=\"UNT Zulia: \u00aba un a\u00f1o del apag\u00f3n nacional los zulianos seguimos viviendo una calamidad\u00bb\" \/>\n<meta property=\"og:description\" content=\"Reportajes Especiales\" \/>\n<meta property=\"og:url\" content=\"https:\/\/digital58.com.ve\/site\/2020\/03\/08\/unt-zulia-a-un-ano-del-apagon-nacional-los-zulianos-seguimos-viviendo-una-calamidad\/\" \/>\n<meta property=\"og:site_name\" content=\"Noticias Digital58\" \/>\n<meta property=\"article:published_time\" content=\"2020-03-08T13:41:10+00:00\" \/>\n<meta property=\"og:image\" content=\"https:\/\/digital58.com.ve\/site\/wp-content\/uploads\/2020\/03\/photo_2020-03-07_16-09-14.jpg\" \/>\n\t<meta property=\"og:image:width\" content=\"1080\" \/>\n\t<meta property=\"og:image:height\" content=\"525\" \/>\n\t<meta property=\"og:image:type\" content=\"image\/jpeg\" \/>\n<meta name=\"author\" content=\"Villasmil Henry\" \/>\n<meta name=\"twitter:card\" content=\"summary_large_image\" \/>\n<meta name=\"twitter:creator\" content=\"@https:\/\/twitter.com\/villasmilhfoto\" \/>\n<meta name=\"twitter:site\" content=\"@villasmilhfoto\" \/>\n<meta name=\"twitter:label1\" content=\"Escrito por\" \/>\n\t<meta name=\"twitter:data1\" content=\"Villasmil Henry\" \/>\n\t<meta name=\"twitter:label2\" content=\"Tiempo estimado de lectura\" \/>\n\t<meta name=\"twitter:data2\" content=\"3 minutos\" \/>\n<script type=\"application\/ld+json\" class=\"yoast-schema-graph\">{\"@context\":\"https:\\\/\\\/schema.org\",\"@graph\":[{\"@type\":\"Article\",\"@id\":\"https:\\\/\\\/digital58.com.ve\\\/site\\\/2020\\\/03\\\/08\\\/unt-zulia-a-un-ano-del-apagon-nacional-los-zulianos-seguimos-viviendo-una-calamidad\\\/#article\",\"isPartOf\":{\"@id\":\"https:\\\/\\\/digital58.com.ve\\\/site\\\/2020\\\/03\\\/08\\\/unt-zulia-a-un-ano-del-apagon-nacional-los-zulianos-seguimos-viviendo-una-calamidad\\\/\"},\"author\":{\"name\":\"Villasmil Henry\",\"@id\":\"https:\\\/\\\/digital58.com.ve\\\/site\\\/#\\\/schema\\\/person\\\/64d1c2e4d0d4fd1b849980c4331c2951\"},\"headline\":\"UNT Zulia: \u00aba un a\u00f1o del apag\u00f3n nacional los zulianos seguimos viviendo una calamidad\u00bb\",\"datePublished\":\"2020-03-08T13:41:10+00:00\",\"mainEntityOfPage\":{\"@id\":\"https:\\\/\\\/digital58.com.ve\\\/site\\\/2020\\\/03\\\/08\\\/unt-zulia-a-un-ano-del-apagon-nacional-los-zulianos-seguimos-viviendo-una-calamidad\\\/\"},\"wordCount\":647,\"commentCount\":0,\"publisher\":{\"@id\":\"https:\\\/\\\/digital58.com.ve\\\/site\\\/#\\\/schema\\\/person\\\/64d1c2e4d0d4fd1b849980c4331c2951\"},\"image\":{\"@id\":\"https:\\\/\\\/digital58.com.ve\\\/site\\\/2020\\\/03\\\/08\\\/unt-zulia-a-un-ano-del-apagon-nacional-los-zulianos-seguimos-viviendo-una-calamidad\\\/#primaryimage\"},\"thumbnailUrl\":\"https:\\\/\\\/digital58.com.ve\\\/site\\\/wp-content\\\/uploads\\\/2020\\\/03\\\/photo_2020-03-07_16-09-14.jpg\",\"keywords\":[\"Apag\u00f3n Nacional 2009\",\"Crisis Energ\u00e9tica\",\"Maracaibo\",\"Regionales\",\"Un Nuevo Tiempo\",\"Venezuela\",\"Zulia\"],\"articleSection\":[\"Pol\u00edtica\",\"Reportajes Especiales\"],\"inLanguage\":\"es\",\"potentialAction\":[{\"@type\":\"CommentAction\",\"name\":\"Comment\",\"target\":[\"https:\\\/\\\/digital58.com.ve\\\/site\\\/2020\\\/03\\\/08\\\/unt-zulia-a-un-ano-del-apagon-nacional-los-zulianos-seguimos-viviendo-una-calamidad\\\/#respond\"]}]},{\"@type\":\"WebPage\",\"@id\":\"https:\\\/\\\/digital58.com.ve\\\/site\\\/2020\\\/03\\\/08\\\/unt-zulia-a-un-ano-del-apagon-nacional-los-zulianos-seguimos-viviendo-una-calamidad\\\/\",\"url\":\"https:\\\/\\\/digital58.com.ve\\\/site\\\/2020\\\/03\\\/08\\\/unt-zulia-a-un-ano-del-apagon-nacional-los-zulianos-seguimos-viviendo-una-calamidad\\\/\",\"name\":\"UNT Zulia: \u00aba un a\u00f1o del apag\u00f3n nacional los zulianos seguimos viviendo una calamidad\u00bb\",\"isPartOf\":{\"@id\":\"https:\\\/\\\/digital58.com.ve\\\/site\\\/#website\"},\"primaryImageOfPage\":{\"@id\":\"https:\\\/\\\/digital58.com.ve\\\/site\\\/2020\\\/03\\\/08\\\/unt-zulia-a-un-ano-del-apagon-nacional-los-zulianos-seguimos-viviendo-una-calamidad\\\/#primaryimage\"},\"image\":{\"@id\":\"https:\\\/\\\/digital58.com.ve\\\/site\\\/2020\\\/03\\\/08\\\/unt-zulia-a-un-ano-del-apagon-nacional-los-zulianos-seguimos-viviendo-una-calamidad\\\/#primaryimage\"},\"thumbnailUrl\":\"https:\\\/\\\/digital58.com.ve\\\/site\\\/wp-content\\\/uploads\\\/2020\\\/03\\\/photo_2020-03-07_16-09-14.jpg\",\"datePublished\":\"2020-03-08T13:41:10+00:00\",\"description\":\"Reportajes Especiales\",\"breadcrumb\":{\"@id\":\"https:\\\/\\\/digital58.com.ve\\\/site\\\/2020\\\/03\\\/08\\\/unt-zulia-a-un-ano-del-apagon-nacional-los-zulianos-seguimos-viviendo-una-calamidad\\\/#breadcrumb\"},\"inLanguage\":\"es\",\"potentialAction\":[{\"@type\":\"ReadAction\",\"target\":[\"https:\\\/\\\/digital58.com.ve\\\/site\\\/2020\\\/03\\\/08\\\/unt-zulia-a-un-ano-del-apagon-nacional-los-zulianos-seguimos-viviendo-una-calamidad\\\/\"]}]},{\"@type\":\"ImageObject\",\"inLanguage\":\"es\",\"@id\":\"https:\\\/\\\/digital58.com.ve\\\/site\\\/2020\\\/03\\\/08\\\/unt-zulia-a-un-ano-del-apagon-nacional-los-zulianos-seguimos-viviendo-una-calamidad\\\/#primaryimage\",\"url\":\"https:\\\/\\\/digital58.com.ve\\\/site\\\/wp-content\\\/uploads\\\/2020\\\/03\\\/photo_2020-03-07_16-09-14.jpg\",\"contentUrl\":\"https:\\\/\\\/digital58.com.ve\\\/site\\\/wp-content\\\/uploads\\\/2020\\\/03\\\/photo_2020-03-07_16-09-14.jpg\",\"width\":800,\"height\":389},{\"@type\":\"BreadcrumbList\",\"@id\":\"https:\\\/\\\/digital58.com.ve\\\/site\\\/2020\\\/03\\\/08\\\/unt-zulia-a-un-ano-del-apagon-nacional-los-zulianos-seguimos-viviendo-una-calamidad\\\/#breadcrumb\",\"itemListElement\":[{\"@type\":\"ListItem\",\"position\":1,\"name\":\"Home\",\"item\":\"https:\\\/\\\/digital58.com.ve\\\/site\\\/\"},{\"@type\":\"ListItem\",\"position\":2,\"name\":\"UNT Zulia: \u00aba un a\u00f1o del apag\u00f3n nacional los zulianos seguimos viviendo una calamidad\u00bb\"}]},{\"@type\":\"WebSite\",\"@id\":\"https:\\\/\\\/digital58.com.ve\\\/site\\\/#website\",\"url\":\"https:\\\/\\\/digital58.com.ve\\\/site\\\/\",\"name\":\"Noticias Digital58\",\"description\":\"Portal de Noticias \u00a1Periodismo web de verdad! Lanzamiento web 22.11.2005 \\\/ Maracaibo, Venezuela\",\"publisher\":{\"@id\":\"https:\\\/\\\/digital58.com.ve\\\/site\\\/#\\\/schema\\\/person\\\/64d1c2e4d0d4fd1b849980c4331c2951\"},\"alternateName\":\"ND58\",\"potentialAction\":[{\"@type\":\"SearchAction\",\"target\":{\"@type\":\"EntryPoint\",\"urlTemplate\":\"https:\\\/\\\/digital58.com.ve\\\/site\\\/?s={search_term_string}\"},\"query-input\":{\"@type\":\"PropertyValueSpecification\",\"valueRequired\":true,\"valueName\":\"search_term_string\"}}],\"inLanguage\":\"es\"},{\"@type\":[\"Person\",\"Organization\"],\"@id\":\"https:\\\/\\\/digital58.com.ve\\\/site\\\/#\\\/schema\\\/person\\\/64d1c2e4d0d4fd1b849980c4331c2951\",\"name\":\"Villasmil Henry\",\"image\":{\"@type\":\"ImageObject\",\"inLanguage\":\"es\",\"@id\":\"https:\\\/\\\/secure.gravatar.com\\\/avatar\\\/bb0c4a2fcb7970138239f7e404ea75757b1b507b28b5ce4c53fbd62d797c5a7c?s=96&d=mm&r=g\",\"url\":\"https:\\\/\\\/secure.gravatar.com\\\/avatar\\\/bb0c4a2fcb7970138239f7e404ea75757b1b507b28b5ce4c53fbd62d797c5a7c?s=96&d=mm&r=g\",\"contentUrl\":\"https:\\\/\\\/secure.gravatar.com\\\/avatar\\\/bb0c4a2fcb7970138239f7e404ea75757b1b507b28b5ce4c53fbd62d797c5a7c?s=96&d=mm&r=g\",\"caption\":\"Villasmil Henry\"},\"logo\":{\"@id\":\"https:\\\/\\\/secure.gravatar.com\\\/avatar\\\/bb0c4a2fcb7970138239f7e404ea75757b1b507b28b5ce4c53fbd62d797c5a7c?s=96&d=mm&r=g\"},\"sameAs\":[\"http:\\\/\\\/www.henryvillasmil.com.ve\",\"https:\\\/\\\/www.instagram.com\\\/villasmilhfoto\\\/\",\"https:\\\/\\\/x.com\\\/https:\\\/\\\/twitter.com\\\/villasmilhfoto\"],\"url\":\"https:\\\/\\\/digital58.com.ve\\\/site\\\/author\\\/droopy_68\\\/\"}]}<\/script>\n<!-- \/ Yoast SEO plugin. -->","yoast_head_json":{"title":"UNT Zulia: \u00aba un a\u00f1o del apag\u00f3n nacional los zulianos seguimos viviendo una calamidad\u00bb","description":"Reportajes Especiales","robots":{"index":"index","follow":"follow","max-snippet":"max-snippet:-1","max-image-preview":"max-image-preview:large","max-video-preview":"max-video-preview:-1"},"canonical":"https:\/\/digital58.com.ve\/site\/2020\/03\/08\/unt-zulia-a-un-ano-del-apagon-nacional-los-zulianos-seguimos-viviendo-una-calamidad\/","og_locale":"es_ES","og_type":"article","og_title":"UNT Zulia: \u00aba un a\u00f1o del apag\u00f3n nacional los zulianos seguimos viviendo una calamidad\u00bb","og_description":"Reportajes Especiales","og_url":"https:\/\/digital58.com.ve\/site\/2020\/03\/08\/unt-zulia-a-un-ano-del-apagon-nacional-los-zulianos-seguimos-viviendo-una-calamidad\/","og_site_name":"Noticias Digital58","article_published_time":"2020-03-08T13:41:10+00:00","og_image":[{"width":1080,"height":525,"url":"https:\/\/digital58.com.ve\/site\/wp-content\/uploads\/2020\/03\/photo_2020-03-07_16-09-14.jpg","type":"image\/jpeg"}],"author":"Villasmil Henry","twitter_card":"summary_large_image","twitter_creator":"@https:\/\/twitter.com\/villasmilhfoto","twitter_site":"@villasmilhfoto","twitter_misc":{"Escrito por":"Villasmil Henry","Tiempo estimado de lectura":"3 minutos"},"schema":{"@context":"https:\/\/schema.org","@graph":[{"@type":"Article","@id":"https:\/\/digital58.com.ve\/site\/2020\/03\/08\/unt-zulia-a-un-ano-del-apagon-nacional-los-zulianos-seguimos-viviendo-una-calamidad\/#article","isPartOf":{"@id":"https:\/\/digital58.com.ve\/site\/2020\/03\/08\/unt-zulia-a-un-ano-del-apagon-nacional-los-zulianos-seguimos-viviendo-una-calamidad\/"},"author":{"name":"Villasmil Henry","@id":"https:\/\/digital58.com.ve\/site\/#\/schema\/person\/64d1c2e4d0d4fd1b849980c4331c2951"},"headline":"UNT Zulia: \u00aba un a\u00f1o del apag\u00f3n nacional los zulianos seguimos viviendo una calamidad\u00bb","datePublished":"2020-03-08T13:41:10+00:00","mainEntityOfPage":{"@id":"https:\/\/digital58.com.ve\/site\/2020\/03\/08\/unt-zulia-a-un-ano-del-apagon-nacional-los-zulianos-seguimos-viviendo-una-calamidad\/"},"wordCount":647,"commentCount":0,"publisher":{"@id":"https:\/\/digital58.com.ve\/site\/#\/schema\/person\/64d1c2e4d0d4fd1b849980c4331c2951"},"image":{"@id":"https:\/\/digital58.com.ve\/site\/2020\/03\/08\/unt-zulia-a-un-ano-del-apagon-nacional-los-zulianos-seguimos-viviendo-una-calamidad\/#primaryimage"},"thumbnailUrl":"https:\/\/digital58.com.ve\/site\/wp-content\/uploads\/2020\/03\/photo_2020-03-07_16-09-14.jpg","keywords":["Apag\u00f3n Nacional 2009","Crisis Energ\u00e9tica","Maracaibo","Regionales","Un Nuevo Tiempo","Venezuela","Zulia"],"articleSection":["Pol\u00edtica","Reportajes Especiales"],"inLanguage":"es","potentialAction":[{"@type":"CommentAction","name":"Comment","target":["https:\/\/digital58.com.ve\/site\/2020\/03\/08\/unt-zulia-a-un-ano-del-apagon-nacional-los-zulianos-seguimos-viviendo-una-calamidad\/#respond"]}]},{"@type":"WebPage","@id":"https:\/\/digital58.com.ve\/site\/2020\/03\/08\/unt-zulia-a-un-ano-del-apagon-nacional-los-zulianos-seguimos-viviendo-una-calamidad\/","url":"https:\/\/digital58.com.ve\/site\/2020\/03\/08\/unt-zulia-a-un-ano-del-apagon-nacional-los-zulianos-seguimos-viviendo-una-calamidad\/","name":"UNT Zulia: \u00aba un a\u00f1o del apag\u00f3n nacional los zulianos seguimos viviendo una calamidad\u00bb","isPartOf":{"@id":"https:\/\/digital58.com.ve\/site\/#website"},"primaryImageOfPage":{"@id":"https:\/\/digital58.com.ve\/site\/2020\/03\/08\/unt-zulia-a-un-ano-del-apagon-nacional-los-zulianos-seguimos-viviendo-una-calamidad\/#primaryimage"},"image":{"@id":"https:\/\/digital58.com.ve\/site\/2020\/03\/08\/unt-zulia-a-un-ano-del-apagon-nacional-los-zulianos-seguimos-viviendo-una-calamidad\/#primaryimage"},"thumbnailUrl":"https:\/\/digital58.com.ve\/site\/wp-content\/uploads\/2020\/03\/photo_2020-03-07_16-09-14.jpg","datePublished":"2020-03-08T13:41:10+00:00","description":"Reportajes Especiales","breadcrumb":{"@id":"https:\/\/digital58.com.ve\/site\/2020\/03\/08\/unt-zulia-a-un-ano-del-apagon-nacional-los-zulianos-seguimos-viviendo-una-calamidad\/#breadcrumb"},"inLanguage":"es","potentialAction":[{"@type":"ReadAction","target":["https:\/\/digital58.com.ve\/site\/2020\/03\/08\/unt-zulia-a-un-ano-del-apagon-nacional-los-zulianos-seguimos-viviendo-una-calamidad\/"]}]},{"@type":"ImageObject","inLanguage":"es","@id":"https:\/\/digital58.com.ve\/site\/2020\/03\/08\/unt-zulia-a-un-ano-del-apagon-nacional-los-zulianos-seguimos-viviendo-una-calamidad\/#primaryimage","url":"https:\/\/digital58.com.ve\/site\/wp-content\/uploads\/2020\/03\/photo_2020-03-07_16-09-14.jpg","contentUrl":"https:\/\/digital58.com.ve\/site\/wp-content\/uploads\/2020\/03\/photo_2020-03-07_16-09-14.jpg","width":800,"height":389},{"@type":"BreadcrumbList","@id":"https:\/\/digital58.com.ve\/site\/2020\/03\/08\/unt-zulia-a-un-ano-del-apagon-nacional-los-zulianos-seguimos-viviendo-una-calamidad\/#breadcrumb","itemListElement":[{"@type":"ListItem","position":1,"name":"Home","item":"https:\/\/digital58.com.ve\/site\/"},{"@type":"ListItem","position":2,"name":"UNT Zulia: \u00aba un a\u00f1o del apag\u00f3n nacional los zulianos seguimos viviendo una calamidad\u00bb"}]},{"@type":"WebSite","@id":"https:\/\/digital58.com.ve\/site\/#website","url":"https:\/\/digital58.com.ve\/site\/","name":"Noticias Digital58","description":"Portal de Noticias \u00a1Periodismo web de verdad! Lanzamiento web 22.11.2005 \/ Maracaibo, Venezuela","publisher":{"@id":"https:\/\/digital58.com.ve\/site\/#\/schema\/person\/64d1c2e4d0d4fd1b849980c4331c2951"},"alternateName":"ND58","potentialAction":[{"@type":"SearchAction","target":{"@type":"EntryPoint","urlTemplate":"https:\/\/digital58.com.ve\/site\/?s={search_term_string}"},"query-input":{"@type":"PropertyValueSpecification","valueRequired":true,"valueName":"search_term_string"}}],"inLanguage":"es"},{"@type":["Person","Organization"],"@id":"https:\/\/digital58.com.ve\/site\/#\/schema\/person\/64d1c2e4d0d4fd1b849980c4331c2951","name":"Villasmil Henry","image":{"@type":"ImageObject","inLanguage":"es","@id":"https:\/\/secure.gravatar.com\/avatar\/bb0c4a2fcb7970138239f7e404ea75757b1b507b28b5ce4c53fbd62d797c5a7c?s=96&d=mm&r=g","url":"https:\/\/secure.gravatar.com\/avatar\/bb0c4a2fcb7970138239f7e404ea75757b1b507b28b5ce4c53fbd62d797c5a7c?s=96&d=mm&r=g","contentUrl":"https:\/\/secure.gravatar.com\/avatar\/bb0c4a2fcb7970138239f7e404ea75757b1b507b28b5ce4c53fbd62d797c5a7c?s=96&d=mm&r=g","caption":"Villasmil Henry"},"logo":{"@id":"https:\/\/secure.gravatar.com\/avatar\/bb0c4a2fcb7970138239f7e404ea75757b1b507b28b5ce4c53fbd62d797c5a7c?s=96&d=mm&r=g"},"sameAs":["http:\/\/www.henryvillasmil.com.ve","https:\/\/www.instagram.com\/villasmilhfoto\/","https:\/\/x.com\/https:\/\/twitter.com\/villasmilhfoto"],"url":"https:\/\/digital58.com.ve\/site\/author\/droopy_68\/"}]}},"uagb_featured_image_src":{"full":["https:\/\/digital58.com.ve\/site\/wp-content\/uploads\/2020\/03\/photo_2020-03-07_16-09-14.jpg",800,389,false],"thumbnail":["https:\/\/digital58.com.ve\/site\/wp-content\/uploads\/2020\/03\/photo_2020-03-07_16-09-14-150x150.jpg",150,150,true],"medium":["https:\/\/digital58.com.ve\/site\/wp-content\/uploads\/2020\/03\/photo_2020-03-07_16-09-14-300x146.jpg",300,146,true],"medium_large":["https:\/\/digital58.com.ve\/site\/wp-content\/uploads\/2020\/03\/photo_2020-03-07_16-09-14-768x373.jpg",768,373,true],"large":["https:\/\/digital58.com.ve\/site\/wp-content\/uploads\/2020\/03\/photo_2020-03-07_16-09-14.jpg",800,389,false],"1536x1536":["https:\/\/digital58.com.ve\/site\/wp-content\/uploads\/2020\/03\/photo_2020-03-07_16-09-14.jpg",800,389,false],"2048x2048":["https:\/\/digital58.com.ve\/site\/wp-content\/uploads\/2020\/03\/photo_2020-03-07_16-09-14.jpg",800,389,false],"colormag-highlighted-post":["https:\/\/digital58.com.ve\/site\/wp-content\/uploads\/2020\/03\/photo_2020-03-07_16-09-14.jpg",392,191,false],"colormag-featured-post-medium":["https:\/\/digital58.com.ve\/site\/wp-content\/uploads\/2020\/03\/photo_2020-03-07_16-09-14.jpg",390,190,false],"colormag-featured-post-small":["https:\/\/digital58.com.ve\/site\/wp-content\/uploads\/2020\/03\/photo_2020-03-07_16-09-14.jpg",130,63,false],"colormag-featured-image":["https:\/\/digital58.com.ve\/site\/wp-content\/uploads\/2020\/03\/photo_2020-03-07_16-09-14.jpg",800,389,false],"colormag-default-news":["https:\/\/digital58.com.ve\/site\/wp-content\/uploads\/2020\/03\/photo_2020-03-07_16-09-14.jpg",150,73,false],"colormag-featured-image-large":["https:\/\/digital58.com.ve\/site\/wp-content\/uploads\/2020\/03\/photo_2020-03-07_16-09-14.jpg",800,389,false]},"uagb_author_info":{"display_name":"Villasmil Henry","author_link":"https:\/\/digital58.com.ve\/site\/author\/droopy_68\/"},"uagb_comment_info":0,"uagb_excerpt":"Este 7 de marzo se cumple un a\u00f1o del primer apag\u00f3n nacional que se registr\u00f3 en el 2019, una gran","_links":{"self":[{"href":"https:\/\/digital58.com.ve\/site\/wp-json\/wp\/v2\/posts\/93777","targetHints":{"allow":["GET"]}}],"collection":[{"href":"https:\/\/digital58.com.ve\/site\/wp-json\/wp\/v2\/posts"}],"about":[{"href":"https:\/\/digital58.com.ve\/site\/wp-json\/wp\/v2\/types\/post"}],"author":[{"embeddable":true,"href":"https:\/\/digital58.com.ve\/site\/wp-json\/wp\/v2\/users\/1"}],"replies":[{"embeddable":true,"href":"https:\/\/digital58.com.ve\/site\/wp-json\/wp\/v2\/comments?post=93777"}],"version-history":[{"count":0,"href":"https:\/\/digital58.com.ve\/site\/wp-json\/wp\/v2\/posts\/93777\/revisions"}],"wp:featuredmedia":[{"embeddable":true,"href":"https:\/\/digital58.com.ve\/site\/wp-json\/wp\/v2\/media\/93779"}],"wp:attachment":[{"href":"https:\/\/digital58.com.ve\/site\/wp-json\/wp\/v2\/media?parent=93777"}],"wp:term":[{"taxonomy":"category","embeddable":true,"href":"https:\/\/digital58.com.ve\/site\/wp-json\/wp\/v2\/categories?post=93777"},{"taxonomy":"post_tag","embeddable":true,"href":"https:\/\/digital58.com.ve\/site\/wp-json\/wp\/v2\/tags?post=93777"}],"curies":[{"name":"wp","href":"https:\/\/api.w.org\/{rel}","templated":true}]}}