{"id":93951,"date":"2020-03-11T14:12:01","date_gmt":"2020-03-11T18:12:01","guid":{"rendered":"https:\/\/digital58.com.ve\/site\/?p=93951"},"modified":"2020-03-11T14:22:17","modified_gmt":"2020-03-11T18:22:17","slug":"oms-covid-19-pasa-a-pandemia","status":"publish","type":"post","link":"https:\/\/digital58.com.ve\/site\/2020\/03\/11\/oms-covid-19-pasa-a-pandemia\/","title":{"rendered":"OMS: COVID-19 pasa a  pandemia"},"content":{"rendered":"<p><a href=\"https:\/\/digital58.com.ve\/site\/wp-content\/uploads\/2020\/03\/pandemia.jpg\"><img loading=\"lazy\" decoding=\"async\" class=\"aligncenter size-full wp-image-93952\" src=\"https:\/\/digital58.com.ve\/site\/wp-content\/uploads\/2020\/03\/pandemia.jpg\" alt=\"\" width=\"900\" height=\"597\" srcset=\"https:\/\/digital58.com.ve\/site\/wp-content\/uploads\/2020\/03\/pandemia.jpg 900w, https:\/\/digital58.com.ve\/site\/wp-content\/uploads\/2020\/03\/pandemia-300x199.jpg 300w, https:\/\/digital58.com.ve\/site\/wp-content\/uploads\/2020\/03\/pandemia-768x509.jpg 768w\" sizes=\"auto, (max-width: 900px) 100vw, 900px\" \/><\/a><\/p>\n<p>\u00abLa OMS ha estado evaluando este brote durante todo el d\u00eda y estamos profundamente preocupados tanto por los niveles alarmantes de propagaci\u00f3n y gravedad, como por los niveles alarmantes de inacci\u00f3n. Por lo tanto, hemos evaluado que el COVID-19 puede caracterizarse como una pandemia\u00bb, ha afirmado el jefe de la Organizaci\u00f3n Mundial de la Salud (OMS), Tedros Adhanom Ghebreyesus, durante una conferencia de prensa.<\/p>\n<p><strong>Maracaibo, Zulia, Venezuela, 11 de marzo de 2020 (ND58).-<\/strong> Al mismo tiempo, ha advertido que el anuncio de hoy no significa que se deba capitular ante el brote y no cambia la actitud de la OMS hacia el virus.<\/p>\n<p>\u00abPandemia no es una palabra para usar a la ligera o descuidadamente. Es una palabra que, si se usa incorrectamente, puede causar un miedo irrazonable o una aceptaci\u00f3n injustificada de que la lucha ha terminado, lo que lleva a un sufrimiento y muerte innecesarios\u00bb, ha dicho Ghebreyesus.<\/p>\n<p>\u00abDescribir la situaci\u00f3n como una pandemia no cambia la evaluaci\u00f3n de la OMS sobre la amenaza que representa este coronavirus. No cambia lo que est\u00e1 haciendo la OMS, y no cambia lo que los pa\u00edses deber\u00edan hacer\u00bb, ha explicado.<\/p>\n<p>Asimismo, el director de la OMS indic\u00f3 que los m\u00e9todos utilizados por algunas naciones para frenar la propagaci\u00f3n de la enfermedad pueden ser adoptados en otros Estados.<\/p>\n<p>\u00abVarios pa\u00edses han demostrado que este virus puede ser suprimido y controlado\u00bb, ha se\u00f1alado Ghebreyesus.<\/p>\n<p>\u00abEl desaf\u00edo para muchos pa\u00edses que ahora est\u00e1n lidiando con grandes conjuntos [de contagiados] o con la transmisi\u00f3n comunitaria no es si pueden hacer lo mismo, sino si lo har\u00e1n\u00bb, agreg\u00f3.<\/p>\n<p>\u00abEsto es asunto de todos\u00bb, ha se\u00f1alado Ghebreyesus, y afirm\u00f3 que \u00abtodos los pa\u00edses a\u00fan pueden cambiar el curso de esta pandemia\u00bb. No obstante, ha comentado que algunos pa\u00edses \u00abno cuentan la historia completa\u00bb de la propagaci\u00f3n del COVID-19 en su territorio.<\/p>\n<p>Durante la misma comparecencia, el experto de la OMS Mike Ryan ha declarado que actualmente en la primera l\u00ednea del coronavirus est\u00e1n Ir\u00e1n e Italia, aunque advirti\u00f3 que otros pa\u00edses \u00abmuy pronto se encontrar\u00e1n en la misma situaci\u00f3n\u00bb.<\/p>\n<p>La OMS ha confirmado m\u00e1s de 118.000 casos de COVID-19 en 114 pa\u00edses y 4.291 fallecimientos.<\/p>\n<p>Aparte de China (80.909 contagios), la mayor\u00eda de los casos fueron detectados en Italia, Ir\u00e1n y Corea del Sur (10.149, 9.000 y 7.755, respectivamente). Entre los pa\u00edses europeos, Espa\u00f1a, Francia y Alemania tambi\u00e9n registraron m\u00e1s de 1.000 infectados (2.124, 1.784 y 1.622, respectivamente).<\/p>\n<p>En Am\u00e9rica Latina, se reportan 36 casos confirmados en Brasil; 23 en Chile, 19 en Argentina, 17 en Ecuador, 13 en Costa Rica y Per\u00fa, nueve en Colombia; ocho en Panam\u00e1 y M\u00e9xico; dos en Bolivia, Honduras y Paraguay, adem\u00e1s de cinco en Rep\u00fablica Dominicana.<\/p>\n<p>Anteriormente este mi\u00e9rcoles, la canciller alemana, Angela Merkel, ha declarado que, seg\u00fan estimaciones de los expertos, \u00abdel 60 al 70 por ciento de los habitantes de Alemania podr\u00e1n infectarse con el coronavirus\u00bb, si no se desarrolla pronto una vacuna y m\u00e9todos de tratamiento del COVID-19.<\/p><div class=\"vejkr69f07bc9671c8\" ><p style=\"text-align: center;\"><a href=\"https:\/\/t.me\/noticiasdigital58\" target=\"_blank\" rel=\"noopener\"><img class=\"aligncenter size-full wp-image-125363\" src=\"https:\/\/digital58.com.ve\/site\/wp-content\/uploads\/2021\/04\/banner-telegram-web-2021.png\" alt=\"\" width=\"600\" height=\"90\" \/><\/a><\/p><\/div><style type=\"text\/css\">\r\n@media screen and (min-width: 1201px) {\r\n.vejkr69f07bc9671c8 {\r\ndisplay: block;\r\n}\r\n}\r\n@media screen and (min-width: 993px) and (max-width: 1200px) {\r\n.vejkr69f07bc9671c8 {\r\ndisplay: block;\r\n}\r\n}\r\n@media screen and (min-width: 769px) and (max-width: 992px) {\r\n.vejkr69f07bc9671c8 {\r\ndisplay: block;\r\n}\r\n}\r\n@media screen and (min-width: 768px) and (max-width: 768px) {\r\n.vejkr69f07bc9671c8 {\r\ndisplay: block;\r\n}\r\n}\r\n@media screen and (max-width: 767px) {\r\n.vejkr69f07bc9671c8 {\r\ndisplay: block;\r\n}\r\n}\r\n<\/style>\r\n\n<p><strong>Recopilaci\u00f3n: Montiel, Jeycel (@medicenjey_) Fuente: web<\/strong><br \/>\n<strong>Edici\u00f3n: Villasmil, Henry<\/strong><br \/>\n<strong>Gr\u00e1ficas: cortes\u00eda<\/strong><\/p>\n<div style=\"margin-top: 0px; margin-bottom: 0px;\" class=\"sharethis-inline-share-buttons\" ><\/div>","protected":false},"excerpt":{"rendered":"<p>\u00abLa OMS ha estado evaluando este brote durante todo el d\u00eda y estamos profundamente preocupados tanto por los niveles alarmantes<\/p>\n","protected":false},"author":1,"featured_media":93952,"comment_status":"open","ping_status":"closed","sticky":false,"template":"","format":"standard","meta":{"colormag_page_container_layout":"default_layout","colormag_page_sidebar_layout":"default_layout","_uag_custom_page_level_css":"","footnotes":""},"categories":[5405],"tags":[13352,13648,8,7373,8017,13723,2193],"class_list":["post-93951","post","type-post","status-publish","format-standard","has-post-thumbnail","hentry","category-salud","tag-coronavirus","tag-covid-19","tag-internacionales","tag-organizacion-mundial-de-la-salud","tag-osm","tag-pandemia","tag-virus"],"yoast_head":"<!-- This site is optimized with the Yoast SEO plugin v27.4 - https:\/\/yoast.com\/product\/yoast-seo-wordpress\/ -->\n<title>OMS: COVID-19 pasa a pandemia<\/title>\n<meta name=\"description\" content=\"Salud\" \/>\n<meta name=\"robots\" content=\"index, follow, max-snippet:-1, max-image-preview:large, max-video-preview:-1\" \/>\n<link rel=\"canonical\" href=\"https:\/\/digital58.com.ve\/site\/2020\/03\/11\/oms-covid-19-pasa-a-pandemia\/\" \/>\n<meta property=\"og:locale\" content=\"es_ES\" \/>\n<meta property=\"og:type\" content=\"article\" \/>\n<meta property=\"og:title\" content=\"OMS: COVID-19 pasa a pandemia\" \/>\n<meta property=\"og:description\" content=\"Salud\" \/>\n<meta property=\"og:url\" content=\"https:\/\/digital58.com.ve\/site\/2020\/03\/11\/oms-covid-19-pasa-a-pandemia\/\" \/>\n<meta property=\"og:site_name\" content=\"Noticias Digital58\" \/>\n<meta property=\"article:published_time\" content=\"2020-03-11T18:12:01+00:00\" \/>\n<meta property=\"article:modified_time\" content=\"2020-03-11T18:22:17+00:00\" \/>\n<meta property=\"og:image\" content=\"https:\/\/digital58.com.ve\/site\/wp-content\/uploads\/2020\/03\/pandemia.jpg\" \/>\n\t<meta property=\"og:image:width\" content=\"900\" \/>\n\t<meta property=\"og:image:height\" content=\"597\" \/>\n\t<meta property=\"og:image:type\" content=\"image\/jpeg\" \/>\n<meta name=\"author\" content=\"Villasmil Henry\" \/>\n<meta name=\"twitter:card\" content=\"summary_large_image\" \/>\n<meta name=\"twitter:creator\" content=\"@https:\/\/twitter.com\/villasmilhfoto\" \/>\n<meta name=\"twitter:site\" content=\"@villasmilhfoto\" \/>\n<meta name=\"twitter:label1\" content=\"Escrito por\" \/>\n\t<meta name=\"twitter:data1\" content=\"Villasmil Henry\" \/>\n\t<meta name=\"twitter:label2\" content=\"Tiempo estimado de lectura\" \/>\n\t<meta name=\"twitter:data2\" content=\"3 minutos\" \/>\n<script type=\"application\/ld+json\" class=\"yoast-schema-graph\">{\"@context\":\"https:\\\/\\\/schema.org\",\"@graph\":[{\"@type\":\"Article\",\"@id\":\"https:\\\/\\\/digital58.com.ve\\\/site\\\/2020\\\/03\\\/11\\\/oms-covid-19-pasa-a-pandemia\\\/#article\",\"isPartOf\":{\"@id\":\"https:\\\/\\\/digital58.com.ve\\\/site\\\/2020\\\/03\\\/11\\\/oms-covid-19-pasa-a-pandemia\\\/\"},\"author\":{\"name\":\"Villasmil Henry\",\"@id\":\"https:\\\/\\\/digital58.com.ve\\\/site\\\/#\\\/schema\\\/person\\\/64d1c2e4d0d4fd1b849980c4331c2951\"},\"headline\":\"OMS: COVID-19 pasa a pandemia\",\"datePublished\":\"2020-03-11T18:12:01+00:00\",\"dateModified\":\"2020-03-11T18:22:17+00:00\",\"mainEntityOfPage\":{\"@id\":\"https:\\\/\\\/digital58.com.ve\\\/site\\\/2020\\\/03\\\/11\\\/oms-covid-19-pasa-a-pandemia\\\/\"},\"wordCount\":537,\"commentCount\":0,\"publisher\":{\"@id\":\"https:\\\/\\\/digital58.com.ve\\\/site\\\/#\\\/schema\\\/person\\\/64d1c2e4d0d4fd1b849980c4331c2951\"},\"image\":{\"@id\":\"https:\\\/\\\/digital58.com.ve\\\/site\\\/2020\\\/03\\\/11\\\/oms-covid-19-pasa-a-pandemia\\\/#primaryimage\"},\"thumbnailUrl\":\"https:\\\/\\\/digital58.com.ve\\\/site\\\/wp-content\\\/uploads\\\/2020\\\/03\\\/pandemia.jpg\",\"keywords\":[\"Coronavirus\",\"COVID-19\",\"Internacionales\",\"Organizaci\u00f3n Mundial de la Salud\",\"OSM\",\"Pandemia\",\"Virus\"],\"articleSection\":[\"Salud\"],\"inLanguage\":\"es\",\"potentialAction\":[{\"@type\":\"CommentAction\",\"name\":\"Comment\",\"target\":[\"https:\\\/\\\/digital58.com.ve\\\/site\\\/2020\\\/03\\\/11\\\/oms-covid-19-pasa-a-pandemia\\\/#respond\"]}]},{\"@type\":\"WebPage\",\"@id\":\"https:\\\/\\\/digital58.com.ve\\\/site\\\/2020\\\/03\\\/11\\\/oms-covid-19-pasa-a-pandemia\\\/\",\"url\":\"https:\\\/\\\/digital58.com.ve\\\/site\\\/2020\\\/03\\\/11\\\/oms-covid-19-pasa-a-pandemia\\\/\",\"name\":\"OMS: COVID-19 pasa a pandemia\",\"isPartOf\":{\"@id\":\"https:\\\/\\\/digital58.com.ve\\\/site\\\/#website\"},\"primaryImageOfPage\":{\"@id\":\"https:\\\/\\\/digital58.com.ve\\\/site\\\/2020\\\/03\\\/11\\\/oms-covid-19-pasa-a-pandemia\\\/#primaryimage\"},\"image\":{\"@id\":\"https:\\\/\\\/digital58.com.ve\\\/site\\\/2020\\\/03\\\/11\\\/oms-covid-19-pasa-a-pandemia\\\/#primaryimage\"},\"thumbnailUrl\":\"https:\\\/\\\/digital58.com.ve\\\/site\\\/wp-content\\\/uploads\\\/2020\\\/03\\\/pandemia.jpg\",\"datePublished\":\"2020-03-11T18:12:01+00:00\",\"dateModified\":\"2020-03-11T18:22:17+00:00\",\"description\":\"Salud\",\"breadcrumb\":{\"@id\":\"https:\\\/\\\/digital58.com.ve\\\/site\\\/2020\\\/03\\\/11\\\/oms-covid-19-pasa-a-pandemia\\\/#breadcrumb\"},\"inLanguage\":\"es\",\"potentialAction\":[{\"@type\":\"ReadAction\",\"target\":[\"https:\\\/\\\/digital58.com.ve\\\/site\\\/2020\\\/03\\\/11\\\/oms-covid-19-pasa-a-pandemia\\\/\"]}]},{\"@type\":\"ImageObject\",\"inLanguage\":\"es\",\"@id\":\"https:\\\/\\\/digital58.com.ve\\\/site\\\/2020\\\/03\\\/11\\\/oms-covid-19-pasa-a-pandemia\\\/#primaryimage\",\"url\":\"https:\\\/\\\/digital58.com.ve\\\/site\\\/wp-content\\\/uploads\\\/2020\\\/03\\\/pandemia.jpg\",\"contentUrl\":\"https:\\\/\\\/digital58.com.ve\\\/site\\\/wp-content\\\/uploads\\\/2020\\\/03\\\/pandemia.jpg\",\"width\":900,\"height\":597},{\"@type\":\"BreadcrumbList\",\"@id\":\"https:\\\/\\\/digital58.com.ve\\\/site\\\/2020\\\/03\\\/11\\\/oms-covid-19-pasa-a-pandemia\\\/#breadcrumb\",\"itemListElement\":[{\"@type\":\"ListItem\",\"position\":1,\"name\":\"Home\",\"item\":\"https:\\\/\\\/digital58.com.ve\\\/site\\\/\"},{\"@type\":\"ListItem\",\"position\":2,\"name\":\"OMS: COVID-19 pasa a pandemia\"}]},{\"@type\":\"WebSite\",\"@id\":\"https:\\\/\\\/digital58.com.ve\\\/site\\\/#website\",\"url\":\"https:\\\/\\\/digital58.com.ve\\\/site\\\/\",\"name\":\"Noticias Digital58\",\"description\":\"Portal de Noticias \u00a1Periodismo web de verdad! Lanzamiento web 22.11.2005 \\\/ Maracaibo, Venezuela\",\"publisher\":{\"@id\":\"https:\\\/\\\/digital58.com.ve\\\/site\\\/#\\\/schema\\\/person\\\/64d1c2e4d0d4fd1b849980c4331c2951\"},\"alternateName\":\"ND58\",\"potentialAction\":[{\"@type\":\"SearchAction\",\"target\":{\"@type\":\"EntryPoint\",\"urlTemplate\":\"https:\\\/\\\/digital58.com.ve\\\/site\\\/?s={search_term_string}\"},\"query-input\":{\"@type\":\"PropertyValueSpecification\",\"valueRequired\":true,\"valueName\":\"search_term_string\"}}],\"inLanguage\":\"es\"},{\"@type\":[\"Person\",\"Organization\"],\"@id\":\"https:\\\/\\\/digital58.com.ve\\\/site\\\/#\\\/schema\\\/person\\\/64d1c2e4d0d4fd1b849980c4331c2951\",\"name\":\"Villasmil Henry\",\"image\":{\"@type\":\"ImageObject\",\"inLanguage\":\"es\",\"@id\":\"https:\\\/\\\/secure.gravatar.com\\\/avatar\\\/bb0c4a2fcb7970138239f7e404ea75757b1b507b28b5ce4c53fbd62d797c5a7c?s=96&d=mm&r=g\",\"url\":\"https:\\\/\\\/secure.gravatar.com\\\/avatar\\\/bb0c4a2fcb7970138239f7e404ea75757b1b507b28b5ce4c53fbd62d797c5a7c?s=96&d=mm&r=g\",\"contentUrl\":\"https:\\\/\\\/secure.gravatar.com\\\/avatar\\\/bb0c4a2fcb7970138239f7e404ea75757b1b507b28b5ce4c53fbd62d797c5a7c?s=96&d=mm&r=g\",\"caption\":\"Villasmil Henry\"},\"logo\":{\"@id\":\"https:\\\/\\\/secure.gravatar.com\\\/avatar\\\/bb0c4a2fcb7970138239f7e404ea75757b1b507b28b5ce4c53fbd62d797c5a7c?s=96&d=mm&r=g\"},\"sameAs\":[\"http:\\\/\\\/www.henryvillasmil.com.ve\",\"https:\\\/\\\/www.instagram.com\\\/villasmilhfoto\\\/\",\"https:\\\/\\\/x.com\\\/https:\\\/\\\/twitter.com\\\/villasmilhfoto\"],\"url\":\"https:\\\/\\\/digital58.com.ve\\\/site\\\/author\\\/droopy_68\\\/\"}]}<\/script>\n<!-- \/ Yoast SEO plugin. -->","yoast_head_json":{"title":"OMS: COVID-19 pasa a pandemia","description":"Salud","robots":{"index":"index","follow":"follow","max-snippet":"max-snippet:-1","max-image-preview":"max-image-preview:large","max-video-preview":"max-video-preview:-1"},"canonical":"https:\/\/digital58.com.ve\/site\/2020\/03\/11\/oms-covid-19-pasa-a-pandemia\/","og_locale":"es_ES","og_type":"article","og_title":"OMS: COVID-19 pasa a pandemia","og_description":"Salud","og_url":"https:\/\/digital58.com.ve\/site\/2020\/03\/11\/oms-covid-19-pasa-a-pandemia\/","og_site_name":"Noticias Digital58","article_published_time":"2020-03-11T18:12:01+00:00","article_modified_time":"2020-03-11T18:22:17+00:00","og_image":[{"width":900,"height":597,"url":"https:\/\/digital58.com.ve\/site\/wp-content\/uploads\/2020\/03\/pandemia.jpg","type":"image\/jpeg"}],"author":"Villasmil Henry","twitter_card":"summary_large_image","twitter_creator":"@https:\/\/twitter.com\/villasmilhfoto","twitter_site":"@villasmilhfoto","twitter_misc":{"Escrito por":"Villasmil Henry","Tiempo estimado de lectura":"3 minutos"},"schema":{"@context":"https:\/\/schema.org","@graph":[{"@type":"Article","@id":"https:\/\/digital58.com.ve\/site\/2020\/03\/11\/oms-covid-19-pasa-a-pandemia\/#article","isPartOf":{"@id":"https:\/\/digital58.com.ve\/site\/2020\/03\/11\/oms-covid-19-pasa-a-pandemia\/"},"author":{"name":"Villasmil Henry","@id":"https:\/\/digital58.com.ve\/site\/#\/schema\/person\/64d1c2e4d0d4fd1b849980c4331c2951"},"headline":"OMS: COVID-19 pasa a pandemia","datePublished":"2020-03-11T18:12:01+00:00","dateModified":"2020-03-11T18:22:17+00:00","mainEntityOfPage":{"@id":"https:\/\/digital58.com.ve\/site\/2020\/03\/11\/oms-covid-19-pasa-a-pandemia\/"},"wordCount":537,"commentCount":0,"publisher":{"@id":"https:\/\/digital58.com.ve\/site\/#\/schema\/person\/64d1c2e4d0d4fd1b849980c4331c2951"},"image":{"@id":"https:\/\/digital58.com.ve\/site\/2020\/03\/11\/oms-covid-19-pasa-a-pandemia\/#primaryimage"},"thumbnailUrl":"https:\/\/digital58.com.ve\/site\/wp-content\/uploads\/2020\/03\/pandemia.jpg","keywords":["Coronavirus","COVID-19","Internacionales","Organizaci\u00f3n Mundial de la Salud","OSM","Pandemia","Virus"],"articleSection":["Salud"],"inLanguage":"es","potentialAction":[{"@type":"CommentAction","name":"Comment","target":["https:\/\/digital58.com.ve\/site\/2020\/03\/11\/oms-covid-19-pasa-a-pandemia\/#respond"]}]},{"@type":"WebPage","@id":"https:\/\/digital58.com.ve\/site\/2020\/03\/11\/oms-covid-19-pasa-a-pandemia\/","url":"https:\/\/digital58.com.ve\/site\/2020\/03\/11\/oms-covid-19-pasa-a-pandemia\/","name":"OMS: COVID-19 pasa a pandemia","isPartOf":{"@id":"https:\/\/digital58.com.ve\/site\/#website"},"primaryImageOfPage":{"@id":"https:\/\/digital58.com.ve\/site\/2020\/03\/11\/oms-covid-19-pasa-a-pandemia\/#primaryimage"},"image":{"@id":"https:\/\/digital58.com.ve\/site\/2020\/03\/11\/oms-covid-19-pasa-a-pandemia\/#primaryimage"},"thumbnailUrl":"https:\/\/digital58.com.ve\/site\/wp-content\/uploads\/2020\/03\/pandemia.jpg","datePublished":"2020-03-11T18:12:01+00:00","dateModified":"2020-03-11T18:22:17+00:00","description":"Salud","breadcrumb":{"@id":"https:\/\/digital58.com.ve\/site\/2020\/03\/11\/oms-covid-19-pasa-a-pandemia\/#breadcrumb"},"inLanguage":"es","potentialAction":[{"@type":"ReadAction","target":["https:\/\/digital58.com.ve\/site\/2020\/03\/11\/oms-covid-19-pasa-a-pandemia\/"]}]},{"@type":"ImageObject","inLanguage":"es","@id":"https:\/\/digital58.com.ve\/site\/2020\/03\/11\/oms-covid-19-pasa-a-pandemia\/#primaryimage","url":"https:\/\/digital58.com.ve\/site\/wp-content\/uploads\/2020\/03\/pandemia.jpg","contentUrl":"https:\/\/digital58.com.ve\/site\/wp-content\/uploads\/2020\/03\/pandemia.jpg","width":900,"height":597},{"@type":"BreadcrumbList","@id":"https:\/\/digital58.com.ve\/site\/2020\/03\/11\/oms-covid-19-pasa-a-pandemia\/#breadcrumb","itemListElement":[{"@type":"ListItem","position":1,"name":"Home","item":"https:\/\/digital58.com.ve\/site\/"},{"@type":"ListItem","position":2,"name":"OMS: COVID-19 pasa a pandemia"}]},{"@type":"WebSite","@id":"https:\/\/digital58.com.ve\/site\/#website","url":"https:\/\/digital58.com.ve\/site\/","name":"Noticias Digital58","description":"Portal de Noticias \u00a1Periodismo web de verdad! Lanzamiento web 22.11.2005 \/ Maracaibo, Venezuela","publisher":{"@id":"https:\/\/digital58.com.ve\/site\/#\/schema\/person\/64d1c2e4d0d4fd1b849980c4331c2951"},"alternateName":"ND58","potentialAction":[{"@type":"SearchAction","target":{"@type":"EntryPoint","urlTemplate":"https:\/\/digital58.com.ve\/site\/?s={search_term_string}"},"query-input":{"@type":"PropertyValueSpecification","valueRequired":true,"valueName":"search_term_string"}}],"inLanguage":"es"},{"@type":["Person","Organization"],"@id":"https:\/\/digital58.com.ve\/site\/#\/schema\/person\/64d1c2e4d0d4fd1b849980c4331c2951","name":"Villasmil Henry","image":{"@type":"ImageObject","inLanguage":"es","@id":"https:\/\/secure.gravatar.com\/avatar\/bb0c4a2fcb7970138239f7e404ea75757b1b507b28b5ce4c53fbd62d797c5a7c?s=96&d=mm&r=g","url":"https:\/\/secure.gravatar.com\/avatar\/bb0c4a2fcb7970138239f7e404ea75757b1b507b28b5ce4c53fbd62d797c5a7c?s=96&d=mm&r=g","contentUrl":"https:\/\/secure.gravatar.com\/avatar\/bb0c4a2fcb7970138239f7e404ea75757b1b507b28b5ce4c53fbd62d797c5a7c?s=96&d=mm&r=g","caption":"Villasmil Henry"},"logo":{"@id":"https:\/\/secure.gravatar.com\/avatar\/bb0c4a2fcb7970138239f7e404ea75757b1b507b28b5ce4c53fbd62d797c5a7c?s=96&d=mm&r=g"},"sameAs":["http:\/\/www.henryvillasmil.com.ve","https:\/\/www.instagram.com\/villasmilhfoto\/","https:\/\/x.com\/https:\/\/twitter.com\/villasmilhfoto"],"url":"https:\/\/digital58.com.ve\/site\/author\/droopy_68\/"}]}},"uagb_featured_image_src":{"full":["https:\/\/digital58.com.ve\/site\/wp-content\/uploads\/2020\/03\/pandemia.jpg",900,597,false],"thumbnail":["https:\/\/digital58.com.ve\/site\/wp-content\/uploads\/2020\/03\/pandemia-150x150.jpg",150,150,true],"medium":["https:\/\/digital58.com.ve\/site\/wp-content\/uploads\/2020\/03\/pandemia-300x199.jpg",300,199,true],"medium_large":["https:\/\/digital58.com.ve\/site\/wp-content\/uploads\/2020\/03\/pandemia-768x509.jpg",768,509,true],"large":["https:\/\/digital58.com.ve\/site\/wp-content\/uploads\/2020\/03\/pandemia.jpg",800,531,false],"1536x1536":["https:\/\/digital58.com.ve\/site\/wp-content\/uploads\/2020\/03\/pandemia.jpg",900,597,false],"2048x2048":["https:\/\/digital58.com.ve\/site\/wp-content\/uploads\/2020\/03\/pandemia.jpg",900,597,false],"colormag-highlighted-post":["https:\/\/digital58.com.ve\/site\/wp-content\/uploads\/2020\/03\/pandemia.jpg",392,260,false],"colormag-featured-post-medium":["https:\/\/digital58.com.ve\/site\/wp-content\/uploads\/2020\/03\/pandemia.jpg",309,205,false],"colormag-featured-post-small":["https:\/\/digital58.com.ve\/site\/wp-content\/uploads\/2020\/03\/pandemia.jpg",130,86,false],"colormag-featured-image":["https:\/\/digital58.com.ve\/site\/wp-content\/uploads\/2020\/03\/pandemia.jpg",671,445,false],"colormag-default-news":["https:\/\/digital58.com.ve\/site\/wp-content\/uploads\/2020\/03\/pandemia.jpg",150,100,false],"colormag-featured-image-large":["https:\/\/digital58.com.ve\/site\/wp-content\/uploads\/2020\/03\/pandemia.jpg",900,597,false]},"uagb_author_info":{"display_name":"Villasmil Henry","author_link":"https:\/\/digital58.com.ve\/site\/author\/droopy_68\/"},"uagb_comment_info":0,"uagb_excerpt":"\u00abLa OMS ha estado evaluando este brote durante todo el d\u00eda y estamos profundamente preocupados tanto por los niveles alarmantes","_links":{"self":[{"href":"https:\/\/digital58.com.ve\/site\/wp-json\/wp\/v2\/posts\/93951","targetHints":{"allow":["GET"]}}],"collection":[{"href":"https:\/\/digital58.com.ve\/site\/wp-json\/wp\/v2\/posts"}],"about":[{"href":"https:\/\/digital58.com.ve\/site\/wp-json\/wp\/v2\/types\/post"}],"author":[{"embeddable":true,"href":"https:\/\/digital58.com.ve\/site\/wp-json\/wp\/v2\/users\/1"}],"replies":[{"embeddable":true,"href":"https:\/\/digital58.com.ve\/site\/wp-json\/wp\/v2\/comments?post=93951"}],"version-history":[{"count":0,"href":"https:\/\/digital58.com.ve\/site\/wp-json\/wp\/v2\/posts\/93951\/revisions"}],"wp:featuredmedia":[{"embeddable":true,"href":"https:\/\/digital58.com.ve\/site\/wp-json\/wp\/v2\/media\/93952"}],"wp:attachment":[{"href":"https:\/\/digital58.com.ve\/site\/wp-json\/wp\/v2\/media?parent=93951"}],"wp:term":[{"taxonomy":"category","embeddable":true,"href":"https:\/\/digital58.com.ve\/site\/wp-json\/wp\/v2\/categories?post=93951"},{"taxonomy":"post_tag","embeddable":true,"href":"https:\/\/digital58.com.ve\/site\/wp-json\/wp\/v2\/tags?post=93951"}],"curies":[{"name":"wp","href":"https:\/\/api.w.org\/{rel}","templated":true}]}}