{"id":93984,"date":"2020-03-12T08:57:53","date_gmt":"2020-03-12T12:57:53","guid":{"rendered":"https:\/\/digital58.com.ve\/site\/?p=93984"},"modified":"2020-03-12T08:57:53","modified_gmt":"2020-03-12T12:57:53","slug":"el-real-madrid-pone-en-cuarentena-a-todos-sus-futbolistas-y-jugadores-de-baloncesto-por-el-coronavirus","status":"publish","type":"post","link":"https:\/\/digital58.com.ve\/site\/2020\/03\/12\/el-real-madrid-pone-en-cuarentena-a-todos-sus-futbolistas-y-jugadores-de-baloncesto-por-el-coronavirus\/","title":{"rendered":"El Real Madrid pone en cuarentena a todos sus futbolistas y jugadores de baloncesto por el coronavirus"},"content":{"rendered":"<p><a href=\"https:\/\/digital58.com.ve\/site\/wp-content\/uploads\/2020\/03\/realmadrid.jpg\"><img loading=\"lazy\" decoding=\"async\" class=\"aligncenter size-full wp-image-93985\" src=\"https:\/\/digital58.com.ve\/site\/wp-content\/uploads\/2020\/03\/realmadrid.jpg\" alt=\"\" width=\"1104\" height=\"622\" srcset=\"https:\/\/digital58.com.ve\/site\/wp-content\/uploads\/2020\/03\/realmadrid.jpg 800w, https:\/\/digital58.com.ve\/site\/wp-content\/uploads\/2020\/03\/realmadrid-300x169.jpg 300w, https:\/\/digital58.com.ve\/site\/wp-content\/uploads\/2020\/03\/realmadrid-768x433.jpg 768w\" sizes=\"auto, (max-width: 1104px) 100vw, 1104px\" \/><\/a><\/p>\n<p>Un jugador del primer equipo de baloncesto del Real Madrid ha dado positivo en los an\u00e1lisis del nuevo coronavirus, por lo que la entidad deportiva ha decidido poner en cuarentena tanto al equipo de baloncesto como al de f\u00fatbol. Al conocerse el positivo, todos los miembros del club abandonaron las instalaciones de su Ciudad Deportiva, ubicada en la zona de Valdebebas, al noreste de la capital espa\u00f1ola.<\/p>\n<p><strong>Madrid, Espa\u00f1a, 12 de marzo de 2020 (ND58).-<\/strong> Pese a que el positivo se ha registrado en el equipo de baloncesto, hay zonas comunes que utilizan tanto basquetbolistas como futbolistas del primer equipo.<\/p>\n<blockquote class=\"twitter-tweet\">\n<p dir=\"ltr\" lang=\"pt\">Comunicado Oficial.<a href=\"https:\/\/twitter.com\/hashtag\/RealMadrid?src=hash&amp;ref_src=twsrc%5Etfw\">#RealMadrid<\/a><\/p>\n<p>\u2014 Real Madrid C.F.\u26bd (@realmadrid) <a href=\"https:\/\/twitter.com\/realmadrid\/status\/1238058748041666560?ref_src=twsrc%5Etfw\">March 12, 2020<\/a><\/p><\/blockquote>\n<p><script async src=\"https:\/\/platform.twitter.com\/widgets.js\" charset=\"utf-8\"><\/script><br \/>\nPor esa raz\u00f3n, las instalaciones deportivas de Valdebebas han sido cerradas y los deportistas tendr\u00e1n que permanecer en sus hogares durante un periodo de 14 d\u00edas.<\/p>\n<p>Asimismo, el Real Madrid subraya que los partidos que estaban previstos para este jueves y viernes, correspondientes a la Euroliga de baloncesto y la Liga de f\u00fatbol, no se disputar\u00e1n.<\/p><div class=\"feoue69f28ed4d3a39\" ><p style=\"text-align: center;\"><a href=\"https:\/\/t.me\/noticiasdigital58\" target=\"_blank\" rel=\"noopener\"><img class=\"aligncenter size-full wp-image-125363\" src=\"https:\/\/digital58.com.ve\/site\/wp-content\/uploads\/2021\/04\/banner-telegram-web-2021.png\" alt=\"\" width=\"600\" height=\"90\" \/><\/a><\/p><\/div><style type=\"text\/css\">\r\n@media screen and (min-width: 1201px) {\r\n.feoue69f28ed4d3a39 {\r\ndisplay: block;\r\n}\r\n}\r\n@media screen and (min-width: 993px) and (max-width: 1200px) {\r\n.feoue69f28ed4d3a39 {\r\ndisplay: block;\r\n}\r\n}\r\n@media screen and (min-width: 769px) and (max-width: 992px) {\r\n.feoue69f28ed4d3a39 {\r\ndisplay: block;\r\n}\r\n}\r\n@media screen and (min-width: 768px) and (max-width: 768px) {\r\n.feoue69f28ed4d3a39 {\r\ndisplay: block;\r\n}\r\n}\r\n@media screen and (max-width: 767px) {\r\n.feoue69f28ed4d3a39 {\r\ndisplay: block;\r\n}\r\n}\r\n<\/style>\r\n\n<p><strong>Redacci\u00f3n con fuente: AFP<\/strong><br \/>\n<strong>Edici\u00f3n: Villasmil, Henry<\/strong><br \/>\n<strong>Gr\u00e1fica: cortes\u00eda AFP<\/strong><\/p>\n<div style=\"margin-top: 0px; margin-bottom: 0px;\" class=\"sharethis-inline-share-buttons\" ><\/div>","protected":false},"excerpt":{"rendered":"<p>Un jugador del primer equipo de baloncesto del Real Madrid ha dado positivo en los an\u00e1lisis del nuevo coronavirus, por<\/p>\n","protected":false},"author":1,"featured_media":93985,"comment_status":"open","ping_status":"closed","sticky":false,"template":"","format":"standard","meta":{"colormag_page_container_layout":"default_layout","colormag_page_sidebar_layout":"default_layout","_uag_custom_page_level_css":"","footnotes":""},"categories":[5402],"tags":[13352,13,499,8,7311,12352,13734],"class_list":["post-93984","post","type-post","status-publish","format-standard","has-post-thumbnail","hentry","category-deportes","tag-coronavirus","tag-futbol","tag-futbol-espanol","tag-internacionales","tag-laliga","tag-laliga-2019-2020","tag-realk-madrid"],"yoast_head":"<!-- This site is optimized with the Yoast SEO plugin v27.5 - https:\/\/yoast.com\/product\/yoast-seo-wordpress\/ -->\n<title>El Real Madrid pone en cuarentena a todos sus futbolistas y jugadores de baloncesto por el coronavirus<\/title>\n<meta name=\"description\" content=\"Deportes\" \/>\n<meta name=\"robots\" content=\"index, follow, max-snippet:-1, max-image-preview:large, max-video-preview:-1\" \/>\n<link rel=\"canonical\" href=\"https:\/\/digital58.com.ve\/site\/2020\/03\/12\/el-real-madrid-pone-en-cuarentena-a-todos-sus-futbolistas-y-jugadores-de-baloncesto-por-el-coronavirus\/\" \/>\n<meta property=\"og:locale\" content=\"es_ES\" \/>\n<meta property=\"og:type\" content=\"article\" \/>\n<meta property=\"og:title\" content=\"El Real Madrid pone en cuarentena a todos sus futbolistas y jugadores de baloncesto por el coronavirus\" \/>\n<meta property=\"og:description\" content=\"Deportes\" \/>\n<meta property=\"og:url\" content=\"https:\/\/digital58.com.ve\/site\/2020\/03\/12\/el-real-madrid-pone-en-cuarentena-a-todos-sus-futbolistas-y-jugadores-de-baloncesto-por-el-coronavirus\/\" \/>\n<meta property=\"og:site_name\" content=\"Noticias Digital58\" \/>\n<meta property=\"article:published_time\" content=\"2020-03-12T12:57:53+00:00\" \/>\n<meta property=\"og:image\" content=\"https:\/\/digital58.com.ve\/site\/wp-content\/uploads\/2020\/03\/realmadrid.jpg\" \/>\n\t<meta property=\"og:image:width\" content=\"1104\" \/>\n\t<meta property=\"og:image:height\" content=\"622\" \/>\n\t<meta property=\"og:image:type\" content=\"image\/jpeg\" \/>\n<meta name=\"author\" content=\"Villasmil Henry\" \/>\n<meta name=\"twitter:card\" content=\"summary_large_image\" \/>\n<meta name=\"twitter:creator\" content=\"@https:\/\/twitter.com\/villasmilhfoto\" \/>\n<meta name=\"twitter:site\" content=\"@villasmilhfoto\" \/>\n<meta name=\"twitter:label1\" content=\"Escrito por\" \/>\n\t<meta name=\"twitter:data1\" content=\"Villasmil Henry\" \/>\n\t<meta name=\"twitter:label2\" content=\"Tiempo estimado de lectura\" \/>\n\t<meta name=\"twitter:data2\" content=\"1 minuto\" \/>\n<script type=\"application\/ld+json\" class=\"yoast-schema-graph\">{\"@context\":\"https:\\\/\\\/schema.org\",\"@graph\":[{\"@type\":\"Article\",\"@id\":\"https:\\\/\\\/digital58.com.ve\\\/site\\\/2020\\\/03\\\/12\\\/el-real-madrid-pone-en-cuarentena-a-todos-sus-futbolistas-y-jugadores-de-baloncesto-por-el-coronavirus\\\/#article\",\"isPartOf\":{\"@id\":\"https:\\\/\\\/digital58.com.ve\\\/site\\\/2020\\\/03\\\/12\\\/el-real-madrid-pone-en-cuarentena-a-todos-sus-futbolistas-y-jugadores-de-baloncesto-por-el-coronavirus\\\/\"},\"author\":{\"name\":\"Villasmil Henry\",\"@id\":\"https:\\\/\\\/digital58.com.ve\\\/site\\\/#\\\/schema\\\/person\\\/64d1c2e4d0d4fd1b849980c4331c2951\"},\"headline\":\"El Real Madrid pone en cuarentena a todos sus futbolistas y jugadores de baloncesto por el coronavirus\",\"datePublished\":\"2020-03-12T12:57:53+00:00\",\"mainEntityOfPage\":{\"@id\":\"https:\\\/\\\/digital58.com.ve\\\/site\\\/2020\\\/03\\\/12\\\/el-real-madrid-pone-en-cuarentena-a-todos-sus-futbolistas-y-jugadores-de-baloncesto-por-el-coronavirus\\\/\"},\"wordCount\":203,\"commentCount\":0,\"publisher\":{\"@id\":\"https:\\\/\\\/digital58.com.ve\\\/site\\\/#\\\/schema\\\/person\\\/64d1c2e4d0d4fd1b849980c4331c2951\"},\"image\":{\"@id\":\"https:\\\/\\\/digital58.com.ve\\\/site\\\/2020\\\/03\\\/12\\\/el-real-madrid-pone-en-cuarentena-a-todos-sus-futbolistas-y-jugadores-de-baloncesto-por-el-coronavirus\\\/#primaryimage\"},\"thumbnailUrl\":\"https:\\\/\\\/digital58.com.ve\\\/site\\\/wp-content\\\/uploads\\\/2020\\\/03\\\/realmadrid.jpg\",\"keywords\":[\"Coronavirus\",\"F\u00fatbol\",\"F\u00fatbol Espa\u00f1ol\",\"Internacionales\",\"LaLiga\",\"LaLiga 2019-2020\",\"Realk Madrid\"],\"articleSection\":[\"Deportes\"],\"inLanguage\":\"es\",\"potentialAction\":[{\"@type\":\"CommentAction\",\"name\":\"Comment\",\"target\":[\"https:\\\/\\\/digital58.com.ve\\\/site\\\/2020\\\/03\\\/12\\\/el-real-madrid-pone-en-cuarentena-a-todos-sus-futbolistas-y-jugadores-de-baloncesto-por-el-coronavirus\\\/#respond\"]}]},{\"@type\":\"WebPage\",\"@id\":\"https:\\\/\\\/digital58.com.ve\\\/site\\\/2020\\\/03\\\/12\\\/el-real-madrid-pone-en-cuarentena-a-todos-sus-futbolistas-y-jugadores-de-baloncesto-por-el-coronavirus\\\/\",\"url\":\"https:\\\/\\\/digital58.com.ve\\\/site\\\/2020\\\/03\\\/12\\\/el-real-madrid-pone-en-cuarentena-a-todos-sus-futbolistas-y-jugadores-de-baloncesto-por-el-coronavirus\\\/\",\"name\":\"El Real Madrid pone en cuarentena a todos sus futbolistas y jugadores de baloncesto por el coronavirus\",\"isPartOf\":{\"@id\":\"https:\\\/\\\/digital58.com.ve\\\/site\\\/#website\"},\"primaryImageOfPage\":{\"@id\":\"https:\\\/\\\/digital58.com.ve\\\/site\\\/2020\\\/03\\\/12\\\/el-real-madrid-pone-en-cuarentena-a-todos-sus-futbolistas-y-jugadores-de-baloncesto-por-el-coronavirus\\\/#primaryimage\"},\"image\":{\"@id\":\"https:\\\/\\\/digital58.com.ve\\\/site\\\/2020\\\/03\\\/12\\\/el-real-madrid-pone-en-cuarentena-a-todos-sus-futbolistas-y-jugadores-de-baloncesto-por-el-coronavirus\\\/#primaryimage\"},\"thumbnailUrl\":\"https:\\\/\\\/digital58.com.ve\\\/site\\\/wp-content\\\/uploads\\\/2020\\\/03\\\/realmadrid.jpg\",\"datePublished\":\"2020-03-12T12:57:53+00:00\",\"description\":\"Deportes\",\"breadcrumb\":{\"@id\":\"https:\\\/\\\/digital58.com.ve\\\/site\\\/2020\\\/03\\\/12\\\/el-real-madrid-pone-en-cuarentena-a-todos-sus-futbolistas-y-jugadores-de-baloncesto-por-el-coronavirus\\\/#breadcrumb\"},\"inLanguage\":\"es\",\"potentialAction\":[{\"@type\":\"ReadAction\",\"target\":[\"https:\\\/\\\/digital58.com.ve\\\/site\\\/2020\\\/03\\\/12\\\/el-real-madrid-pone-en-cuarentena-a-todos-sus-futbolistas-y-jugadores-de-baloncesto-por-el-coronavirus\\\/\"]}]},{\"@type\":\"ImageObject\",\"inLanguage\":\"es\",\"@id\":\"https:\\\/\\\/digital58.com.ve\\\/site\\\/2020\\\/03\\\/12\\\/el-real-madrid-pone-en-cuarentena-a-todos-sus-futbolistas-y-jugadores-de-baloncesto-por-el-coronavirus\\\/#primaryimage\",\"url\":\"https:\\\/\\\/digital58.com.ve\\\/site\\\/wp-content\\\/uploads\\\/2020\\\/03\\\/realmadrid.jpg\",\"contentUrl\":\"https:\\\/\\\/digital58.com.ve\\\/site\\\/wp-content\\\/uploads\\\/2020\\\/03\\\/realmadrid.jpg\",\"width\":800,\"height\":451},{\"@type\":\"BreadcrumbList\",\"@id\":\"https:\\\/\\\/digital58.com.ve\\\/site\\\/2020\\\/03\\\/12\\\/el-real-madrid-pone-en-cuarentena-a-todos-sus-futbolistas-y-jugadores-de-baloncesto-por-el-coronavirus\\\/#breadcrumb\",\"itemListElement\":[{\"@type\":\"ListItem\",\"position\":1,\"name\":\"Home\",\"item\":\"https:\\\/\\\/digital58.com.ve\\\/site\\\/\"},{\"@type\":\"ListItem\",\"position\":2,\"name\":\"El Real Madrid pone en cuarentena a todos sus futbolistas y jugadores de baloncesto por el coronavirus\"}]},{\"@type\":\"WebSite\",\"@id\":\"https:\\\/\\\/digital58.com.ve\\\/site\\\/#website\",\"url\":\"https:\\\/\\\/digital58.com.ve\\\/site\\\/\",\"name\":\"Noticias Digital58\",\"description\":\"Portal de Noticias \u00a1Periodismo web de verdad! Lanzamiento web 22.11.2005 \\\/ Maracaibo, Venezuela\",\"publisher\":{\"@id\":\"https:\\\/\\\/digital58.com.ve\\\/site\\\/#\\\/schema\\\/person\\\/64d1c2e4d0d4fd1b849980c4331c2951\"},\"alternateName\":\"ND58\",\"potentialAction\":[{\"@type\":\"SearchAction\",\"target\":{\"@type\":\"EntryPoint\",\"urlTemplate\":\"https:\\\/\\\/digital58.com.ve\\\/site\\\/?s={search_term_string}\"},\"query-input\":{\"@type\":\"PropertyValueSpecification\",\"valueRequired\":true,\"valueName\":\"search_term_string\"}}],\"inLanguage\":\"es\"},{\"@type\":[\"Person\",\"Organization\"],\"@id\":\"https:\\\/\\\/digital58.com.ve\\\/site\\\/#\\\/schema\\\/person\\\/64d1c2e4d0d4fd1b849980c4331c2951\",\"name\":\"Villasmil Henry\",\"image\":{\"@type\":\"ImageObject\",\"inLanguage\":\"es\",\"@id\":\"https:\\\/\\\/secure.gravatar.com\\\/avatar\\\/bb0c4a2fcb7970138239f7e404ea75757b1b507b28b5ce4c53fbd62d797c5a7c?s=96&d=mm&r=g\",\"url\":\"https:\\\/\\\/secure.gravatar.com\\\/avatar\\\/bb0c4a2fcb7970138239f7e404ea75757b1b507b28b5ce4c53fbd62d797c5a7c?s=96&d=mm&r=g\",\"contentUrl\":\"https:\\\/\\\/secure.gravatar.com\\\/avatar\\\/bb0c4a2fcb7970138239f7e404ea75757b1b507b28b5ce4c53fbd62d797c5a7c?s=96&d=mm&r=g\",\"caption\":\"Villasmil Henry\"},\"logo\":{\"@id\":\"https:\\\/\\\/secure.gravatar.com\\\/avatar\\\/bb0c4a2fcb7970138239f7e404ea75757b1b507b28b5ce4c53fbd62d797c5a7c?s=96&d=mm&r=g\"},\"sameAs\":[\"http:\\\/\\\/www.henryvillasmil.com.ve\",\"https:\\\/\\\/www.instagram.com\\\/villasmilhfoto\\\/\",\"https:\\\/\\\/x.com\\\/https:\\\/\\\/twitter.com\\\/villasmilhfoto\"],\"url\":\"https:\\\/\\\/digital58.com.ve\\\/site\\\/author\\\/droopy_68\\\/\"}]}<\/script>\n<!-- \/ Yoast SEO plugin. -->","yoast_head_json":{"title":"El Real Madrid pone en cuarentena a todos sus futbolistas y jugadores de baloncesto por el coronavirus","description":"Deportes","robots":{"index":"index","follow":"follow","max-snippet":"max-snippet:-1","max-image-preview":"max-image-preview:large","max-video-preview":"max-video-preview:-1"},"canonical":"https:\/\/digital58.com.ve\/site\/2020\/03\/12\/el-real-madrid-pone-en-cuarentena-a-todos-sus-futbolistas-y-jugadores-de-baloncesto-por-el-coronavirus\/","og_locale":"es_ES","og_type":"article","og_title":"El Real Madrid pone en cuarentena a todos sus futbolistas y jugadores de baloncesto por el coronavirus","og_description":"Deportes","og_url":"https:\/\/digital58.com.ve\/site\/2020\/03\/12\/el-real-madrid-pone-en-cuarentena-a-todos-sus-futbolistas-y-jugadores-de-baloncesto-por-el-coronavirus\/","og_site_name":"Noticias Digital58","article_published_time":"2020-03-12T12:57:53+00:00","og_image":[{"width":1104,"height":622,"url":"https:\/\/digital58.com.ve\/site\/wp-content\/uploads\/2020\/03\/realmadrid.jpg","type":"image\/jpeg"}],"author":"Villasmil Henry","twitter_card":"summary_large_image","twitter_creator":"@https:\/\/twitter.com\/villasmilhfoto","twitter_site":"@villasmilhfoto","twitter_misc":{"Escrito por":"Villasmil Henry","Tiempo estimado de lectura":"1 minuto"},"schema":{"@context":"https:\/\/schema.org","@graph":[{"@type":"Article","@id":"https:\/\/digital58.com.ve\/site\/2020\/03\/12\/el-real-madrid-pone-en-cuarentena-a-todos-sus-futbolistas-y-jugadores-de-baloncesto-por-el-coronavirus\/#article","isPartOf":{"@id":"https:\/\/digital58.com.ve\/site\/2020\/03\/12\/el-real-madrid-pone-en-cuarentena-a-todos-sus-futbolistas-y-jugadores-de-baloncesto-por-el-coronavirus\/"},"author":{"name":"Villasmil Henry","@id":"https:\/\/digital58.com.ve\/site\/#\/schema\/person\/64d1c2e4d0d4fd1b849980c4331c2951"},"headline":"El Real Madrid pone en cuarentena a todos sus futbolistas y jugadores de baloncesto por el coronavirus","datePublished":"2020-03-12T12:57:53+00:00","mainEntityOfPage":{"@id":"https:\/\/digital58.com.ve\/site\/2020\/03\/12\/el-real-madrid-pone-en-cuarentena-a-todos-sus-futbolistas-y-jugadores-de-baloncesto-por-el-coronavirus\/"},"wordCount":203,"commentCount":0,"publisher":{"@id":"https:\/\/digital58.com.ve\/site\/#\/schema\/person\/64d1c2e4d0d4fd1b849980c4331c2951"},"image":{"@id":"https:\/\/digital58.com.ve\/site\/2020\/03\/12\/el-real-madrid-pone-en-cuarentena-a-todos-sus-futbolistas-y-jugadores-de-baloncesto-por-el-coronavirus\/#primaryimage"},"thumbnailUrl":"https:\/\/digital58.com.ve\/site\/wp-content\/uploads\/2020\/03\/realmadrid.jpg","keywords":["Coronavirus","F\u00fatbol","F\u00fatbol Espa\u00f1ol","Internacionales","LaLiga","LaLiga 2019-2020","Realk Madrid"],"articleSection":["Deportes"],"inLanguage":"es","potentialAction":[{"@type":"CommentAction","name":"Comment","target":["https:\/\/digital58.com.ve\/site\/2020\/03\/12\/el-real-madrid-pone-en-cuarentena-a-todos-sus-futbolistas-y-jugadores-de-baloncesto-por-el-coronavirus\/#respond"]}]},{"@type":"WebPage","@id":"https:\/\/digital58.com.ve\/site\/2020\/03\/12\/el-real-madrid-pone-en-cuarentena-a-todos-sus-futbolistas-y-jugadores-de-baloncesto-por-el-coronavirus\/","url":"https:\/\/digital58.com.ve\/site\/2020\/03\/12\/el-real-madrid-pone-en-cuarentena-a-todos-sus-futbolistas-y-jugadores-de-baloncesto-por-el-coronavirus\/","name":"El Real Madrid pone en cuarentena a todos sus futbolistas y jugadores de baloncesto por el coronavirus","isPartOf":{"@id":"https:\/\/digital58.com.ve\/site\/#website"},"primaryImageOfPage":{"@id":"https:\/\/digital58.com.ve\/site\/2020\/03\/12\/el-real-madrid-pone-en-cuarentena-a-todos-sus-futbolistas-y-jugadores-de-baloncesto-por-el-coronavirus\/#primaryimage"},"image":{"@id":"https:\/\/digital58.com.ve\/site\/2020\/03\/12\/el-real-madrid-pone-en-cuarentena-a-todos-sus-futbolistas-y-jugadores-de-baloncesto-por-el-coronavirus\/#primaryimage"},"thumbnailUrl":"https:\/\/digital58.com.ve\/site\/wp-content\/uploads\/2020\/03\/realmadrid.jpg","datePublished":"2020-03-12T12:57:53+00:00","description":"Deportes","breadcrumb":{"@id":"https:\/\/digital58.com.ve\/site\/2020\/03\/12\/el-real-madrid-pone-en-cuarentena-a-todos-sus-futbolistas-y-jugadores-de-baloncesto-por-el-coronavirus\/#breadcrumb"},"inLanguage":"es","potentialAction":[{"@type":"ReadAction","target":["https:\/\/digital58.com.ve\/site\/2020\/03\/12\/el-real-madrid-pone-en-cuarentena-a-todos-sus-futbolistas-y-jugadores-de-baloncesto-por-el-coronavirus\/"]}]},{"@type":"ImageObject","inLanguage":"es","@id":"https:\/\/digital58.com.ve\/site\/2020\/03\/12\/el-real-madrid-pone-en-cuarentena-a-todos-sus-futbolistas-y-jugadores-de-baloncesto-por-el-coronavirus\/#primaryimage","url":"https:\/\/digital58.com.ve\/site\/wp-content\/uploads\/2020\/03\/realmadrid.jpg","contentUrl":"https:\/\/digital58.com.ve\/site\/wp-content\/uploads\/2020\/03\/realmadrid.jpg","width":800,"height":451},{"@type":"BreadcrumbList","@id":"https:\/\/digital58.com.ve\/site\/2020\/03\/12\/el-real-madrid-pone-en-cuarentena-a-todos-sus-futbolistas-y-jugadores-de-baloncesto-por-el-coronavirus\/#breadcrumb","itemListElement":[{"@type":"ListItem","position":1,"name":"Home","item":"https:\/\/digital58.com.ve\/site\/"},{"@type":"ListItem","position":2,"name":"El Real Madrid pone en cuarentena a todos sus futbolistas y jugadores de baloncesto por el coronavirus"}]},{"@type":"WebSite","@id":"https:\/\/digital58.com.ve\/site\/#website","url":"https:\/\/digital58.com.ve\/site\/","name":"Noticias Digital58","description":"Portal de Noticias \u00a1Periodismo web de verdad! Lanzamiento web 22.11.2005 \/ Maracaibo, Venezuela","publisher":{"@id":"https:\/\/digital58.com.ve\/site\/#\/schema\/person\/64d1c2e4d0d4fd1b849980c4331c2951"},"alternateName":"ND58","potentialAction":[{"@type":"SearchAction","target":{"@type":"EntryPoint","urlTemplate":"https:\/\/digital58.com.ve\/site\/?s={search_term_string}"},"query-input":{"@type":"PropertyValueSpecification","valueRequired":true,"valueName":"search_term_string"}}],"inLanguage":"es"},{"@type":["Person","Organization"],"@id":"https:\/\/digital58.com.ve\/site\/#\/schema\/person\/64d1c2e4d0d4fd1b849980c4331c2951","name":"Villasmil Henry","image":{"@type":"ImageObject","inLanguage":"es","@id":"https:\/\/secure.gravatar.com\/avatar\/bb0c4a2fcb7970138239f7e404ea75757b1b507b28b5ce4c53fbd62d797c5a7c?s=96&d=mm&r=g","url":"https:\/\/secure.gravatar.com\/avatar\/bb0c4a2fcb7970138239f7e404ea75757b1b507b28b5ce4c53fbd62d797c5a7c?s=96&d=mm&r=g","contentUrl":"https:\/\/secure.gravatar.com\/avatar\/bb0c4a2fcb7970138239f7e404ea75757b1b507b28b5ce4c53fbd62d797c5a7c?s=96&d=mm&r=g","caption":"Villasmil Henry"},"logo":{"@id":"https:\/\/secure.gravatar.com\/avatar\/bb0c4a2fcb7970138239f7e404ea75757b1b507b28b5ce4c53fbd62d797c5a7c?s=96&d=mm&r=g"},"sameAs":["http:\/\/www.henryvillasmil.com.ve","https:\/\/www.instagram.com\/villasmilhfoto\/","https:\/\/x.com\/https:\/\/twitter.com\/villasmilhfoto"],"url":"https:\/\/digital58.com.ve\/site\/author\/droopy_68\/"}]}},"uagb_featured_image_src":{"full":["https:\/\/digital58.com.ve\/site\/wp-content\/uploads\/2020\/03\/realmadrid.jpg",800,451,false],"thumbnail":["https:\/\/digital58.com.ve\/site\/wp-content\/uploads\/2020\/03\/realmadrid-150x150.jpg",150,150,true],"medium":["https:\/\/digital58.com.ve\/site\/wp-content\/uploads\/2020\/03\/realmadrid-300x169.jpg",300,169,true],"medium_large":["https:\/\/digital58.com.ve\/site\/wp-content\/uploads\/2020\/03\/realmadrid-768x433.jpg",768,433,true],"large":["https:\/\/digital58.com.ve\/site\/wp-content\/uploads\/2020\/03\/realmadrid.jpg",800,451,false],"1536x1536":["https:\/\/digital58.com.ve\/site\/wp-content\/uploads\/2020\/03\/realmadrid.jpg",800,451,false],"2048x2048":["https:\/\/digital58.com.ve\/site\/wp-content\/uploads\/2020\/03\/realmadrid.jpg",800,451,false],"colormag-highlighted-post":["https:\/\/digital58.com.ve\/site\/wp-content\/uploads\/2020\/03\/realmadrid.jpg",392,221,false],"colormag-featured-post-medium":["https:\/\/digital58.com.ve\/site\/wp-content\/uploads\/2020\/03\/realmadrid.jpg",364,205,false],"colormag-featured-post-small":["https:\/\/digital58.com.ve\/site\/wp-content\/uploads\/2020\/03\/realmadrid.jpg",130,73,false],"colormag-featured-image":["https:\/\/digital58.com.ve\/site\/wp-content\/uploads\/2020\/03\/realmadrid.jpg",789,445,false],"colormag-default-news":["https:\/\/digital58.com.ve\/site\/wp-content\/uploads\/2020\/03\/realmadrid.jpg",150,85,false],"colormag-featured-image-large":["https:\/\/digital58.com.ve\/site\/wp-content\/uploads\/2020\/03\/realmadrid.jpg",800,451,false]},"uagb_author_info":{"display_name":"Villasmil Henry","author_link":"https:\/\/digital58.com.ve\/site\/author\/droopy_68\/"},"uagb_comment_info":0,"uagb_excerpt":"Un jugador del primer equipo de baloncesto del Real Madrid ha dado positivo en los an\u00e1lisis del nuevo coronavirus, por","_links":{"self":[{"href":"https:\/\/digital58.com.ve\/site\/wp-json\/wp\/v2\/posts\/93984","targetHints":{"allow":["GET"]}}],"collection":[{"href":"https:\/\/digital58.com.ve\/site\/wp-json\/wp\/v2\/posts"}],"about":[{"href":"https:\/\/digital58.com.ve\/site\/wp-json\/wp\/v2\/types\/post"}],"author":[{"embeddable":true,"href":"https:\/\/digital58.com.ve\/site\/wp-json\/wp\/v2\/users\/1"}],"replies":[{"embeddable":true,"href":"https:\/\/digital58.com.ve\/site\/wp-json\/wp\/v2\/comments?post=93984"}],"version-history":[{"count":0,"href":"https:\/\/digital58.com.ve\/site\/wp-json\/wp\/v2\/posts\/93984\/revisions"}],"wp:featuredmedia":[{"embeddable":true,"href":"https:\/\/digital58.com.ve\/site\/wp-json\/wp\/v2\/media\/93985"}],"wp:attachment":[{"href":"https:\/\/digital58.com.ve\/site\/wp-json\/wp\/v2\/media?parent=93984"}],"wp:term":[{"taxonomy":"category","embeddable":true,"href":"https:\/\/digital58.com.ve\/site\/wp-json\/wp\/v2\/categories?post=93984"},{"taxonomy":"post_tag","embeddable":true,"href":"https:\/\/digital58.com.ve\/site\/wp-json\/wp\/v2\/tags?post=93984"}],"curies":[{"name":"wp","href":"https:\/\/api.w.org\/{rel}","templated":true}]}}