{"id":94077,"date":"2020-03-15T10:41:16","date_gmt":"2020-03-15T14:41:16","guid":{"rendered":"https:\/\/digital58.com.ve\/site\/?p=94077"},"modified":"2020-03-15T11:20:40","modified_gmt":"2020-03-15T15:20:40","slug":"coronavirus-paraliza-el-futbol-europeo","status":"publish","type":"post","link":"https:\/\/digital58.com.ve\/site\/2020\/03\/15\/coronavirus-paraliza-el-futbol-europeo\/","title":{"rendered":"Coronavirus paraliza el f\u00fatbol europeo"},"content":{"rendered":"<p><img loading=\"lazy\" decoding=\"async\" class=\"aligncenter size-full wp-image-94078\" src=\"https:\/\/digital58.com.ve\/site\/wp-content\/uploads\/2020\/03\/CORONA.jpg\" alt=\"\" width=\"1500\" height=\"973\" srcset=\"https:\/\/digital58.com.ve\/site\/wp-content\/uploads\/2020\/03\/CORONA.jpg 800w, https:\/\/digital58.com.ve\/site\/wp-content\/uploads\/2020\/03\/CORONA-300x195.jpg 300w, https:\/\/digital58.com.ve\/site\/wp-content\/uploads\/2020\/03\/CORONA-768x498.jpg 768w\" sizes=\"auto, (max-width: 1500px) 100vw, 1500px\" \/><\/p>\n<p>La pandemia que ha sacudido al mundo, el COVID-19, popularmente conocido como coronavirus, no solamente ha afectado a aquellos que lo padecen, pues como medidas de prevenci\u00f3n promovidas por la Organizaci\u00f3n Mundial de la Salud, el f\u00fatbol europeo ha seguido las instrucciones de resguardo y ha puesto en suspensi\u00f3n sus mayores competencias, paralizando las actividades del deporte rey por al menos lo que queda del mes de marzo.<\/p>\n<p><strong>Maracaibo, Zulia, Venezuela, 15 de marzo de 2020 (ND58).-<\/strong> Las ligas m\u00e1s importantes, como LaLiga espa\u00f1ola, la Premier League o la Serie A, ya dieron pausa a sus competencias, como medida preventiva y adem\u00e1s al verse afectados en algunos jugadores o miembros del cuerpo t\u00e9cnico de distintos equipos.<br \/>\nLa situaci\u00f3n va tan en serio que ya la UEFA anunci\u00f3 la suspensi\u00f3n de sus m\u00e1ximas competiciones, la Liga de Campeones y la Liga de Europa, este pasado viernes 13.<\/p>\n<p>\u00abA la luz de los acontecimientos debido a la propagaci\u00f3n de COVID-19 en Europa y las decisiones relacionadas tomadas por diferentes gobiernos, todos los partidos de competiciones de clubes de la UEFA programados para la pr\u00f3xima semana se posponen\u00bb, detall\u00f3 el ente europeo a trav\u00e9s de un comunicado.<\/p>\n<p>De esta manera, quedaron suspendidos el resto de los partidos de vuelta de octavos de final de Liga de Campeones y tambi\u00e9n los de Liga de Europa, junto con, evidentemente, el sorteo de cuartos, a desarrollarses el pr\u00f3ximo 20 de marzo.<\/p>\n<p>Las fechas pautadas para la disputa de dichos compromisos, sin embargo, a\u00fan no esta establecida, pues la UEFA se reunir\u00e1 en videoconferencia con las 55 federaciones miembro, a la Asociaci\u00f3n Europea de Clubes y a las Ligas Europeas, adem\u00e1s de al sindicato FIFPro, el pr\u00f3ximo martes 17, para \u00abestudiar la respuesta del f\u00fatbol europeo al desaf\u00edo\u00bb.<\/p>\n<p><strong>Sin jornadas ligueras<\/strong><\/p>\n<p>Adem\u00e1s de esta competencia continental, cada pa\u00eds de ligas \u00abtop\u00bb se encarg\u00f3 de abordar las medidas de seguridad como iba pens\u00e1ndolo, primero disputando partidos a puerta cerrada, hasta, finalmente, posponer los partidos.<\/p>\n<p>La Premier League de Inglaterra fue la \u00faltima en aplazar su campeonato despu\u00e9s de los positivos de Covid-19 del entrenador del Arsenal, Mikel Arteta, y el jugador Hudson-Odoi, del Chelsea.<\/p>\n<p>\u00abSobre todo, deseamos que Mikel Arteta y Callum Hudson-Odoi se recuperen r\u00e1pidamente, y todos los dem\u00e1s afectados por el Covid-19. En esta situaci\u00f3n sin precedentes, estamos trabajando estrechamente con nuestros clubes, el Gobierno, la FA y la EFL y podemos asegurar a todos que la salud y el bienestar de los jugadores, el personal y los seguidores son nuestra prioridad\u00bb, manifest\u00f3 Richard Masters, CEO de la Premier, que espera que se vuelva a jugar el 4 de abril \u00absi la situaci\u00f3n sanitaria\u00bb lo permite.<\/p>\n<p><strong>Afectados<\/strong><\/p>\n<p>Varios jugadores ya han dado positivo por COVID-19, lo que ha sometido a cuarentena a equipos como la Juventus o el Real Madrid. El primero de la lista es Timo H\u00fcbers, futbolista del Hannover 96, adem\u00e1s de el tambi\u00e9n est\u00e1 su compa\u00f1ero de equipo, Jannes Horn. En Italia habr\u00edan diez casos: Daniele Rugani (Juventus), Manolo Gabbiadini (Sampdoria), Omar Colleyi (Sampdoria), Morten Thorsbyi (Sampdoria), Albin Ekdali (Sampdoria), Antonio La Guminai (Sampdoria), Dusan Vlahovici (Fiorentina), Patrick Cutrone (Fiorentina), German Pezzella (Fiorentina) y el fisioterapeuta de la Fiorentina tambi\u00e9n, Stefano Dainelli. Mientras que en Inglaterra est\u00e1n los dos ya mencionados, Callum Hudson-Odoi (Chelsea) y el entrenador del Arsenal, Mikel Arteta. El presidente del Olympiakos, Evangelos Marinakis, tambi\u00e9n entra en el listado.<\/p>\n<p>En Espa\u00f1a, aunque el Madrid se encuentra en cuarentena luego de que se diera un caso positivo en el equipo de baloncesto, que comparte instalaciones, solo hay tres casos, todos fuera de las plantillas de jugadores: el director general del Legan\u00e9s, Mart\u00edn Ortega, y dos integrantes del cuerpo t\u00e9cnico y la direcci\u00f3n deportiva del Alav\u00e9s.<\/p>\n<p><strong>A esperar hasta septiembre<\/strong><\/p>\n<p>En la reuni\u00f3n mencionada con la UEFA, tambi\u00e9n se estar\u00eda estudiando la posibilidad de suspender los campeonatos, con algunos equipos estando de acuerdo y otros no. El medio ingl\u00e9s The Independent menciona en un art\u00edculo que incluso se podr\u00eda esperar hasta septiembre para que se normalice completamente la situaci\u00f3n del f\u00fatbol en el Viejo Continente.<\/p>\n<p>Al ser un caso sin precedentes, no hay un plan establecido que seguir para saber como se solventara todo el tiempo perdido, y a\u00fan queda por ver como avanza el aspecto sanitario del mismo virus, que acumula m\u00e1s de 5.000 de decesos en todo el mundo y 65.000 recuperados. La Bundesliga, de acuerdo con el diario &#8216;Express&#8217;, ya estar\u00eda planificando algunas resoluciones (una de las cuales prev\u00e9 un Bayern campe\u00f3n).<\/p>\n<p>Por ahora, lo \u00fanico por hacer es esperar. Las personas encargadas deben pertinentemente abordar este problema de escala mundial, siguiendo las recomendaciones de los profesionales de la salud, ya que se trata de la seguridad de todos.<\/p><div class=\"gqsne69f0a13d51f40\" ><p style=\"text-align: center;\"><a href=\"https:\/\/t.me\/noticiasdigital58\" target=\"_blank\" rel=\"noopener\"><img class=\"aligncenter size-full wp-image-125363\" src=\"https:\/\/digital58.com.ve\/site\/wp-content\/uploads\/2021\/04\/banner-telegram-web-2021.png\" alt=\"\" width=\"600\" height=\"90\" \/><\/a><\/p><\/div><style type=\"text\/css\">\r\n@media screen and (min-width: 1201px) {\r\n.gqsne69f0a13d51f40 {\r\ndisplay: block;\r\n}\r\n}\r\n@media screen and (min-width: 993px) and (max-width: 1200px) {\r\n.gqsne69f0a13d51f40 {\r\ndisplay: block;\r\n}\r\n}\r\n@media screen and (min-width: 769px) and (max-width: 992px) {\r\n.gqsne69f0a13d51f40 {\r\ndisplay: block;\r\n}\r\n}\r\n@media screen and (min-width: 768px) and (max-width: 768px) {\r\n.gqsne69f0a13d51f40 {\r\ndisplay: block;\r\n}\r\n}\r\n@media screen and (max-width: 767px) {\r\n.gqsne69f0a13d51f40 {\r\ndisplay: block;\r\n}\r\n}\r\n<\/style>\r\n\n<p><strong>Redacci\u00f3n: Jaimes, Karen (@eskarenj)<\/strong><br \/>\n<strong>Edici\u00f3n: Villasmil, Henry<\/strong><br \/>\n<strong>Gr\u00e1fica: EFE<\/strong><\/p>\n<div style=\"margin-top: 0px; margin-bottom: 0px;\" class=\"sharethis-inline-share-buttons\" ><\/div>","protected":false},"excerpt":{"rendered":"<p>La pandemia que ha sacudido al mundo, el COVID-19, popularmente conocido como coronavirus, no solamente ha afectado a aquellos que<\/p>\n","protected":false},"author":21,"featured_media":94078,"comment_status":"open","ping_status":"closed","sticky":false,"template":"","format":"standard","meta":{"colormag_page_container_layout":"default_layout","colormag_page_sidebar_layout":"default_layout","_uag_custom_page_level_css":"","footnotes":""},"categories":[5402],"tags":[13648,1492,13,41,2887,13255],"class_list":["post-94077","post","type-post","status-publish","format-standard","has-post-thumbnail","hentry","category-deportes","tag-covid-19","tag-europa","tag-futbol","tag-futbol-internacional","tag-internacional","tag-virus-coronavirus"],"yoast_head":"<!-- This site is optimized with the Yoast SEO plugin v27.5 - https:\/\/yoast.com\/product\/yoast-seo-wordpress\/ -->\n<title>Coronavirus paraliza el f\u00fatbol europeo<\/title>\n<meta name=\"description\" content=\"Deportes\" \/>\n<meta name=\"robots\" content=\"index, follow, max-snippet:-1, max-image-preview:large, max-video-preview:-1\" \/>\n<link rel=\"canonical\" href=\"https:\/\/digital58.com.ve\/site\/2020\/03\/15\/coronavirus-paraliza-el-futbol-europeo\/\" \/>\n<meta property=\"og:locale\" content=\"es_ES\" \/>\n<meta property=\"og:type\" content=\"article\" \/>\n<meta property=\"og:title\" content=\"Coronavirus paraliza el f\u00fatbol europeo\" \/>\n<meta property=\"og:description\" content=\"Deportes\" \/>\n<meta property=\"og:url\" content=\"https:\/\/digital58.com.ve\/site\/2020\/03\/15\/coronavirus-paraliza-el-futbol-europeo\/\" \/>\n<meta property=\"og:site_name\" content=\"Noticias Digital58\" \/>\n<meta property=\"article:published_time\" content=\"2020-03-15T14:41:16+00:00\" \/>\n<meta property=\"article:modified_time\" content=\"2020-03-15T15:20:40+00:00\" \/>\n<meta property=\"og:image\" content=\"https:\/\/digital58.com.ve\/site\/wp-content\/uploads\/2020\/03\/CORONA.jpg\" \/>\n\t<meta property=\"og:image:width\" content=\"1500\" \/>\n\t<meta property=\"og:image:height\" content=\"973\" \/>\n\t<meta property=\"og:image:type\" content=\"image\/jpeg\" \/>\n<meta name=\"author\" content=\"Karen Ivette Jaimes\" \/>\n<meta name=\"twitter:card\" content=\"summary_large_image\" \/>\n<meta name=\"twitter:creator\" content=\"@Digital_58\" \/>\n<meta name=\"twitter:site\" content=\"@villasmilhfoto\" \/>\n<meta name=\"twitter:label1\" content=\"Escrito por\" \/>\n\t<meta name=\"twitter:data1\" content=\"Karen Ivette Jaimes\" \/>\n\t<meta name=\"twitter:label2\" content=\"Tiempo estimado de lectura\" \/>\n\t<meta name=\"twitter:data2\" content=\"4 minutos\" \/>\n<script type=\"application\/ld+json\" class=\"yoast-schema-graph\">{\"@context\":\"https:\\\/\\\/schema.org\",\"@graph\":[{\"@type\":\"Article\",\"@id\":\"https:\\\/\\\/digital58.com.ve\\\/site\\\/2020\\\/03\\\/15\\\/coronavirus-paraliza-el-futbol-europeo\\\/#article\",\"isPartOf\":{\"@id\":\"https:\\\/\\\/digital58.com.ve\\\/site\\\/2020\\\/03\\\/15\\\/coronavirus-paraliza-el-futbol-europeo\\\/\"},\"author\":{\"name\":\"Karen Ivette Jaimes\",\"@id\":\"https:\\\/\\\/digital58.com.ve\\\/site\\\/#\\\/schema\\\/person\\\/eeb4c5d8eef18e441b7483a2da9e79e8\"},\"headline\":\"Coronavirus paraliza el f\u00fatbol europeo\",\"datePublished\":\"2020-03-15T14:41:16+00:00\",\"dateModified\":\"2020-03-15T15:20:40+00:00\",\"mainEntityOfPage\":{\"@id\":\"https:\\\/\\\/digital58.com.ve\\\/site\\\/2020\\\/03\\\/15\\\/coronavirus-paraliza-el-futbol-europeo\\\/\"},\"wordCount\":845,\"commentCount\":0,\"publisher\":{\"@id\":\"https:\\\/\\\/digital58.com.ve\\\/site\\\/#\\\/schema\\\/person\\\/64d1c2e4d0d4fd1b849980c4331c2951\"},\"image\":{\"@id\":\"https:\\\/\\\/digital58.com.ve\\\/site\\\/2020\\\/03\\\/15\\\/coronavirus-paraliza-el-futbol-europeo\\\/#primaryimage\"},\"thumbnailUrl\":\"https:\\\/\\\/digital58.com.ve\\\/site\\\/wp-content\\\/uploads\\\/2020\\\/03\\\/CORONA.jpg\",\"keywords\":[\"COVID-19\",\"Europa\",\"F\u00fatbol\",\"F\u00fatbol Internacional\",\"Internacional\",\"Virus Coronavirus\"],\"articleSection\":[\"Deportes\"],\"inLanguage\":\"es\",\"potentialAction\":[{\"@type\":\"CommentAction\",\"name\":\"Comment\",\"target\":[\"https:\\\/\\\/digital58.com.ve\\\/site\\\/2020\\\/03\\\/15\\\/coronavirus-paraliza-el-futbol-europeo\\\/#respond\"]}]},{\"@type\":\"WebPage\",\"@id\":\"https:\\\/\\\/digital58.com.ve\\\/site\\\/2020\\\/03\\\/15\\\/coronavirus-paraliza-el-futbol-europeo\\\/\",\"url\":\"https:\\\/\\\/digital58.com.ve\\\/site\\\/2020\\\/03\\\/15\\\/coronavirus-paraliza-el-futbol-europeo\\\/\",\"name\":\"Coronavirus paraliza el f\u00fatbol europeo\",\"isPartOf\":{\"@id\":\"https:\\\/\\\/digital58.com.ve\\\/site\\\/#website\"},\"primaryImageOfPage\":{\"@id\":\"https:\\\/\\\/digital58.com.ve\\\/site\\\/2020\\\/03\\\/15\\\/coronavirus-paraliza-el-futbol-europeo\\\/#primaryimage\"},\"image\":{\"@id\":\"https:\\\/\\\/digital58.com.ve\\\/site\\\/2020\\\/03\\\/15\\\/coronavirus-paraliza-el-futbol-europeo\\\/#primaryimage\"},\"thumbnailUrl\":\"https:\\\/\\\/digital58.com.ve\\\/site\\\/wp-content\\\/uploads\\\/2020\\\/03\\\/CORONA.jpg\",\"datePublished\":\"2020-03-15T14:41:16+00:00\",\"dateModified\":\"2020-03-15T15:20:40+00:00\",\"description\":\"Deportes\",\"breadcrumb\":{\"@id\":\"https:\\\/\\\/digital58.com.ve\\\/site\\\/2020\\\/03\\\/15\\\/coronavirus-paraliza-el-futbol-europeo\\\/#breadcrumb\"},\"inLanguage\":\"es\",\"potentialAction\":[{\"@type\":\"ReadAction\",\"target\":[\"https:\\\/\\\/digital58.com.ve\\\/site\\\/2020\\\/03\\\/15\\\/coronavirus-paraliza-el-futbol-europeo\\\/\"]}]},{\"@type\":\"ImageObject\",\"inLanguage\":\"es\",\"@id\":\"https:\\\/\\\/digital58.com.ve\\\/site\\\/2020\\\/03\\\/15\\\/coronavirus-paraliza-el-futbol-europeo\\\/#primaryimage\",\"url\":\"https:\\\/\\\/digital58.com.ve\\\/site\\\/wp-content\\\/uploads\\\/2020\\\/03\\\/CORONA.jpg\",\"contentUrl\":\"https:\\\/\\\/digital58.com.ve\\\/site\\\/wp-content\\\/uploads\\\/2020\\\/03\\\/CORONA.jpg\",\"width\":800,\"height\":519},{\"@type\":\"BreadcrumbList\",\"@id\":\"https:\\\/\\\/digital58.com.ve\\\/site\\\/2020\\\/03\\\/15\\\/coronavirus-paraliza-el-futbol-europeo\\\/#breadcrumb\",\"itemListElement\":[{\"@type\":\"ListItem\",\"position\":1,\"name\":\"Home\",\"item\":\"https:\\\/\\\/digital58.com.ve\\\/site\\\/\"},{\"@type\":\"ListItem\",\"position\":2,\"name\":\"Coronavirus paraliza el f\u00fatbol europeo\"}]},{\"@type\":\"WebSite\",\"@id\":\"https:\\\/\\\/digital58.com.ve\\\/site\\\/#website\",\"url\":\"https:\\\/\\\/digital58.com.ve\\\/site\\\/\",\"name\":\"Noticias Digital58\",\"description\":\"Portal de Noticias \u00a1Periodismo web de verdad! Lanzamiento web 22.11.2005 \\\/ Maracaibo, Venezuela\",\"publisher\":{\"@id\":\"https:\\\/\\\/digital58.com.ve\\\/site\\\/#\\\/schema\\\/person\\\/64d1c2e4d0d4fd1b849980c4331c2951\"},\"alternateName\":\"ND58\",\"potentialAction\":[{\"@type\":\"SearchAction\",\"target\":{\"@type\":\"EntryPoint\",\"urlTemplate\":\"https:\\\/\\\/digital58.com.ve\\\/site\\\/?s={search_term_string}\"},\"query-input\":{\"@type\":\"PropertyValueSpecification\",\"valueRequired\":true,\"valueName\":\"search_term_string\"}}],\"inLanguage\":\"es\"},{\"@type\":[\"Person\",\"Organization\"],\"@id\":\"https:\\\/\\\/digital58.com.ve\\\/site\\\/#\\\/schema\\\/person\\\/64d1c2e4d0d4fd1b849980c4331c2951\",\"name\":\"Villasmil Henry\",\"image\":{\"@type\":\"ImageObject\",\"inLanguage\":\"es\",\"@id\":\"https:\\\/\\\/secure.gravatar.com\\\/avatar\\\/bb0c4a2fcb7970138239f7e404ea75757b1b507b28b5ce4c53fbd62d797c5a7c?s=96&d=mm&r=g\",\"url\":\"https:\\\/\\\/secure.gravatar.com\\\/avatar\\\/bb0c4a2fcb7970138239f7e404ea75757b1b507b28b5ce4c53fbd62d797c5a7c?s=96&d=mm&r=g\",\"contentUrl\":\"https:\\\/\\\/secure.gravatar.com\\\/avatar\\\/bb0c4a2fcb7970138239f7e404ea75757b1b507b28b5ce4c53fbd62d797c5a7c?s=96&d=mm&r=g\",\"caption\":\"Villasmil Henry\"},\"logo\":{\"@id\":\"https:\\\/\\\/secure.gravatar.com\\\/avatar\\\/bb0c4a2fcb7970138239f7e404ea75757b1b507b28b5ce4c53fbd62d797c5a7c?s=96&d=mm&r=g\"},\"sameAs\":[\"http:\\\/\\\/www.henryvillasmil.com.ve\",\"https:\\\/\\\/www.instagram.com\\\/villasmilhfoto\\\/\",\"https:\\\/\\\/x.com\\\/https:\\\/\\\/twitter.com\\\/villasmilhfoto\"]},{\"@type\":\"Person\",\"@id\":\"https:\\\/\\\/digital58.com.ve\\\/site\\\/#\\\/schema\\\/person\\\/eeb4c5d8eef18e441b7483a2da9e79e8\",\"name\":\"Karen Ivette Jaimes\",\"image\":{\"@type\":\"ImageObject\",\"inLanguage\":\"es\",\"@id\":\"https:\\\/\\\/secure.gravatar.com\\\/avatar\\\/74b4bd4bf849b1844638e281471f623551185d410d6f6179774f2a579958f3b4?s=96&d=mm&r=g\",\"url\":\"https:\\\/\\\/secure.gravatar.com\\\/avatar\\\/74b4bd4bf849b1844638e281471f623551185d410d6f6179774f2a579958f3b4?s=96&d=mm&r=g\",\"contentUrl\":\"https:\\\/\\\/secure.gravatar.com\\\/avatar\\\/74b4bd4bf849b1844638e281471f623551185d410d6f6179774f2a579958f3b4?s=96&d=mm&r=g\",\"caption\":\"Karen Ivette Jaimes\"},\"url\":\"https:\\\/\\\/digital58.com.ve\\\/site\\\/author\\\/eskarenj\\\/\"}]}<\/script>\n<!-- \/ Yoast SEO plugin. -->","yoast_head_json":{"title":"Coronavirus paraliza el f\u00fatbol europeo","description":"Deportes","robots":{"index":"index","follow":"follow","max-snippet":"max-snippet:-1","max-image-preview":"max-image-preview:large","max-video-preview":"max-video-preview:-1"},"canonical":"https:\/\/digital58.com.ve\/site\/2020\/03\/15\/coronavirus-paraliza-el-futbol-europeo\/","og_locale":"es_ES","og_type":"article","og_title":"Coronavirus paraliza el f\u00fatbol europeo","og_description":"Deportes","og_url":"https:\/\/digital58.com.ve\/site\/2020\/03\/15\/coronavirus-paraliza-el-futbol-europeo\/","og_site_name":"Noticias Digital58","article_published_time":"2020-03-15T14:41:16+00:00","article_modified_time":"2020-03-15T15:20:40+00:00","og_image":[{"width":1500,"height":973,"url":"https:\/\/digital58.com.ve\/site\/wp-content\/uploads\/2020\/03\/CORONA.jpg","type":"image\/jpeg"}],"author":"Karen Ivette Jaimes","twitter_card":"summary_large_image","twitter_creator":"@Digital_58","twitter_site":"@villasmilhfoto","twitter_misc":{"Escrito por":"Karen Ivette Jaimes","Tiempo estimado de lectura":"4 minutos"},"schema":{"@context":"https:\/\/schema.org","@graph":[{"@type":"Article","@id":"https:\/\/digital58.com.ve\/site\/2020\/03\/15\/coronavirus-paraliza-el-futbol-europeo\/#article","isPartOf":{"@id":"https:\/\/digital58.com.ve\/site\/2020\/03\/15\/coronavirus-paraliza-el-futbol-europeo\/"},"author":{"name":"Karen Ivette Jaimes","@id":"https:\/\/digital58.com.ve\/site\/#\/schema\/person\/eeb4c5d8eef18e441b7483a2da9e79e8"},"headline":"Coronavirus paraliza el f\u00fatbol europeo","datePublished":"2020-03-15T14:41:16+00:00","dateModified":"2020-03-15T15:20:40+00:00","mainEntityOfPage":{"@id":"https:\/\/digital58.com.ve\/site\/2020\/03\/15\/coronavirus-paraliza-el-futbol-europeo\/"},"wordCount":845,"commentCount":0,"publisher":{"@id":"https:\/\/digital58.com.ve\/site\/#\/schema\/person\/64d1c2e4d0d4fd1b849980c4331c2951"},"image":{"@id":"https:\/\/digital58.com.ve\/site\/2020\/03\/15\/coronavirus-paraliza-el-futbol-europeo\/#primaryimage"},"thumbnailUrl":"https:\/\/digital58.com.ve\/site\/wp-content\/uploads\/2020\/03\/CORONA.jpg","keywords":["COVID-19","Europa","F\u00fatbol","F\u00fatbol Internacional","Internacional","Virus Coronavirus"],"articleSection":["Deportes"],"inLanguage":"es","potentialAction":[{"@type":"CommentAction","name":"Comment","target":["https:\/\/digital58.com.ve\/site\/2020\/03\/15\/coronavirus-paraliza-el-futbol-europeo\/#respond"]}]},{"@type":"WebPage","@id":"https:\/\/digital58.com.ve\/site\/2020\/03\/15\/coronavirus-paraliza-el-futbol-europeo\/","url":"https:\/\/digital58.com.ve\/site\/2020\/03\/15\/coronavirus-paraliza-el-futbol-europeo\/","name":"Coronavirus paraliza el f\u00fatbol europeo","isPartOf":{"@id":"https:\/\/digital58.com.ve\/site\/#website"},"primaryImageOfPage":{"@id":"https:\/\/digital58.com.ve\/site\/2020\/03\/15\/coronavirus-paraliza-el-futbol-europeo\/#primaryimage"},"image":{"@id":"https:\/\/digital58.com.ve\/site\/2020\/03\/15\/coronavirus-paraliza-el-futbol-europeo\/#primaryimage"},"thumbnailUrl":"https:\/\/digital58.com.ve\/site\/wp-content\/uploads\/2020\/03\/CORONA.jpg","datePublished":"2020-03-15T14:41:16+00:00","dateModified":"2020-03-15T15:20:40+00:00","description":"Deportes","breadcrumb":{"@id":"https:\/\/digital58.com.ve\/site\/2020\/03\/15\/coronavirus-paraliza-el-futbol-europeo\/#breadcrumb"},"inLanguage":"es","potentialAction":[{"@type":"ReadAction","target":["https:\/\/digital58.com.ve\/site\/2020\/03\/15\/coronavirus-paraliza-el-futbol-europeo\/"]}]},{"@type":"ImageObject","inLanguage":"es","@id":"https:\/\/digital58.com.ve\/site\/2020\/03\/15\/coronavirus-paraliza-el-futbol-europeo\/#primaryimage","url":"https:\/\/digital58.com.ve\/site\/wp-content\/uploads\/2020\/03\/CORONA.jpg","contentUrl":"https:\/\/digital58.com.ve\/site\/wp-content\/uploads\/2020\/03\/CORONA.jpg","width":800,"height":519},{"@type":"BreadcrumbList","@id":"https:\/\/digital58.com.ve\/site\/2020\/03\/15\/coronavirus-paraliza-el-futbol-europeo\/#breadcrumb","itemListElement":[{"@type":"ListItem","position":1,"name":"Home","item":"https:\/\/digital58.com.ve\/site\/"},{"@type":"ListItem","position":2,"name":"Coronavirus paraliza el f\u00fatbol europeo"}]},{"@type":"WebSite","@id":"https:\/\/digital58.com.ve\/site\/#website","url":"https:\/\/digital58.com.ve\/site\/","name":"Noticias Digital58","description":"Portal de Noticias \u00a1Periodismo web de verdad! Lanzamiento web 22.11.2005 \/ Maracaibo, Venezuela","publisher":{"@id":"https:\/\/digital58.com.ve\/site\/#\/schema\/person\/64d1c2e4d0d4fd1b849980c4331c2951"},"alternateName":"ND58","potentialAction":[{"@type":"SearchAction","target":{"@type":"EntryPoint","urlTemplate":"https:\/\/digital58.com.ve\/site\/?s={search_term_string}"},"query-input":{"@type":"PropertyValueSpecification","valueRequired":true,"valueName":"search_term_string"}}],"inLanguage":"es"},{"@type":["Person","Organization"],"@id":"https:\/\/digital58.com.ve\/site\/#\/schema\/person\/64d1c2e4d0d4fd1b849980c4331c2951","name":"Villasmil Henry","image":{"@type":"ImageObject","inLanguage":"es","@id":"https:\/\/secure.gravatar.com\/avatar\/bb0c4a2fcb7970138239f7e404ea75757b1b507b28b5ce4c53fbd62d797c5a7c?s=96&d=mm&r=g","url":"https:\/\/secure.gravatar.com\/avatar\/bb0c4a2fcb7970138239f7e404ea75757b1b507b28b5ce4c53fbd62d797c5a7c?s=96&d=mm&r=g","contentUrl":"https:\/\/secure.gravatar.com\/avatar\/bb0c4a2fcb7970138239f7e404ea75757b1b507b28b5ce4c53fbd62d797c5a7c?s=96&d=mm&r=g","caption":"Villasmil Henry"},"logo":{"@id":"https:\/\/secure.gravatar.com\/avatar\/bb0c4a2fcb7970138239f7e404ea75757b1b507b28b5ce4c53fbd62d797c5a7c?s=96&d=mm&r=g"},"sameAs":["http:\/\/www.henryvillasmil.com.ve","https:\/\/www.instagram.com\/villasmilhfoto\/","https:\/\/x.com\/https:\/\/twitter.com\/villasmilhfoto"]},{"@type":"Person","@id":"https:\/\/digital58.com.ve\/site\/#\/schema\/person\/eeb4c5d8eef18e441b7483a2da9e79e8","name":"Karen Ivette Jaimes","image":{"@type":"ImageObject","inLanguage":"es","@id":"https:\/\/secure.gravatar.com\/avatar\/74b4bd4bf849b1844638e281471f623551185d410d6f6179774f2a579958f3b4?s=96&d=mm&r=g","url":"https:\/\/secure.gravatar.com\/avatar\/74b4bd4bf849b1844638e281471f623551185d410d6f6179774f2a579958f3b4?s=96&d=mm&r=g","contentUrl":"https:\/\/secure.gravatar.com\/avatar\/74b4bd4bf849b1844638e281471f623551185d410d6f6179774f2a579958f3b4?s=96&d=mm&r=g","caption":"Karen Ivette Jaimes"},"url":"https:\/\/digital58.com.ve\/site\/author\/eskarenj\/"}]}},"uagb_featured_image_src":{"full":["https:\/\/digital58.com.ve\/site\/wp-content\/uploads\/2020\/03\/CORONA.jpg",800,519,false],"thumbnail":["https:\/\/digital58.com.ve\/site\/wp-content\/uploads\/2020\/03\/CORONA-150x150.jpg",150,150,true],"medium":["https:\/\/digital58.com.ve\/site\/wp-content\/uploads\/2020\/03\/CORONA-300x195.jpg",300,195,true],"medium_large":["https:\/\/digital58.com.ve\/site\/wp-content\/uploads\/2020\/03\/CORONA-768x498.jpg",768,498,true],"large":["https:\/\/digital58.com.ve\/site\/wp-content\/uploads\/2020\/03\/CORONA.jpg",800,519,false],"1536x1536":["https:\/\/digital58.com.ve\/site\/wp-content\/uploads\/2020\/03\/CORONA.jpg",800,519,false],"2048x2048":["https:\/\/digital58.com.ve\/site\/wp-content\/uploads\/2020\/03\/CORONA.jpg",800,519,false],"colormag-highlighted-post":["https:\/\/digital58.com.ve\/site\/wp-content\/uploads\/2020\/03\/CORONA.jpg",392,254,false],"colormag-featured-post-medium":["https:\/\/digital58.com.ve\/site\/wp-content\/uploads\/2020\/03\/CORONA.jpg",316,205,false],"colormag-featured-post-small":["https:\/\/digital58.com.ve\/site\/wp-content\/uploads\/2020\/03\/CORONA.jpg",130,84,false],"colormag-featured-image":["https:\/\/digital58.com.ve\/site\/wp-content\/uploads\/2020\/03\/CORONA.jpg",686,445,false],"colormag-default-news":["https:\/\/digital58.com.ve\/site\/wp-content\/uploads\/2020\/03\/CORONA.jpg",150,97,false],"colormag-featured-image-large":["https:\/\/digital58.com.ve\/site\/wp-content\/uploads\/2020\/03\/CORONA.jpg",800,519,false]},"uagb_author_info":{"display_name":"Karen Ivette Jaimes","author_link":"https:\/\/digital58.com.ve\/site\/author\/eskarenj\/"},"uagb_comment_info":0,"uagb_excerpt":"La pandemia que ha sacudido al mundo, el COVID-19, popularmente conocido como coronavirus, no solamente ha afectado a aquellos que","_links":{"self":[{"href":"https:\/\/digital58.com.ve\/site\/wp-json\/wp\/v2\/posts\/94077","targetHints":{"allow":["GET"]}}],"collection":[{"href":"https:\/\/digital58.com.ve\/site\/wp-json\/wp\/v2\/posts"}],"about":[{"href":"https:\/\/digital58.com.ve\/site\/wp-json\/wp\/v2\/types\/post"}],"author":[{"embeddable":true,"href":"https:\/\/digital58.com.ve\/site\/wp-json\/wp\/v2\/users\/21"}],"replies":[{"embeddable":true,"href":"https:\/\/digital58.com.ve\/site\/wp-json\/wp\/v2\/comments?post=94077"}],"version-history":[{"count":0,"href":"https:\/\/digital58.com.ve\/site\/wp-json\/wp\/v2\/posts\/94077\/revisions"}],"wp:featuredmedia":[{"embeddable":true,"href":"https:\/\/digital58.com.ve\/site\/wp-json\/wp\/v2\/media\/94078"}],"wp:attachment":[{"href":"https:\/\/digital58.com.ve\/site\/wp-json\/wp\/v2\/media?parent=94077"}],"wp:term":[{"taxonomy":"category","embeddable":true,"href":"https:\/\/digital58.com.ve\/site\/wp-json\/wp\/v2\/categories?post=94077"},{"taxonomy":"post_tag","embeddable":true,"href":"https:\/\/digital58.com.ve\/site\/wp-json\/wp\/v2\/tags?post=94077"}],"curies":[{"name":"wp","href":"https:\/\/api.w.org\/{rel}","templated":true}]}}