{"id":94410,"date":"2020-03-21T22:21:39","date_gmt":"2020-03-22T02:21:39","guid":{"rendered":"https:\/\/digital58.com.ve\/site\/?p=94410"},"modified":"2020-03-21T22:23:32","modified_gmt":"2020-03-22T02:23:32","slug":"ronaldinho-paso-su-cumpleanos-solo-en-una-carcel-de-paraguay","status":"publish","type":"post","link":"https:\/\/digital58.com.ve\/site\/2020\/03\/21\/ronaldinho-paso-su-cumpleanos-solo-en-una-carcel-de-paraguay\/","title":{"rendered":"Ronaldinho pas\u00f3 su cumplea\u00f1os solo en una c\u00e1rcel de Paraguay"},"content":{"rendered":"<p><a href=\"https:\/\/digital58.com.ve\/site\/wp-content\/uploads\/2020\/03\/ronaldi\u00f1o.jpg\"><img loading=\"lazy\" decoding=\"async\" class=\"aligncenter size-full wp-image-94411\" src=\"https:\/\/digital58.com.ve\/site\/wp-content\/uploads\/2020\/03\/ronaldi\u00f1o.jpg\" alt=\"\" width=\"768\" height=\"517\" srcset=\"https:\/\/digital58.com.ve\/site\/wp-content\/uploads\/2020\/03\/ronaldi\u00f1o.jpg 768w, https:\/\/digital58.com.ve\/site\/wp-content\/uploads\/2020\/03\/ronaldi\u00f1o-300x202.jpg 300w\" sizes=\"auto, (max-width: 768px) 100vw, 768px\" \/><\/a><\/p>\n<p>En la soledad de su celda en un cuartel de polic\u00eda en Asunci\u00f3n, Ronaldinho celebr\u00f3 su cumplea\u00f1os n\u00famero 40 este s\u00e1bado, sin visitas, en medio de una cuarentena estricta que dispuso el gobierno de Paraguay por la pandemia de la COVID-19, que cobr\u00f3 una vida el viernes en el pa\u00eds.<\/p>\n<p><strong>Paraguay, 21 de marzo de 2020 (ND58).-\u00ab<\/strong>\u00a1Felicidades Xar\u00e1! (tocayo) \u00a1Que superes esta dif\u00edcil etapa de tu vida con la misma alegr\u00eda de siempre! #Ronaldinho40 @ronaldinho\u00bb, le felicit\u00f3 Ronaldo, su excompa\u00f1ero en la selecci\u00f3n brasile\u00f1a campeona del mundo en 2002, desde su cuenta en Instagram.<\/p>\n<p>\u00abFelicitaciones mi amigo @Ronaldinho. Era muy f\u00e1cil jugar a tu lado. Jam\u00e1s olvidar\u00e9 esos momentos. Que Dios te bendiga y te de mucha fuerza para pasar este momento tan dif\u00edcil. Orando y haciendo fuerza siempre por ti\u00bb, expres\u00f3 Rivaldo, otro exgoleador del \u00abScracht\u00bb y del FC Barcelona, tambi\u00e9n en Instagram.<\/p>\n<p>\u00abMuchas felicidades a mi amigo @Ronaldinho por sus 40 a\u00f1os\u00bb, puntualiz\u00f3 Roberto Carlos, el ex del Real Madrid y de la selecci\u00f3n.<\/p>\n<p>Neymar tambi\u00e9n salud\u00f3 al ex astro en su cumplea\u00f1os, as\u00ed como Kak\u00e1 y el camerun\u00e9s Samuel Eto&#8217;o. Tampoco lo olvidaron sus exclubes, el AC Milan y el Atl\u00e9tico Mineiro, con este \u00faltimo, campe\u00f3n de la Copa Libertadores 2013.<\/p>\n<p>Mundialmente conocido como uno de los mayores talentos de la historia del f\u00fatbol, el exjugador cen\u00f3 en la noche del viernes dorado a la parrilla, un apreciado pez de agua dulce que abunda en los grandes r\u00edos de Paraguay, confi\u00f3 una fuente del presidio a la AFP.<\/p>\n<p>Dinho permaneci\u00f3 recluido en su celda de la Agrupaci\u00f3n Especializada de la Polic\u00eda, al menos hasta el mediod\u00eda, coment\u00f3 la fuente.<\/p>\n<p>Su improvisado lugar de reclusi\u00f3n es una oficina contigua a la guardia del cuartel. Los futbolistas agremiados del Paraguay le hicieron llegar una cama y un aire acondicionado para un pasar m\u00e1s placentero.<\/p>\n<p>D\u00edas atr\u00e1s, el exjugador entreg\u00f3 un trofeo al equipo de reclusos que gan\u00f3 el torneo de verano de futsal, y se fotografi\u00f3 con ellos.<\/p>\n<p>\u00abAlgunos medios de prensa mintieron al decir que Ronaldinho tambi\u00e9n jug\u00f3\u00bb, coment\u00f3 a la AFP Rogelio Delgado, titular del gremio de futbolistas, un ex defensa de Olimpia, campe\u00f3n de la Copa Libertadores en 1979 y de la Copa Am\u00e9rica ese mismo a\u00f1o.<\/p>\n<p>Delgado considera injusta la detenci\u00f3n del brasile\u00f1o, que ya sobrepas\u00f3 15 d\u00edas. \u00abEl podr\u00eda seguir tranquilamente su proceso desde fuera de la prisi\u00f3n. Yo le creo cuando dice que vino para un evento ben\u00e9fico y que le obsequiaron los documentos paraguayos con los que ingres\u00f3 al pa\u00eds (el mi\u00e9rcoles 4 de marzo)\u00bb, coment\u00f3 Delgado.<\/p>\n<p><strong>La clave: una empresaria pr\u00f3fuga<\/strong><\/p>\n<p>Para Delgado, la clave del embrollo es la empresaria que promovi\u00f3 su presencia en Paraguay, Dalia L\u00f3pez, que fung\u00eda de titular de la fundaci\u00f3n humanitaria Fraternidad Angelical, que ayuda a ni\u00f1os indigentes.<\/p>\n<p>La mujer, que seg\u00fan la prensa local posee fuertes conexiones pol\u00edticas, es la \u00fanica que sigue pr\u00f3fuga a pesar de una orden de captura internacional que pesa sobre ella.<\/p>\n<p>Con Ronaldinho, son 16 los aprehendidos por este caso.<\/p>\n<p>El ex astro brasile\u00f1o y su hermano Roberto fueron acusados de uso de documentos paraguayos adulterados. Sus abogados intentaron tres veces librarlo de la prisi\u00f3n pero la justicia local aleg\u00f3 \u00abpeligro de fuga\u00bb.<\/p>\n<p>\u00abLo vimos un poco triste, como metido en s\u00ed mismo, poco dispuesto a conversar. Evidentemente est\u00e1 cada vez m\u00e1s afectado por lo que le est\u00e1 pasando\u00bb, observ\u00f3 Delgado en declaraciones a la AFP.<\/p>\n<p>En el allanamiento a una residencia de la empresaria L\u00f3pez, la Polic\u00eda incaut\u00f3 miles de pelotas con la foto de Ronaldinho, preparadas para ser obsequiadas por el ex jugador a ni\u00f1os de barrios pobres de la capital paraguaya.<\/p>\n<p>Adem\u00e1s de las actividades con la obra ben\u00e9fica, Ronaldinho ten\u00eda programado lanzar un libro biogr\u00e1fico, titulado \u00abGenio en la Vida\u00bb, e inaugurar el casino de un empresario brasile\u00f1o.<\/p>\n<p><strong>El coronavirus acent\u00faa la soledad<\/strong><\/p>\n<p>Ahora, la campa\u00f1a de prevenci\u00f3n contra el coronavirus profundiz\u00f3 su soledad al prohibirse las visitas carcelarias.<\/p>\n<p>\u00abEl futbolista feliz\u00bb, como lo describieron en un libro en 2006, exhibe una tenue sonrisa a los reclusos -unos 25 \u00abpresos especiales\u00bb- y polic\u00edas que lo saludan cada d\u00eda en el cuartel pregunt\u00e1ndole sol\u00edcitos si le falta algo.<\/p>\n<p>\u00abHicimos saber a sus abogados que ponemos a su disposici\u00f3n nuestras propiedades si necesitan de m\u00e1s garant\u00edas para que salga en libertad\u00bb, dijo Delgado.<\/p>\n<p>\u00abNo se entiende por qu\u00e9 tiene que estar tanto tiempo preso\u00bb, protest\u00f3.<\/p><div class=\"xhaph69f4d550b9125\" ><p style=\"text-align: center;\"><a href=\"https:\/\/t.me\/noticiasdigital58\" target=\"_blank\" rel=\"noopener\"><img class=\"aligncenter size-full wp-image-125363\" src=\"https:\/\/digital58.com.ve\/site\/wp-content\/uploads\/2021\/04\/banner-telegram-web-2021.png\" alt=\"\" width=\"600\" height=\"90\" \/><\/a><\/p><\/div><style type=\"text\/css\">\r\n@media screen and (min-width: 1201px) {\r\n.xhaph69f4d550b9125 {\r\ndisplay: block;\r\n}\r\n}\r\n@media screen and (min-width: 993px) and (max-width: 1200px) {\r\n.xhaph69f4d550b9125 {\r\ndisplay: block;\r\n}\r\n}\r\n@media screen and (min-width: 769px) and (max-width: 992px) {\r\n.xhaph69f4d550b9125 {\r\ndisplay: block;\r\n}\r\n}\r\n@media screen and (min-width: 768px) and (max-width: 768px) {\r\n.xhaph69f4d550b9125 {\r\ndisplay: block;\r\n}\r\n}\r\n@media screen and (max-width: 767px) {\r\n.xhaph69f4d550b9125 {\r\ndisplay: block;\r\n}\r\n}\r\n<\/style>\r\n\n<p><strong>Redacci\u00f3n con fuente: AFP<\/strong><br \/>\n<strong>Edici\u00f3n: Villasmil, Henry<\/strong><br \/>\n<strong>Gr\u00e1ficas: AFP<\/strong><\/p>\n<div style=\"margin-top: 0px; margin-bottom: 0px;\" class=\"sharethis-inline-share-buttons\" ><\/div>","protected":false},"excerpt":{"rendered":"<p>En la soledad de su celda en un cuartel de polic\u00eda en Asunci\u00f3n, Ronaldinho celebr\u00f3 su cumplea\u00f1os n\u00famero 40 este<\/p>\n","protected":false},"author":1,"featured_media":94411,"comment_status":"open","ping_status":"closed","sticky":false,"template":"","format":"standard","meta":{"colormag_page_container_layout":"default_layout","colormag_page_sidebar_layout":"default_layout","_uag_custom_page_level_css":"","footnotes":""},"categories":[5402,13765],"tags":[13809,13,41,8,99,11430],"class_list":["post-94410","post","type-post","status-publish","format-standard","has-post-thumbnail","hentry","category-deportes","category-sucesos","tag-detenciones","tag-futbol","tag-futbol-internacional","tag-internacionales","tag-paraguay","tag-ronaldinho"],"yoast_head":"<!-- This site is optimized with the Yoast SEO plugin v27.5 - https:\/\/yoast.com\/product\/yoast-seo-wordpress\/ -->\n<title>Ronaldinho pas\u00f3 su cumplea\u00f1os solo en una c\u00e1rcel de Paraguay<\/title>\n<meta name=\"description\" content=\"Sucesos\" \/>\n<meta name=\"robots\" content=\"index, follow, max-snippet:-1, max-image-preview:large, max-video-preview:-1\" \/>\n<link rel=\"canonical\" href=\"https:\/\/digital58.com.ve\/site\/2020\/03\/21\/ronaldinho-paso-su-cumpleanos-solo-en-una-carcel-de-paraguay\/\" \/>\n<meta property=\"og:locale\" content=\"es_ES\" \/>\n<meta property=\"og:type\" content=\"article\" \/>\n<meta property=\"og:title\" content=\"Ronaldinho pas\u00f3 su cumplea\u00f1os solo en una c\u00e1rcel de Paraguay\" \/>\n<meta property=\"og:description\" content=\"Sucesos\" \/>\n<meta property=\"og:url\" content=\"https:\/\/digital58.com.ve\/site\/2020\/03\/21\/ronaldinho-paso-su-cumpleanos-solo-en-una-carcel-de-paraguay\/\" \/>\n<meta property=\"og:site_name\" content=\"Noticias Digital58\" \/>\n<meta property=\"article:published_time\" content=\"2020-03-22T02:21:39+00:00\" \/>\n<meta property=\"article:modified_time\" content=\"2020-03-22T02:23:32+00:00\" \/>\n<meta property=\"og:image\" content=\"https:\/\/digital58.com.ve\/site\/wp-content\/uploads\/2020\/03\/ronaldi\u00f1o.jpg\" \/>\n\t<meta property=\"og:image:width\" content=\"768\" \/>\n\t<meta property=\"og:image:height\" content=\"517\" \/>\n\t<meta property=\"og:image:type\" content=\"image\/jpeg\" \/>\n<meta name=\"author\" content=\"Villasmil Henry\" \/>\n<meta name=\"twitter:card\" content=\"summary_large_image\" \/>\n<meta name=\"twitter:creator\" content=\"@https:\/\/twitter.com\/villasmilhfoto\" \/>\n<meta name=\"twitter:site\" content=\"@villasmilhfoto\" \/>\n<meta name=\"twitter:label1\" content=\"Escrito por\" \/>\n\t<meta name=\"twitter:data1\" content=\"Villasmil Henry\" \/>\n\t<meta name=\"twitter:label2\" content=\"Tiempo estimado de lectura\" \/>\n\t<meta name=\"twitter:data2\" content=\"4 minutos\" \/>\n<script type=\"application\/ld+json\" class=\"yoast-schema-graph\">{\"@context\":\"https:\\\/\\\/schema.org\",\"@graph\":[{\"@type\":\"Article\",\"@id\":\"https:\\\/\\\/digital58.com.ve\\\/site\\\/2020\\\/03\\\/21\\\/ronaldinho-paso-su-cumpleanos-solo-en-una-carcel-de-paraguay\\\/#article\",\"isPartOf\":{\"@id\":\"https:\\\/\\\/digital58.com.ve\\\/site\\\/2020\\\/03\\\/21\\\/ronaldinho-paso-su-cumpleanos-solo-en-una-carcel-de-paraguay\\\/\"},\"author\":{\"name\":\"Villasmil Henry\",\"@id\":\"https:\\\/\\\/digital58.com.ve\\\/site\\\/#\\\/schema\\\/person\\\/64d1c2e4d0d4fd1b849980c4331c2951\"},\"headline\":\"Ronaldinho pas\u00f3 su cumplea\u00f1os solo en una c\u00e1rcel de Paraguay\",\"datePublished\":\"2020-03-22T02:21:39+00:00\",\"dateModified\":\"2020-03-22T02:23:32+00:00\",\"mainEntityOfPage\":{\"@id\":\"https:\\\/\\\/digital58.com.ve\\\/site\\\/2020\\\/03\\\/21\\\/ronaldinho-paso-su-cumpleanos-solo-en-una-carcel-de-paraguay\\\/\"},\"wordCount\":815,\"commentCount\":0,\"publisher\":{\"@id\":\"https:\\\/\\\/digital58.com.ve\\\/site\\\/#\\\/schema\\\/person\\\/64d1c2e4d0d4fd1b849980c4331c2951\"},\"image\":{\"@id\":\"https:\\\/\\\/digital58.com.ve\\\/site\\\/2020\\\/03\\\/21\\\/ronaldinho-paso-su-cumpleanos-solo-en-una-carcel-de-paraguay\\\/#primaryimage\"},\"thumbnailUrl\":\"https:\\\/\\\/digital58.com.ve\\\/site\\\/wp-content\\\/uploads\\\/2020\\\/03\\\/ronaldi\u00f1o.jpg\",\"keywords\":[\"Detenciones\",\"F\u00fatbol\",\"F\u00fatbol Internacional\",\"Internacionales\",\"Paraguay\",\"Ronaldinho\"],\"articleSection\":[\"Deportes\",\"Sucesos\"],\"inLanguage\":\"es\",\"potentialAction\":[{\"@type\":\"CommentAction\",\"name\":\"Comment\",\"target\":[\"https:\\\/\\\/digital58.com.ve\\\/site\\\/2020\\\/03\\\/21\\\/ronaldinho-paso-su-cumpleanos-solo-en-una-carcel-de-paraguay\\\/#respond\"]}]},{\"@type\":\"WebPage\",\"@id\":\"https:\\\/\\\/digital58.com.ve\\\/site\\\/2020\\\/03\\\/21\\\/ronaldinho-paso-su-cumpleanos-solo-en-una-carcel-de-paraguay\\\/\",\"url\":\"https:\\\/\\\/digital58.com.ve\\\/site\\\/2020\\\/03\\\/21\\\/ronaldinho-paso-su-cumpleanos-solo-en-una-carcel-de-paraguay\\\/\",\"name\":\"Ronaldinho pas\u00f3 su cumplea\u00f1os solo en una c\u00e1rcel de Paraguay\",\"isPartOf\":{\"@id\":\"https:\\\/\\\/digital58.com.ve\\\/site\\\/#website\"},\"primaryImageOfPage\":{\"@id\":\"https:\\\/\\\/digital58.com.ve\\\/site\\\/2020\\\/03\\\/21\\\/ronaldinho-paso-su-cumpleanos-solo-en-una-carcel-de-paraguay\\\/#primaryimage\"},\"image\":{\"@id\":\"https:\\\/\\\/digital58.com.ve\\\/site\\\/2020\\\/03\\\/21\\\/ronaldinho-paso-su-cumpleanos-solo-en-una-carcel-de-paraguay\\\/#primaryimage\"},\"thumbnailUrl\":\"https:\\\/\\\/digital58.com.ve\\\/site\\\/wp-content\\\/uploads\\\/2020\\\/03\\\/ronaldi\u00f1o.jpg\",\"datePublished\":\"2020-03-22T02:21:39+00:00\",\"dateModified\":\"2020-03-22T02:23:32+00:00\",\"description\":\"Sucesos\",\"breadcrumb\":{\"@id\":\"https:\\\/\\\/digital58.com.ve\\\/site\\\/2020\\\/03\\\/21\\\/ronaldinho-paso-su-cumpleanos-solo-en-una-carcel-de-paraguay\\\/#breadcrumb\"},\"inLanguage\":\"es\",\"potentialAction\":[{\"@type\":\"ReadAction\",\"target\":[\"https:\\\/\\\/digital58.com.ve\\\/site\\\/2020\\\/03\\\/21\\\/ronaldinho-paso-su-cumpleanos-solo-en-una-carcel-de-paraguay\\\/\"]}]},{\"@type\":\"ImageObject\",\"inLanguage\":\"es\",\"@id\":\"https:\\\/\\\/digital58.com.ve\\\/site\\\/2020\\\/03\\\/21\\\/ronaldinho-paso-su-cumpleanos-solo-en-una-carcel-de-paraguay\\\/#primaryimage\",\"url\":\"https:\\\/\\\/digital58.com.ve\\\/site\\\/wp-content\\\/uploads\\\/2020\\\/03\\\/ronaldi\u00f1o.jpg\",\"contentUrl\":\"https:\\\/\\\/digital58.com.ve\\\/site\\\/wp-content\\\/uploads\\\/2020\\\/03\\\/ronaldi\u00f1o.jpg\",\"width\":768,\"height\":517},{\"@type\":\"BreadcrumbList\",\"@id\":\"https:\\\/\\\/digital58.com.ve\\\/site\\\/2020\\\/03\\\/21\\\/ronaldinho-paso-su-cumpleanos-solo-en-una-carcel-de-paraguay\\\/#breadcrumb\",\"itemListElement\":[{\"@type\":\"ListItem\",\"position\":1,\"name\":\"Home\",\"item\":\"https:\\\/\\\/digital58.com.ve\\\/site\\\/\"},{\"@type\":\"ListItem\",\"position\":2,\"name\":\"Ronaldinho pas\u00f3 su cumplea\u00f1os solo en una c\u00e1rcel de Paraguay\"}]},{\"@type\":\"WebSite\",\"@id\":\"https:\\\/\\\/digital58.com.ve\\\/site\\\/#website\",\"url\":\"https:\\\/\\\/digital58.com.ve\\\/site\\\/\",\"name\":\"Noticias Digital58\",\"description\":\"Portal de Noticias \u00a1Periodismo web de verdad! Lanzamiento web 22.11.2005 \\\/ Maracaibo, Venezuela\",\"publisher\":{\"@id\":\"https:\\\/\\\/digital58.com.ve\\\/site\\\/#\\\/schema\\\/person\\\/64d1c2e4d0d4fd1b849980c4331c2951\"},\"alternateName\":\"ND58\",\"potentialAction\":[{\"@type\":\"SearchAction\",\"target\":{\"@type\":\"EntryPoint\",\"urlTemplate\":\"https:\\\/\\\/digital58.com.ve\\\/site\\\/?s={search_term_string}\"},\"query-input\":{\"@type\":\"PropertyValueSpecification\",\"valueRequired\":true,\"valueName\":\"search_term_string\"}}],\"inLanguage\":\"es\"},{\"@type\":[\"Person\",\"Organization\"],\"@id\":\"https:\\\/\\\/digital58.com.ve\\\/site\\\/#\\\/schema\\\/person\\\/64d1c2e4d0d4fd1b849980c4331c2951\",\"name\":\"Villasmil Henry\",\"image\":{\"@type\":\"ImageObject\",\"inLanguage\":\"es\",\"@id\":\"https:\\\/\\\/secure.gravatar.com\\\/avatar\\\/bb0c4a2fcb7970138239f7e404ea75757b1b507b28b5ce4c53fbd62d797c5a7c?s=96&d=mm&r=g\",\"url\":\"https:\\\/\\\/secure.gravatar.com\\\/avatar\\\/bb0c4a2fcb7970138239f7e404ea75757b1b507b28b5ce4c53fbd62d797c5a7c?s=96&d=mm&r=g\",\"contentUrl\":\"https:\\\/\\\/secure.gravatar.com\\\/avatar\\\/bb0c4a2fcb7970138239f7e404ea75757b1b507b28b5ce4c53fbd62d797c5a7c?s=96&d=mm&r=g\",\"caption\":\"Villasmil Henry\"},\"logo\":{\"@id\":\"https:\\\/\\\/secure.gravatar.com\\\/avatar\\\/bb0c4a2fcb7970138239f7e404ea75757b1b507b28b5ce4c53fbd62d797c5a7c?s=96&d=mm&r=g\"},\"sameAs\":[\"http:\\\/\\\/www.henryvillasmil.com.ve\",\"https:\\\/\\\/www.instagram.com\\\/villasmilhfoto\\\/\",\"https:\\\/\\\/x.com\\\/https:\\\/\\\/twitter.com\\\/villasmilhfoto\"],\"url\":\"https:\\\/\\\/digital58.com.ve\\\/site\\\/author\\\/droopy_68\\\/\"}]}<\/script>\n<!-- \/ Yoast SEO plugin. -->","yoast_head_json":{"title":"Ronaldinho pas\u00f3 su cumplea\u00f1os solo en una c\u00e1rcel de Paraguay","description":"Sucesos","robots":{"index":"index","follow":"follow","max-snippet":"max-snippet:-1","max-image-preview":"max-image-preview:large","max-video-preview":"max-video-preview:-1"},"canonical":"https:\/\/digital58.com.ve\/site\/2020\/03\/21\/ronaldinho-paso-su-cumpleanos-solo-en-una-carcel-de-paraguay\/","og_locale":"es_ES","og_type":"article","og_title":"Ronaldinho pas\u00f3 su cumplea\u00f1os solo en una c\u00e1rcel de Paraguay","og_description":"Sucesos","og_url":"https:\/\/digital58.com.ve\/site\/2020\/03\/21\/ronaldinho-paso-su-cumpleanos-solo-en-una-carcel-de-paraguay\/","og_site_name":"Noticias Digital58","article_published_time":"2020-03-22T02:21:39+00:00","article_modified_time":"2020-03-22T02:23:32+00:00","og_image":[{"width":768,"height":517,"url":"https:\/\/digital58.com.ve\/site\/wp-content\/uploads\/2020\/03\/ronaldi\u00f1o.jpg","type":"image\/jpeg"}],"author":"Villasmil Henry","twitter_card":"summary_large_image","twitter_creator":"@https:\/\/twitter.com\/villasmilhfoto","twitter_site":"@villasmilhfoto","twitter_misc":{"Escrito por":"Villasmil Henry","Tiempo estimado de lectura":"4 minutos"},"schema":{"@context":"https:\/\/schema.org","@graph":[{"@type":"Article","@id":"https:\/\/digital58.com.ve\/site\/2020\/03\/21\/ronaldinho-paso-su-cumpleanos-solo-en-una-carcel-de-paraguay\/#article","isPartOf":{"@id":"https:\/\/digital58.com.ve\/site\/2020\/03\/21\/ronaldinho-paso-su-cumpleanos-solo-en-una-carcel-de-paraguay\/"},"author":{"name":"Villasmil Henry","@id":"https:\/\/digital58.com.ve\/site\/#\/schema\/person\/64d1c2e4d0d4fd1b849980c4331c2951"},"headline":"Ronaldinho pas\u00f3 su cumplea\u00f1os solo en una c\u00e1rcel de Paraguay","datePublished":"2020-03-22T02:21:39+00:00","dateModified":"2020-03-22T02:23:32+00:00","mainEntityOfPage":{"@id":"https:\/\/digital58.com.ve\/site\/2020\/03\/21\/ronaldinho-paso-su-cumpleanos-solo-en-una-carcel-de-paraguay\/"},"wordCount":815,"commentCount":0,"publisher":{"@id":"https:\/\/digital58.com.ve\/site\/#\/schema\/person\/64d1c2e4d0d4fd1b849980c4331c2951"},"image":{"@id":"https:\/\/digital58.com.ve\/site\/2020\/03\/21\/ronaldinho-paso-su-cumpleanos-solo-en-una-carcel-de-paraguay\/#primaryimage"},"thumbnailUrl":"https:\/\/digital58.com.ve\/site\/wp-content\/uploads\/2020\/03\/ronaldi\u00f1o.jpg","keywords":["Detenciones","F\u00fatbol","F\u00fatbol Internacional","Internacionales","Paraguay","Ronaldinho"],"articleSection":["Deportes","Sucesos"],"inLanguage":"es","potentialAction":[{"@type":"CommentAction","name":"Comment","target":["https:\/\/digital58.com.ve\/site\/2020\/03\/21\/ronaldinho-paso-su-cumpleanos-solo-en-una-carcel-de-paraguay\/#respond"]}]},{"@type":"WebPage","@id":"https:\/\/digital58.com.ve\/site\/2020\/03\/21\/ronaldinho-paso-su-cumpleanos-solo-en-una-carcel-de-paraguay\/","url":"https:\/\/digital58.com.ve\/site\/2020\/03\/21\/ronaldinho-paso-su-cumpleanos-solo-en-una-carcel-de-paraguay\/","name":"Ronaldinho pas\u00f3 su cumplea\u00f1os solo en una c\u00e1rcel de Paraguay","isPartOf":{"@id":"https:\/\/digital58.com.ve\/site\/#website"},"primaryImageOfPage":{"@id":"https:\/\/digital58.com.ve\/site\/2020\/03\/21\/ronaldinho-paso-su-cumpleanos-solo-en-una-carcel-de-paraguay\/#primaryimage"},"image":{"@id":"https:\/\/digital58.com.ve\/site\/2020\/03\/21\/ronaldinho-paso-su-cumpleanos-solo-en-una-carcel-de-paraguay\/#primaryimage"},"thumbnailUrl":"https:\/\/digital58.com.ve\/site\/wp-content\/uploads\/2020\/03\/ronaldi\u00f1o.jpg","datePublished":"2020-03-22T02:21:39+00:00","dateModified":"2020-03-22T02:23:32+00:00","description":"Sucesos","breadcrumb":{"@id":"https:\/\/digital58.com.ve\/site\/2020\/03\/21\/ronaldinho-paso-su-cumpleanos-solo-en-una-carcel-de-paraguay\/#breadcrumb"},"inLanguage":"es","potentialAction":[{"@type":"ReadAction","target":["https:\/\/digital58.com.ve\/site\/2020\/03\/21\/ronaldinho-paso-su-cumpleanos-solo-en-una-carcel-de-paraguay\/"]}]},{"@type":"ImageObject","inLanguage":"es","@id":"https:\/\/digital58.com.ve\/site\/2020\/03\/21\/ronaldinho-paso-su-cumpleanos-solo-en-una-carcel-de-paraguay\/#primaryimage","url":"https:\/\/digital58.com.ve\/site\/wp-content\/uploads\/2020\/03\/ronaldi\u00f1o.jpg","contentUrl":"https:\/\/digital58.com.ve\/site\/wp-content\/uploads\/2020\/03\/ronaldi\u00f1o.jpg","width":768,"height":517},{"@type":"BreadcrumbList","@id":"https:\/\/digital58.com.ve\/site\/2020\/03\/21\/ronaldinho-paso-su-cumpleanos-solo-en-una-carcel-de-paraguay\/#breadcrumb","itemListElement":[{"@type":"ListItem","position":1,"name":"Home","item":"https:\/\/digital58.com.ve\/site\/"},{"@type":"ListItem","position":2,"name":"Ronaldinho pas\u00f3 su cumplea\u00f1os solo en una c\u00e1rcel de Paraguay"}]},{"@type":"WebSite","@id":"https:\/\/digital58.com.ve\/site\/#website","url":"https:\/\/digital58.com.ve\/site\/","name":"Noticias Digital58","description":"Portal de Noticias \u00a1Periodismo web de verdad! Lanzamiento web 22.11.2005 \/ Maracaibo, Venezuela","publisher":{"@id":"https:\/\/digital58.com.ve\/site\/#\/schema\/person\/64d1c2e4d0d4fd1b849980c4331c2951"},"alternateName":"ND58","potentialAction":[{"@type":"SearchAction","target":{"@type":"EntryPoint","urlTemplate":"https:\/\/digital58.com.ve\/site\/?s={search_term_string}"},"query-input":{"@type":"PropertyValueSpecification","valueRequired":true,"valueName":"search_term_string"}}],"inLanguage":"es"},{"@type":["Person","Organization"],"@id":"https:\/\/digital58.com.ve\/site\/#\/schema\/person\/64d1c2e4d0d4fd1b849980c4331c2951","name":"Villasmil Henry","image":{"@type":"ImageObject","inLanguage":"es","@id":"https:\/\/secure.gravatar.com\/avatar\/bb0c4a2fcb7970138239f7e404ea75757b1b507b28b5ce4c53fbd62d797c5a7c?s=96&d=mm&r=g","url":"https:\/\/secure.gravatar.com\/avatar\/bb0c4a2fcb7970138239f7e404ea75757b1b507b28b5ce4c53fbd62d797c5a7c?s=96&d=mm&r=g","contentUrl":"https:\/\/secure.gravatar.com\/avatar\/bb0c4a2fcb7970138239f7e404ea75757b1b507b28b5ce4c53fbd62d797c5a7c?s=96&d=mm&r=g","caption":"Villasmil Henry"},"logo":{"@id":"https:\/\/secure.gravatar.com\/avatar\/bb0c4a2fcb7970138239f7e404ea75757b1b507b28b5ce4c53fbd62d797c5a7c?s=96&d=mm&r=g"},"sameAs":["http:\/\/www.henryvillasmil.com.ve","https:\/\/www.instagram.com\/villasmilhfoto\/","https:\/\/x.com\/https:\/\/twitter.com\/villasmilhfoto"],"url":"https:\/\/digital58.com.ve\/site\/author\/droopy_68\/"}]}},"uagb_featured_image_src":{"full":["https:\/\/digital58.com.ve\/site\/wp-content\/uploads\/2020\/03\/ronaldi\u00f1o.jpg",768,517,false],"thumbnail":["https:\/\/digital58.com.ve\/site\/wp-content\/uploads\/2020\/03\/ronaldi\u00f1o-150x150.jpg",150,150,true],"medium":["https:\/\/digital58.com.ve\/site\/wp-content\/uploads\/2020\/03\/ronaldi\u00f1o-300x202.jpg",300,202,true],"medium_large":["https:\/\/digital58.com.ve\/site\/wp-content\/uploads\/2020\/03\/ronaldi\u00f1o.jpg",768,517,false],"large":["https:\/\/digital58.com.ve\/site\/wp-content\/uploads\/2020\/03\/ronaldi\u00f1o.jpg",768,517,false],"1536x1536":["https:\/\/digital58.com.ve\/site\/wp-content\/uploads\/2020\/03\/ronaldi\u00f1o.jpg",768,517,false],"2048x2048":["https:\/\/digital58.com.ve\/site\/wp-content\/uploads\/2020\/03\/ronaldi\u00f1o.jpg",768,517,false],"colormag-highlighted-post":["https:\/\/digital58.com.ve\/site\/wp-content\/uploads\/2020\/03\/ronaldi\u00f1o.jpg",392,264,false],"colormag-featured-post-medium":["https:\/\/digital58.com.ve\/site\/wp-content\/uploads\/2020\/03\/ronaldi\u00f1o.jpg",305,205,false],"colormag-featured-post-small":["https:\/\/digital58.com.ve\/site\/wp-content\/uploads\/2020\/03\/ronaldi\u00f1o.jpg",130,88,false],"colormag-featured-image":["https:\/\/digital58.com.ve\/site\/wp-content\/uploads\/2020\/03\/ronaldi\u00f1o.jpg",661,445,false],"colormag-default-news":["https:\/\/digital58.com.ve\/site\/wp-content\/uploads\/2020\/03\/ronaldi\u00f1o.jpg",150,101,false],"colormag-featured-image-large":["https:\/\/digital58.com.ve\/site\/wp-content\/uploads\/2020\/03\/ronaldi\u00f1o.jpg",768,517,false]},"uagb_author_info":{"display_name":"Villasmil Henry","author_link":"https:\/\/digital58.com.ve\/site\/author\/droopy_68\/"},"uagb_comment_info":0,"uagb_excerpt":"En la soledad de su celda en un cuartel de polic\u00eda en Asunci\u00f3n, Ronaldinho celebr\u00f3 su cumplea\u00f1os n\u00famero 40 este","_links":{"self":[{"href":"https:\/\/digital58.com.ve\/site\/wp-json\/wp\/v2\/posts\/94410","targetHints":{"allow":["GET"]}}],"collection":[{"href":"https:\/\/digital58.com.ve\/site\/wp-json\/wp\/v2\/posts"}],"about":[{"href":"https:\/\/digital58.com.ve\/site\/wp-json\/wp\/v2\/types\/post"}],"author":[{"embeddable":true,"href":"https:\/\/digital58.com.ve\/site\/wp-json\/wp\/v2\/users\/1"}],"replies":[{"embeddable":true,"href":"https:\/\/digital58.com.ve\/site\/wp-json\/wp\/v2\/comments?post=94410"}],"version-history":[{"count":0,"href":"https:\/\/digital58.com.ve\/site\/wp-json\/wp\/v2\/posts\/94410\/revisions"}],"wp:featuredmedia":[{"embeddable":true,"href":"https:\/\/digital58.com.ve\/site\/wp-json\/wp\/v2\/media\/94411"}],"wp:attachment":[{"href":"https:\/\/digital58.com.ve\/site\/wp-json\/wp\/v2\/media?parent=94410"}],"wp:term":[{"taxonomy":"category","embeddable":true,"href":"https:\/\/digital58.com.ve\/site\/wp-json\/wp\/v2\/categories?post=94410"},{"taxonomy":"post_tag","embeddable":true,"href":"https:\/\/digital58.com.ve\/site\/wp-json\/wp\/v2\/tags?post=94410"}],"curies":[{"name":"wp","href":"https:\/\/api.w.org\/{rel}","templated":true}]}}