{"id":94461,"date":"2020-03-22T18:32:34","date_gmt":"2020-03-22T22:32:34","guid":{"rendered":"https:\/\/digital58.com.ve\/site\/?p=94461"},"modified":"2020-05-12T12:19:53","modified_gmt":"2020-05-12T16:19:53","slug":"sueldos-de-las-empresas-en-venezuela-seran-cancelados-a-traves-del-sistema-patria","status":"publish","type":"post","link":"https:\/\/digital58.com.ve\/site\/2020\/03\/22\/sueldos-de-las-empresas-en-venezuela-seran-cancelados-a-traves-del-sistema-patria\/","title":{"rendered":"Sueldos de las empresas en Venezuela ser\u00e1n cancelados a trav\u00e9s del sistema Patria"},"content":{"rendered":"<p><a href=\"https:\/\/digital58.com.ve\/site\/wp-content\/uploads\/2020\/03\/maduro-1.jpg\"><img loading=\"lazy\" decoding=\"async\" class=\"aligncenter wp-image-94462 size-full\" src=\"https:\/\/digital58.com.ve\/site\/wp-content\/uploads\/2020\/03\/maduro-1.jpg\" alt=\"\" width=\"600\" height=\"338\" srcset=\"https:\/\/digital58.com.ve\/site\/wp-content\/uploads\/2020\/03\/maduro-1.jpg 600w, https:\/\/digital58.com.ve\/site\/wp-content\/uploads\/2020\/03\/maduro-1-300x169.jpg 300w\" sizes=\"auto, (max-width: 600px) 100vw, 600px\" \/><\/a><\/p>\n<p>El jefe de Estado anunci\u00f3 un decreto que proteger\u00e1 las familias en el marco de la pandemia, \u00aben medio de la guerra de sanciones y de la pandemia, vamos a garantizar la protecci\u00f3n del pueblo y activaremos bonos especiales\u00bb, agreg\u00f3.<\/p>\n<p><strong>Caracas, DC, Venezuela, 22 de marzo de 2020 (ND58).-<\/strong> \u00abEn el decreto se confirma la ratificaci\u00f3n de la inamovilidad laboral en defensa de los trabajadores hasta el 31 de diciembre de este a\u00f1o, para esto se aplica el plan especial de pago de n\u00f3minas para las peque\u00f1as y medianas industrias por un lapso de seis meses\u00bb, indic\u00f3 el presidente.<\/p>\n<p>\u00abIgualmente se establece la supresi\u00f3n inmediata por seis meses del pago de alquileres de comercio y viviendas por seis meses. Vamos a buscar la forma de compensar a las personas que viven de alquiler\u00bb, anunci\u00f3 Maduro.<\/p>\n<p>El Gobierno inform\u00f3 que se garantizar\u00e1 un plan de atenci\u00f3n agroalimentaria para garantizar los 7 millones de cajas CLAP y el dinamismo de direccionar la carteras en los sectores de alimentos, higiene y f\u00e1rmacos, \u00abse suspende por seis meses el pago de capital e intereses de cr\u00e9ditos, adem\u00e1s, la suspensi\u00f3n moratoria de pagos\u00bb, a\u00f1adi\u00f3.<\/p><div class=\"irqdr69f148442ad68\" ><p style=\"text-align: center;\"><a href=\"https:\/\/t.me\/noticiasdigital58\" target=\"_blank\" rel=\"noopener\"><img class=\"aligncenter size-full wp-image-125363\" src=\"https:\/\/digital58.com.ve\/site\/wp-content\/uploads\/2021\/04\/banner-telegram-web-2021.png\" alt=\"\" width=\"600\" height=\"90\" \/><\/a><\/p><\/div><style type=\"text\/css\">\r\n@media screen and (min-width: 1201px) {\r\n.irqdr69f148442ad68 {\r\ndisplay: block;\r\n}\r\n}\r\n@media screen and (min-width: 993px) and (max-width: 1200px) {\r\n.irqdr69f148442ad68 {\r\ndisplay: block;\r\n}\r\n}\r\n@media screen and (min-width: 769px) and (max-width: 992px) {\r\n.irqdr69f148442ad68 {\r\ndisplay: block;\r\n}\r\n}\r\n@media screen and (min-width: 768px) and (max-width: 768px) {\r\n.irqdr69f148442ad68 {\r\ndisplay: block;\r\n}\r\n}\r\n@media screen and (max-width: 767px) {\r\n.irqdr69f148442ad68 {\r\ndisplay: block;\r\n}\r\n}\r\n<\/style>\r\n\n<p><strong>Redacci\u00f3n con fuente: Telesur<\/strong><br \/>\n<strong>Edici\u00f3n: Villasmil, Henry<\/strong><br \/>\n<strong>Gr\u00e1fica: cortes\u00eda<\/strong><\/p>\n<div style=\"margin-top: 0px; margin-bottom: 0px;\" class=\"sharethis-inline-share-buttons\" ><\/div>","protected":false},"excerpt":{"rendered":"<p>El jefe de Estado anunci\u00f3 un decreto que proteger\u00e1 las familias en el marco de la pandemia, \u00aben medio de<\/p>\n","protected":false},"author":1,"featured_media":94462,"comment_status":"open","ping_status":"closed","sticky":false,"template":"","format":"standard","meta":{"colormag_page_container_layout":"default_layout","colormag_page_sidebar_layout":"default_layout","_uag_custom_page_level_css":"","footnotes":""},"categories":[14499],"tags":[29,13352,13648,13763,13827,233,13723,32],"class_list":["post-94461","post","type-post","status-publish","format-standard","has-post-thumbnail","hentry","category-economia","tag-caracas","tag-coronavirus","tag-covid-19","tag-cuarentena-social","tag-medidas-economicas","tag-nacionales","tag-pandemia","tag-venezuela"],"yoast_head":"<!-- This site is optimized with the Yoast SEO plugin v27.5 - https:\/\/yoast.com\/product\/yoast-seo-wordpress\/ -->\n<title>Sueldos de las empresas en Venezuela ser\u00e1n cancelados a trav\u00e9s del sistema Patria<\/title>\n<meta name=\"robots\" content=\"index, follow, max-snippet:-1, max-image-preview:large, max-video-preview:-1\" \/>\n<link rel=\"canonical\" href=\"https:\/\/digital58.com.ve\/site\/2020\/03\/22\/sueldos-de-las-empresas-en-venezuela-seran-cancelados-a-traves-del-sistema-patria\/\" \/>\n<meta property=\"og:locale\" content=\"es_ES\" \/>\n<meta property=\"og:type\" content=\"article\" \/>\n<meta property=\"og:title\" content=\"Sueldos de las empresas en Venezuela ser\u00e1n cancelados a trav\u00e9s del sistema Patria\" \/>\n<meta property=\"og:url\" content=\"https:\/\/digital58.com.ve\/site\/2020\/03\/22\/sueldos-de-las-empresas-en-venezuela-seran-cancelados-a-traves-del-sistema-patria\/\" \/>\n<meta property=\"og:site_name\" content=\"Noticias Digital58\" \/>\n<meta property=\"article:published_time\" content=\"2020-03-22T22:32:34+00:00\" \/>\n<meta property=\"article:modified_time\" content=\"2020-05-12T16:19:53+00:00\" \/>\n<meta property=\"og:image\" content=\"https:\/\/digital58.com.ve\/site\/wp-content\/uploads\/2020\/03\/maduro-1.jpg\" \/>\n\t<meta property=\"og:image:width\" content=\"600\" \/>\n\t<meta property=\"og:image:height\" content=\"338\" \/>\n\t<meta property=\"og:image:type\" content=\"image\/jpeg\" \/>\n<meta name=\"author\" content=\"Villasmil Henry\" \/>\n<meta name=\"twitter:card\" content=\"summary_large_image\" \/>\n<meta name=\"twitter:creator\" content=\"@https:\/\/twitter.com\/villasmilhfoto\" \/>\n<meta name=\"twitter:site\" content=\"@villasmilhfoto\" \/>\n<meta name=\"twitter:label1\" content=\"Escrito por\" \/>\n\t<meta name=\"twitter:data1\" content=\"Villasmil Henry\" \/>\n\t<meta name=\"twitter:label2\" content=\"Tiempo estimado de lectura\" \/>\n\t<meta name=\"twitter:data2\" content=\"1 minuto\" \/>\n<script type=\"application\/ld+json\" class=\"yoast-schema-graph\">{\"@context\":\"https:\\\/\\\/schema.org\",\"@graph\":[{\"@type\":\"Article\",\"@id\":\"https:\\\/\\\/digital58.com.ve\\\/site\\\/2020\\\/03\\\/22\\\/sueldos-de-las-empresas-en-venezuela-seran-cancelados-a-traves-del-sistema-patria\\\/#article\",\"isPartOf\":{\"@id\":\"https:\\\/\\\/digital58.com.ve\\\/site\\\/2020\\\/03\\\/22\\\/sueldos-de-las-empresas-en-venezuela-seran-cancelados-a-traves-del-sistema-patria\\\/\"},\"author\":{\"name\":\"Villasmil Henry\",\"@id\":\"https:\\\/\\\/digital58.com.ve\\\/site\\\/#\\\/schema\\\/person\\\/64d1c2e4d0d4fd1b849980c4331c2951\"},\"headline\":\"Sueldos de las empresas en Venezuela ser\u00e1n cancelados a trav\u00e9s del sistema Patria\",\"datePublished\":\"2020-03-22T22:32:34+00:00\",\"dateModified\":\"2020-05-12T16:19:53+00:00\",\"mainEntityOfPage\":{\"@id\":\"https:\\\/\\\/digital58.com.ve\\\/site\\\/2020\\\/03\\\/22\\\/sueldos-de-las-empresas-en-venezuela-seran-cancelados-a-traves-del-sistema-patria\\\/\"},\"wordCount\":226,\"commentCount\":0,\"publisher\":{\"@id\":\"https:\\\/\\\/digital58.com.ve\\\/site\\\/#\\\/schema\\\/person\\\/64d1c2e4d0d4fd1b849980c4331c2951\"},\"image\":{\"@id\":\"https:\\\/\\\/digital58.com.ve\\\/site\\\/2020\\\/03\\\/22\\\/sueldos-de-las-empresas-en-venezuela-seran-cancelados-a-traves-del-sistema-patria\\\/#primaryimage\"},\"thumbnailUrl\":\"https:\\\/\\\/digital58.com.ve\\\/site\\\/wp-content\\\/uploads\\\/2020\\\/03\\\/maduro-1.jpg\",\"keywords\":[\"Caracas\",\"Coronavirus\",\"COVID-19\",\"Cuarentena Social\",\"Medidas Econ\u00f3micas\",\"Nacionales\",\"Pandemia\",\"Venezuela\"],\"articleSection\":[\"Econom\u00eda\"],\"inLanguage\":\"es\",\"potentialAction\":[{\"@type\":\"CommentAction\",\"name\":\"Comment\",\"target\":[\"https:\\\/\\\/digital58.com.ve\\\/site\\\/2020\\\/03\\\/22\\\/sueldos-de-las-empresas-en-venezuela-seran-cancelados-a-traves-del-sistema-patria\\\/#respond\"]}]},{\"@type\":\"WebPage\",\"@id\":\"https:\\\/\\\/digital58.com.ve\\\/site\\\/2020\\\/03\\\/22\\\/sueldos-de-las-empresas-en-venezuela-seran-cancelados-a-traves-del-sistema-patria\\\/\",\"url\":\"https:\\\/\\\/digital58.com.ve\\\/site\\\/2020\\\/03\\\/22\\\/sueldos-de-las-empresas-en-venezuela-seran-cancelados-a-traves-del-sistema-patria\\\/\",\"name\":\"Sueldos de las empresas en Venezuela ser\u00e1n cancelados a trav\u00e9s del sistema Patria\",\"isPartOf\":{\"@id\":\"https:\\\/\\\/digital58.com.ve\\\/site\\\/#website\"},\"primaryImageOfPage\":{\"@id\":\"https:\\\/\\\/digital58.com.ve\\\/site\\\/2020\\\/03\\\/22\\\/sueldos-de-las-empresas-en-venezuela-seran-cancelados-a-traves-del-sistema-patria\\\/#primaryimage\"},\"image\":{\"@id\":\"https:\\\/\\\/digital58.com.ve\\\/site\\\/2020\\\/03\\\/22\\\/sueldos-de-las-empresas-en-venezuela-seran-cancelados-a-traves-del-sistema-patria\\\/#primaryimage\"},\"thumbnailUrl\":\"https:\\\/\\\/digital58.com.ve\\\/site\\\/wp-content\\\/uploads\\\/2020\\\/03\\\/maduro-1.jpg\",\"datePublished\":\"2020-03-22T22:32:34+00:00\",\"dateModified\":\"2020-05-12T16:19:53+00:00\",\"breadcrumb\":{\"@id\":\"https:\\\/\\\/digital58.com.ve\\\/site\\\/2020\\\/03\\\/22\\\/sueldos-de-las-empresas-en-venezuela-seran-cancelados-a-traves-del-sistema-patria\\\/#breadcrumb\"},\"inLanguage\":\"es\",\"potentialAction\":[{\"@type\":\"ReadAction\",\"target\":[\"https:\\\/\\\/digital58.com.ve\\\/site\\\/2020\\\/03\\\/22\\\/sueldos-de-las-empresas-en-venezuela-seran-cancelados-a-traves-del-sistema-patria\\\/\"]}]},{\"@type\":\"ImageObject\",\"inLanguage\":\"es\",\"@id\":\"https:\\\/\\\/digital58.com.ve\\\/site\\\/2020\\\/03\\\/22\\\/sueldos-de-las-empresas-en-venezuela-seran-cancelados-a-traves-del-sistema-patria\\\/#primaryimage\",\"url\":\"https:\\\/\\\/digital58.com.ve\\\/site\\\/wp-content\\\/uploads\\\/2020\\\/03\\\/maduro-1.jpg\",\"contentUrl\":\"https:\\\/\\\/digital58.com.ve\\\/site\\\/wp-content\\\/uploads\\\/2020\\\/03\\\/maduro-1.jpg\",\"width\":600,\"height\":338},{\"@type\":\"BreadcrumbList\",\"@id\":\"https:\\\/\\\/digital58.com.ve\\\/site\\\/2020\\\/03\\\/22\\\/sueldos-de-las-empresas-en-venezuela-seran-cancelados-a-traves-del-sistema-patria\\\/#breadcrumb\",\"itemListElement\":[{\"@type\":\"ListItem\",\"position\":1,\"name\":\"Home\",\"item\":\"https:\\\/\\\/digital58.com.ve\\\/site\\\/\"},{\"@type\":\"ListItem\",\"position\":2,\"name\":\"Sueldos de las empresas en Venezuela ser\u00e1n cancelados a trav\u00e9s del sistema Patria\"}]},{\"@type\":\"WebSite\",\"@id\":\"https:\\\/\\\/digital58.com.ve\\\/site\\\/#website\",\"url\":\"https:\\\/\\\/digital58.com.ve\\\/site\\\/\",\"name\":\"Noticias Digital58\",\"description\":\"Portal de Noticias \u00a1Periodismo web de verdad! Lanzamiento web 22.11.2005 \\\/ Maracaibo, Venezuela\",\"publisher\":{\"@id\":\"https:\\\/\\\/digital58.com.ve\\\/site\\\/#\\\/schema\\\/person\\\/64d1c2e4d0d4fd1b849980c4331c2951\"},\"alternateName\":\"ND58\",\"potentialAction\":[{\"@type\":\"SearchAction\",\"target\":{\"@type\":\"EntryPoint\",\"urlTemplate\":\"https:\\\/\\\/digital58.com.ve\\\/site\\\/?s={search_term_string}\"},\"query-input\":{\"@type\":\"PropertyValueSpecification\",\"valueRequired\":true,\"valueName\":\"search_term_string\"}}],\"inLanguage\":\"es\"},{\"@type\":[\"Person\",\"Organization\"],\"@id\":\"https:\\\/\\\/digital58.com.ve\\\/site\\\/#\\\/schema\\\/person\\\/64d1c2e4d0d4fd1b849980c4331c2951\",\"name\":\"Villasmil Henry\",\"image\":{\"@type\":\"ImageObject\",\"inLanguage\":\"es\",\"@id\":\"https:\\\/\\\/secure.gravatar.com\\\/avatar\\\/bb0c4a2fcb7970138239f7e404ea75757b1b507b28b5ce4c53fbd62d797c5a7c?s=96&d=mm&r=g\",\"url\":\"https:\\\/\\\/secure.gravatar.com\\\/avatar\\\/bb0c4a2fcb7970138239f7e404ea75757b1b507b28b5ce4c53fbd62d797c5a7c?s=96&d=mm&r=g\",\"contentUrl\":\"https:\\\/\\\/secure.gravatar.com\\\/avatar\\\/bb0c4a2fcb7970138239f7e404ea75757b1b507b28b5ce4c53fbd62d797c5a7c?s=96&d=mm&r=g\",\"caption\":\"Villasmil Henry\"},\"logo\":{\"@id\":\"https:\\\/\\\/secure.gravatar.com\\\/avatar\\\/bb0c4a2fcb7970138239f7e404ea75757b1b507b28b5ce4c53fbd62d797c5a7c?s=96&d=mm&r=g\"},\"sameAs\":[\"http:\\\/\\\/www.henryvillasmil.com.ve\",\"https:\\\/\\\/www.instagram.com\\\/villasmilhfoto\\\/\",\"https:\\\/\\\/x.com\\\/https:\\\/\\\/twitter.com\\\/villasmilhfoto\"],\"url\":\"https:\\\/\\\/digital58.com.ve\\\/site\\\/author\\\/droopy_68\\\/\"}]}<\/script>\n<!-- \/ Yoast SEO plugin. -->","yoast_head_json":{"title":"Sueldos de las empresas en Venezuela ser\u00e1n cancelados a trav\u00e9s del sistema Patria","robots":{"index":"index","follow":"follow","max-snippet":"max-snippet:-1","max-image-preview":"max-image-preview:large","max-video-preview":"max-video-preview:-1"},"canonical":"https:\/\/digital58.com.ve\/site\/2020\/03\/22\/sueldos-de-las-empresas-en-venezuela-seran-cancelados-a-traves-del-sistema-patria\/","og_locale":"es_ES","og_type":"article","og_title":"Sueldos de las empresas en Venezuela ser\u00e1n cancelados a trav\u00e9s del sistema Patria","og_url":"https:\/\/digital58.com.ve\/site\/2020\/03\/22\/sueldos-de-las-empresas-en-venezuela-seran-cancelados-a-traves-del-sistema-patria\/","og_site_name":"Noticias Digital58","article_published_time":"2020-03-22T22:32:34+00:00","article_modified_time":"2020-05-12T16:19:53+00:00","og_image":[{"width":600,"height":338,"url":"https:\/\/digital58.com.ve\/site\/wp-content\/uploads\/2020\/03\/maduro-1.jpg","type":"image\/jpeg"}],"author":"Villasmil Henry","twitter_card":"summary_large_image","twitter_creator":"@https:\/\/twitter.com\/villasmilhfoto","twitter_site":"@villasmilhfoto","twitter_misc":{"Escrito por":"Villasmil Henry","Tiempo estimado de lectura":"1 minuto"},"schema":{"@context":"https:\/\/schema.org","@graph":[{"@type":"Article","@id":"https:\/\/digital58.com.ve\/site\/2020\/03\/22\/sueldos-de-las-empresas-en-venezuela-seran-cancelados-a-traves-del-sistema-patria\/#article","isPartOf":{"@id":"https:\/\/digital58.com.ve\/site\/2020\/03\/22\/sueldos-de-las-empresas-en-venezuela-seran-cancelados-a-traves-del-sistema-patria\/"},"author":{"name":"Villasmil Henry","@id":"https:\/\/digital58.com.ve\/site\/#\/schema\/person\/64d1c2e4d0d4fd1b849980c4331c2951"},"headline":"Sueldos de las empresas en Venezuela ser\u00e1n cancelados a trav\u00e9s del sistema Patria","datePublished":"2020-03-22T22:32:34+00:00","dateModified":"2020-05-12T16:19:53+00:00","mainEntityOfPage":{"@id":"https:\/\/digital58.com.ve\/site\/2020\/03\/22\/sueldos-de-las-empresas-en-venezuela-seran-cancelados-a-traves-del-sistema-patria\/"},"wordCount":226,"commentCount":0,"publisher":{"@id":"https:\/\/digital58.com.ve\/site\/#\/schema\/person\/64d1c2e4d0d4fd1b849980c4331c2951"},"image":{"@id":"https:\/\/digital58.com.ve\/site\/2020\/03\/22\/sueldos-de-las-empresas-en-venezuela-seran-cancelados-a-traves-del-sistema-patria\/#primaryimage"},"thumbnailUrl":"https:\/\/digital58.com.ve\/site\/wp-content\/uploads\/2020\/03\/maduro-1.jpg","keywords":["Caracas","Coronavirus","COVID-19","Cuarentena Social","Medidas Econ\u00f3micas","Nacionales","Pandemia","Venezuela"],"articleSection":["Econom\u00eda"],"inLanguage":"es","potentialAction":[{"@type":"CommentAction","name":"Comment","target":["https:\/\/digital58.com.ve\/site\/2020\/03\/22\/sueldos-de-las-empresas-en-venezuela-seran-cancelados-a-traves-del-sistema-patria\/#respond"]}]},{"@type":"WebPage","@id":"https:\/\/digital58.com.ve\/site\/2020\/03\/22\/sueldos-de-las-empresas-en-venezuela-seran-cancelados-a-traves-del-sistema-patria\/","url":"https:\/\/digital58.com.ve\/site\/2020\/03\/22\/sueldos-de-las-empresas-en-venezuela-seran-cancelados-a-traves-del-sistema-patria\/","name":"Sueldos de las empresas en Venezuela ser\u00e1n cancelados a trav\u00e9s del sistema Patria","isPartOf":{"@id":"https:\/\/digital58.com.ve\/site\/#website"},"primaryImageOfPage":{"@id":"https:\/\/digital58.com.ve\/site\/2020\/03\/22\/sueldos-de-las-empresas-en-venezuela-seran-cancelados-a-traves-del-sistema-patria\/#primaryimage"},"image":{"@id":"https:\/\/digital58.com.ve\/site\/2020\/03\/22\/sueldos-de-las-empresas-en-venezuela-seran-cancelados-a-traves-del-sistema-patria\/#primaryimage"},"thumbnailUrl":"https:\/\/digital58.com.ve\/site\/wp-content\/uploads\/2020\/03\/maduro-1.jpg","datePublished":"2020-03-22T22:32:34+00:00","dateModified":"2020-05-12T16:19:53+00:00","breadcrumb":{"@id":"https:\/\/digital58.com.ve\/site\/2020\/03\/22\/sueldos-de-las-empresas-en-venezuela-seran-cancelados-a-traves-del-sistema-patria\/#breadcrumb"},"inLanguage":"es","potentialAction":[{"@type":"ReadAction","target":["https:\/\/digital58.com.ve\/site\/2020\/03\/22\/sueldos-de-las-empresas-en-venezuela-seran-cancelados-a-traves-del-sistema-patria\/"]}]},{"@type":"ImageObject","inLanguage":"es","@id":"https:\/\/digital58.com.ve\/site\/2020\/03\/22\/sueldos-de-las-empresas-en-venezuela-seran-cancelados-a-traves-del-sistema-patria\/#primaryimage","url":"https:\/\/digital58.com.ve\/site\/wp-content\/uploads\/2020\/03\/maduro-1.jpg","contentUrl":"https:\/\/digital58.com.ve\/site\/wp-content\/uploads\/2020\/03\/maduro-1.jpg","width":600,"height":338},{"@type":"BreadcrumbList","@id":"https:\/\/digital58.com.ve\/site\/2020\/03\/22\/sueldos-de-las-empresas-en-venezuela-seran-cancelados-a-traves-del-sistema-patria\/#breadcrumb","itemListElement":[{"@type":"ListItem","position":1,"name":"Home","item":"https:\/\/digital58.com.ve\/site\/"},{"@type":"ListItem","position":2,"name":"Sueldos de las empresas en Venezuela ser\u00e1n cancelados a trav\u00e9s del sistema Patria"}]},{"@type":"WebSite","@id":"https:\/\/digital58.com.ve\/site\/#website","url":"https:\/\/digital58.com.ve\/site\/","name":"Noticias Digital58","description":"Portal de Noticias \u00a1Periodismo web de verdad! Lanzamiento web 22.11.2005 \/ Maracaibo, Venezuela","publisher":{"@id":"https:\/\/digital58.com.ve\/site\/#\/schema\/person\/64d1c2e4d0d4fd1b849980c4331c2951"},"alternateName":"ND58","potentialAction":[{"@type":"SearchAction","target":{"@type":"EntryPoint","urlTemplate":"https:\/\/digital58.com.ve\/site\/?s={search_term_string}"},"query-input":{"@type":"PropertyValueSpecification","valueRequired":true,"valueName":"search_term_string"}}],"inLanguage":"es"},{"@type":["Person","Organization"],"@id":"https:\/\/digital58.com.ve\/site\/#\/schema\/person\/64d1c2e4d0d4fd1b849980c4331c2951","name":"Villasmil Henry","image":{"@type":"ImageObject","inLanguage":"es","@id":"https:\/\/secure.gravatar.com\/avatar\/bb0c4a2fcb7970138239f7e404ea75757b1b507b28b5ce4c53fbd62d797c5a7c?s=96&d=mm&r=g","url":"https:\/\/secure.gravatar.com\/avatar\/bb0c4a2fcb7970138239f7e404ea75757b1b507b28b5ce4c53fbd62d797c5a7c?s=96&d=mm&r=g","contentUrl":"https:\/\/secure.gravatar.com\/avatar\/bb0c4a2fcb7970138239f7e404ea75757b1b507b28b5ce4c53fbd62d797c5a7c?s=96&d=mm&r=g","caption":"Villasmil Henry"},"logo":{"@id":"https:\/\/secure.gravatar.com\/avatar\/bb0c4a2fcb7970138239f7e404ea75757b1b507b28b5ce4c53fbd62d797c5a7c?s=96&d=mm&r=g"},"sameAs":["http:\/\/www.henryvillasmil.com.ve","https:\/\/www.instagram.com\/villasmilhfoto\/","https:\/\/x.com\/https:\/\/twitter.com\/villasmilhfoto"],"url":"https:\/\/digital58.com.ve\/site\/author\/droopy_68\/"}]}},"uagb_featured_image_src":{"full":["https:\/\/digital58.com.ve\/site\/wp-content\/uploads\/2020\/03\/maduro-1.jpg",600,338,false],"thumbnail":["https:\/\/digital58.com.ve\/site\/wp-content\/uploads\/2020\/03\/maduro-1-150x150.jpg",150,150,true],"medium":["https:\/\/digital58.com.ve\/site\/wp-content\/uploads\/2020\/03\/maduro-1-300x169.jpg",300,169,true],"medium_large":["https:\/\/digital58.com.ve\/site\/wp-content\/uploads\/2020\/03\/maduro-1.jpg",600,338,false],"large":["https:\/\/digital58.com.ve\/site\/wp-content\/uploads\/2020\/03\/maduro-1.jpg",600,338,false],"1536x1536":["https:\/\/digital58.com.ve\/site\/wp-content\/uploads\/2020\/03\/maduro-1.jpg",600,338,false],"2048x2048":["https:\/\/digital58.com.ve\/site\/wp-content\/uploads\/2020\/03\/maduro-1.jpg",600,338,false],"colormag-highlighted-post":["https:\/\/digital58.com.ve\/site\/wp-content\/uploads\/2020\/03\/maduro-1.jpg",392,221,false],"colormag-featured-post-medium":["https:\/\/digital58.com.ve\/site\/wp-content\/uploads\/2020\/03\/maduro-1.jpg",364,205,false],"colormag-featured-post-small":["https:\/\/digital58.com.ve\/site\/wp-content\/uploads\/2020\/03\/maduro-1.jpg",130,73,false],"colormag-featured-image":["https:\/\/digital58.com.ve\/site\/wp-content\/uploads\/2020\/03\/maduro-1.jpg",600,338,false],"colormag-default-news":["https:\/\/digital58.com.ve\/site\/wp-content\/uploads\/2020\/03\/maduro-1.jpg",150,85,false],"colormag-featured-image-large":["https:\/\/digital58.com.ve\/site\/wp-content\/uploads\/2020\/03\/maduro-1.jpg",600,338,false]},"uagb_author_info":{"display_name":"Villasmil Henry","author_link":"https:\/\/digital58.com.ve\/site\/author\/droopy_68\/"},"uagb_comment_info":0,"uagb_excerpt":"El jefe de Estado anunci\u00f3 un decreto que proteger\u00e1 las familias en el marco de la pandemia, \u00aben medio de","_links":{"self":[{"href":"https:\/\/digital58.com.ve\/site\/wp-json\/wp\/v2\/posts\/94461","targetHints":{"allow":["GET"]}}],"collection":[{"href":"https:\/\/digital58.com.ve\/site\/wp-json\/wp\/v2\/posts"}],"about":[{"href":"https:\/\/digital58.com.ve\/site\/wp-json\/wp\/v2\/types\/post"}],"author":[{"embeddable":true,"href":"https:\/\/digital58.com.ve\/site\/wp-json\/wp\/v2\/users\/1"}],"replies":[{"embeddable":true,"href":"https:\/\/digital58.com.ve\/site\/wp-json\/wp\/v2\/comments?post=94461"}],"version-history":[{"count":0,"href":"https:\/\/digital58.com.ve\/site\/wp-json\/wp\/v2\/posts\/94461\/revisions"}],"wp:featuredmedia":[{"embeddable":true,"href":"https:\/\/digital58.com.ve\/site\/wp-json\/wp\/v2\/media\/94462"}],"wp:attachment":[{"href":"https:\/\/digital58.com.ve\/site\/wp-json\/wp\/v2\/media?parent=94461"}],"wp:term":[{"taxonomy":"category","embeddable":true,"href":"https:\/\/digital58.com.ve\/site\/wp-json\/wp\/v2\/categories?post=94461"},{"taxonomy":"post_tag","embeddable":true,"href":"https:\/\/digital58.com.ve\/site\/wp-json\/wp\/v2\/tags?post=94461"}],"curies":[{"name":"wp","href":"https:\/\/api.w.org\/{rel}","templated":true}]}}