{"id":94516,"date":"2020-03-23T18:54:26","date_gmt":"2020-03-23T22:54:26","guid":{"rendered":"https:\/\/digital58.com.ve\/site\/?p=94516"},"modified":"2020-03-23T18:54:26","modified_gmt":"2020-03-23T22:54:26","slug":"omar-prieto-aseguro-que-rumores-de-toque-de-queda-son-falsos","status":"publish","type":"post","link":"https:\/\/digital58.com.ve\/site\/2020\/03\/23\/omar-prieto-aseguro-que-rumores-de-toque-de-queda-son-falsos\/","title":{"rendered":"Omar Prieto asegur\u00f3 que rumores de toque de queda, son falsos"},"content":{"rendered":"<p><a href=\"https:\/\/digital58.com.ve\/site\/wp-content\/uploads\/2020\/03\/omarprieto.jpg\"><img loading=\"lazy\" decoding=\"async\" class=\"aligncenter size-full wp-image-94517\" src=\"https:\/\/digital58.com.ve\/site\/wp-content\/uploads\/2020\/03\/omarprieto.jpg\" alt=\"\" width=\"968\" height=\"648\" srcset=\"https:\/\/digital58.com.ve\/site\/wp-content\/uploads\/2020\/03\/omarprieto.jpg 800w, https:\/\/digital58.com.ve\/site\/wp-content\/uploads\/2020\/03\/omarprieto-300x201.jpg 300w, https:\/\/digital58.com.ve\/site\/wp-content\/uploads\/2020\/03\/omarprieto-768x514.jpg 768w, https:\/\/digital58.com.ve\/site\/wp-content\/uploads\/2020\/03\/omarprieto-480x320.jpg 480w\" sizes=\"auto, (max-width: 968px) 100vw, 968px\" \/><\/a><\/p>\n<p>El Gobernador Omar Prieto asegur\u00f3 que este lunes se entr\u00f3 en una nueva etapa en relaci\u00f3n a la cuarentena social colectiva. Es nuestra segunda semana de cuarentena y siguiendo los lineamientos del presidente Maduro, se radicalizar\u00e1 esta para el bienestar de todos los zulianos.<\/p>\n<p><strong>Maracaibo, Zulia, Venezuela, 23 de marzo de 2020 (ND58).-\u00a0<\/strong> \u00abEl mejor ant\u00eddoto que tenemos al virus es la cuarentena. Aislarse, quedarse en familia, dedicarse un tiempo a compartir (&#8230;) Estamos en la semana pico del virus en el Zulia, que podr\u00eda contagiarse si no tomamos las previsiones necesarias\u00bb, resalt\u00f3 el mandatario y record\u00f3 la importancia de lavarse las manos y el usos obligatorio de los tapabocas.<\/p>\n<p><strong>Advertencia<\/strong><\/p>\n<p>\u00abVamos a ser m\u00e1s radicales con la horarios de movilidad. Comercio que est\u00e9 laborando sin la modalidad de tapabocas, comercio que ser\u00e1 multado por los organismos municipales o del estado\u00bb, ratific\u00f3 en el contexto de las medidas sanitarias para los establecimientos comerciales autorizados.<\/p>\n<p>Con respecto a los horarios de restricci\u00f3n de tr\u00e1nsito de personas, especific\u00f3 que los rumores del toque de queda, son falsos: \u00absolo estar\u00e1n colocando alcabalas para evitar la movilidad de veh\u00edculos y personas sin protecci\u00f3n\u00bb.<\/p>\n<p>Finalmente exhort\u00f3 a los comerciantes a acatar las normas de prevenci\u00f3n y restricci\u00f3n de horarios. \u00abLocal que est\u00e9 abierto despu\u00e9s de las dos de la tarde se le quitar\u00e1 la Licencia se actividad econ\u00f3mica\u00bb.<\/p>\n<p>\u00abLo reitero, esta semana debemos radicalizar m\u00e1s una campa\u00f1a de protecci\u00f3n. Ya vimos que hay dos casos de ni\u00f1os en el territorio nacional; se acab\u00f3 el mito de que solo era para los abuelos. Por eso hay que tener mayor prevenci\u00f3n y solidaridad con nuestros ni\u00f1os, nuestros abuelos, nuestro vecinos y todo nuestro entorno\u00bb, destac\u00f3 el primer mandatario regional.<\/p>\n<p>Asimismo, agradeci\u00f3 a los zulianos, por acatar al 99 por ciento las medidas para erradicar el coronavirus, con el uso de mascarilla y la cuarentena en sus casas.<\/p>\n<p>Sobre la distribuci\u00f3n de agua potable, dijo que la E\/S Las Banderas ser\u00e1 destinada para surtir gasolina a los camiones cisternas para ayudar a la distribuci\u00f3n del agua, los cuales ser\u00e1n acompa\u00f1ados por un funcionario para garantizar el vital l\u00edquido a precio justo hasta las comunidades y mencion\u00f3 que el costo de a pipa es de 15 mil bol\u00edvares.<\/p>\n<p>Por otra parte, anunci\u00f3 que se est\u00e1 llevando a cabo el censo a los hoteles, por si se da el caso, tener una alternativa para poder atender de manera personalizada cada caso y evitar el colapso del sistema hospitalario de la regi\u00f3n. \u00abEsto si llegara a agravarse la situaci\u00f3n, estamos preparados\u00bb.<\/p>\n<p><strong>Redacci\u00f3n con fuente: SIV | OIPEEZ<\/strong><br \/>\n<strong>Edici\u00f3n: Villasmil, Henry<\/strong><br \/>\n<strong>Gr\u00e1ficas: cortes\u00eda OIPEEZ<\/strong><\/p><div class=\"xnmfc69f4d3b97be82\" ><p style=\"text-align: center;\"><a href=\"https:\/\/t.me\/noticiasdigital58\" target=\"_blank\" rel=\"noopener\"><img class=\"aligncenter size-full wp-image-125363\" src=\"https:\/\/digital58.com.ve\/site\/wp-content\/uploads\/2021\/04\/banner-telegram-web-2021.png\" alt=\"\" width=\"600\" height=\"90\" \/><\/a><\/p><\/div><style type=\"text\/css\">\r\n@media screen and (min-width: 1201px) {\r\n.xnmfc69f4d3b97be82 {\r\ndisplay: block;\r\n}\r\n}\r\n@media screen and (min-width: 993px) and (max-width: 1200px) {\r\n.xnmfc69f4d3b97be82 {\r\ndisplay: block;\r\n}\r\n}\r\n@media screen and (min-width: 769px) and (max-width: 992px) {\r\n.xnmfc69f4d3b97be82 {\r\ndisplay: block;\r\n}\r\n}\r\n@media screen and (min-width: 768px) and (max-width: 768px) {\r\n.xnmfc69f4d3b97be82 {\r\ndisplay: block;\r\n}\r\n}\r\n@media screen and (max-width: 767px) {\r\n.xnmfc69f4d3b97be82 {\r\ndisplay: block;\r\n}\r\n}\r\n<\/style>\r\n\n<p>&nbsp;<\/p>\n<div style=\"margin-top: 0px; margin-bottom: 0px;\" class=\"sharethis-inline-share-buttons\" ><\/div>","protected":false},"excerpt":{"rendered":"<p>El Gobernador Omar Prieto asegur\u00f3 que este lunes se entr\u00f3 en una nueva etapa en relaci\u00f3n a la cuarentena social<\/p>\n","protected":false},"author":1,"featured_media":94517,"comment_status":"open","ping_status":"closed","sticky":false,"template":"","format":"standard","meta":{"colormag_page_container_layout":"default_layout","colormag_page_sidebar_layout":"default_layout","_uag_custom_page_level_css":"","footnotes":""},"categories":[5405],"tags":[13648,13763,1076,73,12162,13723,2354,32,761],"class_list":["post-94516","post","type-post","status-publish","format-standard","has-post-thumbnail","hentry","category-salud","tag-covid-19","tag-cuarentena-social","tag-gobernacion-bolivariana-del-zulia","tag-maracaibo","tag-omar-prieto","tag-pandemia","tag-regionales","tag-venezuela","tag-zulia"],"yoast_head":"<!-- This site is optimized with the Yoast SEO plugin v27.5 - https:\/\/yoast.com\/product\/yoast-seo-wordpress\/ -->\n<title>Omar Prieto asegur\u00f3 que rumores de toque de queda, son falsos<\/title>\n<meta name=\"description\" content=\"Salud\" \/>\n<meta name=\"robots\" content=\"index, follow, max-snippet:-1, max-image-preview:large, max-video-preview:-1\" \/>\n<link rel=\"canonical\" href=\"https:\/\/digital58.com.ve\/site\/2020\/03\/23\/omar-prieto-aseguro-que-rumores-de-toque-de-queda-son-falsos\/\" \/>\n<meta property=\"og:locale\" content=\"es_ES\" \/>\n<meta property=\"og:type\" content=\"article\" \/>\n<meta property=\"og:title\" content=\"Omar Prieto asegur\u00f3 que rumores de toque de queda, son falsos\" \/>\n<meta property=\"og:description\" content=\"Salud\" \/>\n<meta property=\"og:url\" content=\"https:\/\/digital58.com.ve\/site\/2020\/03\/23\/omar-prieto-aseguro-que-rumores-de-toque-de-queda-son-falsos\/\" \/>\n<meta property=\"og:site_name\" content=\"Noticias Digital58\" \/>\n<meta property=\"article:published_time\" content=\"2020-03-23T22:54:26+00:00\" \/>\n<meta property=\"og:image\" content=\"https:\/\/digital58.com.ve\/site\/wp-content\/uploads\/2020\/03\/omarprieto.jpg\" \/>\n\t<meta property=\"og:image:width\" content=\"968\" \/>\n\t<meta property=\"og:image:height\" content=\"648\" \/>\n\t<meta property=\"og:image:type\" content=\"image\/jpeg\" \/>\n<meta name=\"author\" content=\"Villasmil Henry\" \/>\n<meta name=\"twitter:card\" content=\"summary_large_image\" \/>\n<meta name=\"twitter:creator\" content=\"@https:\/\/twitter.com\/villasmilhfoto\" \/>\n<meta name=\"twitter:site\" content=\"@villasmilhfoto\" \/>\n<meta name=\"twitter:label1\" content=\"Escrito por\" \/>\n\t<meta name=\"twitter:data1\" content=\"Villasmil Henry\" \/>\n\t<meta name=\"twitter:label2\" content=\"Tiempo estimado de lectura\" \/>\n\t<meta name=\"twitter:data2\" content=\"2 minutos\" \/>\n<script type=\"application\/ld+json\" class=\"yoast-schema-graph\">{\"@context\":\"https:\\\/\\\/schema.org\",\"@graph\":[{\"@type\":\"Article\",\"@id\":\"https:\\\/\\\/digital58.com.ve\\\/site\\\/2020\\\/03\\\/23\\\/omar-prieto-aseguro-que-rumores-de-toque-de-queda-son-falsos\\\/#article\",\"isPartOf\":{\"@id\":\"https:\\\/\\\/digital58.com.ve\\\/site\\\/2020\\\/03\\\/23\\\/omar-prieto-aseguro-que-rumores-de-toque-de-queda-son-falsos\\\/\"},\"author\":{\"name\":\"Villasmil Henry\",\"@id\":\"https:\\\/\\\/digital58.com.ve\\\/site\\\/#\\\/schema\\\/person\\\/64d1c2e4d0d4fd1b849980c4331c2951\"},\"headline\":\"Omar Prieto asegur\u00f3 que rumores de toque de queda, son falsos\",\"datePublished\":\"2020-03-23T22:54:26+00:00\",\"mainEntityOfPage\":{\"@id\":\"https:\\\/\\\/digital58.com.ve\\\/site\\\/2020\\\/03\\\/23\\\/omar-prieto-aseguro-que-rumores-de-toque-de-queda-son-falsos\\\/\"},\"wordCount\":471,\"commentCount\":0,\"publisher\":{\"@id\":\"https:\\\/\\\/digital58.com.ve\\\/site\\\/#\\\/schema\\\/person\\\/64d1c2e4d0d4fd1b849980c4331c2951\"},\"image\":{\"@id\":\"https:\\\/\\\/digital58.com.ve\\\/site\\\/2020\\\/03\\\/23\\\/omar-prieto-aseguro-que-rumores-de-toque-de-queda-son-falsos\\\/#primaryimage\"},\"thumbnailUrl\":\"https:\\\/\\\/digital58.com.ve\\\/site\\\/wp-content\\\/uploads\\\/2020\\\/03\\\/omarprieto.jpg\",\"keywords\":[\"COVID-19\",\"Cuarentena Social\",\"Gobernaci\u00f3n Bolivariana del Zulia\",\"Maracaibo\",\"Omar Prieto\",\"Pandemia\",\"Regionales\",\"Venezuela\",\"Zulia\"],\"articleSection\":[\"Salud\"],\"inLanguage\":\"es\",\"potentialAction\":[{\"@type\":\"CommentAction\",\"name\":\"Comment\",\"target\":[\"https:\\\/\\\/digital58.com.ve\\\/site\\\/2020\\\/03\\\/23\\\/omar-prieto-aseguro-que-rumores-de-toque-de-queda-son-falsos\\\/#respond\"]}]},{\"@type\":\"WebPage\",\"@id\":\"https:\\\/\\\/digital58.com.ve\\\/site\\\/2020\\\/03\\\/23\\\/omar-prieto-aseguro-que-rumores-de-toque-de-queda-son-falsos\\\/\",\"url\":\"https:\\\/\\\/digital58.com.ve\\\/site\\\/2020\\\/03\\\/23\\\/omar-prieto-aseguro-que-rumores-de-toque-de-queda-son-falsos\\\/\",\"name\":\"Omar Prieto asegur\u00f3 que rumores de toque de queda, son falsos\",\"isPartOf\":{\"@id\":\"https:\\\/\\\/digital58.com.ve\\\/site\\\/#website\"},\"primaryImageOfPage\":{\"@id\":\"https:\\\/\\\/digital58.com.ve\\\/site\\\/2020\\\/03\\\/23\\\/omar-prieto-aseguro-que-rumores-de-toque-de-queda-son-falsos\\\/#primaryimage\"},\"image\":{\"@id\":\"https:\\\/\\\/digital58.com.ve\\\/site\\\/2020\\\/03\\\/23\\\/omar-prieto-aseguro-que-rumores-de-toque-de-queda-son-falsos\\\/#primaryimage\"},\"thumbnailUrl\":\"https:\\\/\\\/digital58.com.ve\\\/site\\\/wp-content\\\/uploads\\\/2020\\\/03\\\/omarprieto.jpg\",\"datePublished\":\"2020-03-23T22:54:26+00:00\",\"description\":\"Salud\",\"breadcrumb\":{\"@id\":\"https:\\\/\\\/digital58.com.ve\\\/site\\\/2020\\\/03\\\/23\\\/omar-prieto-aseguro-que-rumores-de-toque-de-queda-son-falsos\\\/#breadcrumb\"},\"inLanguage\":\"es\",\"potentialAction\":[{\"@type\":\"ReadAction\",\"target\":[\"https:\\\/\\\/digital58.com.ve\\\/site\\\/2020\\\/03\\\/23\\\/omar-prieto-aseguro-que-rumores-de-toque-de-queda-son-falsos\\\/\"]}]},{\"@type\":\"ImageObject\",\"inLanguage\":\"es\",\"@id\":\"https:\\\/\\\/digital58.com.ve\\\/site\\\/2020\\\/03\\\/23\\\/omar-prieto-aseguro-que-rumores-de-toque-de-queda-son-falsos\\\/#primaryimage\",\"url\":\"https:\\\/\\\/digital58.com.ve\\\/site\\\/wp-content\\\/uploads\\\/2020\\\/03\\\/omarprieto.jpg\",\"contentUrl\":\"https:\\\/\\\/digital58.com.ve\\\/site\\\/wp-content\\\/uploads\\\/2020\\\/03\\\/omarprieto.jpg\",\"width\":800,\"height\":536},{\"@type\":\"BreadcrumbList\",\"@id\":\"https:\\\/\\\/digital58.com.ve\\\/site\\\/2020\\\/03\\\/23\\\/omar-prieto-aseguro-que-rumores-de-toque-de-queda-son-falsos\\\/#breadcrumb\",\"itemListElement\":[{\"@type\":\"ListItem\",\"position\":1,\"name\":\"Home\",\"item\":\"https:\\\/\\\/digital58.com.ve\\\/site\\\/\"},{\"@type\":\"ListItem\",\"position\":2,\"name\":\"Omar Prieto asegur\u00f3 que rumores de toque de queda, son falsos\"}]},{\"@type\":\"WebSite\",\"@id\":\"https:\\\/\\\/digital58.com.ve\\\/site\\\/#website\",\"url\":\"https:\\\/\\\/digital58.com.ve\\\/site\\\/\",\"name\":\"Noticias Digital58\",\"description\":\"Portal de Noticias \u00a1Periodismo web de verdad! Lanzamiento web 22.11.2005 \\\/ Maracaibo, Venezuela\",\"publisher\":{\"@id\":\"https:\\\/\\\/digital58.com.ve\\\/site\\\/#\\\/schema\\\/person\\\/64d1c2e4d0d4fd1b849980c4331c2951\"},\"alternateName\":\"ND58\",\"potentialAction\":[{\"@type\":\"SearchAction\",\"target\":{\"@type\":\"EntryPoint\",\"urlTemplate\":\"https:\\\/\\\/digital58.com.ve\\\/site\\\/?s={search_term_string}\"},\"query-input\":{\"@type\":\"PropertyValueSpecification\",\"valueRequired\":true,\"valueName\":\"search_term_string\"}}],\"inLanguage\":\"es\"},{\"@type\":[\"Person\",\"Organization\"],\"@id\":\"https:\\\/\\\/digital58.com.ve\\\/site\\\/#\\\/schema\\\/person\\\/64d1c2e4d0d4fd1b849980c4331c2951\",\"name\":\"Villasmil Henry\",\"image\":{\"@type\":\"ImageObject\",\"inLanguage\":\"es\",\"@id\":\"https:\\\/\\\/secure.gravatar.com\\\/avatar\\\/bb0c4a2fcb7970138239f7e404ea75757b1b507b28b5ce4c53fbd62d797c5a7c?s=96&d=mm&r=g\",\"url\":\"https:\\\/\\\/secure.gravatar.com\\\/avatar\\\/bb0c4a2fcb7970138239f7e404ea75757b1b507b28b5ce4c53fbd62d797c5a7c?s=96&d=mm&r=g\",\"contentUrl\":\"https:\\\/\\\/secure.gravatar.com\\\/avatar\\\/bb0c4a2fcb7970138239f7e404ea75757b1b507b28b5ce4c53fbd62d797c5a7c?s=96&d=mm&r=g\",\"caption\":\"Villasmil Henry\"},\"logo\":{\"@id\":\"https:\\\/\\\/secure.gravatar.com\\\/avatar\\\/bb0c4a2fcb7970138239f7e404ea75757b1b507b28b5ce4c53fbd62d797c5a7c?s=96&d=mm&r=g\"},\"sameAs\":[\"http:\\\/\\\/www.henryvillasmil.com.ve\",\"https:\\\/\\\/www.instagram.com\\\/villasmilhfoto\\\/\",\"https:\\\/\\\/x.com\\\/https:\\\/\\\/twitter.com\\\/villasmilhfoto\"],\"url\":\"https:\\\/\\\/digital58.com.ve\\\/site\\\/author\\\/droopy_68\\\/\"}]}<\/script>\n<!-- \/ Yoast SEO plugin. -->","yoast_head_json":{"title":"Omar Prieto asegur\u00f3 que rumores de toque de queda, son falsos","description":"Salud","robots":{"index":"index","follow":"follow","max-snippet":"max-snippet:-1","max-image-preview":"max-image-preview:large","max-video-preview":"max-video-preview:-1"},"canonical":"https:\/\/digital58.com.ve\/site\/2020\/03\/23\/omar-prieto-aseguro-que-rumores-de-toque-de-queda-son-falsos\/","og_locale":"es_ES","og_type":"article","og_title":"Omar Prieto asegur\u00f3 que rumores de toque de queda, son falsos","og_description":"Salud","og_url":"https:\/\/digital58.com.ve\/site\/2020\/03\/23\/omar-prieto-aseguro-que-rumores-de-toque-de-queda-son-falsos\/","og_site_name":"Noticias Digital58","article_published_time":"2020-03-23T22:54:26+00:00","og_image":[{"width":968,"height":648,"url":"https:\/\/digital58.com.ve\/site\/wp-content\/uploads\/2020\/03\/omarprieto.jpg","type":"image\/jpeg"}],"author":"Villasmil Henry","twitter_card":"summary_large_image","twitter_creator":"@https:\/\/twitter.com\/villasmilhfoto","twitter_site":"@villasmilhfoto","twitter_misc":{"Escrito por":"Villasmil Henry","Tiempo estimado de lectura":"2 minutos"},"schema":{"@context":"https:\/\/schema.org","@graph":[{"@type":"Article","@id":"https:\/\/digital58.com.ve\/site\/2020\/03\/23\/omar-prieto-aseguro-que-rumores-de-toque-de-queda-son-falsos\/#article","isPartOf":{"@id":"https:\/\/digital58.com.ve\/site\/2020\/03\/23\/omar-prieto-aseguro-que-rumores-de-toque-de-queda-son-falsos\/"},"author":{"name":"Villasmil Henry","@id":"https:\/\/digital58.com.ve\/site\/#\/schema\/person\/64d1c2e4d0d4fd1b849980c4331c2951"},"headline":"Omar Prieto asegur\u00f3 que rumores de toque de queda, son falsos","datePublished":"2020-03-23T22:54:26+00:00","mainEntityOfPage":{"@id":"https:\/\/digital58.com.ve\/site\/2020\/03\/23\/omar-prieto-aseguro-que-rumores-de-toque-de-queda-son-falsos\/"},"wordCount":471,"commentCount":0,"publisher":{"@id":"https:\/\/digital58.com.ve\/site\/#\/schema\/person\/64d1c2e4d0d4fd1b849980c4331c2951"},"image":{"@id":"https:\/\/digital58.com.ve\/site\/2020\/03\/23\/omar-prieto-aseguro-que-rumores-de-toque-de-queda-son-falsos\/#primaryimage"},"thumbnailUrl":"https:\/\/digital58.com.ve\/site\/wp-content\/uploads\/2020\/03\/omarprieto.jpg","keywords":["COVID-19","Cuarentena Social","Gobernaci\u00f3n Bolivariana del Zulia","Maracaibo","Omar Prieto","Pandemia","Regionales","Venezuela","Zulia"],"articleSection":["Salud"],"inLanguage":"es","potentialAction":[{"@type":"CommentAction","name":"Comment","target":["https:\/\/digital58.com.ve\/site\/2020\/03\/23\/omar-prieto-aseguro-que-rumores-de-toque-de-queda-son-falsos\/#respond"]}]},{"@type":"WebPage","@id":"https:\/\/digital58.com.ve\/site\/2020\/03\/23\/omar-prieto-aseguro-que-rumores-de-toque-de-queda-son-falsos\/","url":"https:\/\/digital58.com.ve\/site\/2020\/03\/23\/omar-prieto-aseguro-que-rumores-de-toque-de-queda-son-falsos\/","name":"Omar Prieto asegur\u00f3 que rumores de toque de queda, son falsos","isPartOf":{"@id":"https:\/\/digital58.com.ve\/site\/#website"},"primaryImageOfPage":{"@id":"https:\/\/digital58.com.ve\/site\/2020\/03\/23\/omar-prieto-aseguro-que-rumores-de-toque-de-queda-son-falsos\/#primaryimage"},"image":{"@id":"https:\/\/digital58.com.ve\/site\/2020\/03\/23\/omar-prieto-aseguro-que-rumores-de-toque-de-queda-son-falsos\/#primaryimage"},"thumbnailUrl":"https:\/\/digital58.com.ve\/site\/wp-content\/uploads\/2020\/03\/omarprieto.jpg","datePublished":"2020-03-23T22:54:26+00:00","description":"Salud","breadcrumb":{"@id":"https:\/\/digital58.com.ve\/site\/2020\/03\/23\/omar-prieto-aseguro-que-rumores-de-toque-de-queda-son-falsos\/#breadcrumb"},"inLanguage":"es","potentialAction":[{"@type":"ReadAction","target":["https:\/\/digital58.com.ve\/site\/2020\/03\/23\/omar-prieto-aseguro-que-rumores-de-toque-de-queda-son-falsos\/"]}]},{"@type":"ImageObject","inLanguage":"es","@id":"https:\/\/digital58.com.ve\/site\/2020\/03\/23\/omar-prieto-aseguro-que-rumores-de-toque-de-queda-son-falsos\/#primaryimage","url":"https:\/\/digital58.com.ve\/site\/wp-content\/uploads\/2020\/03\/omarprieto.jpg","contentUrl":"https:\/\/digital58.com.ve\/site\/wp-content\/uploads\/2020\/03\/omarprieto.jpg","width":800,"height":536},{"@type":"BreadcrumbList","@id":"https:\/\/digital58.com.ve\/site\/2020\/03\/23\/omar-prieto-aseguro-que-rumores-de-toque-de-queda-son-falsos\/#breadcrumb","itemListElement":[{"@type":"ListItem","position":1,"name":"Home","item":"https:\/\/digital58.com.ve\/site\/"},{"@type":"ListItem","position":2,"name":"Omar Prieto asegur\u00f3 que rumores de toque de queda, son falsos"}]},{"@type":"WebSite","@id":"https:\/\/digital58.com.ve\/site\/#website","url":"https:\/\/digital58.com.ve\/site\/","name":"Noticias Digital58","description":"Portal de Noticias \u00a1Periodismo web de verdad! Lanzamiento web 22.11.2005 \/ Maracaibo, Venezuela","publisher":{"@id":"https:\/\/digital58.com.ve\/site\/#\/schema\/person\/64d1c2e4d0d4fd1b849980c4331c2951"},"alternateName":"ND58","potentialAction":[{"@type":"SearchAction","target":{"@type":"EntryPoint","urlTemplate":"https:\/\/digital58.com.ve\/site\/?s={search_term_string}"},"query-input":{"@type":"PropertyValueSpecification","valueRequired":true,"valueName":"search_term_string"}}],"inLanguage":"es"},{"@type":["Person","Organization"],"@id":"https:\/\/digital58.com.ve\/site\/#\/schema\/person\/64d1c2e4d0d4fd1b849980c4331c2951","name":"Villasmil Henry","image":{"@type":"ImageObject","inLanguage":"es","@id":"https:\/\/secure.gravatar.com\/avatar\/bb0c4a2fcb7970138239f7e404ea75757b1b507b28b5ce4c53fbd62d797c5a7c?s=96&d=mm&r=g","url":"https:\/\/secure.gravatar.com\/avatar\/bb0c4a2fcb7970138239f7e404ea75757b1b507b28b5ce4c53fbd62d797c5a7c?s=96&d=mm&r=g","contentUrl":"https:\/\/secure.gravatar.com\/avatar\/bb0c4a2fcb7970138239f7e404ea75757b1b507b28b5ce4c53fbd62d797c5a7c?s=96&d=mm&r=g","caption":"Villasmil Henry"},"logo":{"@id":"https:\/\/secure.gravatar.com\/avatar\/bb0c4a2fcb7970138239f7e404ea75757b1b507b28b5ce4c53fbd62d797c5a7c?s=96&d=mm&r=g"},"sameAs":["http:\/\/www.henryvillasmil.com.ve","https:\/\/www.instagram.com\/villasmilhfoto\/","https:\/\/x.com\/https:\/\/twitter.com\/villasmilhfoto"],"url":"https:\/\/digital58.com.ve\/site\/author\/droopy_68\/"}]}},"uagb_featured_image_src":{"full":["https:\/\/digital58.com.ve\/site\/wp-content\/uploads\/2020\/03\/omarprieto.jpg",800,536,false],"thumbnail":["https:\/\/digital58.com.ve\/site\/wp-content\/uploads\/2020\/03\/omarprieto-150x150.jpg",150,150,true],"medium":["https:\/\/digital58.com.ve\/site\/wp-content\/uploads\/2020\/03\/omarprieto-300x201.jpg",300,201,true],"medium_large":["https:\/\/digital58.com.ve\/site\/wp-content\/uploads\/2020\/03\/omarprieto-768x514.jpg",768,514,true],"large":["https:\/\/digital58.com.ve\/site\/wp-content\/uploads\/2020\/03\/omarprieto.jpg",800,536,false],"1536x1536":["https:\/\/digital58.com.ve\/site\/wp-content\/uploads\/2020\/03\/omarprieto.jpg",800,536,false],"2048x2048":["https:\/\/digital58.com.ve\/site\/wp-content\/uploads\/2020\/03\/omarprieto.jpg",800,536,false],"colormag-highlighted-post":["https:\/\/digital58.com.ve\/site\/wp-content\/uploads\/2020\/03\/omarprieto.jpg",392,263,false],"colormag-featured-post-medium":["https:\/\/digital58.com.ve\/site\/wp-content\/uploads\/2020\/03\/omarprieto.jpg",306,205,false],"colormag-featured-post-small":["https:\/\/digital58.com.ve\/site\/wp-content\/uploads\/2020\/03\/omarprieto.jpg",130,87,false],"colormag-featured-image":["https:\/\/digital58.com.ve\/site\/wp-content\/uploads\/2020\/03\/omarprieto.jpg",664,445,false],"colormag-default-news":["https:\/\/digital58.com.ve\/site\/wp-content\/uploads\/2020\/03\/omarprieto.jpg",150,101,false],"colormag-featured-image-large":["https:\/\/digital58.com.ve\/site\/wp-content\/uploads\/2020\/03\/omarprieto.jpg",800,536,false]},"uagb_author_info":{"display_name":"Villasmil Henry","author_link":"https:\/\/digital58.com.ve\/site\/author\/droopy_68\/"},"uagb_comment_info":0,"uagb_excerpt":"El Gobernador Omar Prieto asegur\u00f3 que este lunes se entr\u00f3 en una nueva etapa en relaci\u00f3n a la cuarentena social","_links":{"self":[{"href":"https:\/\/digital58.com.ve\/site\/wp-json\/wp\/v2\/posts\/94516","targetHints":{"allow":["GET"]}}],"collection":[{"href":"https:\/\/digital58.com.ve\/site\/wp-json\/wp\/v2\/posts"}],"about":[{"href":"https:\/\/digital58.com.ve\/site\/wp-json\/wp\/v2\/types\/post"}],"author":[{"embeddable":true,"href":"https:\/\/digital58.com.ve\/site\/wp-json\/wp\/v2\/users\/1"}],"replies":[{"embeddable":true,"href":"https:\/\/digital58.com.ve\/site\/wp-json\/wp\/v2\/comments?post=94516"}],"version-history":[{"count":0,"href":"https:\/\/digital58.com.ve\/site\/wp-json\/wp\/v2\/posts\/94516\/revisions"}],"wp:featuredmedia":[{"embeddable":true,"href":"https:\/\/digital58.com.ve\/site\/wp-json\/wp\/v2\/media\/94517"}],"wp:attachment":[{"href":"https:\/\/digital58.com.ve\/site\/wp-json\/wp\/v2\/media?parent=94516"}],"wp:term":[{"taxonomy":"category","embeddable":true,"href":"https:\/\/digital58.com.ve\/site\/wp-json\/wp\/v2\/categories?post=94516"},{"taxonomy":"post_tag","embeddable":true,"href":"https:\/\/digital58.com.ve\/site\/wp-json\/wp\/v2\/tags?post=94516"}],"curies":[{"name":"wp","href":"https:\/\/api.w.org\/{rel}","templated":true}]}}