{"id":94522,"date":"2020-03-23T19:32:23","date_gmt":"2020-03-23T23:32:23","guid":{"rendered":"https:\/\/digital58.com.ve\/site\/?p=94522"},"modified":"2020-03-23T19:32:47","modified_gmt":"2020-03-23T23:32:47","slug":"gobierno-del-estado-barinas-confirma-tres-nuevos-casos-de-covid-19","status":"publish","type":"post","link":"https:\/\/digital58.com.ve\/site\/2020\/03\/23\/gobierno-del-estado-barinas-confirma-tres-nuevos-casos-de-covid-19\/","title":{"rendered":"Gobierno del estado Barinas confirma tres nuevos casos de COVID-19"},"content":{"rendered":"<p><a href=\"https:\/\/digital58.com.ve\/site\/wp-content\/uploads\/2020\/03\/gobernadordebarinas.jpeg\"><img loading=\"lazy\" decoding=\"async\" class=\"aligncenter size-full wp-image-94523\" src=\"https:\/\/digital58.com.ve\/site\/wp-content\/uploads\/2020\/03\/gobernadordebarinas.jpeg\" alt=\"\" width=\"1024\" height=\"662\" srcset=\"https:\/\/digital58.com.ve\/site\/wp-content\/uploads\/2020\/03\/gobernadordebarinas.jpeg 800w, https:\/\/digital58.com.ve\/site\/wp-content\/uploads\/2020\/03\/gobernadordebarinas-300x194.jpeg 300w, https:\/\/digital58.com.ve\/site\/wp-content\/uploads\/2020\/03\/gobernadordebarinas-768x497.jpeg 768w\" sizes=\"auto, (max-width: 1024px) 100vw, 1024px\" \/><\/a><\/p>\n<p>A trav\u00e9s de su cuenta de Twitter el gobernador de la entidad llanera, Argenis Ch\u00e1vez, notific\u00f3 que tienen confirmaci\u00f3n de tres casos positivos con el coronavirus.<\/p>\n<p><strong>Barinas, Barinas, Venezuela, 23 d emarzo de 2020 (ND58).-<\/strong> Con estos nuevos casos confirmados asciende el n\u00famero total a 80 en todo el territorio nacional, de igual modo se suma un nuevo estado al n\u00famero de entidades con pacientes.<\/p>\n<p>\u00abQuiero informar al pueblo de #Barinas que lamentablemente fueron confirmados 3 casos de Covid-19 en la entidad llanera, 2 de ellos en en el municipio Alberto Arvelo Torrealba y uno en la jurisdicci\u00f3n capital. Ya estas personas est\u00e1n siendo atendidas por el sistema de salud #23Mar\u00bb.<\/p>\n<blockquote class=\"twitter-tweet\">\n<p dir=\"ltr\" lang=\"es\">Quiero informar al pueblo de <a href=\"https:\/\/twitter.com\/hashtag\/Barinas?src=hash&amp;ref_src=twsrc%5Etfw\">#Barinas<\/a> que lamentablemente fueron confirmados 3 casos de Covid-19 en la entidad llanera, 2 de ellos en en el municipio Alberto Arvelo Torrealba y uno en la jurisdicci\u00f3n capital. Ya estas personas est\u00e1n siendo atendidas por el sistema de salud <a href=\"https:\/\/twitter.com\/hashtag\/23Mar?src=hash&amp;ref_src=twsrc%5Etfw\">#23Mar<\/a><\/p>\n<p>\u2014 Argenis Ch\u00e1vez (@lafuerzadchavez) <a href=\"https:\/\/twitter.com\/lafuerzadchavez\/status\/1242176850329325570?ref_src=twsrc%5Etfw\">March 23, 2020<\/a><\/p><\/blockquote>\n<p><script async src=\"https:\/\/platform.twitter.com\/widgets.js\" charset=\"utf-8\"><\/script><\/p>\n<p>El ministro de informaci\u00f3n del r\u00e9gimen Jorge Rodr\u00edguez se dirigi\u00f3 al pa\u00eds en horas del medio d\u00eda y reiter\u00f3 que el n\u00famero de contagios se manten\u00eda en 77.<\/p>\n<p>Nicol\u00e1s Maduro detall\u00f3 este domingo la existencia de 77 casos: 2 casos en Anzo\u00e1tegui, 2 en Apure, 6 en Aragua, 1 en Cojedes, 19 en Distrito Capital, 2 en Falc\u00f3n, 8 en La Guaira, 1 en Lara, 1 en M\u00e9rida, 30 en Miranda, 1 en Monagas, 1 en Portuguesa, 1 en T\u00e1chira, 1 en Zulia y 1 en Nueva Esparta.<\/p><div class=\"ipjkz69efcd92d7d79\" ><p style=\"text-align: center;\"><a href=\"https:\/\/t.me\/noticiasdigital58\" target=\"_blank\" rel=\"noopener\"><img class=\"aligncenter size-full wp-image-125363\" src=\"https:\/\/digital58.com.ve\/site\/wp-content\/uploads\/2021\/04\/banner-telegram-web-2021.png\" alt=\"\" width=\"600\" height=\"90\" \/><\/a><\/p><\/div><style type=\"text\/css\">\r\n@media screen and (min-width: 1201px) {\r\n.ipjkz69efcd92d7d79 {\r\ndisplay: block;\r\n}\r\n}\r\n@media screen and (min-width: 993px) and (max-width: 1200px) {\r\n.ipjkz69efcd92d7d79 {\r\ndisplay: block;\r\n}\r\n}\r\n@media screen and (min-width: 769px) and (max-width: 992px) {\r\n.ipjkz69efcd92d7d79 {\r\ndisplay: block;\r\n}\r\n}\r\n@media screen and (min-width: 768px) and (max-width: 768px) {\r\n.ipjkz69efcd92d7d79 {\r\ndisplay: block;\r\n}\r\n}\r\n@media screen and (max-width: 767px) {\r\n.ipjkz69efcd92d7d79 {\r\ndisplay: block;\r\n}\r\n}\r\n<\/style>\r\n\n<p><strong>Redacci\u00f3n con fuente: SIV | El Carabobe\u00f1o<\/strong><br \/>\n<strong>Edici\u00f3n: Villasmil, Henry<\/strong><br \/>\n<strong>Gr\u00e1fica referencial: cortes\u00eda<\/strong><\/p>\n<div style=\"margin-top: 0px; margin-bottom: 0px;\" class=\"sharethis-inline-share-buttons\" ><\/div>","protected":false},"excerpt":{"rendered":"<p>A trav\u00e9s de su cuenta de Twitter el gobernador de la entidad llanera, Argenis Ch\u00e1vez, notific\u00f3 que tienen confirmaci\u00f3n de<\/p>\n","protected":false},"author":1,"featured_media":94523,"comment_status":"open","ping_status":"closed","sticky":false,"template":"","format":"standard","meta":{"colormag_page_container_layout":"default_layout","colormag_page_sidebar_layout":"default_layout","_uag_custom_page_level_css":"","footnotes":""},"categories":[5405],"tags":[13845,4027,13352,13648,13763,13846,233,13723,32],"class_list":["post-94522","post","type-post","status-publish","format-standard","has-post-thumbnail","hentry","category-salud","tag-argenis-chavez","tag-barinas","tag-coronavirus","tag-covid-19","tag-cuarentena-social","tag-gobierno-de-barinas","tag-nacionales","tag-pandemia","tag-venezuela"],"yoast_head":"<!-- This site is optimized with the Yoast SEO plugin v27.4 - https:\/\/yoast.com\/product\/yoast-seo-wordpress\/ -->\n<title>Gobierno del estado Barinas confirma tres nuevos casos de COVID-19<\/title>\n<meta name=\"description\" content=\"Salud\" \/>\n<meta name=\"robots\" content=\"index, follow, max-snippet:-1, max-image-preview:large, max-video-preview:-1\" \/>\n<link rel=\"canonical\" href=\"https:\/\/digital58.com.ve\/site\/2020\/03\/23\/gobierno-del-estado-barinas-confirma-tres-nuevos-casos-de-covid-19\/\" \/>\n<meta property=\"og:locale\" content=\"es_ES\" \/>\n<meta property=\"og:type\" content=\"article\" \/>\n<meta property=\"og:title\" content=\"Gobierno del estado Barinas confirma tres nuevos casos de COVID-19\" \/>\n<meta property=\"og:description\" content=\"Salud\" \/>\n<meta property=\"og:url\" content=\"https:\/\/digital58.com.ve\/site\/2020\/03\/23\/gobierno-del-estado-barinas-confirma-tres-nuevos-casos-de-covid-19\/\" \/>\n<meta property=\"og:site_name\" content=\"Noticias Digital58\" \/>\n<meta property=\"article:published_time\" content=\"2020-03-23T23:32:23+00:00\" \/>\n<meta property=\"article:modified_time\" content=\"2020-03-23T23:32:47+00:00\" \/>\n<meta property=\"og:image\" content=\"https:\/\/digital58.com.ve\/site\/wp-content\/uploads\/2020\/03\/gobernadordebarinas.jpeg\" \/>\n\t<meta property=\"og:image:width\" content=\"1024\" \/>\n\t<meta property=\"og:image:height\" content=\"662\" \/>\n\t<meta property=\"og:image:type\" content=\"image\/jpeg\" \/>\n<meta name=\"author\" content=\"Villasmil Henry\" \/>\n<meta name=\"twitter:card\" content=\"summary_large_image\" \/>\n<meta name=\"twitter:creator\" content=\"@https:\/\/twitter.com\/villasmilhfoto\" \/>\n<meta name=\"twitter:site\" content=\"@villasmilhfoto\" \/>\n<meta name=\"twitter:label1\" content=\"Escrito por\" \/>\n\t<meta name=\"twitter:data1\" content=\"Villasmil Henry\" \/>\n\t<meta name=\"twitter:label2\" content=\"Tiempo estimado de lectura\" \/>\n\t<meta name=\"twitter:data2\" content=\"1 minuto\" \/>\n<script type=\"application\/ld+json\" class=\"yoast-schema-graph\">{\"@context\":\"https:\\\/\\\/schema.org\",\"@graph\":[{\"@type\":\"Article\",\"@id\":\"https:\\\/\\\/digital58.com.ve\\\/site\\\/2020\\\/03\\\/23\\\/gobierno-del-estado-barinas-confirma-tres-nuevos-casos-de-covid-19\\\/#article\",\"isPartOf\":{\"@id\":\"https:\\\/\\\/digital58.com.ve\\\/site\\\/2020\\\/03\\\/23\\\/gobierno-del-estado-barinas-confirma-tres-nuevos-casos-de-covid-19\\\/\"},\"author\":{\"name\":\"Villasmil Henry\",\"@id\":\"https:\\\/\\\/digital58.com.ve\\\/site\\\/#\\\/schema\\\/person\\\/64d1c2e4d0d4fd1b849980c4331c2951\"},\"headline\":\"Gobierno del estado Barinas confirma tres nuevos casos de COVID-19\",\"datePublished\":\"2020-03-23T23:32:23+00:00\",\"dateModified\":\"2020-03-23T23:32:47+00:00\",\"mainEntityOfPage\":{\"@id\":\"https:\\\/\\\/digital58.com.ve\\\/site\\\/2020\\\/03\\\/23\\\/gobierno-del-estado-barinas-confirma-tres-nuevos-casos-de-covid-19\\\/\"},\"wordCount\":275,\"commentCount\":0,\"publisher\":{\"@id\":\"https:\\\/\\\/digital58.com.ve\\\/site\\\/#\\\/schema\\\/person\\\/64d1c2e4d0d4fd1b849980c4331c2951\"},\"image\":{\"@id\":\"https:\\\/\\\/digital58.com.ve\\\/site\\\/2020\\\/03\\\/23\\\/gobierno-del-estado-barinas-confirma-tres-nuevos-casos-de-covid-19\\\/#primaryimage\"},\"thumbnailUrl\":\"https:\\\/\\\/digital58.com.ve\\\/site\\\/wp-content\\\/uploads\\\/2020\\\/03\\\/gobernadordebarinas.jpeg\",\"keywords\":[\"Argenis Ch\u00e1vez\",\"Barinas\",\"Coronavirus\",\"COVID-19\",\"Cuarentena Social\",\"Gobierno de Barinas\",\"Nacionales\",\"Pandemia\",\"Venezuela\"],\"articleSection\":[\"Salud\"],\"inLanguage\":\"es\",\"potentialAction\":[{\"@type\":\"CommentAction\",\"name\":\"Comment\",\"target\":[\"https:\\\/\\\/digital58.com.ve\\\/site\\\/2020\\\/03\\\/23\\\/gobierno-del-estado-barinas-confirma-tres-nuevos-casos-de-covid-19\\\/#respond\"]}]},{\"@type\":\"WebPage\",\"@id\":\"https:\\\/\\\/digital58.com.ve\\\/site\\\/2020\\\/03\\\/23\\\/gobierno-del-estado-barinas-confirma-tres-nuevos-casos-de-covid-19\\\/\",\"url\":\"https:\\\/\\\/digital58.com.ve\\\/site\\\/2020\\\/03\\\/23\\\/gobierno-del-estado-barinas-confirma-tres-nuevos-casos-de-covid-19\\\/\",\"name\":\"Gobierno del estado Barinas confirma tres nuevos casos de COVID-19\",\"isPartOf\":{\"@id\":\"https:\\\/\\\/digital58.com.ve\\\/site\\\/#website\"},\"primaryImageOfPage\":{\"@id\":\"https:\\\/\\\/digital58.com.ve\\\/site\\\/2020\\\/03\\\/23\\\/gobierno-del-estado-barinas-confirma-tres-nuevos-casos-de-covid-19\\\/#primaryimage\"},\"image\":{\"@id\":\"https:\\\/\\\/digital58.com.ve\\\/site\\\/2020\\\/03\\\/23\\\/gobierno-del-estado-barinas-confirma-tres-nuevos-casos-de-covid-19\\\/#primaryimage\"},\"thumbnailUrl\":\"https:\\\/\\\/digital58.com.ve\\\/site\\\/wp-content\\\/uploads\\\/2020\\\/03\\\/gobernadordebarinas.jpeg\",\"datePublished\":\"2020-03-23T23:32:23+00:00\",\"dateModified\":\"2020-03-23T23:32:47+00:00\",\"description\":\"Salud\",\"breadcrumb\":{\"@id\":\"https:\\\/\\\/digital58.com.ve\\\/site\\\/2020\\\/03\\\/23\\\/gobierno-del-estado-barinas-confirma-tres-nuevos-casos-de-covid-19\\\/#breadcrumb\"},\"inLanguage\":\"es\",\"potentialAction\":[{\"@type\":\"ReadAction\",\"target\":[\"https:\\\/\\\/digital58.com.ve\\\/site\\\/2020\\\/03\\\/23\\\/gobierno-del-estado-barinas-confirma-tres-nuevos-casos-de-covid-19\\\/\"]}]},{\"@type\":\"ImageObject\",\"inLanguage\":\"es\",\"@id\":\"https:\\\/\\\/digital58.com.ve\\\/site\\\/2020\\\/03\\\/23\\\/gobierno-del-estado-barinas-confirma-tres-nuevos-casos-de-covid-19\\\/#primaryimage\",\"url\":\"https:\\\/\\\/digital58.com.ve\\\/site\\\/wp-content\\\/uploads\\\/2020\\\/03\\\/gobernadordebarinas.jpeg\",\"contentUrl\":\"https:\\\/\\\/digital58.com.ve\\\/site\\\/wp-content\\\/uploads\\\/2020\\\/03\\\/gobernadordebarinas.jpeg\",\"width\":800,\"height\":517},{\"@type\":\"BreadcrumbList\",\"@id\":\"https:\\\/\\\/digital58.com.ve\\\/site\\\/2020\\\/03\\\/23\\\/gobierno-del-estado-barinas-confirma-tres-nuevos-casos-de-covid-19\\\/#breadcrumb\",\"itemListElement\":[{\"@type\":\"ListItem\",\"position\":1,\"name\":\"Home\",\"item\":\"https:\\\/\\\/digital58.com.ve\\\/site\\\/\"},{\"@type\":\"ListItem\",\"position\":2,\"name\":\"Gobierno del estado Barinas confirma tres nuevos casos de COVID-19\"}]},{\"@type\":\"WebSite\",\"@id\":\"https:\\\/\\\/digital58.com.ve\\\/site\\\/#website\",\"url\":\"https:\\\/\\\/digital58.com.ve\\\/site\\\/\",\"name\":\"Noticias Digital58\",\"description\":\"Portal de Noticias \u00a1Periodismo web de verdad! Lanzamiento web 22.11.2005 \\\/ Maracaibo, Venezuela\",\"publisher\":{\"@id\":\"https:\\\/\\\/digital58.com.ve\\\/site\\\/#\\\/schema\\\/person\\\/64d1c2e4d0d4fd1b849980c4331c2951\"},\"alternateName\":\"ND58\",\"potentialAction\":[{\"@type\":\"SearchAction\",\"target\":{\"@type\":\"EntryPoint\",\"urlTemplate\":\"https:\\\/\\\/digital58.com.ve\\\/site\\\/?s={search_term_string}\"},\"query-input\":{\"@type\":\"PropertyValueSpecification\",\"valueRequired\":true,\"valueName\":\"search_term_string\"}}],\"inLanguage\":\"es\"},{\"@type\":[\"Person\",\"Organization\"],\"@id\":\"https:\\\/\\\/digital58.com.ve\\\/site\\\/#\\\/schema\\\/person\\\/64d1c2e4d0d4fd1b849980c4331c2951\",\"name\":\"Villasmil Henry\",\"image\":{\"@type\":\"ImageObject\",\"inLanguage\":\"es\",\"@id\":\"https:\\\/\\\/secure.gravatar.com\\\/avatar\\\/bb0c4a2fcb7970138239f7e404ea75757b1b507b28b5ce4c53fbd62d797c5a7c?s=96&d=mm&r=g\",\"url\":\"https:\\\/\\\/secure.gravatar.com\\\/avatar\\\/bb0c4a2fcb7970138239f7e404ea75757b1b507b28b5ce4c53fbd62d797c5a7c?s=96&d=mm&r=g\",\"contentUrl\":\"https:\\\/\\\/secure.gravatar.com\\\/avatar\\\/bb0c4a2fcb7970138239f7e404ea75757b1b507b28b5ce4c53fbd62d797c5a7c?s=96&d=mm&r=g\",\"caption\":\"Villasmil Henry\"},\"logo\":{\"@id\":\"https:\\\/\\\/secure.gravatar.com\\\/avatar\\\/bb0c4a2fcb7970138239f7e404ea75757b1b507b28b5ce4c53fbd62d797c5a7c?s=96&d=mm&r=g\"},\"sameAs\":[\"http:\\\/\\\/www.henryvillasmil.com.ve\",\"https:\\\/\\\/www.instagram.com\\\/villasmilhfoto\\\/\",\"https:\\\/\\\/x.com\\\/https:\\\/\\\/twitter.com\\\/villasmilhfoto\"],\"url\":\"https:\\\/\\\/digital58.com.ve\\\/site\\\/author\\\/droopy_68\\\/\"}]}<\/script>\n<!-- \/ Yoast SEO plugin. -->","yoast_head_json":{"title":"Gobierno del estado Barinas confirma tres nuevos casos de COVID-19","description":"Salud","robots":{"index":"index","follow":"follow","max-snippet":"max-snippet:-1","max-image-preview":"max-image-preview:large","max-video-preview":"max-video-preview:-1"},"canonical":"https:\/\/digital58.com.ve\/site\/2020\/03\/23\/gobierno-del-estado-barinas-confirma-tres-nuevos-casos-de-covid-19\/","og_locale":"es_ES","og_type":"article","og_title":"Gobierno del estado Barinas confirma tres nuevos casos de COVID-19","og_description":"Salud","og_url":"https:\/\/digital58.com.ve\/site\/2020\/03\/23\/gobierno-del-estado-barinas-confirma-tres-nuevos-casos-de-covid-19\/","og_site_name":"Noticias Digital58","article_published_time":"2020-03-23T23:32:23+00:00","article_modified_time":"2020-03-23T23:32:47+00:00","og_image":[{"width":1024,"height":662,"url":"https:\/\/digital58.com.ve\/site\/wp-content\/uploads\/2020\/03\/gobernadordebarinas.jpeg","type":"image\/jpeg"}],"author":"Villasmil Henry","twitter_card":"summary_large_image","twitter_creator":"@https:\/\/twitter.com\/villasmilhfoto","twitter_site":"@villasmilhfoto","twitter_misc":{"Escrito por":"Villasmil Henry","Tiempo estimado de lectura":"1 minuto"},"schema":{"@context":"https:\/\/schema.org","@graph":[{"@type":"Article","@id":"https:\/\/digital58.com.ve\/site\/2020\/03\/23\/gobierno-del-estado-barinas-confirma-tres-nuevos-casos-de-covid-19\/#article","isPartOf":{"@id":"https:\/\/digital58.com.ve\/site\/2020\/03\/23\/gobierno-del-estado-barinas-confirma-tres-nuevos-casos-de-covid-19\/"},"author":{"name":"Villasmil Henry","@id":"https:\/\/digital58.com.ve\/site\/#\/schema\/person\/64d1c2e4d0d4fd1b849980c4331c2951"},"headline":"Gobierno del estado Barinas confirma tres nuevos casos de COVID-19","datePublished":"2020-03-23T23:32:23+00:00","dateModified":"2020-03-23T23:32:47+00:00","mainEntityOfPage":{"@id":"https:\/\/digital58.com.ve\/site\/2020\/03\/23\/gobierno-del-estado-barinas-confirma-tres-nuevos-casos-de-covid-19\/"},"wordCount":275,"commentCount":0,"publisher":{"@id":"https:\/\/digital58.com.ve\/site\/#\/schema\/person\/64d1c2e4d0d4fd1b849980c4331c2951"},"image":{"@id":"https:\/\/digital58.com.ve\/site\/2020\/03\/23\/gobierno-del-estado-barinas-confirma-tres-nuevos-casos-de-covid-19\/#primaryimage"},"thumbnailUrl":"https:\/\/digital58.com.ve\/site\/wp-content\/uploads\/2020\/03\/gobernadordebarinas.jpeg","keywords":["Argenis Ch\u00e1vez","Barinas","Coronavirus","COVID-19","Cuarentena Social","Gobierno de Barinas","Nacionales","Pandemia","Venezuela"],"articleSection":["Salud"],"inLanguage":"es","potentialAction":[{"@type":"CommentAction","name":"Comment","target":["https:\/\/digital58.com.ve\/site\/2020\/03\/23\/gobierno-del-estado-barinas-confirma-tres-nuevos-casos-de-covid-19\/#respond"]}]},{"@type":"WebPage","@id":"https:\/\/digital58.com.ve\/site\/2020\/03\/23\/gobierno-del-estado-barinas-confirma-tres-nuevos-casos-de-covid-19\/","url":"https:\/\/digital58.com.ve\/site\/2020\/03\/23\/gobierno-del-estado-barinas-confirma-tres-nuevos-casos-de-covid-19\/","name":"Gobierno del estado Barinas confirma tres nuevos casos de COVID-19","isPartOf":{"@id":"https:\/\/digital58.com.ve\/site\/#website"},"primaryImageOfPage":{"@id":"https:\/\/digital58.com.ve\/site\/2020\/03\/23\/gobierno-del-estado-barinas-confirma-tres-nuevos-casos-de-covid-19\/#primaryimage"},"image":{"@id":"https:\/\/digital58.com.ve\/site\/2020\/03\/23\/gobierno-del-estado-barinas-confirma-tres-nuevos-casos-de-covid-19\/#primaryimage"},"thumbnailUrl":"https:\/\/digital58.com.ve\/site\/wp-content\/uploads\/2020\/03\/gobernadordebarinas.jpeg","datePublished":"2020-03-23T23:32:23+00:00","dateModified":"2020-03-23T23:32:47+00:00","description":"Salud","breadcrumb":{"@id":"https:\/\/digital58.com.ve\/site\/2020\/03\/23\/gobierno-del-estado-barinas-confirma-tres-nuevos-casos-de-covid-19\/#breadcrumb"},"inLanguage":"es","potentialAction":[{"@type":"ReadAction","target":["https:\/\/digital58.com.ve\/site\/2020\/03\/23\/gobierno-del-estado-barinas-confirma-tres-nuevos-casos-de-covid-19\/"]}]},{"@type":"ImageObject","inLanguage":"es","@id":"https:\/\/digital58.com.ve\/site\/2020\/03\/23\/gobierno-del-estado-barinas-confirma-tres-nuevos-casos-de-covid-19\/#primaryimage","url":"https:\/\/digital58.com.ve\/site\/wp-content\/uploads\/2020\/03\/gobernadordebarinas.jpeg","contentUrl":"https:\/\/digital58.com.ve\/site\/wp-content\/uploads\/2020\/03\/gobernadordebarinas.jpeg","width":800,"height":517},{"@type":"BreadcrumbList","@id":"https:\/\/digital58.com.ve\/site\/2020\/03\/23\/gobierno-del-estado-barinas-confirma-tres-nuevos-casos-de-covid-19\/#breadcrumb","itemListElement":[{"@type":"ListItem","position":1,"name":"Home","item":"https:\/\/digital58.com.ve\/site\/"},{"@type":"ListItem","position":2,"name":"Gobierno del estado Barinas confirma tres nuevos casos de COVID-19"}]},{"@type":"WebSite","@id":"https:\/\/digital58.com.ve\/site\/#website","url":"https:\/\/digital58.com.ve\/site\/","name":"Noticias Digital58","description":"Portal de Noticias \u00a1Periodismo web de verdad! Lanzamiento web 22.11.2005 \/ Maracaibo, Venezuela","publisher":{"@id":"https:\/\/digital58.com.ve\/site\/#\/schema\/person\/64d1c2e4d0d4fd1b849980c4331c2951"},"alternateName":"ND58","potentialAction":[{"@type":"SearchAction","target":{"@type":"EntryPoint","urlTemplate":"https:\/\/digital58.com.ve\/site\/?s={search_term_string}"},"query-input":{"@type":"PropertyValueSpecification","valueRequired":true,"valueName":"search_term_string"}}],"inLanguage":"es"},{"@type":["Person","Organization"],"@id":"https:\/\/digital58.com.ve\/site\/#\/schema\/person\/64d1c2e4d0d4fd1b849980c4331c2951","name":"Villasmil Henry","image":{"@type":"ImageObject","inLanguage":"es","@id":"https:\/\/secure.gravatar.com\/avatar\/bb0c4a2fcb7970138239f7e404ea75757b1b507b28b5ce4c53fbd62d797c5a7c?s=96&d=mm&r=g","url":"https:\/\/secure.gravatar.com\/avatar\/bb0c4a2fcb7970138239f7e404ea75757b1b507b28b5ce4c53fbd62d797c5a7c?s=96&d=mm&r=g","contentUrl":"https:\/\/secure.gravatar.com\/avatar\/bb0c4a2fcb7970138239f7e404ea75757b1b507b28b5ce4c53fbd62d797c5a7c?s=96&d=mm&r=g","caption":"Villasmil Henry"},"logo":{"@id":"https:\/\/secure.gravatar.com\/avatar\/bb0c4a2fcb7970138239f7e404ea75757b1b507b28b5ce4c53fbd62d797c5a7c?s=96&d=mm&r=g"},"sameAs":["http:\/\/www.henryvillasmil.com.ve","https:\/\/www.instagram.com\/villasmilhfoto\/","https:\/\/x.com\/https:\/\/twitter.com\/villasmilhfoto"],"url":"https:\/\/digital58.com.ve\/site\/author\/droopy_68\/"}]}},"uagb_featured_image_src":{"full":["https:\/\/digital58.com.ve\/site\/wp-content\/uploads\/2020\/03\/gobernadordebarinas.jpeg",800,517,false],"thumbnail":["https:\/\/digital58.com.ve\/site\/wp-content\/uploads\/2020\/03\/gobernadordebarinas-150x150.jpeg",150,150,true],"medium":["https:\/\/digital58.com.ve\/site\/wp-content\/uploads\/2020\/03\/gobernadordebarinas-300x194.jpeg",300,194,true],"medium_large":["https:\/\/digital58.com.ve\/site\/wp-content\/uploads\/2020\/03\/gobernadordebarinas-768x497.jpeg",768,497,true],"large":["https:\/\/digital58.com.ve\/site\/wp-content\/uploads\/2020\/03\/gobernadordebarinas.jpeg",800,517,false],"1536x1536":["https:\/\/digital58.com.ve\/site\/wp-content\/uploads\/2020\/03\/gobernadordebarinas.jpeg",800,517,false],"2048x2048":["https:\/\/digital58.com.ve\/site\/wp-content\/uploads\/2020\/03\/gobernadordebarinas.jpeg",800,517,false],"colormag-highlighted-post":["https:\/\/digital58.com.ve\/site\/wp-content\/uploads\/2020\/03\/gobernadordebarinas.jpeg",392,253,false],"colormag-featured-post-medium":["https:\/\/digital58.com.ve\/site\/wp-content\/uploads\/2020\/03\/gobernadordebarinas.jpeg",317,205,false],"colormag-featured-post-small":["https:\/\/digital58.com.ve\/site\/wp-content\/uploads\/2020\/03\/gobernadordebarinas.jpeg",130,84,false],"colormag-featured-image":["https:\/\/digital58.com.ve\/site\/wp-content\/uploads\/2020\/03\/gobernadordebarinas.jpeg",689,445,false],"colormag-default-news":["https:\/\/digital58.com.ve\/site\/wp-content\/uploads\/2020\/03\/gobernadordebarinas.jpeg",150,97,false],"colormag-featured-image-large":["https:\/\/digital58.com.ve\/site\/wp-content\/uploads\/2020\/03\/gobernadordebarinas.jpeg",800,517,false]},"uagb_author_info":{"display_name":"Villasmil Henry","author_link":"https:\/\/digital58.com.ve\/site\/author\/droopy_68\/"},"uagb_comment_info":0,"uagb_excerpt":"A trav\u00e9s de su cuenta de Twitter el gobernador de la entidad llanera, Argenis Ch\u00e1vez, notific\u00f3 que tienen confirmaci\u00f3n de","_links":{"self":[{"href":"https:\/\/digital58.com.ve\/site\/wp-json\/wp\/v2\/posts\/94522","targetHints":{"allow":["GET"]}}],"collection":[{"href":"https:\/\/digital58.com.ve\/site\/wp-json\/wp\/v2\/posts"}],"about":[{"href":"https:\/\/digital58.com.ve\/site\/wp-json\/wp\/v2\/types\/post"}],"author":[{"embeddable":true,"href":"https:\/\/digital58.com.ve\/site\/wp-json\/wp\/v2\/users\/1"}],"replies":[{"embeddable":true,"href":"https:\/\/digital58.com.ve\/site\/wp-json\/wp\/v2\/comments?post=94522"}],"version-history":[{"count":0,"href":"https:\/\/digital58.com.ve\/site\/wp-json\/wp\/v2\/posts\/94522\/revisions"}],"wp:featuredmedia":[{"embeddable":true,"href":"https:\/\/digital58.com.ve\/site\/wp-json\/wp\/v2\/media\/94523"}],"wp:attachment":[{"href":"https:\/\/digital58.com.ve\/site\/wp-json\/wp\/v2\/media?parent=94522"}],"wp:term":[{"taxonomy":"category","embeddable":true,"href":"https:\/\/digital58.com.ve\/site\/wp-json\/wp\/v2\/categories?post=94522"},{"taxonomy":"post_tag","embeddable":true,"href":"https:\/\/digital58.com.ve\/site\/wp-json\/wp\/v2\/tags?post=94522"}],"curies":[{"name":"wp","href":"https:\/\/api.w.org\/{rel}","templated":true}]}}