{"id":94761,"date":"2020-03-28T23:57:37","date_gmt":"2020-03-29T03:57:37","guid":{"rendered":"https:\/\/digital58.com.ve\/site\/?p=94761"},"modified":"2020-03-28T23:57:37","modified_gmt":"2020-03-29T03:57:37","slug":"guaido-plantea-la-conformacion-de-un-gobierno-de-emergencia-nacional-para-salvar-al-pais-de-la-catastrofe-humanitaria","status":"publish","type":"post","link":"https:\/\/digital58.com.ve\/site\/2020\/03\/28\/guaido-plantea-la-conformacion-de-un-gobierno-de-emergencia-nacional-para-salvar-al-pais-de-la-catastrofe-humanitaria\/","title":{"rendered":"Guaid\u00f3 plantea la conformaci\u00f3n de un Gobierno de Emergencia Nacional para salvar al pa\u00eds de la cat\u00e1strofe humanitaria"},"content":{"rendered":"<p><a href=\"https:\/\/digital58.com.ve\/site\/wp-content\/uploads\/2020\/03\/guaid\u00f3-2.jpg\"><img loading=\"lazy\" decoding=\"async\" class=\"aligncenter size-full wp-image-94762\" src=\"https:\/\/digital58.com.ve\/site\/wp-content\/uploads\/2020\/03\/guaid\u00f3-2.jpg\" alt=\"\" width=\"1080\" height=\"720\" srcset=\"https:\/\/digital58.com.ve\/site\/wp-content\/uploads\/2020\/03\/guaid\u00f3-2.jpg 800w, https:\/\/digital58.com.ve\/site\/wp-content\/uploads\/2020\/03\/guaid\u00f3-2-300x200.jpg 300w, https:\/\/digital58.com.ve\/site\/wp-content\/uploads\/2020\/03\/guaid\u00f3-2-768x512.jpg 768w, https:\/\/digital58.com.ve\/site\/wp-content\/uploads\/2020\/03\/guaid\u00f3-2-720x480.jpg 720w, https:\/\/digital58.com.ve\/site\/wp-content\/uploads\/2020\/03\/guaid\u00f3-2-480x320.jpg 480w\" sizes=\"auto, (max-width: 1080px) 100vw, 1080px\" \/><\/a><\/p>\n<p>No hay m\u00e1s tiempo qu\u00e9 perder. Conformar un Gobierno de Emergencia Nacional para atender la pandemia del coronavirus en Venezuela y salvarla de una cat\u00e1strofe humanitaria sin precedentes, plante\u00f3 Juan Guaid\u00f3, presidente de la Asamblea Nacional <span class=\"st\">y en la actualidad reconocido por m\u00e1s de medio centenar de pa\u00edses como presidente \u00abinterino\u00bb de Venezuela.<\/span>Presidente (e).<\/p>\n<p><strong>Caracas, DC, Venezuela, 28 de marzo de 2020 (ND58).-<\/strong> A trav\u00e9s de un video difundido en sus redes sociales este s\u00e1bado en horas de la noche, inform\u00f3 a los venezolanos que tal propuesta surge de la necesidad urgente e impostergable de actuar de manera inmediata para ejecutar acciones dirigidas a tratar el COVID-19 que unido a la Emergencia Humanitaria Compleja, podr\u00edan dejar consecuencias inimaginables en la naci\u00f3n.<\/p>\n<p>\u00abTras mucho meditar y tras diversas conversaciones con nuestros aliados, ha llegado el momento de plantear la necesidad de conformar un Gobierno de Emergencia Nacional que pueda implementar el Plan Jos\u00e9 Mar\u00eda Vargas y salvar a Venezuela\u00bb.<\/p>\n<p>Refiri\u00f3 que tal Gobierno de Emergencia Nacional \u00abpor razones obvias\u00bb, no podr\u00e1 estar ser encabezado \u00abpor alguien acusado de narcotr\u00e1fico\u00bb, pero tampoco, ni \u00fanicamente por las fuerzas de oposici\u00f3n al r\u00e9gimen.<\/p>\n<p>Explic\u00f3 el Presidente encargado de Venezuela que su planteamiento en concreto se basa en:<\/p>\n<p>Instalar un Gobierno de Emergencia Nacional que incluya a todos los sectores pol\u00edticos del pa\u00eds. Este Gobierno de Emergencia delegar\u00e1 en el Consejo de Estado paritario las decisiones fundamentales en manejo del Estado, atenci\u00f3n de la emergencia, estabilidad y reconciliaci\u00f3n del pa\u00eds.<\/p>\n<p>Abrir un canal humanitario que permita la entrada inmediata de la ayuda internacional.<\/p>\n<p>La solicitud de un pr\u00e9stamo inicial de mil 200 millones de d\u00f3lares para atender la emergencia y asignar recursos directos a cada familia que depende del d\u00eda a d\u00eda, iniciando por los m\u00e1s vulnerables. Las gestiones que se han adelantado permiten afirmar que esto es absolutamente posible si se conforma un Gobierno de Emergencia Nacional.<\/p>\n<p>La aprobaci\u00f3n en la Asamblea Nacional de una nueva Ley de Garant\u00edas, Estabilizaci\u00f3n Democr\u00e1tica y Reconciliaci\u00f3n Nacional, que no incluye la violaci\u00f3n a los derechos humanos.<\/p>\n<p>\u00abA quienes me apoyan y han apoyado en este camino, debo decirles que debemos ser realistas: para que sea posible y para que sea sostenible, un Gobierno de Emergencia Nacional no puede estar conformado s\u00f3lo por quienes piensan como nosotros. Y tampoco puede estar conformado s\u00f3lo por nosotros y quienes hoy sostienen a la dictadura; debe ser amplio e incluir a todos los sectores pol\u00edticos y sociales necesarios para afrontar esta grave emergencia que se nos viene\u00bb.<\/p>\n<p><strong>Participaci\u00f3n de todos<\/strong><\/p>\n<p>En su mensaje a los venezolanos y al mundo, Juan Guaid\u00f3, hizo un llamado a todos los sectores del pa\u00eds, y a la comunidad internacional a apoyar la propuesta de la conformaci\u00f3n del Gobierno Nacional de Emergencia, con el \u00fanico objetivo de salvar el pa\u00eds.<\/p>\n<p>\u00abLa Fuerza Armada debe poner su poder al servicio del pueblo y garantizar la estabilidad del pa\u00eds; los actores pol\u00edticos que hacen vida en el Estado deben poner sus recursos pol\u00edticos para la gobernabilidad y reconciliaci\u00f3n del pa\u00eds, y la comunidad internacional respaldar las intermediaciones, ser el garante de las condiciones que sean necesarias as\u00ed como del apoyo financiero, pol\u00edtico y humanitario que necesitemos\u00bb.<\/p>\n<p>Dijo que: \u00ablo m\u00e1s f\u00e1cil ser\u00eda que el \u00abdictador\u00bb acepte los t\u00e9rminos que s\u00f3lo quienes lo sostienen y nuestros aliados internacionales pueden plantearle, pero de no ser posible, no podemos resignarnos a que todo un pa\u00eds sufra miles de muertes por el ego\u00edsmo y soberbia de un hombre en el poder\u00bb.<\/p>\n<p>Enfatiz\u00f3 Guaid\u00f3 en que su llamado es \u00abmuy claro\u00bb a quienes hoy pueden lograr que se haga realidad, o sea, a las fuerzas pol\u00edticas y militares que hoy mantienen el control del Estado.<\/p>\n<p>\u00abDe no hacerlo, estar\u00edan condenando a todo nuestro pa\u00eds, incluidos ustedes y sus familias, y no dej\u00e1ndonos otra opci\u00f3n que culminar en una cat\u00e1strofe humanitaria. Todo esto es posible, tenemos antecedentes hist\u00f3rico en nuestro pa\u00eds, como en el a\u00f1o 1958, as\u00ed como en la regi\u00f3n. Hemos desarrollado las capacidades, tenemos un plan y una estrategia para salvar a los millones de venezolanos. El momento es ahora\u00bb.<\/p>\n<p><strong>Plan Jos\u00e9 Mar\u00eda Vargas<\/strong><\/p>\n<p>Como \u00abPlan Jos\u00e9 Mar\u00eda Vargas\u00bb, en honor al m\u00e9dico cirujano y primer Presidente civil de Venezuela; fue denominado el conjunto de \u00abmedidas urgentes\u00bb, que deben tomarse para enfrentar la pandemia en el pa\u00eds.<\/p>\n<p>\u00abTengo en mis manos el Informe que nuestros m\u00e9dicos y expertos realizaron sobre el impacto que el coronavirus tendr\u00e1 en nuestro pa\u00eds, as\u00ed como las medidas urgentes que debemos tomar para enfrentar la pandemia, lo hemos denominado Jos\u00e9 Mar\u00eda Vargas. Los resultados de este Informe son bastante preocupantes, pero yo he asumido el compromiso de hablarles siempre con la verdad, por m\u00e1s dura que sea\u00bb.<\/p>\n<p>Inform\u00f3 que \u00ablamentablemente\u00bb todo apunta a que la situaci\u00f3n del COVID-19 en la naci\u00f3n \u00abse va a agravar\u00bb debido a la Emergencia Humanitaria Compleja y la destrucci\u00f3n de la Industria petrolera.<\/p>\n<p>Dijo Guaid\u00f3 que: \u00aben las pr\u00f3ximas semanas, Venezuela podr\u00eda ser el pa\u00eds con m\u00e1s infectados de la regi\u00f3n. La dictadura jam\u00e1s lo va a reconocer, y buscar\u00e1n ocultar cifras, la tasa de contagio, los enfermos graves y los problemas que enfrentamos podr\u00edan ser mucho mayores por la escasez de agua, gasolina, comida, gas o luz\u00bb.<\/p>\n<p>Sobre el Plan \u00abJos\u00e9 Mar\u00eda Vargas\u00bb dijo que plantea esencialmente la entrada de insumos para los m\u00e9dicos, enfermeras, y hospitales; la llegada de la ayuda alimentaria y la asignaci\u00f3n directa de dinero para las familias que dependen del d\u00eda a d\u00eda puedan permanecer en sus casas, empezando con los sectores m\u00e1s vulnerables.<\/p>\n<p>Tambi\u00e9n establece la construcci\u00f3n de pozos subterr\u00e1neos para abastecer de agua a los hospitales, pero sobre todo, el Plan incluye la necesidad de solicitar en una primera instancia mil 200 millones de d\u00f3lares a los organismos financieros internacionales para poder hacer lo que realmente puede evitar que hayan m\u00e1s muertes en el pa\u00eds.<\/p>\n<p>\u00abNo es opci\u00f3n decidirnos entre morir del virus o de hambre, debemos vivir con dignidad. Todos rogamos que ese escenario no llegue, que se descubra el tratamientos a tiempo y que la vacuna llegue antes de que esto sea demasiado tarde, pero lo responsable es prepararnos para afrontar esta realidad para mitigar su impacto. Esto debe llenarnos de profunda preocupaci\u00f3n, y entender que no se tratan de n\u00fameros, si no de seres humanos\u00bb.<\/p>\n<p><strong>No es pugna por el poder<\/strong><\/p>\n<p>Guaid\u00f3, en su mensaje, insisti\u00f3 en decir que el planteamiento de soluciones para atender la emergencia en el pa\u00eds \u00abno se trata de un tema pol\u00edtico, ni de una pugna por el poder\u00bb, sino de un tema humanitario.<\/p>\n<p>\u00abLos que rodean a Maduro deben entender la gravedad de las acusaciones (en referencia a las hechas por el Departamento de Estado de EEUU el pasado jueves 26 de marzo), y que es absolutamente imposible que bajo su usurpaci\u00f3n exista ning\u00fan tipo de soluci\u00f3n para el pa\u00eds o nuestras familias, sus familias. Esto no es un tema pol\u00edtico, ni de pugna por el poder, es un tema humanitario en el que est\u00e1 involucrada la justicia internacional\u00bb.<\/p>\n<p>Dijo que el Gobierno encargado que preside pone la legitimidad, el respaldo popular, y la articulaci\u00f3n internacional para tener acceso a financiamiento y ayuda internacional, y que adem\u00e1s garantiza que se cumplir\u00e1n con todas las obligaciones que han sido contra\u00eddas con otras naciones, indistintamente de su posici\u00f3n pol\u00edtica.<\/p>\n<p>\u00abNecesitamos todos, asumir ya que todo eso s\u00f3lo ser\u00e1 posible si el Sr. Nicol\u00e1s Maduro, quien no es reconocido por el mundo ni las multilaterales, continua usurpando funciones y negando la realidad en la que se encuentra producto de sus errores y soberbia\u00bb.<\/p>\n<p>Sentenci\u00f3: \u00abesto no es un tema pol\u00edtico, esto no es una opini\u00f3n de Juan Guaid\u00f3, es una realidad incuestionable: para evitar muertes necesitamos millones de d\u00f3lares en financiamiento internacional que nadie dar\u00e1 a una persona que es desconocido por el mundo y est\u00e1 acusado judicialmente por cargos de narcotr\u00e1fico y terrorismo internacional\u00bb.<\/p>\n<p>En su mensaje, Juan Guaid\u00f3 aprovech\u00f3 para enviar sus palabras de aliento y solidaridad los familiares de los fallecidos por la pandemia en Venezuela.<\/p><div class=\"nxrpl69f1d6a8e084e\" ><p style=\"text-align: center;\"><a href=\"https:\/\/t.me\/noticiasdigital58\" target=\"_blank\" rel=\"noopener\"><img class=\"aligncenter size-full wp-image-125363\" src=\"https:\/\/digital58.com.ve\/site\/wp-content\/uploads\/2021\/04\/banner-telegram-web-2021.png\" alt=\"\" width=\"600\" height=\"90\" \/><\/a><\/p><\/div><style type=\"text\/css\">\r\n@media screen and (min-width: 1201px) {\r\n.nxrpl69f1d6a8e084e {\r\ndisplay: block;\r\n}\r\n}\r\n@media screen and (min-width: 993px) and (max-width: 1200px) {\r\n.nxrpl69f1d6a8e084e {\r\ndisplay: block;\r\n}\r\n}\r\n@media screen and (min-width: 769px) and (max-width: 992px) {\r\n.nxrpl69f1d6a8e084e {\r\ndisplay: block;\r\n}\r\n}\r\n@media screen and (min-width: 768px) and (max-width: 768px) {\r\n.nxrpl69f1d6a8e084e {\r\ndisplay: block;\r\n}\r\n}\r\n@media screen and (max-width: 767px) {\r\n.nxrpl69f1d6a8e084e {\r\ndisplay: block;\r\n}\r\n}\r\n<\/style>\r\n\n<p><strong>Redacci\u00f3n: Dariana Bracho \/ Servicio de Informaci\u00f3n Venezuela<\/strong><br \/>\n<strong>Edici\u00f3n: Villasmil, Henry<\/strong><br \/>\n<strong>Gr\u00e1fica: cortes\u00eda<\/strong><\/p>\n<div style=\"margin-top: 0px; margin-bottom: 0px;\" class=\"sharethis-inline-share-buttons\" ><\/div>","protected":false},"excerpt":{"rendered":"<p>No hay m\u00e1s tiempo qu\u00e9 perder. Conformar un Gobierno de Emergencia Nacional para atender la pandemia del coronavirus en Venezuela<\/p>\n","protected":false},"author":1,"featured_media":94762,"comment_status":"open","ping_status":"closed","sticky":false,"template":"","format":"standard","meta":{"colormag_page_container_layout":"default_layout","colormag_page_sidebar_layout":"default_layout","_uag_custom_page_level_css":"","footnotes":""},"categories":[8610],"tags":[29,13352,13648,13194,11949,233,13723,32],"class_list":["post-94761","post","type-post","status-publish","format-standard","has-post-thumbnail","hentry","category-politica","tag-caracas","tag-coronavirus","tag-covid-19","tag-crisis-venezuela","tag-juan-guaido","tag-nacionales","tag-pandemia","tag-venezuela"],"yoast_head":"<!-- This site is optimized with the Yoast SEO plugin v27.5 - https:\/\/yoast.com\/product\/yoast-seo-wordpress\/ -->\n<title>Guaid\u00f3 plantea la conformaci\u00f3n de un Gobierno de Emergencia Nacional para salvar al pa\u00eds de la cat\u00e1strofe humanitaria<\/title>\n<meta name=\"description\" content=\"Pol\u00edtica\" \/>\n<meta name=\"robots\" content=\"index, follow, max-snippet:-1, max-image-preview:large, max-video-preview:-1\" \/>\n<link rel=\"canonical\" href=\"https:\/\/digital58.com.ve\/site\/2020\/03\/28\/guaido-plantea-la-conformacion-de-un-gobierno-de-emergencia-nacional-para-salvar-al-pais-de-la-catastrofe-humanitaria\/\" \/>\n<meta property=\"og:locale\" content=\"es_ES\" \/>\n<meta property=\"og:type\" content=\"article\" \/>\n<meta property=\"og:title\" content=\"Guaid\u00f3 plantea la conformaci\u00f3n de un Gobierno de Emergencia Nacional para salvar al pa\u00eds de la cat\u00e1strofe humanitaria\" \/>\n<meta property=\"og:description\" content=\"Pol\u00edtica\" \/>\n<meta property=\"og:url\" content=\"https:\/\/digital58.com.ve\/site\/2020\/03\/28\/guaido-plantea-la-conformacion-de-un-gobierno-de-emergencia-nacional-para-salvar-al-pais-de-la-catastrofe-humanitaria\/\" \/>\n<meta property=\"og:site_name\" content=\"Noticias Digital58\" \/>\n<meta property=\"article:published_time\" content=\"2020-03-29T03:57:37+00:00\" \/>\n<meta property=\"og:image\" content=\"https:\/\/digital58.com.ve\/site\/wp-content\/uploads\/2020\/03\/guaid\u00f3-2.jpg\" \/>\n\t<meta property=\"og:image:width\" content=\"1080\" \/>\n\t<meta property=\"og:image:height\" content=\"720\" \/>\n\t<meta property=\"og:image:type\" content=\"image\/jpeg\" \/>\n<meta name=\"author\" content=\"Villasmil Henry\" \/>\n<meta name=\"twitter:card\" content=\"summary_large_image\" \/>\n<meta name=\"twitter:creator\" content=\"@https:\/\/twitter.com\/villasmilhfoto\" \/>\n<meta name=\"twitter:site\" content=\"@villasmilhfoto\" \/>\n<meta name=\"twitter:label1\" content=\"Escrito por\" \/>\n\t<meta name=\"twitter:data1\" content=\"Villasmil Henry\" \/>\n\t<meta name=\"twitter:label2\" content=\"Tiempo estimado de lectura\" \/>\n\t<meta name=\"twitter:data2\" content=\"7 minutos\" \/>\n<script type=\"application\/ld+json\" class=\"yoast-schema-graph\">{\"@context\":\"https:\\\/\\\/schema.org\",\"@graph\":[{\"@type\":\"Article\",\"@id\":\"https:\\\/\\\/digital58.com.ve\\\/site\\\/2020\\\/03\\\/28\\\/guaido-plantea-la-conformacion-de-un-gobierno-de-emergencia-nacional-para-salvar-al-pais-de-la-catastrofe-humanitaria\\\/#article\",\"isPartOf\":{\"@id\":\"https:\\\/\\\/digital58.com.ve\\\/site\\\/2020\\\/03\\\/28\\\/guaido-plantea-la-conformacion-de-un-gobierno-de-emergencia-nacional-para-salvar-al-pais-de-la-catastrofe-humanitaria\\\/\"},\"author\":{\"name\":\"Villasmil Henry\",\"@id\":\"https:\\\/\\\/digital58.com.ve\\\/site\\\/#\\\/schema\\\/person\\\/64d1c2e4d0d4fd1b849980c4331c2951\"},\"headline\":\"Guaid\u00f3 plantea la conformaci\u00f3n de un Gobierno de Emergencia Nacional para salvar al pa\u00eds de la cat\u00e1strofe humanitaria\",\"datePublished\":\"2020-03-29T03:57:37+00:00\",\"mainEntityOfPage\":{\"@id\":\"https:\\\/\\\/digital58.com.ve\\\/site\\\/2020\\\/03\\\/28\\\/guaido-plantea-la-conformacion-de-un-gobierno-de-emergencia-nacional-para-salvar-al-pais-de-la-catastrofe-humanitaria\\\/\"},\"wordCount\":1476,\"commentCount\":0,\"publisher\":{\"@id\":\"https:\\\/\\\/digital58.com.ve\\\/site\\\/#\\\/schema\\\/person\\\/64d1c2e4d0d4fd1b849980c4331c2951\"},\"image\":{\"@id\":\"https:\\\/\\\/digital58.com.ve\\\/site\\\/2020\\\/03\\\/28\\\/guaido-plantea-la-conformacion-de-un-gobierno-de-emergencia-nacional-para-salvar-al-pais-de-la-catastrofe-humanitaria\\\/#primaryimage\"},\"thumbnailUrl\":\"https:\\\/\\\/digital58.com.ve\\\/site\\\/wp-content\\\/uploads\\\/2020\\\/03\\\/guaid\u00f3-2.jpg\",\"keywords\":[\"Caracas\",\"Coronavirus\",\"COVID-19\",\"Cr\u00edsis Venezuela\",\"Juan Guaid\u00f3\",\"Nacionales\",\"Pandemia\",\"Venezuela\"],\"articleSection\":[\"Pol\u00edtica\"],\"inLanguage\":\"es\",\"potentialAction\":[{\"@type\":\"CommentAction\",\"name\":\"Comment\",\"target\":[\"https:\\\/\\\/digital58.com.ve\\\/site\\\/2020\\\/03\\\/28\\\/guaido-plantea-la-conformacion-de-un-gobierno-de-emergencia-nacional-para-salvar-al-pais-de-la-catastrofe-humanitaria\\\/#respond\"]}]},{\"@type\":\"WebPage\",\"@id\":\"https:\\\/\\\/digital58.com.ve\\\/site\\\/2020\\\/03\\\/28\\\/guaido-plantea-la-conformacion-de-un-gobierno-de-emergencia-nacional-para-salvar-al-pais-de-la-catastrofe-humanitaria\\\/\",\"url\":\"https:\\\/\\\/digital58.com.ve\\\/site\\\/2020\\\/03\\\/28\\\/guaido-plantea-la-conformacion-de-un-gobierno-de-emergencia-nacional-para-salvar-al-pais-de-la-catastrofe-humanitaria\\\/\",\"name\":\"Guaid\u00f3 plantea la conformaci\u00f3n de un Gobierno de Emergencia Nacional para salvar al pa\u00eds de la cat\u00e1strofe humanitaria\",\"isPartOf\":{\"@id\":\"https:\\\/\\\/digital58.com.ve\\\/site\\\/#website\"},\"primaryImageOfPage\":{\"@id\":\"https:\\\/\\\/digital58.com.ve\\\/site\\\/2020\\\/03\\\/28\\\/guaido-plantea-la-conformacion-de-un-gobierno-de-emergencia-nacional-para-salvar-al-pais-de-la-catastrofe-humanitaria\\\/#primaryimage\"},\"image\":{\"@id\":\"https:\\\/\\\/digital58.com.ve\\\/site\\\/2020\\\/03\\\/28\\\/guaido-plantea-la-conformacion-de-un-gobierno-de-emergencia-nacional-para-salvar-al-pais-de-la-catastrofe-humanitaria\\\/#primaryimage\"},\"thumbnailUrl\":\"https:\\\/\\\/digital58.com.ve\\\/site\\\/wp-content\\\/uploads\\\/2020\\\/03\\\/guaid\u00f3-2.jpg\",\"datePublished\":\"2020-03-29T03:57:37+00:00\",\"description\":\"Pol\u00edtica\",\"breadcrumb\":{\"@id\":\"https:\\\/\\\/digital58.com.ve\\\/site\\\/2020\\\/03\\\/28\\\/guaido-plantea-la-conformacion-de-un-gobierno-de-emergencia-nacional-para-salvar-al-pais-de-la-catastrofe-humanitaria\\\/#breadcrumb\"},\"inLanguage\":\"es\",\"potentialAction\":[{\"@type\":\"ReadAction\",\"target\":[\"https:\\\/\\\/digital58.com.ve\\\/site\\\/2020\\\/03\\\/28\\\/guaido-plantea-la-conformacion-de-un-gobierno-de-emergencia-nacional-para-salvar-al-pais-de-la-catastrofe-humanitaria\\\/\"]}]},{\"@type\":\"ImageObject\",\"inLanguage\":\"es\",\"@id\":\"https:\\\/\\\/digital58.com.ve\\\/site\\\/2020\\\/03\\\/28\\\/guaido-plantea-la-conformacion-de-un-gobierno-de-emergencia-nacional-para-salvar-al-pais-de-la-catastrofe-humanitaria\\\/#primaryimage\",\"url\":\"https:\\\/\\\/digital58.com.ve\\\/site\\\/wp-content\\\/uploads\\\/2020\\\/03\\\/guaid\u00f3-2.jpg\",\"contentUrl\":\"https:\\\/\\\/digital58.com.ve\\\/site\\\/wp-content\\\/uploads\\\/2020\\\/03\\\/guaid\u00f3-2.jpg\",\"width\":800,\"height\":533},{\"@type\":\"BreadcrumbList\",\"@id\":\"https:\\\/\\\/digital58.com.ve\\\/site\\\/2020\\\/03\\\/28\\\/guaido-plantea-la-conformacion-de-un-gobierno-de-emergencia-nacional-para-salvar-al-pais-de-la-catastrofe-humanitaria\\\/#breadcrumb\",\"itemListElement\":[{\"@type\":\"ListItem\",\"position\":1,\"name\":\"Home\",\"item\":\"https:\\\/\\\/digital58.com.ve\\\/site\\\/\"},{\"@type\":\"ListItem\",\"position\":2,\"name\":\"Guaid\u00f3 plantea la conformaci\u00f3n de un Gobierno de Emergencia Nacional para salvar al pa\u00eds de la cat\u00e1strofe humanitaria\"}]},{\"@type\":\"WebSite\",\"@id\":\"https:\\\/\\\/digital58.com.ve\\\/site\\\/#website\",\"url\":\"https:\\\/\\\/digital58.com.ve\\\/site\\\/\",\"name\":\"Noticias Digital58\",\"description\":\"Portal de Noticias \u00a1Periodismo web de verdad! Lanzamiento web 22.11.2005 \\\/ Maracaibo, Venezuela\",\"publisher\":{\"@id\":\"https:\\\/\\\/digital58.com.ve\\\/site\\\/#\\\/schema\\\/person\\\/64d1c2e4d0d4fd1b849980c4331c2951\"},\"alternateName\":\"ND58\",\"potentialAction\":[{\"@type\":\"SearchAction\",\"target\":{\"@type\":\"EntryPoint\",\"urlTemplate\":\"https:\\\/\\\/digital58.com.ve\\\/site\\\/?s={search_term_string}\"},\"query-input\":{\"@type\":\"PropertyValueSpecification\",\"valueRequired\":true,\"valueName\":\"search_term_string\"}}],\"inLanguage\":\"es\"},{\"@type\":[\"Person\",\"Organization\"],\"@id\":\"https:\\\/\\\/digital58.com.ve\\\/site\\\/#\\\/schema\\\/person\\\/64d1c2e4d0d4fd1b849980c4331c2951\",\"name\":\"Villasmil Henry\",\"image\":{\"@type\":\"ImageObject\",\"inLanguage\":\"es\",\"@id\":\"https:\\\/\\\/secure.gravatar.com\\\/avatar\\\/bb0c4a2fcb7970138239f7e404ea75757b1b507b28b5ce4c53fbd62d797c5a7c?s=96&d=mm&r=g\",\"url\":\"https:\\\/\\\/secure.gravatar.com\\\/avatar\\\/bb0c4a2fcb7970138239f7e404ea75757b1b507b28b5ce4c53fbd62d797c5a7c?s=96&d=mm&r=g\",\"contentUrl\":\"https:\\\/\\\/secure.gravatar.com\\\/avatar\\\/bb0c4a2fcb7970138239f7e404ea75757b1b507b28b5ce4c53fbd62d797c5a7c?s=96&d=mm&r=g\",\"caption\":\"Villasmil Henry\"},\"logo\":{\"@id\":\"https:\\\/\\\/secure.gravatar.com\\\/avatar\\\/bb0c4a2fcb7970138239f7e404ea75757b1b507b28b5ce4c53fbd62d797c5a7c?s=96&d=mm&r=g\"},\"sameAs\":[\"http:\\\/\\\/www.henryvillasmil.com.ve\",\"https:\\\/\\\/www.instagram.com\\\/villasmilhfoto\\\/\",\"https:\\\/\\\/x.com\\\/https:\\\/\\\/twitter.com\\\/villasmilhfoto\"],\"url\":\"https:\\\/\\\/digital58.com.ve\\\/site\\\/author\\\/droopy_68\\\/\"}]}<\/script>\n<!-- \/ Yoast SEO plugin. -->","yoast_head_json":{"title":"Guaid\u00f3 plantea la conformaci\u00f3n de un Gobierno de Emergencia Nacional para salvar al pa\u00eds de la cat\u00e1strofe humanitaria","description":"Pol\u00edtica","robots":{"index":"index","follow":"follow","max-snippet":"max-snippet:-1","max-image-preview":"max-image-preview:large","max-video-preview":"max-video-preview:-1"},"canonical":"https:\/\/digital58.com.ve\/site\/2020\/03\/28\/guaido-plantea-la-conformacion-de-un-gobierno-de-emergencia-nacional-para-salvar-al-pais-de-la-catastrofe-humanitaria\/","og_locale":"es_ES","og_type":"article","og_title":"Guaid\u00f3 plantea la conformaci\u00f3n de un Gobierno de Emergencia Nacional para salvar al pa\u00eds de la cat\u00e1strofe humanitaria","og_description":"Pol\u00edtica","og_url":"https:\/\/digital58.com.ve\/site\/2020\/03\/28\/guaido-plantea-la-conformacion-de-un-gobierno-de-emergencia-nacional-para-salvar-al-pais-de-la-catastrofe-humanitaria\/","og_site_name":"Noticias Digital58","article_published_time":"2020-03-29T03:57:37+00:00","og_image":[{"width":1080,"height":720,"url":"https:\/\/digital58.com.ve\/site\/wp-content\/uploads\/2020\/03\/guaid\u00f3-2.jpg","type":"image\/jpeg"}],"author":"Villasmil Henry","twitter_card":"summary_large_image","twitter_creator":"@https:\/\/twitter.com\/villasmilhfoto","twitter_site":"@villasmilhfoto","twitter_misc":{"Escrito por":"Villasmil Henry","Tiempo estimado de lectura":"7 minutos"},"schema":{"@context":"https:\/\/schema.org","@graph":[{"@type":"Article","@id":"https:\/\/digital58.com.ve\/site\/2020\/03\/28\/guaido-plantea-la-conformacion-de-un-gobierno-de-emergencia-nacional-para-salvar-al-pais-de-la-catastrofe-humanitaria\/#article","isPartOf":{"@id":"https:\/\/digital58.com.ve\/site\/2020\/03\/28\/guaido-plantea-la-conformacion-de-un-gobierno-de-emergencia-nacional-para-salvar-al-pais-de-la-catastrofe-humanitaria\/"},"author":{"name":"Villasmil Henry","@id":"https:\/\/digital58.com.ve\/site\/#\/schema\/person\/64d1c2e4d0d4fd1b849980c4331c2951"},"headline":"Guaid\u00f3 plantea la conformaci\u00f3n de un Gobierno de Emergencia Nacional para salvar al pa\u00eds de la cat\u00e1strofe humanitaria","datePublished":"2020-03-29T03:57:37+00:00","mainEntityOfPage":{"@id":"https:\/\/digital58.com.ve\/site\/2020\/03\/28\/guaido-plantea-la-conformacion-de-un-gobierno-de-emergencia-nacional-para-salvar-al-pais-de-la-catastrofe-humanitaria\/"},"wordCount":1476,"commentCount":0,"publisher":{"@id":"https:\/\/digital58.com.ve\/site\/#\/schema\/person\/64d1c2e4d0d4fd1b849980c4331c2951"},"image":{"@id":"https:\/\/digital58.com.ve\/site\/2020\/03\/28\/guaido-plantea-la-conformacion-de-un-gobierno-de-emergencia-nacional-para-salvar-al-pais-de-la-catastrofe-humanitaria\/#primaryimage"},"thumbnailUrl":"https:\/\/digital58.com.ve\/site\/wp-content\/uploads\/2020\/03\/guaid\u00f3-2.jpg","keywords":["Caracas","Coronavirus","COVID-19","Cr\u00edsis Venezuela","Juan Guaid\u00f3","Nacionales","Pandemia","Venezuela"],"articleSection":["Pol\u00edtica"],"inLanguage":"es","potentialAction":[{"@type":"CommentAction","name":"Comment","target":["https:\/\/digital58.com.ve\/site\/2020\/03\/28\/guaido-plantea-la-conformacion-de-un-gobierno-de-emergencia-nacional-para-salvar-al-pais-de-la-catastrofe-humanitaria\/#respond"]}]},{"@type":"WebPage","@id":"https:\/\/digital58.com.ve\/site\/2020\/03\/28\/guaido-plantea-la-conformacion-de-un-gobierno-de-emergencia-nacional-para-salvar-al-pais-de-la-catastrofe-humanitaria\/","url":"https:\/\/digital58.com.ve\/site\/2020\/03\/28\/guaido-plantea-la-conformacion-de-un-gobierno-de-emergencia-nacional-para-salvar-al-pais-de-la-catastrofe-humanitaria\/","name":"Guaid\u00f3 plantea la conformaci\u00f3n de un Gobierno de Emergencia Nacional para salvar al pa\u00eds de la cat\u00e1strofe humanitaria","isPartOf":{"@id":"https:\/\/digital58.com.ve\/site\/#website"},"primaryImageOfPage":{"@id":"https:\/\/digital58.com.ve\/site\/2020\/03\/28\/guaido-plantea-la-conformacion-de-un-gobierno-de-emergencia-nacional-para-salvar-al-pais-de-la-catastrofe-humanitaria\/#primaryimage"},"image":{"@id":"https:\/\/digital58.com.ve\/site\/2020\/03\/28\/guaido-plantea-la-conformacion-de-un-gobierno-de-emergencia-nacional-para-salvar-al-pais-de-la-catastrofe-humanitaria\/#primaryimage"},"thumbnailUrl":"https:\/\/digital58.com.ve\/site\/wp-content\/uploads\/2020\/03\/guaid\u00f3-2.jpg","datePublished":"2020-03-29T03:57:37+00:00","description":"Pol\u00edtica","breadcrumb":{"@id":"https:\/\/digital58.com.ve\/site\/2020\/03\/28\/guaido-plantea-la-conformacion-de-un-gobierno-de-emergencia-nacional-para-salvar-al-pais-de-la-catastrofe-humanitaria\/#breadcrumb"},"inLanguage":"es","potentialAction":[{"@type":"ReadAction","target":["https:\/\/digital58.com.ve\/site\/2020\/03\/28\/guaido-plantea-la-conformacion-de-un-gobierno-de-emergencia-nacional-para-salvar-al-pais-de-la-catastrofe-humanitaria\/"]}]},{"@type":"ImageObject","inLanguage":"es","@id":"https:\/\/digital58.com.ve\/site\/2020\/03\/28\/guaido-plantea-la-conformacion-de-un-gobierno-de-emergencia-nacional-para-salvar-al-pais-de-la-catastrofe-humanitaria\/#primaryimage","url":"https:\/\/digital58.com.ve\/site\/wp-content\/uploads\/2020\/03\/guaid\u00f3-2.jpg","contentUrl":"https:\/\/digital58.com.ve\/site\/wp-content\/uploads\/2020\/03\/guaid\u00f3-2.jpg","width":800,"height":533},{"@type":"BreadcrumbList","@id":"https:\/\/digital58.com.ve\/site\/2020\/03\/28\/guaido-plantea-la-conformacion-de-un-gobierno-de-emergencia-nacional-para-salvar-al-pais-de-la-catastrofe-humanitaria\/#breadcrumb","itemListElement":[{"@type":"ListItem","position":1,"name":"Home","item":"https:\/\/digital58.com.ve\/site\/"},{"@type":"ListItem","position":2,"name":"Guaid\u00f3 plantea la conformaci\u00f3n de un Gobierno de Emergencia Nacional para salvar al pa\u00eds de la cat\u00e1strofe humanitaria"}]},{"@type":"WebSite","@id":"https:\/\/digital58.com.ve\/site\/#website","url":"https:\/\/digital58.com.ve\/site\/","name":"Noticias Digital58","description":"Portal de Noticias \u00a1Periodismo web de verdad! Lanzamiento web 22.11.2005 \/ Maracaibo, Venezuela","publisher":{"@id":"https:\/\/digital58.com.ve\/site\/#\/schema\/person\/64d1c2e4d0d4fd1b849980c4331c2951"},"alternateName":"ND58","potentialAction":[{"@type":"SearchAction","target":{"@type":"EntryPoint","urlTemplate":"https:\/\/digital58.com.ve\/site\/?s={search_term_string}"},"query-input":{"@type":"PropertyValueSpecification","valueRequired":true,"valueName":"search_term_string"}}],"inLanguage":"es"},{"@type":["Person","Organization"],"@id":"https:\/\/digital58.com.ve\/site\/#\/schema\/person\/64d1c2e4d0d4fd1b849980c4331c2951","name":"Villasmil Henry","image":{"@type":"ImageObject","inLanguage":"es","@id":"https:\/\/secure.gravatar.com\/avatar\/bb0c4a2fcb7970138239f7e404ea75757b1b507b28b5ce4c53fbd62d797c5a7c?s=96&d=mm&r=g","url":"https:\/\/secure.gravatar.com\/avatar\/bb0c4a2fcb7970138239f7e404ea75757b1b507b28b5ce4c53fbd62d797c5a7c?s=96&d=mm&r=g","contentUrl":"https:\/\/secure.gravatar.com\/avatar\/bb0c4a2fcb7970138239f7e404ea75757b1b507b28b5ce4c53fbd62d797c5a7c?s=96&d=mm&r=g","caption":"Villasmil Henry"},"logo":{"@id":"https:\/\/secure.gravatar.com\/avatar\/bb0c4a2fcb7970138239f7e404ea75757b1b507b28b5ce4c53fbd62d797c5a7c?s=96&d=mm&r=g"},"sameAs":["http:\/\/www.henryvillasmil.com.ve","https:\/\/www.instagram.com\/villasmilhfoto\/","https:\/\/x.com\/https:\/\/twitter.com\/villasmilhfoto"],"url":"https:\/\/digital58.com.ve\/site\/author\/droopy_68\/"}]}},"uagb_featured_image_src":{"full":["https:\/\/digital58.com.ve\/site\/wp-content\/uploads\/2020\/03\/guaid\u00f3-2.jpg",800,533,false],"thumbnail":["https:\/\/digital58.com.ve\/site\/wp-content\/uploads\/2020\/03\/guaid\u00f3-2-150x150.jpg",150,150,true],"medium":["https:\/\/digital58.com.ve\/site\/wp-content\/uploads\/2020\/03\/guaid\u00f3-2-300x200.jpg",300,200,true],"medium_large":["https:\/\/digital58.com.ve\/site\/wp-content\/uploads\/2020\/03\/guaid\u00f3-2-768x512.jpg",768,512,true],"large":["https:\/\/digital58.com.ve\/site\/wp-content\/uploads\/2020\/03\/guaid\u00f3-2.jpg",800,533,false],"1536x1536":["https:\/\/digital58.com.ve\/site\/wp-content\/uploads\/2020\/03\/guaid\u00f3-2.jpg",800,533,false],"2048x2048":["https:\/\/digital58.com.ve\/site\/wp-content\/uploads\/2020\/03\/guaid\u00f3-2.jpg",800,533,false],"colormag-highlighted-post":["https:\/\/digital58.com.ve\/site\/wp-content\/uploads\/2020\/03\/guaid\u00f3-2.jpg",392,261,false],"colormag-featured-post-medium":["https:\/\/digital58.com.ve\/site\/wp-content\/uploads\/2020\/03\/guaid\u00f3-2.jpg",308,205,false],"colormag-featured-post-small":["https:\/\/digital58.com.ve\/site\/wp-content\/uploads\/2020\/03\/guaid\u00f3-2.jpg",130,87,false],"colormag-featured-image":["https:\/\/digital58.com.ve\/site\/wp-content\/uploads\/2020\/03\/guaid\u00f3-2.jpg",668,445,false],"colormag-default-news":["https:\/\/digital58.com.ve\/site\/wp-content\/uploads\/2020\/03\/guaid\u00f3-2.jpg",150,100,false],"colormag-featured-image-large":["https:\/\/digital58.com.ve\/site\/wp-content\/uploads\/2020\/03\/guaid\u00f3-2.jpg",800,533,false]},"uagb_author_info":{"display_name":"Villasmil Henry","author_link":"https:\/\/digital58.com.ve\/site\/author\/droopy_68\/"},"uagb_comment_info":0,"uagb_excerpt":"No hay m\u00e1s tiempo qu\u00e9 perder. Conformar un Gobierno de Emergencia Nacional para atender la pandemia del coronavirus en Venezuela","_links":{"self":[{"href":"https:\/\/digital58.com.ve\/site\/wp-json\/wp\/v2\/posts\/94761","targetHints":{"allow":["GET"]}}],"collection":[{"href":"https:\/\/digital58.com.ve\/site\/wp-json\/wp\/v2\/posts"}],"about":[{"href":"https:\/\/digital58.com.ve\/site\/wp-json\/wp\/v2\/types\/post"}],"author":[{"embeddable":true,"href":"https:\/\/digital58.com.ve\/site\/wp-json\/wp\/v2\/users\/1"}],"replies":[{"embeddable":true,"href":"https:\/\/digital58.com.ve\/site\/wp-json\/wp\/v2\/comments?post=94761"}],"version-history":[{"count":0,"href":"https:\/\/digital58.com.ve\/site\/wp-json\/wp\/v2\/posts\/94761\/revisions"}],"wp:featuredmedia":[{"embeddable":true,"href":"https:\/\/digital58.com.ve\/site\/wp-json\/wp\/v2\/media\/94762"}],"wp:attachment":[{"href":"https:\/\/digital58.com.ve\/site\/wp-json\/wp\/v2\/media?parent=94761"}],"wp:term":[{"taxonomy":"category","embeddable":true,"href":"https:\/\/digital58.com.ve\/site\/wp-json\/wp\/v2\/categories?post=94761"},{"taxonomy":"post_tag","embeddable":true,"href":"https:\/\/digital58.com.ve\/site\/wp-json\/wp\/v2\/tags?post=94761"}],"curies":[{"name":"wp","href":"https:\/\/api.w.org\/{rel}","templated":true}]}}