{"id":94853,"date":"2020-03-30T23:52:31","date_gmt":"2020-03-31T03:52:31","guid":{"rendered":"https:\/\/digital58.com.ve\/site\/?p=94853"},"modified":"2020-03-30T23:52:31","modified_gmt":"2020-03-31T03:52:31","slug":"coronavirus-africa-esta-a-solo-dos-o-tres-semanas-de-una-tormenta-brutal","status":"publish","type":"post","link":"https:\/\/digital58.com.ve\/site\/2020\/03\/30\/coronavirus-africa-esta-a-solo-dos-o-tres-semanas-de-una-tormenta-brutal\/","title":{"rendered":"#Coronavirus: \u00c1frica est\u00e1 a s\u00f3lo dos o tres semanas de una tormenta \u00abbrutal\u00bb"},"content":{"rendered":"<p><a href=\"https:\/\/digital58.com.ve\/site\/wp-content\/uploads\/2020\/03\/africa-1.jpg\"><img loading=\"lazy\" decoding=\"async\" class=\"aligncenter size-full wp-image-94854\" src=\"https:\/\/digital58.com.ve\/site\/wp-content\/uploads\/2020\/03\/africa-1.jpg\" alt=\"\" width=\"992\" height=\"558\" srcset=\"https:\/\/digital58.com.ve\/site\/wp-content\/uploads\/2020\/03\/africa-1.jpg 800w, https:\/\/digital58.com.ve\/site\/wp-content\/uploads\/2020\/03\/africa-1-300x169.jpg 300w, https:\/\/digital58.com.ve\/site\/wp-content\/uploads\/2020\/03\/africa-1-768x432.jpg 768w\" sizes=\"auto, (max-width: 992px) 100vw, 992px\" \/><\/a><\/p>\n<p>La evoluci\u00f3n es similar a la europea y romper\u00e1 sus fr\u00e1giles redes hospitalarias. El coronavirus acecha a \u00c1frica y se multiplican las voces de alerta desde el continente. La semana pasada, fue Matshidiso Moeti, directora de la OMS para \u00c1frica, quien calific\u00f3 de \u00abevoluci\u00f3n dram\u00e1tica\u00bb el crecimiento de positivos en el continente.<\/p>\n<p><strong>Internacionales, 30 de marzo de 2020 (ND58).-<\/strong>La doctora sudafricana sali\u00f3 al paso as\u00ed ante la calma global por los pocos casos detectados en territorio africano: hasta ayer 4.807 positivos y 154 fallecidos en 47 pa\u00edses.<strong><\/p>\n<p><\/strong> Ayer quien activ\u00f3 el bot\u00f3n de alarma fue la secretaria ejecutiva de la Comisi\u00f3n Econ\u00f3mica para \u00c1frica de la ONU, Vera Songwe. Se\u00f1al\u00f3 que el continente est\u00e1 a s\u00f3lo dos o tres semanas de evitar una \u00abtormenta tan brutal\u00bb como la de Italia o Espa\u00f1a.<\/p>\n<p>El tambi\u00e9n camerun\u00e9s John Nkengasong, director del Centro de Control y Prevenci\u00f3n de Enfermedades, sum\u00f3 sus miedos: \u00abAntes dije que era una amenaza inminente para el continente, ahora digo que es un desastre inminente\u00bb.<\/p>\n<p>Expertos en epidemias y emergencias humanitarias consultados por La Vanguardia advierten de que la progresi\u00f3n de coronavirus en suelo africano es similar a la de los pa\u00edses m\u00e1s afectados de Europa y amenaza con colapsar los fr\u00e1giles sistemas sanitarios de muchos estados.<\/p>\n<p>As\u00ed, pese a la r\u00e1pida reacci\u00f3n de varios gobiernos que han cerrado fronteras y confinado a su poblaci\u00f3n \u2013ayer Nigeria cerr\u00f3 Abuya y Lagos, esta \u00faltima, ciudad de 20 millones de habitantes\u2013, las perspectivas no invitan al optimismo.<\/p>\n<p>Seg\u00fan un informe del London School of Hygiene and Tropical Medicine al que ha tenido acceso este diario, a tenor de las cifras actuales la mayor\u00eda de los pa\u00edses africanos superar\u00e1n los 1.000 casos cada uno en menos de un mes y llegar\u00e1n a 10.000 casos pocos d\u00edas despu\u00e9s.<\/p>\n<p>Sud\u00e1frica, el pa\u00eds m\u00e1s afectado con 1.200 positivos \u2013casi uno de cada cuatro en el continente\u2013 super\u00f3 hace d\u00edas esta estimaci\u00f3n.<\/p>\n<p>La expansi\u00f3n de la pandemia tendr\u00e1 efectos devastadores en algunos de los sistemas de sanidad m\u00e1s d\u00e9biles del mundo, sin recursos humanos y materiales suficientes, dejar\u00e1 sin atenci\u00f3n a miles de pacientes de tuberculosis, VIH, malaria o malnutrici\u00f3n y dar\u00e1 el golpe de gracia a emergencias humanitarias en desarrollo.<\/p>\n<p>Para el m\u00e9dico guineano Mamady Traor\u00e9, experto de M\u00e9dicos Sin Fronteras en enfermedades tropicales e infecciosas, la progresi\u00f3n del virus es especialmente preocupante en pa\u00edses como Burkina Faso, el noreste de Nigeria o Mali.<\/p>\n<p>\u00abSon zonas con mucha poblaci\u00f3n desplazada y mucha violencia. All\u00ed, una epidemia en un campo de desplazados puede ser catastr\u00f3fica\u00bb. Traor\u00e9, que ha lidiado con crisis de meningitis o c\u00f3lera en Congo, Uganda, Chad o Hait\u00ed, cree que las cifras de contagios de coronavirus en \u00c1frica est\u00e1n \u00abenormemente subestimadas\u00bb ya que varios pa\u00edses no hacen pruebas a los sospechosos de ser positivos, pero se aferra a una esperanza: que la r\u00e1pida reacci\u00f3n y las ense\u00f1anzas de otras crisis sanitarias compensen la falta de medios.<\/p>\n<p>\u00abLa experiencia en epidemias de c\u00f3lera, \u00e9bola o sarampi\u00f3n han desarrollado herramientas de contenci\u00f3n clave como la detecci\u00f3n precoz, la prevenci\u00f3n o la sensibilizaci\u00f3n\u00bb.<\/p>\n<p><strong>Har\u00e1 falta ayuda externa tambi\u00e9n<\/strong><\/p>\n<p>Desde Banjul, la epidemi\u00f3loga catalana Anna Roca, investigadora de la Covid-19 Medical Research Unit de Gambia, con m\u00e1s de 13 a\u00f1os de experiencia en \u00c1frica, se apoya en los n\u00fameros para argumentar su preocupaci\u00f3n.<\/p>\n<p>\u00abSi hay menos casos todav\u00eda es porque ha tardado m\u00e1s en llegar, pero las cifras dicen que una vez empieza el contagio se est\u00e1 extendiendo igual que en Espa\u00f1a o Italia\u00bb. Y su capacidad de reacci\u00f3n est\u00e1 a a\u00f1os luz: en Gambia hay s\u00f3lo dos camas de cuidados intensivos para dos millones de habitantes.<\/p>\n<p>Roca avisa adem\u00e1s de los costes del cierre de fronteras o el confinamiento de ciudades enteras. \u00abPara mucha gente, el impacto econ\u00f3mico ser\u00e1 muy duro\u00bb. El Programa Mundial de los Alimentos estima que la pandemia supondr\u00e1 una p\u00e9rdida de 220.000 millones de d\u00f3lares para los pa\u00edses en desarrollo y destruir\u00e1 casi la mitad de los trabajos formales en \u00c1frica.<\/p>\n<p>Desde su oficina de la OMS para la regi\u00f3n africana en Congo, la nigeriana Mary Stephen ofrec\u00eda ayer una luz de optimismo. \u00abLos gobiernos han reaccionado con medidas estrictas y a\u00fan hay una posibilidad si se movilizan todos los recursos posibles: m\u00e9dicos jubilados, estudiantes de enfermer\u00eda, cualquiera que en \u00c1frica pueda aportar algo, debe colaborar para frenar la pandemia. Poco, pero a\u00fan hay tiempo\u00bb.<\/p>\n<p>Har\u00e1 falta ayuda externa tambi\u00e9n. Desde Sud\u00e1frica, el epidemi\u00f3logo catal\u00e1n Xavier G\u00f3mez Oliv\u00e9 apunta a la necesidad de la implicaci\u00f3n mundial. \u00abCuando Europa supere la crisis deber\u00e1 mirar hacia el sur y ponerse en serio o las consecuencias ser\u00e1n graves\u00bb.<\/p>\n<p>Hace unos d\u00edas, el primer ministro de Etiop\u00eda y Nobel de la Paz, Abiy Ahmed, apunt\u00f3 en la misma direcci\u00f3n. Tras tildar de miopes y contraproducentes las medidas descoordinadas entre los pa\u00edses europeos, advirti\u00f3 de las consecuencias de una ausencia de solidaridad global: \u00abSi el virus no es derrotado en \u00c1frica, regresar\u00e1 para golpear al mundo\u00bb.<\/p><div class=\"rnprv69f21168d498b\" ><p style=\"text-align: center;\"><a href=\"https:\/\/t.me\/noticiasdigital58\" target=\"_blank\" rel=\"noopener\"><img class=\"aligncenter size-full wp-image-125363\" src=\"https:\/\/digital58.com.ve\/site\/wp-content\/uploads\/2021\/04\/banner-telegram-web-2021.png\" alt=\"\" width=\"600\" height=\"90\" \/><\/a><\/p><\/div><style type=\"text\/css\">\r\n@media screen and (min-width: 1201px) {\r\n.rnprv69f21168d498b {\r\ndisplay: block;\r\n}\r\n}\r\n@media screen and (min-width: 993px) and (max-width: 1200px) {\r\n.rnprv69f21168d498b {\r\ndisplay: block;\r\n}\r\n}\r\n@media screen and (min-width: 769px) and (max-width: 992px) {\r\n.rnprv69f21168d498b {\r\ndisplay: block;\r\n}\r\n}\r\n@media screen and (min-width: 768px) and (max-width: 768px) {\r\n.rnprv69f21168d498b {\r\ndisplay: block;\r\n}\r\n}\r\n@media screen and (max-width: 767px) {\r\n.rnprv69f21168d498b {\r\ndisplay: block;\r\n}\r\n}\r\n<\/style>\r\n\n<p><strong>Redacci\u00f3n con fuente: Diario La Vanguardia<\/strong><br \/>\n<strong>Edici\u00f3n: Villasmil, Henry<\/strong><br \/>\n<strong>Gr\u00e1fica: EFE<\/strong><\/p>\n<div style=\"margin-top: 0px; margin-bottom: 0px;\" class=\"sharethis-inline-share-buttons\" ><\/div>","protected":false},"excerpt":{"rendered":"<p>La evoluci\u00f3n es similar a la europea y romper\u00e1 sus fr\u00e1giles redes hospitalarias. El coronavirus acecha a \u00c1frica y se<\/p>\n","protected":false},"author":1,"featured_media":94854,"comment_status":"open","ping_status":"closed","sticky":false,"template":"","format":"standard","meta":{"colormag_page_container_layout":"default_layout","colormag_page_sidebar_layout":"default_layout","_uag_custom_page_level_css":"","footnotes":""},"categories":[5405],"tags":[1162,13352,13648,8,550,7373,13723],"class_list":["post-94853","post","type-post","status-publish","format-standard","has-post-thumbnail","hentry","category-salud","tag-africa","tag-coronavirus","tag-covid-19","tag-internacionales","tag-oms","tag-organizacion-mundial-de-la-salud","tag-pandemia"],"yoast_head":"<!-- This site is optimized with the Yoast SEO plugin v27.5 - https:\/\/yoast.com\/product\/yoast-seo-wordpress\/ -->\n<title>#Coronavirus: \u00c1frica est\u00e1 a s\u00f3lo dos o tres semanas de una tormenta \u00abbrutal\u00bb<\/title>\n<meta name=\"description\" content=\"Salud\" \/>\n<meta name=\"robots\" content=\"index, follow, max-snippet:-1, max-image-preview:large, max-video-preview:-1\" \/>\n<link rel=\"canonical\" href=\"https:\/\/digital58.com.ve\/site\/2020\/03\/30\/coronavirus-africa-esta-a-solo-dos-o-tres-semanas-de-una-tormenta-brutal\/\" \/>\n<meta property=\"og:locale\" content=\"es_ES\" \/>\n<meta property=\"og:type\" content=\"article\" \/>\n<meta property=\"og:title\" content=\"#Coronavirus: \u00c1frica est\u00e1 a s\u00f3lo dos o tres semanas de una tormenta \u00abbrutal\u00bb\" \/>\n<meta property=\"og:description\" content=\"Salud\" \/>\n<meta property=\"og:url\" content=\"https:\/\/digital58.com.ve\/site\/2020\/03\/30\/coronavirus-africa-esta-a-solo-dos-o-tres-semanas-de-una-tormenta-brutal\/\" \/>\n<meta property=\"og:site_name\" content=\"Noticias Digital58\" \/>\n<meta property=\"article:published_time\" content=\"2020-03-31T03:52:31+00:00\" \/>\n<meta property=\"og:image\" content=\"https:\/\/digital58.com.ve\/site\/wp-content\/uploads\/2020\/03\/africa-1.jpg\" \/>\n\t<meta property=\"og:image:width\" content=\"992\" \/>\n\t<meta property=\"og:image:height\" content=\"558\" \/>\n\t<meta property=\"og:image:type\" content=\"image\/jpeg\" \/>\n<meta name=\"author\" content=\"Villasmil Henry\" \/>\n<meta name=\"twitter:card\" content=\"summary_large_image\" \/>\n<meta name=\"twitter:creator\" content=\"@https:\/\/twitter.com\/villasmilhfoto\" \/>\n<meta name=\"twitter:site\" content=\"@villasmilhfoto\" \/>\n<meta name=\"twitter:label1\" content=\"Escrito por\" \/>\n\t<meta name=\"twitter:data1\" content=\"Villasmil Henry\" \/>\n\t<meta name=\"twitter:label2\" content=\"Tiempo estimado de lectura\" \/>\n\t<meta name=\"twitter:data2\" content=\"5 minutos\" \/>\n<script type=\"application\/ld+json\" class=\"yoast-schema-graph\">{\"@context\":\"https:\\\/\\\/schema.org\",\"@graph\":[{\"@type\":\"Article\",\"@id\":\"https:\\\/\\\/digital58.com.ve\\\/site\\\/2020\\\/03\\\/30\\\/coronavirus-africa-esta-a-solo-dos-o-tres-semanas-de-una-tormenta-brutal\\\/#article\",\"isPartOf\":{\"@id\":\"https:\\\/\\\/digital58.com.ve\\\/site\\\/2020\\\/03\\\/30\\\/coronavirus-africa-esta-a-solo-dos-o-tres-semanas-de-una-tormenta-brutal\\\/\"},\"author\":{\"name\":\"Villasmil Henry\",\"@id\":\"https:\\\/\\\/digital58.com.ve\\\/site\\\/#\\\/schema\\\/person\\\/64d1c2e4d0d4fd1b849980c4331c2951\"},\"headline\":\"#Coronavirus: \u00c1frica est\u00e1 a s\u00f3lo dos o tres semanas de una tormenta \u00abbrutal\u00bb\",\"datePublished\":\"2020-03-31T03:52:31+00:00\",\"mainEntityOfPage\":{\"@id\":\"https:\\\/\\\/digital58.com.ve\\\/site\\\/2020\\\/03\\\/30\\\/coronavirus-africa-esta-a-solo-dos-o-tres-semanas-de-una-tormenta-brutal\\\/\"},\"wordCount\":927,\"commentCount\":0,\"publisher\":{\"@id\":\"https:\\\/\\\/digital58.com.ve\\\/site\\\/#\\\/schema\\\/person\\\/64d1c2e4d0d4fd1b849980c4331c2951\"},\"image\":{\"@id\":\"https:\\\/\\\/digital58.com.ve\\\/site\\\/2020\\\/03\\\/30\\\/coronavirus-africa-esta-a-solo-dos-o-tres-semanas-de-una-tormenta-brutal\\\/#primaryimage\"},\"thumbnailUrl\":\"https:\\\/\\\/digital58.com.ve\\\/site\\\/wp-content\\\/uploads\\\/2020\\\/03\\\/africa-1.jpg\",\"keywords\":[\"\u00c1frica\",\"Coronavirus\",\"COVID-19\",\"Internacionales\",\"OMS\",\"Organizaci\u00f3n Mundial de la Salud\",\"Pandemia\"],\"articleSection\":[\"Salud\"],\"inLanguage\":\"es\",\"potentialAction\":[{\"@type\":\"CommentAction\",\"name\":\"Comment\",\"target\":[\"https:\\\/\\\/digital58.com.ve\\\/site\\\/2020\\\/03\\\/30\\\/coronavirus-africa-esta-a-solo-dos-o-tres-semanas-de-una-tormenta-brutal\\\/#respond\"]}]},{\"@type\":\"WebPage\",\"@id\":\"https:\\\/\\\/digital58.com.ve\\\/site\\\/2020\\\/03\\\/30\\\/coronavirus-africa-esta-a-solo-dos-o-tres-semanas-de-una-tormenta-brutal\\\/\",\"url\":\"https:\\\/\\\/digital58.com.ve\\\/site\\\/2020\\\/03\\\/30\\\/coronavirus-africa-esta-a-solo-dos-o-tres-semanas-de-una-tormenta-brutal\\\/\",\"name\":\"#Coronavirus: \u00c1frica est\u00e1 a s\u00f3lo dos o tres semanas de una tormenta \u00abbrutal\u00bb\",\"isPartOf\":{\"@id\":\"https:\\\/\\\/digital58.com.ve\\\/site\\\/#website\"},\"primaryImageOfPage\":{\"@id\":\"https:\\\/\\\/digital58.com.ve\\\/site\\\/2020\\\/03\\\/30\\\/coronavirus-africa-esta-a-solo-dos-o-tres-semanas-de-una-tormenta-brutal\\\/#primaryimage\"},\"image\":{\"@id\":\"https:\\\/\\\/digital58.com.ve\\\/site\\\/2020\\\/03\\\/30\\\/coronavirus-africa-esta-a-solo-dos-o-tres-semanas-de-una-tormenta-brutal\\\/#primaryimage\"},\"thumbnailUrl\":\"https:\\\/\\\/digital58.com.ve\\\/site\\\/wp-content\\\/uploads\\\/2020\\\/03\\\/africa-1.jpg\",\"datePublished\":\"2020-03-31T03:52:31+00:00\",\"description\":\"Salud\",\"breadcrumb\":{\"@id\":\"https:\\\/\\\/digital58.com.ve\\\/site\\\/2020\\\/03\\\/30\\\/coronavirus-africa-esta-a-solo-dos-o-tres-semanas-de-una-tormenta-brutal\\\/#breadcrumb\"},\"inLanguage\":\"es\",\"potentialAction\":[{\"@type\":\"ReadAction\",\"target\":[\"https:\\\/\\\/digital58.com.ve\\\/site\\\/2020\\\/03\\\/30\\\/coronavirus-africa-esta-a-solo-dos-o-tres-semanas-de-una-tormenta-brutal\\\/\"]}]},{\"@type\":\"ImageObject\",\"inLanguage\":\"es\",\"@id\":\"https:\\\/\\\/digital58.com.ve\\\/site\\\/2020\\\/03\\\/30\\\/coronavirus-africa-esta-a-solo-dos-o-tres-semanas-de-una-tormenta-brutal\\\/#primaryimage\",\"url\":\"https:\\\/\\\/digital58.com.ve\\\/site\\\/wp-content\\\/uploads\\\/2020\\\/03\\\/africa-1.jpg\",\"contentUrl\":\"https:\\\/\\\/digital58.com.ve\\\/site\\\/wp-content\\\/uploads\\\/2020\\\/03\\\/africa-1.jpg\",\"width\":800,\"height\":450},{\"@type\":\"BreadcrumbList\",\"@id\":\"https:\\\/\\\/digital58.com.ve\\\/site\\\/2020\\\/03\\\/30\\\/coronavirus-africa-esta-a-solo-dos-o-tres-semanas-de-una-tormenta-brutal\\\/#breadcrumb\",\"itemListElement\":[{\"@type\":\"ListItem\",\"position\":1,\"name\":\"Home\",\"item\":\"https:\\\/\\\/digital58.com.ve\\\/site\\\/\"},{\"@type\":\"ListItem\",\"position\":2,\"name\":\"#Coronavirus: \u00c1frica est\u00e1 a s\u00f3lo dos o tres semanas de una tormenta \u00abbrutal\u00bb\"}]},{\"@type\":\"WebSite\",\"@id\":\"https:\\\/\\\/digital58.com.ve\\\/site\\\/#website\",\"url\":\"https:\\\/\\\/digital58.com.ve\\\/site\\\/\",\"name\":\"Noticias Digital58\",\"description\":\"Portal de Noticias \u00a1Periodismo web de verdad! Lanzamiento web 22.11.2005 \\\/ Maracaibo, Venezuela\",\"publisher\":{\"@id\":\"https:\\\/\\\/digital58.com.ve\\\/site\\\/#\\\/schema\\\/person\\\/64d1c2e4d0d4fd1b849980c4331c2951\"},\"alternateName\":\"ND58\",\"potentialAction\":[{\"@type\":\"SearchAction\",\"target\":{\"@type\":\"EntryPoint\",\"urlTemplate\":\"https:\\\/\\\/digital58.com.ve\\\/site\\\/?s={search_term_string}\"},\"query-input\":{\"@type\":\"PropertyValueSpecification\",\"valueRequired\":true,\"valueName\":\"search_term_string\"}}],\"inLanguage\":\"es\"},{\"@type\":[\"Person\",\"Organization\"],\"@id\":\"https:\\\/\\\/digital58.com.ve\\\/site\\\/#\\\/schema\\\/person\\\/64d1c2e4d0d4fd1b849980c4331c2951\",\"name\":\"Villasmil Henry\",\"image\":{\"@type\":\"ImageObject\",\"inLanguage\":\"es\",\"@id\":\"https:\\\/\\\/secure.gravatar.com\\\/avatar\\\/bb0c4a2fcb7970138239f7e404ea75757b1b507b28b5ce4c53fbd62d797c5a7c?s=96&d=mm&r=g\",\"url\":\"https:\\\/\\\/secure.gravatar.com\\\/avatar\\\/bb0c4a2fcb7970138239f7e404ea75757b1b507b28b5ce4c53fbd62d797c5a7c?s=96&d=mm&r=g\",\"contentUrl\":\"https:\\\/\\\/secure.gravatar.com\\\/avatar\\\/bb0c4a2fcb7970138239f7e404ea75757b1b507b28b5ce4c53fbd62d797c5a7c?s=96&d=mm&r=g\",\"caption\":\"Villasmil Henry\"},\"logo\":{\"@id\":\"https:\\\/\\\/secure.gravatar.com\\\/avatar\\\/bb0c4a2fcb7970138239f7e404ea75757b1b507b28b5ce4c53fbd62d797c5a7c?s=96&d=mm&r=g\"},\"sameAs\":[\"http:\\\/\\\/www.henryvillasmil.com.ve\",\"https:\\\/\\\/www.instagram.com\\\/villasmilhfoto\\\/\",\"https:\\\/\\\/x.com\\\/https:\\\/\\\/twitter.com\\\/villasmilhfoto\"],\"url\":\"https:\\\/\\\/digital58.com.ve\\\/site\\\/author\\\/droopy_68\\\/\"}]}<\/script>\n<!-- \/ Yoast SEO plugin. -->","yoast_head_json":{"title":"#Coronavirus: \u00c1frica est\u00e1 a s\u00f3lo dos o tres semanas de una tormenta \u00abbrutal\u00bb","description":"Salud","robots":{"index":"index","follow":"follow","max-snippet":"max-snippet:-1","max-image-preview":"max-image-preview:large","max-video-preview":"max-video-preview:-1"},"canonical":"https:\/\/digital58.com.ve\/site\/2020\/03\/30\/coronavirus-africa-esta-a-solo-dos-o-tres-semanas-de-una-tormenta-brutal\/","og_locale":"es_ES","og_type":"article","og_title":"#Coronavirus: \u00c1frica est\u00e1 a s\u00f3lo dos o tres semanas de una tormenta \u00abbrutal\u00bb","og_description":"Salud","og_url":"https:\/\/digital58.com.ve\/site\/2020\/03\/30\/coronavirus-africa-esta-a-solo-dos-o-tres-semanas-de-una-tormenta-brutal\/","og_site_name":"Noticias Digital58","article_published_time":"2020-03-31T03:52:31+00:00","og_image":[{"width":992,"height":558,"url":"https:\/\/digital58.com.ve\/site\/wp-content\/uploads\/2020\/03\/africa-1.jpg","type":"image\/jpeg"}],"author":"Villasmil Henry","twitter_card":"summary_large_image","twitter_creator":"@https:\/\/twitter.com\/villasmilhfoto","twitter_site":"@villasmilhfoto","twitter_misc":{"Escrito por":"Villasmil Henry","Tiempo estimado de lectura":"5 minutos"},"schema":{"@context":"https:\/\/schema.org","@graph":[{"@type":"Article","@id":"https:\/\/digital58.com.ve\/site\/2020\/03\/30\/coronavirus-africa-esta-a-solo-dos-o-tres-semanas-de-una-tormenta-brutal\/#article","isPartOf":{"@id":"https:\/\/digital58.com.ve\/site\/2020\/03\/30\/coronavirus-africa-esta-a-solo-dos-o-tres-semanas-de-una-tormenta-brutal\/"},"author":{"name":"Villasmil Henry","@id":"https:\/\/digital58.com.ve\/site\/#\/schema\/person\/64d1c2e4d0d4fd1b849980c4331c2951"},"headline":"#Coronavirus: \u00c1frica est\u00e1 a s\u00f3lo dos o tres semanas de una tormenta \u00abbrutal\u00bb","datePublished":"2020-03-31T03:52:31+00:00","mainEntityOfPage":{"@id":"https:\/\/digital58.com.ve\/site\/2020\/03\/30\/coronavirus-africa-esta-a-solo-dos-o-tres-semanas-de-una-tormenta-brutal\/"},"wordCount":927,"commentCount":0,"publisher":{"@id":"https:\/\/digital58.com.ve\/site\/#\/schema\/person\/64d1c2e4d0d4fd1b849980c4331c2951"},"image":{"@id":"https:\/\/digital58.com.ve\/site\/2020\/03\/30\/coronavirus-africa-esta-a-solo-dos-o-tres-semanas-de-una-tormenta-brutal\/#primaryimage"},"thumbnailUrl":"https:\/\/digital58.com.ve\/site\/wp-content\/uploads\/2020\/03\/africa-1.jpg","keywords":["\u00c1frica","Coronavirus","COVID-19","Internacionales","OMS","Organizaci\u00f3n Mundial de la Salud","Pandemia"],"articleSection":["Salud"],"inLanguage":"es","potentialAction":[{"@type":"CommentAction","name":"Comment","target":["https:\/\/digital58.com.ve\/site\/2020\/03\/30\/coronavirus-africa-esta-a-solo-dos-o-tres-semanas-de-una-tormenta-brutal\/#respond"]}]},{"@type":"WebPage","@id":"https:\/\/digital58.com.ve\/site\/2020\/03\/30\/coronavirus-africa-esta-a-solo-dos-o-tres-semanas-de-una-tormenta-brutal\/","url":"https:\/\/digital58.com.ve\/site\/2020\/03\/30\/coronavirus-africa-esta-a-solo-dos-o-tres-semanas-de-una-tormenta-brutal\/","name":"#Coronavirus: \u00c1frica est\u00e1 a s\u00f3lo dos o tres semanas de una tormenta \u00abbrutal\u00bb","isPartOf":{"@id":"https:\/\/digital58.com.ve\/site\/#website"},"primaryImageOfPage":{"@id":"https:\/\/digital58.com.ve\/site\/2020\/03\/30\/coronavirus-africa-esta-a-solo-dos-o-tres-semanas-de-una-tormenta-brutal\/#primaryimage"},"image":{"@id":"https:\/\/digital58.com.ve\/site\/2020\/03\/30\/coronavirus-africa-esta-a-solo-dos-o-tres-semanas-de-una-tormenta-brutal\/#primaryimage"},"thumbnailUrl":"https:\/\/digital58.com.ve\/site\/wp-content\/uploads\/2020\/03\/africa-1.jpg","datePublished":"2020-03-31T03:52:31+00:00","description":"Salud","breadcrumb":{"@id":"https:\/\/digital58.com.ve\/site\/2020\/03\/30\/coronavirus-africa-esta-a-solo-dos-o-tres-semanas-de-una-tormenta-brutal\/#breadcrumb"},"inLanguage":"es","potentialAction":[{"@type":"ReadAction","target":["https:\/\/digital58.com.ve\/site\/2020\/03\/30\/coronavirus-africa-esta-a-solo-dos-o-tres-semanas-de-una-tormenta-brutal\/"]}]},{"@type":"ImageObject","inLanguage":"es","@id":"https:\/\/digital58.com.ve\/site\/2020\/03\/30\/coronavirus-africa-esta-a-solo-dos-o-tres-semanas-de-una-tormenta-brutal\/#primaryimage","url":"https:\/\/digital58.com.ve\/site\/wp-content\/uploads\/2020\/03\/africa-1.jpg","contentUrl":"https:\/\/digital58.com.ve\/site\/wp-content\/uploads\/2020\/03\/africa-1.jpg","width":800,"height":450},{"@type":"BreadcrumbList","@id":"https:\/\/digital58.com.ve\/site\/2020\/03\/30\/coronavirus-africa-esta-a-solo-dos-o-tres-semanas-de-una-tormenta-brutal\/#breadcrumb","itemListElement":[{"@type":"ListItem","position":1,"name":"Home","item":"https:\/\/digital58.com.ve\/site\/"},{"@type":"ListItem","position":2,"name":"#Coronavirus: \u00c1frica est\u00e1 a s\u00f3lo dos o tres semanas de una tormenta \u00abbrutal\u00bb"}]},{"@type":"WebSite","@id":"https:\/\/digital58.com.ve\/site\/#website","url":"https:\/\/digital58.com.ve\/site\/","name":"Noticias Digital58","description":"Portal de Noticias \u00a1Periodismo web de verdad! Lanzamiento web 22.11.2005 \/ Maracaibo, Venezuela","publisher":{"@id":"https:\/\/digital58.com.ve\/site\/#\/schema\/person\/64d1c2e4d0d4fd1b849980c4331c2951"},"alternateName":"ND58","potentialAction":[{"@type":"SearchAction","target":{"@type":"EntryPoint","urlTemplate":"https:\/\/digital58.com.ve\/site\/?s={search_term_string}"},"query-input":{"@type":"PropertyValueSpecification","valueRequired":true,"valueName":"search_term_string"}}],"inLanguage":"es"},{"@type":["Person","Organization"],"@id":"https:\/\/digital58.com.ve\/site\/#\/schema\/person\/64d1c2e4d0d4fd1b849980c4331c2951","name":"Villasmil Henry","image":{"@type":"ImageObject","inLanguage":"es","@id":"https:\/\/secure.gravatar.com\/avatar\/bb0c4a2fcb7970138239f7e404ea75757b1b507b28b5ce4c53fbd62d797c5a7c?s=96&d=mm&r=g","url":"https:\/\/secure.gravatar.com\/avatar\/bb0c4a2fcb7970138239f7e404ea75757b1b507b28b5ce4c53fbd62d797c5a7c?s=96&d=mm&r=g","contentUrl":"https:\/\/secure.gravatar.com\/avatar\/bb0c4a2fcb7970138239f7e404ea75757b1b507b28b5ce4c53fbd62d797c5a7c?s=96&d=mm&r=g","caption":"Villasmil Henry"},"logo":{"@id":"https:\/\/secure.gravatar.com\/avatar\/bb0c4a2fcb7970138239f7e404ea75757b1b507b28b5ce4c53fbd62d797c5a7c?s=96&d=mm&r=g"},"sameAs":["http:\/\/www.henryvillasmil.com.ve","https:\/\/www.instagram.com\/villasmilhfoto\/","https:\/\/x.com\/https:\/\/twitter.com\/villasmilhfoto"],"url":"https:\/\/digital58.com.ve\/site\/author\/droopy_68\/"}]}},"uagb_featured_image_src":{"full":["https:\/\/digital58.com.ve\/site\/wp-content\/uploads\/2020\/03\/africa-1.jpg",800,450,false],"thumbnail":["https:\/\/digital58.com.ve\/site\/wp-content\/uploads\/2020\/03\/africa-1-150x150.jpg",150,150,true],"medium":["https:\/\/digital58.com.ve\/site\/wp-content\/uploads\/2020\/03\/africa-1-300x169.jpg",300,169,true],"medium_large":["https:\/\/digital58.com.ve\/site\/wp-content\/uploads\/2020\/03\/africa-1-768x432.jpg",768,432,true],"large":["https:\/\/digital58.com.ve\/site\/wp-content\/uploads\/2020\/03\/africa-1.jpg",800,450,false],"1536x1536":["https:\/\/digital58.com.ve\/site\/wp-content\/uploads\/2020\/03\/africa-1.jpg",800,450,false],"2048x2048":["https:\/\/digital58.com.ve\/site\/wp-content\/uploads\/2020\/03\/africa-1.jpg",800,450,false],"colormag-highlighted-post":["https:\/\/digital58.com.ve\/site\/wp-content\/uploads\/2020\/03\/africa-1.jpg",392,221,false],"colormag-featured-post-medium":["https:\/\/digital58.com.ve\/site\/wp-content\/uploads\/2020\/03\/africa-1.jpg",364,205,false],"colormag-featured-post-small":["https:\/\/digital58.com.ve\/site\/wp-content\/uploads\/2020\/03\/africa-1.jpg",130,73,false],"colormag-featured-image":["https:\/\/digital58.com.ve\/site\/wp-content\/uploads\/2020\/03\/africa-1.jpg",791,445,false],"colormag-default-news":["https:\/\/digital58.com.ve\/site\/wp-content\/uploads\/2020\/03\/africa-1.jpg",150,84,false],"colormag-featured-image-large":["https:\/\/digital58.com.ve\/site\/wp-content\/uploads\/2020\/03\/africa-1.jpg",800,450,false]},"uagb_author_info":{"display_name":"Villasmil Henry","author_link":"https:\/\/digital58.com.ve\/site\/author\/droopy_68\/"},"uagb_comment_info":0,"uagb_excerpt":"La evoluci\u00f3n es similar a la europea y romper\u00e1 sus fr\u00e1giles redes hospitalarias. El coronavirus acecha a \u00c1frica y se","_links":{"self":[{"href":"https:\/\/digital58.com.ve\/site\/wp-json\/wp\/v2\/posts\/94853","targetHints":{"allow":["GET"]}}],"collection":[{"href":"https:\/\/digital58.com.ve\/site\/wp-json\/wp\/v2\/posts"}],"about":[{"href":"https:\/\/digital58.com.ve\/site\/wp-json\/wp\/v2\/types\/post"}],"author":[{"embeddable":true,"href":"https:\/\/digital58.com.ve\/site\/wp-json\/wp\/v2\/users\/1"}],"replies":[{"embeddable":true,"href":"https:\/\/digital58.com.ve\/site\/wp-json\/wp\/v2\/comments?post=94853"}],"version-history":[{"count":0,"href":"https:\/\/digital58.com.ve\/site\/wp-json\/wp\/v2\/posts\/94853\/revisions"}],"wp:featuredmedia":[{"embeddable":true,"href":"https:\/\/digital58.com.ve\/site\/wp-json\/wp\/v2\/media\/94854"}],"wp:attachment":[{"href":"https:\/\/digital58.com.ve\/site\/wp-json\/wp\/v2\/media?parent=94853"}],"wp:term":[{"taxonomy":"category","embeddable":true,"href":"https:\/\/digital58.com.ve\/site\/wp-json\/wp\/v2\/categories?post=94853"},{"taxonomy":"post_tag","embeddable":true,"href":"https:\/\/digital58.com.ve\/site\/wp-json\/wp\/v2\/tags?post=94853"}],"curies":[{"name":"wp","href":"https:\/\/api.w.org\/{rel}","templated":true}]}}