{"id":94869,"date":"2020-03-31T09:32:26","date_gmt":"2020-03-31T13:32:26","guid":{"rendered":"https:\/\/digital58.com.ve\/site\/?p=94869"},"modified":"2020-03-31T09:32:26","modified_gmt":"2020-03-31T13:32:26","slug":"cierre-temporal-de-uno-de-los-principales-aeropuertos-de-francia-por-el-coronavirus","status":"publish","type":"post","link":"https:\/\/digital58.com.ve\/site\/2020\/03\/31\/cierre-temporal-de-uno-de-los-principales-aeropuertos-de-francia-por-el-coronavirus\/","title":{"rendered":"Cierre temporal de uno de los principales aeropuertos de Francia por el coronavirus"},"content":{"rendered":"<p><a href=\"https:\/\/digital58.com.ve\/site\/wp-content\/uploads\/2020\/03\/ebe879db2638f80225faf81fcaed7c5408fdff38.jpg\"><img loading=\"lazy\" decoding=\"async\" class=\"aligncenter size-full wp-image-94870\" src=\"https:\/\/digital58.com.ve\/site\/wp-content\/uploads\/2020\/03\/ebe879db2638f80225faf81fcaed7c5408fdff38.jpg\" alt=\"\" width=\"768\" height=\"510\" srcset=\"https:\/\/digital58.com.ve\/site\/wp-content\/uploads\/2020\/03\/ebe879db2638f80225faf81fcaed7c5408fdff38.jpg 768w, https:\/\/digital58.com.ve\/site\/wp-content\/uploads\/2020\/03\/ebe879db2638f80225faf81fcaed7c5408fdff38-300x199.jpg 300w, https:\/\/digital58.com.ve\/site\/wp-content\/uploads\/2020\/03\/ebe879db2638f80225faf81fcaed7c5408fdff38-480x320.jpg 480w\" sizes=\"auto, (max-width: 768px) 100vw, 768px\" \/><\/a><\/p>\n<p>El aeropuerto de Orly, uno de los principales de Francia, recibi\u00f3 este martes sus \u00faltimos vuelos comerciales antes de su cierre temporal debido a la ca\u00edda del tr\u00e1fico de pasajeros por la epidemia del coronavirus.<\/p>\n<p><strong>Francia, 31 de marzo de 2020 (ND58).-<\/strong> El martes se prev\u00e9n apenas 10 vuelos y un poco m\u00e1s de 1.000 pasajeros en este aeropuerto ubicado al sur de Par\u00eds, frente a los 600 vuelos y 90.000 pasajeros, en un d\u00eda normal.<\/p>\n<p>Orly cerrar\u00e1 sus puertas temporalmente a las 23H59 locales y el pu\u00f1ado de compa\u00f1\u00edas que a\u00fan siguen funcionando &#8211; cuatro entre un centenar &#8211; ser\u00e1n transferidas al otro aeropuerto de Par\u00eds, Charles-de-Gaulle (CDG).<\/p>\n<p>Hace un a\u00f1o, el aeropuerto de Orly, que fue construido en 1918, inaugur\u00f3 por todo lo alto nuevas instalaciones para hacer frente a un n\u00famero creciente de pasajeros.<\/p>\n<p>Ahora y durante un tiempo indeterminado, Orly, por el que pasaron 32 millones de pasajeros en 2019, s\u00f3lo funcionar\u00e1 para vuelos estatales, sanitarios o de emergencia. La torre de control seguir\u00e1 funcionando.<\/p>\n<p>Con las restricciones para viajar destinadas a limitar la propagaci\u00f3n del coronavirus en todo el mundo, el tr\u00e1fico a\u00e9reo en Europa ha disminuido en casi un 80 por ciento, seg\u00fan las cifras publicadas la semana pasada por la Asociaci\u00f3n Internacional de Transporte A\u00e9reo (IATA).<\/p>\n<p>En la mayor\u00eda de los aeropuertos, el tr\u00e1fico se limita a vuelos de repatriaci\u00f3n y sanitarios.<\/p><div class=\"smrnw69f263ffb7ce9\" ><p style=\"text-align: center;\"><a href=\"https:\/\/t.me\/noticiasdigital58\" target=\"_blank\" rel=\"noopener\"><img class=\"aligncenter size-full wp-image-125363\" src=\"https:\/\/digital58.com.ve\/site\/wp-content\/uploads\/2021\/04\/banner-telegram-web-2021.png\" alt=\"\" width=\"600\" height=\"90\" \/><\/a><\/p><\/div><style type=\"text\/css\">\r\n@media screen and (min-width: 1201px) {\r\n.smrnw69f263ffb7ce9 {\r\ndisplay: block;\r\n}\r\n}\r\n@media screen and (min-width: 993px) and (max-width: 1200px) {\r\n.smrnw69f263ffb7ce9 {\r\ndisplay: block;\r\n}\r\n}\r\n@media screen and (min-width: 769px) and (max-width: 992px) {\r\n.smrnw69f263ffb7ce9 {\r\ndisplay: block;\r\n}\r\n}\r\n@media screen and (min-width: 768px) and (max-width: 768px) {\r\n.smrnw69f263ffb7ce9 {\r\ndisplay: block;\r\n}\r\n}\r\n@media screen and (max-width: 767px) {\r\n.smrnw69f263ffb7ce9 {\r\ndisplay: block;\r\n}\r\n}\r\n<\/style>\r\n\n<p><strong>Redacci\u00f3n con fuente: AFP<\/strong><br \/>\n<strong>Edici\u00f3n: Villasmil, Henry<\/strong><br \/>\n<strong>Gr\u00e1fica: Philippe Lopez \/ AFP<\/strong><\/p>\n<div style=\"margin-top: 0px; margin-bottom: 0px;\" class=\"sharethis-inline-share-buttons\" ><\/div>","protected":false},"excerpt":{"rendered":"<p>El aeropuerto de Orly, uno de los principales de Francia, recibi\u00f3 este martes sus \u00faltimos vuelos comerciales antes de su<\/p>\n","protected":false},"author":1,"featured_media":94870,"comment_status":"open","ping_status":"closed","sticky":false,"template":"","format":"standard","meta":{"colormag_page_container_layout":"default_layout","colormag_page_sidebar_layout":"default_layout","_uag_custom_page_level_css":"","footnotes":""},"categories":[5405],"tags":[13902,8849,13352,13648,40,5932,8,13723],"class_list":["post-94869","post","type-post","status-publish","format-standard","has-post-thumbnail","hentry","category-salud","tag-aeropuerto-de-orly","tag-aeropuertos","tag-coronavirus","tag-covid-19","tag-francia","tag-iata","tag-internacionales","tag-pandemia"],"yoast_head":"<!-- This site is optimized with the Yoast SEO plugin v27.5 - https:\/\/yoast.com\/product\/yoast-seo-wordpress\/ -->\n<title>Cierre temporal de uno de los principales aeropuertos de Francia por el coronavirus<\/title>\n<meta name=\"description\" content=\"Salud\" \/>\n<meta name=\"robots\" content=\"index, follow, max-snippet:-1, max-image-preview:large, max-video-preview:-1\" \/>\n<link rel=\"canonical\" href=\"https:\/\/digital58.com.ve\/site\/2020\/03\/31\/cierre-temporal-de-uno-de-los-principales-aeropuertos-de-francia-por-el-coronavirus\/\" \/>\n<meta property=\"og:locale\" content=\"es_ES\" \/>\n<meta property=\"og:type\" content=\"article\" \/>\n<meta property=\"og:title\" content=\"Cierre temporal de uno de los principales aeropuertos de Francia por el coronavirus\" \/>\n<meta property=\"og:description\" content=\"Salud\" \/>\n<meta property=\"og:url\" content=\"https:\/\/digital58.com.ve\/site\/2020\/03\/31\/cierre-temporal-de-uno-de-los-principales-aeropuertos-de-francia-por-el-coronavirus\/\" \/>\n<meta property=\"og:site_name\" content=\"Noticias Digital58\" \/>\n<meta property=\"article:published_time\" content=\"2020-03-31T13:32:26+00:00\" \/>\n<meta property=\"og:image\" content=\"https:\/\/digital58.com.ve\/site\/wp-content\/uploads\/2020\/03\/ebe879db2638f80225faf81fcaed7c5408fdff38.jpg\" \/>\n\t<meta property=\"og:image:width\" content=\"768\" \/>\n\t<meta property=\"og:image:height\" content=\"510\" \/>\n\t<meta property=\"og:image:type\" content=\"image\/jpeg\" \/>\n<meta name=\"author\" content=\"Villasmil Henry\" \/>\n<meta name=\"twitter:card\" content=\"summary_large_image\" \/>\n<meta name=\"twitter:creator\" content=\"@https:\/\/twitter.com\/villasmilhfoto\" \/>\n<meta name=\"twitter:site\" content=\"@villasmilhfoto\" \/>\n<meta name=\"twitter:label1\" content=\"Escrito por\" \/>\n\t<meta name=\"twitter:data1\" content=\"Villasmil Henry\" \/>\n\t<meta name=\"twitter:label2\" content=\"Tiempo estimado de lectura\" \/>\n\t<meta name=\"twitter:data2\" content=\"1 minuto\" \/>\n<script type=\"application\/ld+json\" class=\"yoast-schema-graph\">{\"@context\":\"https:\\\/\\\/schema.org\",\"@graph\":[{\"@type\":\"Article\",\"@id\":\"https:\\\/\\\/digital58.com.ve\\\/site\\\/2020\\\/03\\\/31\\\/cierre-temporal-de-uno-de-los-principales-aeropuertos-de-francia-por-el-coronavirus\\\/#article\",\"isPartOf\":{\"@id\":\"https:\\\/\\\/digital58.com.ve\\\/site\\\/2020\\\/03\\\/31\\\/cierre-temporal-de-uno-de-los-principales-aeropuertos-de-francia-por-el-coronavirus\\\/\"},\"author\":{\"name\":\"Villasmil Henry\",\"@id\":\"https:\\\/\\\/digital58.com.ve\\\/site\\\/#\\\/schema\\\/person\\\/64d1c2e4d0d4fd1b849980c4331c2951\"},\"headline\":\"Cierre temporal de uno de los principales aeropuertos de Francia por el coronavirus\",\"datePublished\":\"2020-03-31T13:32:26+00:00\",\"mainEntityOfPage\":{\"@id\":\"https:\\\/\\\/digital58.com.ve\\\/site\\\/2020\\\/03\\\/31\\\/cierre-temporal-de-uno-de-los-principales-aeropuertos-de-francia-por-el-coronavirus\\\/\"},\"wordCount\":270,\"commentCount\":0,\"publisher\":{\"@id\":\"https:\\\/\\\/digital58.com.ve\\\/site\\\/#\\\/schema\\\/person\\\/64d1c2e4d0d4fd1b849980c4331c2951\"},\"image\":{\"@id\":\"https:\\\/\\\/digital58.com.ve\\\/site\\\/2020\\\/03\\\/31\\\/cierre-temporal-de-uno-de-los-principales-aeropuertos-de-francia-por-el-coronavirus\\\/#primaryimage\"},\"thumbnailUrl\":\"https:\\\/\\\/digital58.com.ve\\\/site\\\/wp-content\\\/uploads\\\/2020\\\/03\\\/ebe879db2638f80225faf81fcaed7c5408fdff38.jpg\",\"keywords\":[\"Aeropuerto de Orly\",\"Aeropuertos\",\"Coronavirus\",\"COVID-19\",\"Francia\",\"IATA\",\"Internacionales\",\"Pandemia\"],\"articleSection\":[\"Salud\"],\"inLanguage\":\"es\",\"potentialAction\":[{\"@type\":\"CommentAction\",\"name\":\"Comment\",\"target\":[\"https:\\\/\\\/digital58.com.ve\\\/site\\\/2020\\\/03\\\/31\\\/cierre-temporal-de-uno-de-los-principales-aeropuertos-de-francia-por-el-coronavirus\\\/#respond\"]}]},{\"@type\":\"WebPage\",\"@id\":\"https:\\\/\\\/digital58.com.ve\\\/site\\\/2020\\\/03\\\/31\\\/cierre-temporal-de-uno-de-los-principales-aeropuertos-de-francia-por-el-coronavirus\\\/\",\"url\":\"https:\\\/\\\/digital58.com.ve\\\/site\\\/2020\\\/03\\\/31\\\/cierre-temporal-de-uno-de-los-principales-aeropuertos-de-francia-por-el-coronavirus\\\/\",\"name\":\"Cierre temporal de uno de los principales aeropuertos de Francia por el coronavirus\",\"isPartOf\":{\"@id\":\"https:\\\/\\\/digital58.com.ve\\\/site\\\/#website\"},\"primaryImageOfPage\":{\"@id\":\"https:\\\/\\\/digital58.com.ve\\\/site\\\/2020\\\/03\\\/31\\\/cierre-temporal-de-uno-de-los-principales-aeropuertos-de-francia-por-el-coronavirus\\\/#primaryimage\"},\"image\":{\"@id\":\"https:\\\/\\\/digital58.com.ve\\\/site\\\/2020\\\/03\\\/31\\\/cierre-temporal-de-uno-de-los-principales-aeropuertos-de-francia-por-el-coronavirus\\\/#primaryimage\"},\"thumbnailUrl\":\"https:\\\/\\\/digital58.com.ve\\\/site\\\/wp-content\\\/uploads\\\/2020\\\/03\\\/ebe879db2638f80225faf81fcaed7c5408fdff38.jpg\",\"datePublished\":\"2020-03-31T13:32:26+00:00\",\"description\":\"Salud\",\"breadcrumb\":{\"@id\":\"https:\\\/\\\/digital58.com.ve\\\/site\\\/2020\\\/03\\\/31\\\/cierre-temporal-de-uno-de-los-principales-aeropuertos-de-francia-por-el-coronavirus\\\/#breadcrumb\"},\"inLanguage\":\"es\",\"potentialAction\":[{\"@type\":\"ReadAction\",\"target\":[\"https:\\\/\\\/digital58.com.ve\\\/site\\\/2020\\\/03\\\/31\\\/cierre-temporal-de-uno-de-los-principales-aeropuertos-de-francia-por-el-coronavirus\\\/\"]}]},{\"@type\":\"ImageObject\",\"inLanguage\":\"es\",\"@id\":\"https:\\\/\\\/digital58.com.ve\\\/site\\\/2020\\\/03\\\/31\\\/cierre-temporal-de-uno-de-los-principales-aeropuertos-de-francia-por-el-coronavirus\\\/#primaryimage\",\"url\":\"https:\\\/\\\/digital58.com.ve\\\/site\\\/wp-content\\\/uploads\\\/2020\\\/03\\\/ebe879db2638f80225faf81fcaed7c5408fdff38.jpg\",\"contentUrl\":\"https:\\\/\\\/digital58.com.ve\\\/site\\\/wp-content\\\/uploads\\\/2020\\\/03\\\/ebe879db2638f80225faf81fcaed7c5408fdff38.jpg\",\"width\":768,\"height\":510},{\"@type\":\"BreadcrumbList\",\"@id\":\"https:\\\/\\\/digital58.com.ve\\\/site\\\/2020\\\/03\\\/31\\\/cierre-temporal-de-uno-de-los-principales-aeropuertos-de-francia-por-el-coronavirus\\\/#breadcrumb\",\"itemListElement\":[{\"@type\":\"ListItem\",\"position\":1,\"name\":\"Home\",\"item\":\"https:\\\/\\\/digital58.com.ve\\\/site\\\/\"},{\"@type\":\"ListItem\",\"position\":2,\"name\":\"Cierre temporal de uno de los principales aeropuertos de Francia por el coronavirus\"}]},{\"@type\":\"WebSite\",\"@id\":\"https:\\\/\\\/digital58.com.ve\\\/site\\\/#website\",\"url\":\"https:\\\/\\\/digital58.com.ve\\\/site\\\/\",\"name\":\"Noticias Digital58\",\"description\":\"Portal de Noticias \u00a1Periodismo web de verdad! Lanzamiento web 22.11.2005 \\\/ Maracaibo, Venezuela\",\"publisher\":{\"@id\":\"https:\\\/\\\/digital58.com.ve\\\/site\\\/#\\\/schema\\\/person\\\/64d1c2e4d0d4fd1b849980c4331c2951\"},\"alternateName\":\"ND58\",\"potentialAction\":[{\"@type\":\"SearchAction\",\"target\":{\"@type\":\"EntryPoint\",\"urlTemplate\":\"https:\\\/\\\/digital58.com.ve\\\/site\\\/?s={search_term_string}\"},\"query-input\":{\"@type\":\"PropertyValueSpecification\",\"valueRequired\":true,\"valueName\":\"search_term_string\"}}],\"inLanguage\":\"es\"},{\"@type\":[\"Person\",\"Organization\"],\"@id\":\"https:\\\/\\\/digital58.com.ve\\\/site\\\/#\\\/schema\\\/person\\\/64d1c2e4d0d4fd1b849980c4331c2951\",\"name\":\"Villasmil Henry\",\"image\":{\"@type\":\"ImageObject\",\"inLanguage\":\"es\",\"@id\":\"https:\\\/\\\/secure.gravatar.com\\\/avatar\\\/bb0c4a2fcb7970138239f7e404ea75757b1b507b28b5ce4c53fbd62d797c5a7c?s=96&d=mm&r=g\",\"url\":\"https:\\\/\\\/secure.gravatar.com\\\/avatar\\\/bb0c4a2fcb7970138239f7e404ea75757b1b507b28b5ce4c53fbd62d797c5a7c?s=96&d=mm&r=g\",\"contentUrl\":\"https:\\\/\\\/secure.gravatar.com\\\/avatar\\\/bb0c4a2fcb7970138239f7e404ea75757b1b507b28b5ce4c53fbd62d797c5a7c?s=96&d=mm&r=g\",\"caption\":\"Villasmil Henry\"},\"logo\":{\"@id\":\"https:\\\/\\\/secure.gravatar.com\\\/avatar\\\/bb0c4a2fcb7970138239f7e404ea75757b1b507b28b5ce4c53fbd62d797c5a7c?s=96&d=mm&r=g\"},\"sameAs\":[\"http:\\\/\\\/www.henryvillasmil.com.ve\",\"https:\\\/\\\/www.instagram.com\\\/villasmilhfoto\\\/\",\"https:\\\/\\\/x.com\\\/https:\\\/\\\/twitter.com\\\/villasmilhfoto\"],\"url\":\"https:\\\/\\\/digital58.com.ve\\\/site\\\/author\\\/droopy_68\\\/\"}]}<\/script>\n<!-- \/ Yoast SEO plugin. -->","yoast_head_json":{"title":"Cierre temporal de uno de los principales aeropuertos de Francia por el coronavirus","description":"Salud","robots":{"index":"index","follow":"follow","max-snippet":"max-snippet:-1","max-image-preview":"max-image-preview:large","max-video-preview":"max-video-preview:-1"},"canonical":"https:\/\/digital58.com.ve\/site\/2020\/03\/31\/cierre-temporal-de-uno-de-los-principales-aeropuertos-de-francia-por-el-coronavirus\/","og_locale":"es_ES","og_type":"article","og_title":"Cierre temporal de uno de los principales aeropuertos de Francia por el coronavirus","og_description":"Salud","og_url":"https:\/\/digital58.com.ve\/site\/2020\/03\/31\/cierre-temporal-de-uno-de-los-principales-aeropuertos-de-francia-por-el-coronavirus\/","og_site_name":"Noticias Digital58","article_published_time":"2020-03-31T13:32:26+00:00","og_image":[{"width":768,"height":510,"url":"https:\/\/digital58.com.ve\/site\/wp-content\/uploads\/2020\/03\/ebe879db2638f80225faf81fcaed7c5408fdff38.jpg","type":"image\/jpeg"}],"author":"Villasmil Henry","twitter_card":"summary_large_image","twitter_creator":"@https:\/\/twitter.com\/villasmilhfoto","twitter_site":"@villasmilhfoto","twitter_misc":{"Escrito por":"Villasmil Henry","Tiempo estimado de lectura":"1 minuto"},"schema":{"@context":"https:\/\/schema.org","@graph":[{"@type":"Article","@id":"https:\/\/digital58.com.ve\/site\/2020\/03\/31\/cierre-temporal-de-uno-de-los-principales-aeropuertos-de-francia-por-el-coronavirus\/#article","isPartOf":{"@id":"https:\/\/digital58.com.ve\/site\/2020\/03\/31\/cierre-temporal-de-uno-de-los-principales-aeropuertos-de-francia-por-el-coronavirus\/"},"author":{"name":"Villasmil Henry","@id":"https:\/\/digital58.com.ve\/site\/#\/schema\/person\/64d1c2e4d0d4fd1b849980c4331c2951"},"headline":"Cierre temporal de uno de los principales aeropuertos de Francia por el coronavirus","datePublished":"2020-03-31T13:32:26+00:00","mainEntityOfPage":{"@id":"https:\/\/digital58.com.ve\/site\/2020\/03\/31\/cierre-temporal-de-uno-de-los-principales-aeropuertos-de-francia-por-el-coronavirus\/"},"wordCount":270,"commentCount":0,"publisher":{"@id":"https:\/\/digital58.com.ve\/site\/#\/schema\/person\/64d1c2e4d0d4fd1b849980c4331c2951"},"image":{"@id":"https:\/\/digital58.com.ve\/site\/2020\/03\/31\/cierre-temporal-de-uno-de-los-principales-aeropuertos-de-francia-por-el-coronavirus\/#primaryimage"},"thumbnailUrl":"https:\/\/digital58.com.ve\/site\/wp-content\/uploads\/2020\/03\/ebe879db2638f80225faf81fcaed7c5408fdff38.jpg","keywords":["Aeropuerto de Orly","Aeropuertos","Coronavirus","COVID-19","Francia","IATA","Internacionales","Pandemia"],"articleSection":["Salud"],"inLanguage":"es","potentialAction":[{"@type":"CommentAction","name":"Comment","target":["https:\/\/digital58.com.ve\/site\/2020\/03\/31\/cierre-temporal-de-uno-de-los-principales-aeropuertos-de-francia-por-el-coronavirus\/#respond"]}]},{"@type":"WebPage","@id":"https:\/\/digital58.com.ve\/site\/2020\/03\/31\/cierre-temporal-de-uno-de-los-principales-aeropuertos-de-francia-por-el-coronavirus\/","url":"https:\/\/digital58.com.ve\/site\/2020\/03\/31\/cierre-temporal-de-uno-de-los-principales-aeropuertos-de-francia-por-el-coronavirus\/","name":"Cierre temporal de uno de los principales aeropuertos de Francia por el coronavirus","isPartOf":{"@id":"https:\/\/digital58.com.ve\/site\/#website"},"primaryImageOfPage":{"@id":"https:\/\/digital58.com.ve\/site\/2020\/03\/31\/cierre-temporal-de-uno-de-los-principales-aeropuertos-de-francia-por-el-coronavirus\/#primaryimage"},"image":{"@id":"https:\/\/digital58.com.ve\/site\/2020\/03\/31\/cierre-temporal-de-uno-de-los-principales-aeropuertos-de-francia-por-el-coronavirus\/#primaryimage"},"thumbnailUrl":"https:\/\/digital58.com.ve\/site\/wp-content\/uploads\/2020\/03\/ebe879db2638f80225faf81fcaed7c5408fdff38.jpg","datePublished":"2020-03-31T13:32:26+00:00","description":"Salud","breadcrumb":{"@id":"https:\/\/digital58.com.ve\/site\/2020\/03\/31\/cierre-temporal-de-uno-de-los-principales-aeropuertos-de-francia-por-el-coronavirus\/#breadcrumb"},"inLanguage":"es","potentialAction":[{"@type":"ReadAction","target":["https:\/\/digital58.com.ve\/site\/2020\/03\/31\/cierre-temporal-de-uno-de-los-principales-aeropuertos-de-francia-por-el-coronavirus\/"]}]},{"@type":"ImageObject","inLanguage":"es","@id":"https:\/\/digital58.com.ve\/site\/2020\/03\/31\/cierre-temporal-de-uno-de-los-principales-aeropuertos-de-francia-por-el-coronavirus\/#primaryimage","url":"https:\/\/digital58.com.ve\/site\/wp-content\/uploads\/2020\/03\/ebe879db2638f80225faf81fcaed7c5408fdff38.jpg","contentUrl":"https:\/\/digital58.com.ve\/site\/wp-content\/uploads\/2020\/03\/ebe879db2638f80225faf81fcaed7c5408fdff38.jpg","width":768,"height":510},{"@type":"BreadcrumbList","@id":"https:\/\/digital58.com.ve\/site\/2020\/03\/31\/cierre-temporal-de-uno-de-los-principales-aeropuertos-de-francia-por-el-coronavirus\/#breadcrumb","itemListElement":[{"@type":"ListItem","position":1,"name":"Home","item":"https:\/\/digital58.com.ve\/site\/"},{"@type":"ListItem","position":2,"name":"Cierre temporal de uno de los principales aeropuertos de Francia por el coronavirus"}]},{"@type":"WebSite","@id":"https:\/\/digital58.com.ve\/site\/#website","url":"https:\/\/digital58.com.ve\/site\/","name":"Noticias Digital58","description":"Portal de Noticias \u00a1Periodismo web de verdad! Lanzamiento web 22.11.2005 \/ Maracaibo, Venezuela","publisher":{"@id":"https:\/\/digital58.com.ve\/site\/#\/schema\/person\/64d1c2e4d0d4fd1b849980c4331c2951"},"alternateName":"ND58","potentialAction":[{"@type":"SearchAction","target":{"@type":"EntryPoint","urlTemplate":"https:\/\/digital58.com.ve\/site\/?s={search_term_string}"},"query-input":{"@type":"PropertyValueSpecification","valueRequired":true,"valueName":"search_term_string"}}],"inLanguage":"es"},{"@type":["Person","Organization"],"@id":"https:\/\/digital58.com.ve\/site\/#\/schema\/person\/64d1c2e4d0d4fd1b849980c4331c2951","name":"Villasmil Henry","image":{"@type":"ImageObject","inLanguage":"es","@id":"https:\/\/secure.gravatar.com\/avatar\/bb0c4a2fcb7970138239f7e404ea75757b1b507b28b5ce4c53fbd62d797c5a7c?s=96&d=mm&r=g","url":"https:\/\/secure.gravatar.com\/avatar\/bb0c4a2fcb7970138239f7e404ea75757b1b507b28b5ce4c53fbd62d797c5a7c?s=96&d=mm&r=g","contentUrl":"https:\/\/secure.gravatar.com\/avatar\/bb0c4a2fcb7970138239f7e404ea75757b1b507b28b5ce4c53fbd62d797c5a7c?s=96&d=mm&r=g","caption":"Villasmil Henry"},"logo":{"@id":"https:\/\/secure.gravatar.com\/avatar\/bb0c4a2fcb7970138239f7e404ea75757b1b507b28b5ce4c53fbd62d797c5a7c?s=96&d=mm&r=g"},"sameAs":["http:\/\/www.henryvillasmil.com.ve","https:\/\/www.instagram.com\/villasmilhfoto\/","https:\/\/x.com\/https:\/\/twitter.com\/villasmilhfoto"],"url":"https:\/\/digital58.com.ve\/site\/author\/droopy_68\/"}]}},"uagb_featured_image_src":{"full":["https:\/\/digital58.com.ve\/site\/wp-content\/uploads\/2020\/03\/ebe879db2638f80225faf81fcaed7c5408fdff38.jpg",768,510,false],"thumbnail":["https:\/\/digital58.com.ve\/site\/wp-content\/uploads\/2020\/03\/ebe879db2638f80225faf81fcaed7c5408fdff38-150x150.jpg",150,150,true],"medium":["https:\/\/digital58.com.ve\/site\/wp-content\/uploads\/2020\/03\/ebe879db2638f80225faf81fcaed7c5408fdff38-300x199.jpg",300,199,true],"medium_large":["https:\/\/digital58.com.ve\/site\/wp-content\/uploads\/2020\/03\/ebe879db2638f80225faf81fcaed7c5408fdff38.jpg",768,510,false],"large":["https:\/\/digital58.com.ve\/site\/wp-content\/uploads\/2020\/03\/ebe879db2638f80225faf81fcaed7c5408fdff38.jpg",768,510,false],"1536x1536":["https:\/\/digital58.com.ve\/site\/wp-content\/uploads\/2020\/03\/ebe879db2638f80225faf81fcaed7c5408fdff38.jpg",768,510,false],"2048x2048":["https:\/\/digital58.com.ve\/site\/wp-content\/uploads\/2020\/03\/ebe879db2638f80225faf81fcaed7c5408fdff38.jpg",768,510,false],"colormag-highlighted-post":["https:\/\/digital58.com.ve\/site\/wp-content\/uploads\/2020\/03\/ebe879db2638f80225faf81fcaed7c5408fdff38.jpg",392,260,false],"colormag-featured-post-medium":["https:\/\/digital58.com.ve\/site\/wp-content\/uploads\/2020\/03\/ebe879db2638f80225faf81fcaed7c5408fdff38.jpg",309,205,false],"colormag-featured-post-small":["https:\/\/digital58.com.ve\/site\/wp-content\/uploads\/2020\/03\/ebe879db2638f80225faf81fcaed7c5408fdff38.jpg",130,86,false],"colormag-featured-image":["https:\/\/digital58.com.ve\/site\/wp-content\/uploads\/2020\/03\/ebe879db2638f80225faf81fcaed7c5408fdff38.jpg",670,445,false],"colormag-default-news":["https:\/\/digital58.com.ve\/site\/wp-content\/uploads\/2020\/03\/ebe879db2638f80225faf81fcaed7c5408fdff38.jpg",150,100,false],"colormag-featured-image-large":["https:\/\/digital58.com.ve\/site\/wp-content\/uploads\/2020\/03\/ebe879db2638f80225faf81fcaed7c5408fdff38.jpg",768,510,false]},"uagb_author_info":{"display_name":"Villasmil Henry","author_link":"https:\/\/digital58.com.ve\/site\/author\/droopy_68\/"},"uagb_comment_info":0,"uagb_excerpt":"El aeropuerto de Orly, uno de los principales de Francia, recibi\u00f3 este martes sus \u00faltimos vuelos comerciales antes de su","_links":{"self":[{"href":"https:\/\/digital58.com.ve\/site\/wp-json\/wp\/v2\/posts\/94869","targetHints":{"allow":["GET"]}}],"collection":[{"href":"https:\/\/digital58.com.ve\/site\/wp-json\/wp\/v2\/posts"}],"about":[{"href":"https:\/\/digital58.com.ve\/site\/wp-json\/wp\/v2\/types\/post"}],"author":[{"embeddable":true,"href":"https:\/\/digital58.com.ve\/site\/wp-json\/wp\/v2\/users\/1"}],"replies":[{"embeddable":true,"href":"https:\/\/digital58.com.ve\/site\/wp-json\/wp\/v2\/comments?post=94869"}],"version-history":[{"count":0,"href":"https:\/\/digital58.com.ve\/site\/wp-json\/wp\/v2\/posts\/94869\/revisions"}],"wp:featuredmedia":[{"embeddable":true,"href":"https:\/\/digital58.com.ve\/site\/wp-json\/wp\/v2\/media\/94870"}],"wp:attachment":[{"href":"https:\/\/digital58.com.ve\/site\/wp-json\/wp\/v2\/media?parent=94869"}],"wp:term":[{"taxonomy":"category","embeddable":true,"href":"https:\/\/digital58.com.ve\/site\/wp-json\/wp\/v2\/categories?post=94869"},{"taxonomy":"post_tag","embeddable":true,"href":"https:\/\/digital58.com.ve\/site\/wp-json\/wp\/v2\/tags?post=94869"}],"curies":[{"name":"wp","href":"https:\/\/api.w.org\/{rel}","templated":true}]}}