{"id":95084,"date":"2020-04-05T12:16:45","date_gmt":"2020-04-05T16:16:45","guid":{"rendered":"https:\/\/digital58.com.ve\/site\/?p=95084"},"modified":"2020-04-05T12:16:45","modified_gmt":"2020-04-05T16:16:45","slug":"5-de-abril-dia-internacional-de-la-conciencia","status":"publish","type":"post","link":"https:\/\/digital58.com.ve\/site\/2020\/04\/05\/5-de-abril-dia-internacional-de-la-conciencia\/","title":{"rendered":"5 de abril: D\u00eda Internacional de la Conciencia"},"content":{"rendered":"<p><a href=\"https:\/\/digital58.com.ve\/site\/wp-content\/uploads\/2020\/04\/conciencia.jpg\"><img loading=\"lazy\" decoding=\"async\" class=\"aligncenter size-full wp-image-95085\" src=\"https:\/\/digital58.com.ve\/site\/wp-content\/uploads\/2020\/04\/conciencia.jpg\" alt=\"\" width=\"640\" height=\"360\" srcset=\"https:\/\/digital58.com.ve\/site\/wp-content\/uploads\/2020\/04\/conciencia.jpg 640w, https:\/\/digital58.com.ve\/site\/wp-content\/uploads\/2020\/04\/conciencia-300x169.jpg 300w\" sizes=\"auto, (max-width: 640px) 100vw, 640px\" \/><\/a><\/p>\n<p>El pre\u00e1mbulo de la Declaraci\u00f3n Universal de Derechos Humanos afirma que \u00abel desconocimiento y el menosprecio de los derechos humanos han originado actos de barbarie ultrajantes para la conciencia de la humanidad, y que se ha proclamado, como la aspiraci\u00f3n m\u00e1s elevada del hombre, el advenimiento de un mundo en que los seres humanos, liberados del temor y de la miseria, disfruten de la libertad de palabra y de la libertad de creencias\u00bb.<\/p>\n<p><strong>Internacionales, 05 de abril de 2020 (ND58).-<\/strong> El D\u00eda Internacional de la Conciencia es una \u00abv\u00eda para movilizar peri\u00f3dicamente los esfuerzos de la comunidad internacional con miras a promover la paz, la tolerancia, la inclusi\u00f3n, la comprensi\u00f3n y la solidaridad, a fin de forjar un mundo sostenible de paz, solidaridad y armon\u00eda\u00bb. Promover una cultura de paz con amor y conciencia<\/p>\n<p>Consciente de la necesidad de crear condiciones de estabilidad y bienestar y relaciones pac\u00edficas y amistosas basadas en el respeto de los derechos humanos y las libertades fundamentales para todos sin hacer distinci\u00f3n por motivos de raza, sexo, idioma o religi\u00f3n, las Naciones Unidas declaran el 5 de abril D\u00eda Internacional de la Conciencia.<\/p>\n<p>La Asamblea General invita a todos los Estados Miembros, las organizaciones del sistema de la ONU y otras organizaciones internacionales y regionales, as\u00ed como al sector privado y la sociedad civil, incluidas las organizaciones no gubernamentales y los particulares, a que fomenten la Cultura de Paz con Amor y Conciencia.<\/p>\n<p>Todo ello de conformidad con la cultura y otras circunstancias o costumbres pertinentes de sus comunidades locales, nacionales y regionales, entre otras cosas, mediante una educaci\u00f3n de calidad y actividades de concienciaci\u00f3n p\u00fablica, y que fomenten as\u00ed el desarrollo sostenible.<br \/>\nLos or\u00edgenes de una cultura de paz<\/p>\n<p>El concepto de una cultura de paz surgi\u00f3 del Congreso Internacional sobre \u00abLa Paz en la Mente de los Hombres\u00bb, que la Organizaci\u00f3n de las Naciones Unidas para la Educaci\u00f3n, la Ciencia y la Cultura (UNESCO) organiz\u00f3 en C\u00f4te d\u2019Ivoire en julio de 1989.<\/p>\n<p>Desde entonces se ha considerado que la promoci\u00f3n de una cultura de paz es un objetivo que cada vez adquiere mayor trascendencia para la comunidad internacional. La evoluci\u00f3n del concepto ha inspirado la realizaci\u00f3n de actividades en muy diversos niveles y en muchas regiones con la plena participaci\u00f3n de la sociedad civil, con lo cual la cultura de paz est\u00e1 adquiriendo paulatinamente las caracter\u00edsticas de un movimiento mundial.<\/p>\n<p>En el sistema de las Naciones Unidas este concepto se remonta a la Constituci\u00f3n de la UNESCO, adoptada hace m\u00e1s de 50 a\u00f1os, en la que se pide a esa organizaci\u00f3n que exija los baluartes de la paz en la mente de los hombres, ya que \u00abuna paz fundada exclusivamente en acuerdos pol\u00edticos y econ\u00f3micos entre gobiernos no podr\u00eda obtener el apoyo un\u00e1nime, sincero y perdurable de los pueblos, y que, por consiguiente, esa paz debe basarse en la solidaridad intelectual y moral de la humanidad\u00bb.<\/p>\n<p><strong>Construir una cultura de paz<\/strong><\/p>\n<p>Para formar una cultura de paz son necesarias actividades educativas, culturales, sociales y c\u00edvicas de car\u00e1cter general, una cultura que ofrezca a todos la oportunidad de aprender, dar y compartir. La formaci\u00f3n de una cultura de paz incluye a las personas de todas las edades y todos los grupos; se trata de una estrategia mundial abierta con el objetivo concreto de conseguir que la cultura de paz sea inseparable de la propia cultura y que se arraigue en el coraz\u00f3n y la mente de las personas.<\/p>\n<p>La paz no consiste exclusivamente en la ausencia de diferencias y conflictos. Es un proceso positivo, din\u00e1mico y solidario, ligado intr\u00ednsecamente a la democracia, la justicia y el desarrollo de todos, por el cual se respetan las diferencias, se fomenta el di\u00e1logo y los conflictos se transforman constantemente por medios no violentos en nuevas v\u00edas de cooperaci\u00f3n.<\/p>\n<p>La cultura de paz, que est\u00e1 basada en el sentido m\u00e1s amplio y positivo de la paz, es un conjunto de valores, actitudes, tradiciones y costumbres, comportamientos y modos de vida enfocados al respeto por la vida, los seres humanos y sus derechos; el rechazo de la violencia en todas sus formas; el reconocimiento de la igualdad de derechos del hombre y la mujer; el reconocimiento de los derechos de todas las personas a la libertad de expresi\u00f3n, opini\u00f3n e informaci\u00f3n; la adhesi\u00f3n a los principios de democracia, libertad, justicia, desarrollo para todos, tolerancia, solidaridad, pluralismo y aceptaci\u00f3n de diferencias y entendimiento entre las naciones, entre los grupos \u00e9tnicos, religiosos, culturales y de otro tipo y entre los individuos.<\/p>\n<p><strong>La ONU y la cultura de paz<\/strong><\/p>\n<p>La UNESCO y la Alianza de Civilizaciones de las Naciones Unidas juegan un papel fundamental en la promoci\u00f3n de un di\u00e1logo intercultural. Llevan a cabo actividades relacionadas con la cultura de paz y no violencia, y trabajan para promover una cultura de paz mediante diversos proyectos pr\u00e1cticos en los \u00e1mbitos de la juventud, la educaci\u00f3n, los medios de comunicaci\u00f3n y la migraci\u00f3n; en colaboraci\u00f3n con Gobiernos, organizaciones internacionales, fundaciones y grupos de la sociedad civil, as\u00ed como con los medios de comunicaci\u00f3n y el sector privado.<\/p><div class=\"rlfun6a9c3797692ce\" ><p style=\"text-align: center;\"><a href=\"https:\/\/t.me\/noticiasdigital58\" target=\"_blank\" rel=\"noopener\"><img class=\"aligncenter size-full wp-image-125363\" src=\"https:\/\/digital58.com.ve\/site\/wp-content\/uploads\/2021\/04\/banner-telegram-web-2021.png\" alt=\"\" width=\"600\" height=\"90\" \/><\/a><\/p><\/div><style type=\"text\/css\">\r\n@media screen and (min-width: 1201px) {\r\n.rlfun6a9c3797692ce {\r\ndisplay: block;\r\n}\r\n}\r\n@media screen and (min-width: 993px) and (max-width: 1200px) {\r\n.rlfun6a9c3797692ce {\r\ndisplay: block;\r\n}\r\n}\r\n@media screen and (min-width: 769px) and (max-width: 992px) {\r\n.rlfun6a9c3797692ce {\r\ndisplay: block;\r\n}\r\n}\r\n@media screen and (min-width: 768px) and (max-width: 768px) {\r\n.rlfun6a9c3797692ce {\r\ndisplay: block;\r\n}\r\n}\r\n@media screen and (max-width: 767px) {\r\n.rlfun6a9c3797692ce {\r\ndisplay: block;\r\n}\r\n}\r\n<\/style>\r\n\n<p><strong>Fuente: un.org<\/strong><br \/>\n<strong>Edici\u00f3n: Villasmil, Henry<\/strong><br \/>\n<strong>Gr\u00e1fica: cortes\u00eda<\/strong><\/p>\n<div style=\"margin-top: 0px; margin-bottom: 0px;\" class=\"sharethis-inline-share-buttons\" ><\/div>","protected":false},"excerpt":{"rendered":"<p>El pre\u00e1mbulo de la Declaraci\u00f3n Universal de Derechos Humanos afirma que \u00abel desconocimiento y el menosprecio de los derechos humanos<\/p>\n","protected":false},"author":1,"featured_media":95085,"comment_status":"open","ping_status":"closed","sticky":false,"template":"","format":"standard","meta":{"colormag_page_container_layout":"default_layout","colormag_page_sidebar_layout":"default_layout","_uag_custom_page_level_css":"","footnotes":""},"categories":[5403],"tags":[8323,159,8,1592],"class_list":["post-95084","post","type-post","status-publish","format-standard","has-post-thumbnail","hentry","category-otros","tag-conciencia","tag-efemerides","tag-internacionales","tag-onu"],"yoast_head":"<!-- This site is optimized with the Yoast SEO plugin v28.4 - https:\/\/yoast.com\/product\/yoast-seo-wordpress\/ -->\n<title>5 de abril: D\u00eda Internacional de la Conciencia<\/title>\n<meta name=\"description\" content=\"Otros\" \/>\n<meta name=\"robots\" content=\"index, follow, max-snippet:-1, max-image-preview:large, max-video-preview:-1\" \/>\n<link rel=\"canonical\" href=\"https:\/\/digital58.com.ve\/site\/2020\/04\/05\/5-de-abril-dia-internacional-de-la-conciencia\/\" \/>\n<meta property=\"og:locale\" content=\"es_ES\" \/>\n<meta property=\"og:type\" content=\"article\" \/>\n<meta property=\"og:title\" content=\"5 de abril: D\u00eda Internacional de la Conciencia\" \/>\n<meta property=\"og:description\" content=\"Otros\" \/>\n<meta property=\"og:url\" content=\"https:\/\/digital58.com.ve\/site\/2020\/04\/05\/5-de-abril-dia-internacional-de-la-conciencia\/\" \/>\n<meta property=\"og:site_name\" content=\"Noticias Digital58\" \/>\n<meta property=\"article:published_time\" content=\"2020-04-05T16:16:45+00:00\" \/>\n<meta property=\"og:image\" content=\"https:\/\/digital58.com.ve\/site\/wp-content\/uploads\/2020\/04\/conciencia.jpg\" \/>\n\t<meta property=\"og:image:width\" content=\"640\" \/>\n\t<meta property=\"og:image:height\" content=\"360\" \/>\n\t<meta property=\"og:image:type\" content=\"image\/jpeg\" \/>\n<meta name=\"author\" content=\"Villasmil Henry\" \/>\n<meta name=\"twitter:card\" content=\"summary_large_image\" \/>\n<meta name=\"twitter:creator\" content=\"@https:\/\/twitter.com\/villasmilhfoto\" \/>\n<meta name=\"twitter:site\" content=\"@villasmilhfoto\" \/>\n<meta name=\"twitter:label1\" content=\"Escrito por\" \/>\n\t<meta name=\"twitter:data1\" content=\"Villasmil Henry\" \/>\n\t<meta name=\"twitter:label2\" content=\"Tiempo estimado de lectura\" \/>\n\t<meta name=\"twitter:data2\" content=\"5 minutos\" \/>\n<script type=\"application\/ld+json\" class=\"yoast-schema-graph\">{\"@context\":\"https:\\\/\\\/schema.org\",\"@graph\":[{\"@type\":\"Article\",\"@id\":\"https:\\\/\\\/digital58.com.ve\\\/site\\\/2020\\\/04\\\/05\\\/5-de-abril-dia-internacional-de-la-conciencia\\\/#article\",\"isPartOf\":{\"@id\":\"https:\\\/\\\/digital58.com.ve\\\/site\\\/2020\\\/04\\\/05\\\/5-de-abril-dia-internacional-de-la-conciencia\\\/\"},\"author\":{\"name\":\"Villasmil Henry\",\"@id\":\"https:\\\/\\\/digital58.com.ve\\\/site\\\/#\\\/schema\\\/person\\\/64d1c2e4d0d4fd1b849980c4331c2951\"},\"headline\":\"5 de abril: D\u00eda Internacional de la Conciencia\",\"datePublished\":\"2020-04-05T16:16:45+00:00\",\"mainEntityOfPage\":{\"@id\":\"https:\\\/\\\/digital58.com.ve\\\/site\\\/2020\\\/04\\\/05\\\/5-de-abril-dia-internacional-de-la-conciencia\\\/\"},\"wordCount\":916,\"commentCount\":0,\"publisher\":{\"@id\":\"https:\\\/\\\/digital58.com.ve\\\/site\\\/#\\\/schema\\\/person\\\/64d1c2e4d0d4fd1b849980c4331c2951\"},\"image\":{\"@id\":\"https:\\\/\\\/digital58.com.ve\\\/site\\\/2020\\\/04\\\/05\\\/5-de-abril-dia-internacional-de-la-conciencia\\\/#primaryimage\"},\"thumbnailUrl\":\"https:\\\/\\\/digital58.com.ve\\\/site\\\/wp-content\\\/uploads\\\/2020\\\/04\\\/conciencia.jpg\",\"keywords\":[\"Conciencia\",\"Efem\u00e9rides\",\"Internacionales\",\"ONU\"],\"articleSection\":[\"Otros\"],\"inLanguage\":\"es\",\"potentialAction\":[{\"@type\":\"CommentAction\",\"name\":\"Comment\",\"target\":[\"https:\\\/\\\/digital58.com.ve\\\/site\\\/2020\\\/04\\\/05\\\/5-de-abril-dia-internacional-de-la-conciencia\\\/#respond\"]}]},{\"@type\":\"WebPage\",\"@id\":\"https:\\\/\\\/digital58.com.ve\\\/site\\\/2020\\\/04\\\/05\\\/5-de-abril-dia-internacional-de-la-conciencia\\\/\",\"url\":\"https:\\\/\\\/digital58.com.ve\\\/site\\\/2020\\\/04\\\/05\\\/5-de-abril-dia-internacional-de-la-conciencia\\\/\",\"name\":\"5 de abril: D\u00eda Internacional de la Conciencia\",\"isPartOf\":{\"@id\":\"https:\\\/\\\/digital58.com.ve\\\/site\\\/#website\"},\"primaryImageOfPage\":{\"@id\":\"https:\\\/\\\/digital58.com.ve\\\/site\\\/2020\\\/04\\\/05\\\/5-de-abril-dia-internacional-de-la-conciencia\\\/#primaryimage\"},\"image\":{\"@id\":\"https:\\\/\\\/digital58.com.ve\\\/site\\\/2020\\\/04\\\/05\\\/5-de-abril-dia-internacional-de-la-conciencia\\\/#primaryimage\"},\"thumbnailUrl\":\"https:\\\/\\\/digital58.com.ve\\\/site\\\/wp-content\\\/uploads\\\/2020\\\/04\\\/conciencia.jpg\",\"datePublished\":\"2020-04-05T16:16:45+00:00\",\"description\":\"Otros\",\"breadcrumb\":{\"@id\":\"https:\\\/\\\/digital58.com.ve\\\/site\\\/2020\\\/04\\\/05\\\/5-de-abril-dia-internacional-de-la-conciencia\\\/#breadcrumb\"},\"inLanguage\":\"es\",\"potentialAction\":[{\"@type\":\"ReadAction\",\"target\":[\"https:\\\/\\\/digital58.com.ve\\\/site\\\/2020\\\/04\\\/05\\\/5-de-abril-dia-internacional-de-la-conciencia\\\/\"]}]},{\"@type\":\"ImageObject\",\"inLanguage\":\"es\",\"@id\":\"https:\\\/\\\/digital58.com.ve\\\/site\\\/2020\\\/04\\\/05\\\/5-de-abril-dia-internacional-de-la-conciencia\\\/#primaryimage\",\"url\":\"https:\\\/\\\/digital58.com.ve\\\/site\\\/wp-content\\\/uploads\\\/2020\\\/04\\\/conciencia.jpg\",\"contentUrl\":\"https:\\\/\\\/digital58.com.ve\\\/site\\\/wp-content\\\/uploads\\\/2020\\\/04\\\/conciencia.jpg\",\"width\":640,\"height\":360},{\"@type\":\"BreadcrumbList\",\"@id\":\"https:\\\/\\\/digital58.com.ve\\\/site\\\/2020\\\/04\\\/05\\\/5-de-abril-dia-internacional-de-la-conciencia\\\/#breadcrumb\",\"itemListElement\":[{\"@type\":\"ListItem\",\"position\":1,\"name\":\"Home\",\"item\":\"https:\\\/\\\/digital58.com.ve\\\/site\\\/\"},{\"@type\":\"ListItem\",\"position\":2,\"name\":\"5 de abril: D\u00eda Internacional de la Conciencia\"}]},{\"@type\":\"WebSite\",\"@id\":\"https:\\\/\\\/digital58.com.ve\\\/site\\\/#website\",\"url\":\"https:\\\/\\\/digital58.com.ve\\\/site\\\/\",\"name\":\"Noticias Digital58\",\"description\":\"Portal de Noticias \u00a1Periodismo web de verdad! Lanzamiento web 22.11.2005 \\\/ Maracaibo, Venezuela\",\"publisher\":{\"@id\":\"https:\\\/\\\/digital58.com.ve\\\/site\\\/#\\\/schema\\\/person\\\/64d1c2e4d0d4fd1b849980c4331c2951\"},\"alternateName\":\"ND58\",\"potentialAction\":[{\"@type\":\"SearchAction\",\"target\":{\"@type\":\"EntryPoint\",\"urlTemplate\":\"https:\\\/\\\/digital58.com.ve\\\/site\\\/?s={search_term_string}\"},\"query-input\":{\"@type\":\"PropertyValueSpecification\",\"valueRequired\":true,\"valueName\":\"search_term_string\"}}],\"inLanguage\":\"es\"},{\"@type\":[\"Person\",\"Organization\"],\"@id\":\"https:\\\/\\\/digital58.com.ve\\\/site\\\/#\\\/schema\\\/person\\\/64d1c2e4d0d4fd1b849980c4331c2951\",\"name\":\"Villasmil Henry\",\"image\":{\"@type\":\"ImageObject\",\"inLanguage\":\"es\",\"@id\":\"https:\\\/\\\/secure.gravatar.com\\\/avatar\\\/bb0c4a2fcb7970138239f7e404ea75757b1b507b28b5ce4c53fbd62d797c5a7c?s=96&d=mm&r=g\",\"url\":\"https:\\\/\\\/secure.gravatar.com\\\/avatar\\\/bb0c4a2fcb7970138239f7e404ea75757b1b507b28b5ce4c53fbd62d797c5a7c?s=96&d=mm&r=g\",\"contentUrl\":\"https:\\\/\\\/secure.gravatar.com\\\/avatar\\\/bb0c4a2fcb7970138239f7e404ea75757b1b507b28b5ce4c53fbd62d797c5a7c?s=96&d=mm&r=g\",\"caption\":\"Villasmil Henry\"},\"logo\":{\"@id\":\"https:\\\/\\\/secure.gravatar.com\\\/avatar\\\/bb0c4a2fcb7970138239f7e404ea75757b1b507b28b5ce4c53fbd62d797c5a7c?s=96&d=mm&r=g\"},\"sameAs\":[\"http:\\\/\\\/www.henryvillasmil.com.ve\",\"https:\\\/\\\/www.instagram.com\\\/villasmilhfoto\\\/\",\"https:\\\/\\\/x.com\\\/https:\\\/\\\/twitter.com\\\/villasmilhfoto\"],\"url\":\"https:\\\/\\\/digital58.com.ve\\\/site\\\/author\\\/droopy_68\\\/\"}]}<\/script>\n<!-- \/ Yoast SEO plugin. -->","yoast_head_json":{"title":"5 de abril: D\u00eda Internacional de la Conciencia","description":"Otros","robots":{"index":"index","follow":"follow","max-snippet":"max-snippet:-1","max-image-preview":"max-image-preview:large","max-video-preview":"max-video-preview:-1"},"canonical":"https:\/\/digital58.com.ve\/site\/2020\/04\/05\/5-de-abril-dia-internacional-de-la-conciencia\/","og_locale":"es_ES","og_type":"article","og_title":"5 de abril: D\u00eda Internacional de la Conciencia","og_description":"Otros","og_url":"https:\/\/digital58.com.ve\/site\/2020\/04\/05\/5-de-abril-dia-internacional-de-la-conciencia\/","og_site_name":"Noticias Digital58","article_published_time":"2020-04-05T16:16:45+00:00","og_image":[{"width":640,"height":360,"url":"https:\/\/digital58.com.ve\/site\/wp-content\/uploads\/2020\/04\/conciencia.jpg","type":"image\/jpeg"}],"author":"Villasmil Henry","twitter_card":"summary_large_image","twitter_creator":"@https:\/\/twitter.com\/villasmilhfoto","twitter_site":"@villasmilhfoto","twitter_misc":{"Escrito por":"Villasmil Henry","Tiempo estimado de lectura":"5 minutos"},"schema":{"@context":"https:\/\/schema.org","@graph":[{"@type":"Article","@id":"https:\/\/digital58.com.ve\/site\/2020\/04\/05\/5-de-abril-dia-internacional-de-la-conciencia\/#article","isPartOf":{"@id":"https:\/\/digital58.com.ve\/site\/2020\/04\/05\/5-de-abril-dia-internacional-de-la-conciencia\/"},"author":{"name":"Villasmil Henry","@id":"https:\/\/digital58.com.ve\/site\/#\/schema\/person\/64d1c2e4d0d4fd1b849980c4331c2951"},"headline":"5 de abril: D\u00eda Internacional de la Conciencia","datePublished":"2020-04-05T16:16:45+00:00","mainEntityOfPage":{"@id":"https:\/\/digital58.com.ve\/site\/2020\/04\/05\/5-de-abril-dia-internacional-de-la-conciencia\/"},"wordCount":916,"commentCount":0,"publisher":{"@id":"https:\/\/digital58.com.ve\/site\/#\/schema\/person\/64d1c2e4d0d4fd1b849980c4331c2951"},"image":{"@id":"https:\/\/digital58.com.ve\/site\/2020\/04\/05\/5-de-abril-dia-internacional-de-la-conciencia\/#primaryimage"},"thumbnailUrl":"https:\/\/digital58.com.ve\/site\/wp-content\/uploads\/2020\/04\/conciencia.jpg","keywords":["Conciencia","Efem\u00e9rides","Internacionales","ONU"],"articleSection":["Otros"],"inLanguage":"es","potentialAction":[{"@type":"CommentAction","name":"Comment","target":["https:\/\/digital58.com.ve\/site\/2020\/04\/05\/5-de-abril-dia-internacional-de-la-conciencia\/#respond"]}]},{"@type":"WebPage","@id":"https:\/\/digital58.com.ve\/site\/2020\/04\/05\/5-de-abril-dia-internacional-de-la-conciencia\/","url":"https:\/\/digital58.com.ve\/site\/2020\/04\/05\/5-de-abril-dia-internacional-de-la-conciencia\/","name":"5 de abril: D\u00eda Internacional de la Conciencia","isPartOf":{"@id":"https:\/\/digital58.com.ve\/site\/#website"},"primaryImageOfPage":{"@id":"https:\/\/digital58.com.ve\/site\/2020\/04\/05\/5-de-abril-dia-internacional-de-la-conciencia\/#primaryimage"},"image":{"@id":"https:\/\/digital58.com.ve\/site\/2020\/04\/05\/5-de-abril-dia-internacional-de-la-conciencia\/#primaryimage"},"thumbnailUrl":"https:\/\/digital58.com.ve\/site\/wp-content\/uploads\/2020\/04\/conciencia.jpg","datePublished":"2020-04-05T16:16:45+00:00","description":"Otros","breadcrumb":{"@id":"https:\/\/digital58.com.ve\/site\/2020\/04\/05\/5-de-abril-dia-internacional-de-la-conciencia\/#breadcrumb"},"inLanguage":"es","potentialAction":[{"@type":"ReadAction","target":["https:\/\/digital58.com.ve\/site\/2020\/04\/05\/5-de-abril-dia-internacional-de-la-conciencia\/"]}]},{"@type":"ImageObject","inLanguage":"es","@id":"https:\/\/digital58.com.ve\/site\/2020\/04\/05\/5-de-abril-dia-internacional-de-la-conciencia\/#primaryimage","url":"https:\/\/digital58.com.ve\/site\/wp-content\/uploads\/2020\/04\/conciencia.jpg","contentUrl":"https:\/\/digital58.com.ve\/site\/wp-content\/uploads\/2020\/04\/conciencia.jpg","width":640,"height":360},{"@type":"BreadcrumbList","@id":"https:\/\/digital58.com.ve\/site\/2020\/04\/05\/5-de-abril-dia-internacional-de-la-conciencia\/#breadcrumb","itemListElement":[{"@type":"ListItem","position":1,"name":"Home","item":"https:\/\/digital58.com.ve\/site\/"},{"@type":"ListItem","position":2,"name":"5 de abril: D\u00eda Internacional de la Conciencia"}]},{"@type":"WebSite","@id":"https:\/\/digital58.com.ve\/site\/#website","url":"https:\/\/digital58.com.ve\/site\/","name":"Noticias Digital58","description":"Portal de Noticias \u00a1Periodismo web de verdad! Lanzamiento web 22.11.2005 \/ Maracaibo, Venezuela","publisher":{"@id":"https:\/\/digital58.com.ve\/site\/#\/schema\/person\/64d1c2e4d0d4fd1b849980c4331c2951"},"alternateName":"ND58","potentialAction":[{"@type":"SearchAction","target":{"@type":"EntryPoint","urlTemplate":"https:\/\/digital58.com.ve\/site\/?s={search_term_string}"},"query-input":{"@type":"PropertyValueSpecification","valueRequired":true,"valueName":"search_term_string"}}],"inLanguage":"es"},{"@type":["Person","Organization"],"@id":"https:\/\/digital58.com.ve\/site\/#\/schema\/person\/64d1c2e4d0d4fd1b849980c4331c2951","name":"Villasmil Henry","image":{"@type":"ImageObject","inLanguage":"es","@id":"https:\/\/secure.gravatar.com\/avatar\/bb0c4a2fcb7970138239f7e404ea75757b1b507b28b5ce4c53fbd62d797c5a7c?s=96&d=mm&r=g","url":"https:\/\/secure.gravatar.com\/avatar\/bb0c4a2fcb7970138239f7e404ea75757b1b507b28b5ce4c53fbd62d797c5a7c?s=96&d=mm&r=g","contentUrl":"https:\/\/secure.gravatar.com\/avatar\/bb0c4a2fcb7970138239f7e404ea75757b1b507b28b5ce4c53fbd62d797c5a7c?s=96&d=mm&r=g","caption":"Villasmil Henry"},"logo":{"@id":"https:\/\/secure.gravatar.com\/avatar\/bb0c4a2fcb7970138239f7e404ea75757b1b507b28b5ce4c53fbd62d797c5a7c?s=96&d=mm&r=g"},"sameAs":["http:\/\/www.henryvillasmil.com.ve","https:\/\/www.instagram.com\/villasmilhfoto\/","https:\/\/x.com\/https:\/\/twitter.com\/villasmilhfoto"],"url":"https:\/\/digital58.com.ve\/site\/author\/droopy_68\/"}]}},"uagb_featured_image_src":{"full":["https:\/\/digital58.com.ve\/site\/wp-content\/uploads\/2020\/04\/conciencia.jpg",640,360,false],"thumbnail":["https:\/\/digital58.com.ve\/site\/wp-content\/uploads\/2020\/04\/conciencia-150x150.jpg",150,150,true],"medium":["https:\/\/digital58.com.ve\/site\/wp-content\/uploads\/2020\/04\/conciencia-300x169.jpg",300,169,true],"medium_large":["https:\/\/digital58.com.ve\/site\/wp-content\/uploads\/2020\/04\/conciencia.jpg",640,360,false],"large":["https:\/\/digital58.com.ve\/site\/wp-content\/uploads\/2020\/04\/conciencia.jpg",640,360,false],"1536x1536":["https:\/\/digital58.com.ve\/site\/wp-content\/uploads\/2020\/04\/conciencia.jpg",640,360,false],"2048x2048":["https:\/\/digital58.com.ve\/site\/wp-content\/uploads\/2020\/04\/conciencia.jpg",640,360,false],"colormag-highlighted-post":["https:\/\/digital58.com.ve\/site\/wp-content\/uploads\/2020\/04\/conciencia.jpg",392,221,false],"colormag-featured-post-medium":["https:\/\/digital58.com.ve\/site\/wp-content\/uploads\/2020\/04\/conciencia.jpg",364,205,false],"colormag-featured-post-small":["https:\/\/digital58.com.ve\/site\/wp-content\/uploads\/2020\/04\/conciencia.jpg",130,73,false],"colormag-featured-image":["https:\/\/digital58.com.ve\/site\/wp-content\/uploads\/2020\/04\/conciencia.jpg",640,360,false],"colormag-default-news":["https:\/\/digital58.com.ve\/site\/wp-content\/uploads\/2020\/04\/conciencia.jpg",150,84,false],"colormag-featured-image-large":["https:\/\/digital58.com.ve\/site\/wp-content\/uploads\/2020\/04\/conciencia.jpg",640,360,false]},"uagb_author_info":{"display_name":"Villasmil Henry","author_link":"https:\/\/digital58.com.ve\/site\/author\/droopy_68\/"},"uagb_comment_info":0,"uagb_excerpt":"El pre\u00e1mbulo de la Declaraci\u00f3n Universal de Derechos Humanos afirma que \u00abel desconocimiento y el menosprecio de los derechos humanos","_links":{"self":[{"href":"https:\/\/digital58.com.ve\/site\/wp-json\/wp\/v2\/posts\/95084","targetHints":{"allow":["GET"]}}],"collection":[{"href":"https:\/\/digital58.com.ve\/site\/wp-json\/wp\/v2\/posts"}],"about":[{"href":"https:\/\/digital58.com.ve\/site\/wp-json\/wp\/v2\/types\/post"}],"author":[{"embeddable":true,"href":"https:\/\/digital58.com.ve\/site\/wp-json\/wp\/v2\/users\/1"}],"replies":[{"embeddable":true,"href":"https:\/\/digital58.com.ve\/site\/wp-json\/wp\/v2\/comments?post=95084"}],"version-history":[{"count":0,"href":"https:\/\/digital58.com.ve\/site\/wp-json\/wp\/v2\/posts\/95084\/revisions"}],"wp:featuredmedia":[{"embeddable":true,"href":"https:\/\/digital58.com.ve\/site\/wp-json\/wp\/v2\/media\/95085"}],"wp:attachment":[{"href":"https:\/\/digital58.com.ve\/site\/wp-json\/wp\/v2\/media?parent=95084"}],"wp:term":[{"taxonomy":"category","embeddable":true,"href":"https:\/\/digital58.com.ve\/site\/wp-json\/wp\/v2\/categories?post=95084"},{"taxonomy":"post_tag","embeddable":true,"href":"https:\/\/digital58.com.ve\/site\/wp-json\/wp\/v2\/tags?post=95084"}],"curies":[{"name":"wp","href":"https:\/\/api.w.org\/{rel}","templated":true}]}}