{"id":95250,"date":"2020-04-09T08:29:56","date_gmt":"2020-04-09T12:29:56","guid":{"rendered":"https:\/\/digital58.com.ve\/site\/?p=95250"},"modified":"2020-04-09T08:29:56","modified_gmt":"2020-04-09T12:29:56","slug":"elimar-diaz-los-zulianos-tenemos-mas-de-20-dias-viviendo-una-cuarentena-de-hambre-y-miseria","status":"publish","type":"post","link":"https:\/\/digital58.com.ve\/site\/2020\/04\/09\/elimar-diaz-los-zulianos-tenemos-mas-de-20-dias-viviendo-una-cuarentena-de-hambre-y-miseria\/","title":{"rendered":"Elimar D\u00edaz: \u00ablos zulianos tenemos mas de 20 d\u00edas viviendo una cuarentena de hambre y miseria"},"content":{"rendered":"<p><a href=\"https:\/\/digital58.com.ve\/site\/wp-content\/uploads\/2020\/04\/photo_2020-04-09_08-27-56.jpg\"><img loading=\"lazy\" decoding=\"async\" class=\"aligncenter size-full wp-image-95251\" src=\"https:\/\/digital58.com.ve\/site\/wp-content\/uploads\/2020\/04\/photo_2020-04-09_08-27-56.jpg\" alt=\"\" width=\"1080\" height=\"810\" srcset=\"https:\/\/digital58.com.ve\/site\/wp-content\/uploads\/2020\/04\/photo_2020-04-09_08-27-56.jpg 800w, https:\/\/digital58.com.ve\/site\/wp-content\/uploads\/2020\/04\/photo_2020-04-09_08-27-56-300x225.jpg 300w, https:\/\/digital58.com.ve\/site\/wp-content\/uploads\/2020\/04\/photo_2020-04-09_08-27-56-768x576.jpg 768w\" sizes=\"auto, (max-width: 1080px) 100vw, 1080px\" \/><\/a><\/p>\n<p>A trav\u00e9s de sus redes sociales, la joven parlamentaria dijo que es \u00abpreocupante\u00bb la situaci\u00f3n en el Zulia en donde el distanciamiento social ha incrementado los casos de hambre en numerosas familias que han dejado de percibir remuneraci\u00f3n diaria por el trabajo que alguno de ellos hac\u00eda; pues el desde hace m\u00e1s de 20 d\u00edas no laboran. Este se\u00f1alamiento lo hizo luego de recibir informaci\u00f3n en el Observatorio de Servicios P\u00fablicos del Zulia.<\/p>\n<p><strong>Maracaibo, Zulia, Venezuela, 09 de abril de 2020 (ND58).-<\/strong> \u00abEl coronavirus en Venezuela, y en especial en el Zulia, ha acelerado y elevado el riesgo de morir de hambre. Los zulianos tenemos 22 d\u00edas viviendo una cuarentena de miseria y hambre\u00bb.<\/p>\n<p>Dijo D\u00edaz que hace unas semanas el \u00abr\u00e9gimen usurpador\u00bb anunci\u00f3 con \u00abbombos y platillos\u00bb que repartir\u00edan las cajas CLAP en todo el pa\u00eds, ante la situaci\u00f3n presentada por la pandemia; pero en el Zulia, de los 21 municipios, en 13 no lleg\u00f3; y en donde s\u00ed llegaron, los ciudadanos no ten\u00edan 50 mil Bs.F en efectivo para comprarlas.<\/p>\n<p>\u00abEn el Zulia hay 402 sectores donde el CLAP no lleg\u00f3. En los poquitos sectores donde lleg\u00f3, fallas por dem\u00e1s; ten\u00edan que pagarla en efectivo; \u00bfDe d\u00f3nde sacan la gente el efectivo?; por un lado, tenemos m\u00e1s de 20 d\u00edas sin actividad bancaria; y por el otro lado; los que viven del trabajo diario, no est\u00e1n laborando. El nivel de crueldad de este r\u00e9gimen usurpador y se\u00f1alado por el mundo como narcoterrorista, no tiene l\u00edmites\u00bb.<\/p>\n<p>Refiri\u00f3 la diputada de la Asamblea Nacional, que una vez m\u00e1s el r\u00e9gimen no tiene capacidad, ni voluntad de atender a los sectores m\u00e1s golpeados por la crisis, a esa poblaci\u00f3n que vive del diario de su trabajo que perdi\u00f3 de la noche a la ma\u00f1ana hace 22 d\u00edas cuando inici\u00f3 la cuarentena que de manera responsable hay que cumplir.<\/p>\n<p>Inform\u00f3 que en Maracaibo, por ejemplo, los sectores donde no ha llegado la caja CLAP son las parroquias Chiquinquir\u00e1, Antonio Borjas Romero, Francisco Eugenio Bustamante, Manuel Dagnino, Cristo de Aranza y Ra\u00fal Leoni.<\/p>\n<p>\u00abEn San Francisco, donde ni siquiera porque Omar Prieto fue alcalde por nueve a\u00f1os; han llevado las cajitas. Los reportes que manejamos es que en parroquias como Francisco Ochoa, San Francisco, El Bajo, Marcial Hern\u00e1ndez, Domitila Flores; no tienen la m\u00e1s m\u00ednima esperanza de lleguen. Hay que ser bien inhumanos para no dar la m\u00ednima atenci\u00f3n a los sectores m\u00e1s golpeados\u00bb.<\/p>\n<p>Indic\u00f3 que si bien hay que ser responsable con la cuarentena porque es la medida de prevenci\u00f3n m\u00e1s poderosa para evitar el contagio del coronavirus; \u00aben el Zulia la misma se ha sumado a la tortura sistem\u00e1tica a la que nos someten con los cortes de luz de 12 y m\u00e1s horas continuas, la escasez de agua, la escasez de gasolina, y sin efectivo para comprar comida\u00bb.<\/p>\n<p><strong>Plan listo para solucionar<\/strong><\/p>\n<p>Adem\u00e1s de denunciar la \u00abalarmante situaci\u00f3n\u00bb que se vive muy especialmente en el Zulia con el confinamiento y la ausencia de pol\u00edticas para atender casos puntuales como garantizar la alimentaci\u00f3n de los ciudadanos que sobreviven con el trabajo diario; Elimar D\u00edaz, quien tambi\u00e9n es la Secretaria Regional de Primero Justicia en la regi\u00f3n zuliana, dijo que desde el Parlamento nacional y la presidencia encargada hay planes listos para atender y dar soluci\u00f3n a la crisis.<\/p>\n<p>\u00abDesde la Asamblea Nacional y el Gobierno interino se han hecho las diligencias para la entrada de la Ayuda Humanitaria Alimentaria para atender el tema del hambre en los sectores m\u00e1s golpeados. Una vez m\u00e1s el r\u00e9gimen se niega a permitir la entrada de esa Ayuda Humanitaria Alimentaria, que incluso pudiera gestionar la Organizaci\u00f3n de las Naciones Unidas (ONU)\u00bb.<\/p>\n<p>Asimismo dijo D\u00edaz que hace una semana el Presidente (e) de Venezuela, Juan Guaid\u00f3, present\u00f3 al pa\u00eds y al mundo el \u00abPlan Jos\u00e9 Mar\u00eda Vargas\u00bb, dise\u00f1ado para atender de manera inmediata la pandemia; pero para que sea ejecutado, evidentemente el r\u00e9gimen no debe estar usurpando funciones; por lo que propuso la conformaci\u00f3n de un Gobierno Nacional de Emergencia, que hasta ahora ha recibido el respaldo de 44 pa\u00edses.<\/p>\n<p>Record\u00f3 la diputada que dentro el trabajo incansable que se hace a diario para buscar soluciones, se encuentra el logro de la donaci\u00f3n de nueve millones de d\u00f3lares a las multilaterales para la atenci\u00f3n del coronavirus en el pa\u00eds. Aclar\u00f3 que no es suficiente, pero es un aporte importante.<\/p>\n<p>\u00abEl \u00abr\u00e9gimen usurpador\u00bb no tiene, ni ha tenido un plan ni para solucionar la Crisis Humanitaria Compleja que ellos ocasionaron, ni lo tienen para atender esta tragedia que se incrementa con la presencia del COVID-19. Desde la Asamblea Nacional y la Presidencia encargada, s\u00ed tenemos respuestas, planes, estrategias; pues cuando se quiere, se puede. Nosotros s\u00ed estamos abocados a la b\u00fasqueda de soluciones\u00bb.<\/p>\n<p>Finalmente, se\u00f1al\u00f3 que \u00abel enga\u00f1o y las contradicciones del r\u00e9gimen\u00bb son muestra de la \u00abpol\u00edtica del hambre con la que pretenden extinguir a los venezolanos\u00bb; pues hablan de bloqueo y compran armas, por ejemplo; hablan de defensa del pa\u00eds; y dejan que la guerrilla colombiana y grupos terroristas cometan el peor ecocidio de la historia en el estado Bol\u00edvar.<\/p><div class=\"rsgso6a9c09db404f0\" ><p style=\"text-align: center;\"><a href=\"https:\/\/t.me\/noticiasdigital58\" target=\"_blank\" rel=\"noopener\"><img class=\"aligncenter size-full wp-image-125363\" src=\"https:\/\/digital58.com.ve\/site\/wp-content\/uploads\/2021\/04\/banner-telegram-web-2021.png\" alt=\"\" width=\"600\" height=\"90\" \/><\/a><\/p><\/div><style type=\"text\/css\">\r\n@media screen and (min-width: 1201px) {\r\n.rsgso6a9c09db404f0 {\r\ndisplay: block;\r\n}\r\n}\r\n@media screen and (min-width: 993px) and (max-width: 1200px) {\r\n.rsgso6a9c09db404f0 {\r\ndisplay: block;\r\n}\r\n}\r\n@media screen and (min-width: 769px) and (max-width: 992px) {\r\n.rsgso6a9c09db404f0 {\r\ndisplay: block;\r\n}\r\n}\r\n@media screen and (min-width: 768px) and (max-width: 768px) {\r\n.rsgso6a9c09db404f0 {\r\ndisplay: block;\r\n}\r\n}\r\n@media screen and (max-width: 767px) {\r\n.rsgso6a9c09db404f0 {\r\ndisplay: block;\r\n}\r\n}\r\n<\/style>\r\n\n<p><strong>Fuente: Prensa Diputada Elimar D\u00edaz.<\/strong><br \/>\n<strong>Edici\u00f3n: Villasmil, Henry<\/strong><br \/>\n<strong>Grafica: cortes\u00eda<\/strong><\/p>\n<div style=\"margin-top: 0px; margin-bottom: 0px;\" class=\"sharethis-inline-share-buttons\" ><\/div>","protected":false},"excerpt":{"rendered":"<p>A trav\u00e9s de sus redes sociales, la joven parlamentaria dijo que es \u00abpreocupante\u00bb la situaci\u00f3n en el Zulia en donde<\/p>\n","protected":false},"author":1,"featured_media":95251,"comment_status":"open","ping_status":"closed","sticky":false,"template":"","format":"standard","meta":{"colormag_page_container_layout":"default_layout","colormag_page_sidebar_layout":"default_layout","_uag_custom_page_level_css":"","footnotes":""},"categories":[8610],"tags":[13352,13648,13763,13217,13971,73,13723,2354,32,761],"class_list":["post-95250","post","type-post","status-publish","format-standard","has-post-thumbnail","hentry","category-politica","tag-coronavirus","tag-covid-19","tag-cuarentena-social","tag-diputados","tag-elimar-diaz","tag-maracaibo","tag-pandemia","tag-regionales","tag-venezuela","tag-zulia"],"yoast_head":"<!-- This site is optimized with the Yoast SEO plugin v28.4 - https:\/\/yoast.com\/product\/yoast-seo-wordpress\/ -->\n<title>Elimar D\u00edaz: \u00ablos zulianos tenemos mas de 20 d\u00edas viviendo una cuarentena de hambre y miseria<\/title>\n<meta name=\"description\" content=\"Pol\u00edtica\" \/>\n<meta name=\"robots\" content=\"index, follow, max-snippet:-1, max-image-preview:large, max-video-preview:-1\" \/>\n<link rel=\"canonical\" href=\"https:\/\/digital58.com.ve\/site\/2020\/04\/09\/elimar-diaz-los-zulianos-tenemos-mas-de-20-dias-viviendo-una-cuarentena-de-hambre-y-miseria\/\" \/>\n<meta property=\"og:locale\" content=\"es_ES\" \/>\n<meta property=\"og:type\" content=\"article\" \/>\n<meta property=\"og:title\" content=\"Elimar D\u00edaz: \u00ablos zulianos tenemos mas de 20 d\u00edas viviendo una cuarentena de hambre y miseria\" \/>\n<meta property=\"og:description\" content=\"Pol\u00edtica\" \/>\n<meta property=\"og:url\" content=\"https:\/\/digital58.com.ve\/site\/2020\/04\/09\/elimar-diaz-los-zulianos-tenemos-mas-de-20-dias-viviendo-una-cuarentena-de-hambre-y-miseria\/\" \/>\n<meta property=\"og:site_name\" content=\"Noticias Digital58\" \/>\n<meta property=\"article:published_time\" content=\"2020-04-09T12:29:56+00:00\" \/>\n<meta property=\"og:image\" content=\"https:\/\/digital58.com.ve\/site\/wp-content\/uploads\/2020\/04\/photo_2020-04-09_08-27-56.jpg\" \/>\n\t<meta property=\"og:image:width\" content=\"1080\" \/>\n\t<meta property=\"og:image:height\" content=\"810\" \/>\n\t<meta property=\"og:image:type\" content=\"image\/jpeg\" \/>\n<meta name=\"author\" content=\"Villasmil Henry\" \/>\n<meta name=\"twitter:card\" content=\"summary_large_image\" \/>\n<meta name=\"twitter:creator\" content=\"@https:\/\/twitter.com\/villasmilhfoto\" \/>\n<meta name=\"twitter:site\" content=\"@villasmilhfoto\" \/>\n<meta name=\"twitter:label1\" content=\"Escrito por\" \/>\n\t<meta name=\"twitter:data1\" content=\"Villasmil Henry\" \/>\n\t<meta name=\"twitter:label2\" content=\"Tiempo estimado de lectura\" \/>\n\t<meta name=\"twitter:data2\" content=\"5 minutos\" \/>\n<script type=\"application\/ld+json\" class=\"yoast-schema-graph\">{\"@context\":\"https:\\\/\\\/schema.org\",\"@graph\":[{\"@type\":\"Article\",\"@id\":\"https:\\\/\\\/digital58.com.ve\\\/site\\\/2020\\\/04\\\/09\\\/elimar-diaz-los-zulianos-tenemos-mas-de-20-dias-viviendo-una-cuarentena-de-hambre-y-miseria\\\/#article\",\"isPartOf\":{\"@id\":\"https:\\\/\\\/digital58.com.ve\\\/site\\\/2020\\\/04\\\/09\\\/elimar-diaz-los-zulianos-tenemos-mas-de-20-dias-viviendo-una-cuarentena-de-hambre-y-miseria\\\/\"},\"author\":{\"name\":\"Villasmil Henry\",\"@id\":\"https:\\\/\\\/digital58.com.ve\\\/site\\\/#\\\/schema\\\/person\\\/64d1c2e4d0d4fd1b849980c4331c2951\"},\"headline\":\"Elimar D\u00edaz: \u00ablos zulianos tenemos mas de 20 d\u00edas viviendo una cuarentena de hambre y miseria\",\"datePublished\":\"2020-04-09T12:29:56+00:00\",\"mainEntityOfPage\":{\"@id\":\"https:\\\/\\\/digital58.com.ve\\\/site\\\/2020\\\/04\\\/09\\\/elimar-diaz-los-zulianos-tenemos-mas-de-20-dias-viviendo-una-cuarentena-de-hambre-y-miseria\\\/\"},\"wordCount\":939,\"commentCount\":0,\"publisher\":{\"@id\":\"https:\\\/\\\/digital58.com.ve\\\/site\\\/#\\\/schema\\\/person\\\/64d1c2e4d0d4fd1b849980c4331c2951\"},\"image\":{\"@id\":\"https:\\\/\\\/digital58.com.ve\\\/site\\\/2020\\\/04\\\/09\\\/elimar-diaz-los-zulianos-tenemos-mas-de-20-dias-viviendo-una-cuarentena-de-hambre-y-miseria\\\/#primaryimage\"},\"thumbnailUrl\":\"https:\\\/\\\/digital58.com.ve\\\/site\\\/wp-content\\\/uploads\\\/2020\\\/04\\\/photo_2020-04-09_08-27-56.jpg\",\"keywords\":[\"Coronavirus\",\"COVID-19\",\"Cuarentena Social\",\"Diputados\",\"Elimar D\u00edaz\",\"Maracaibo\",\"Pandemia\",\"Regionales\",\"Venezuela\",\"Zulia\"],\"articleSection\":[\"Pol\u00edtica\"],\"inLanguage\":\"es\",\"potentialAction\":[{\"@type\":\"CommentAction\",\"name\":\"Comment\",\"target\":[\"https:\\\/\\\/digital58.com.ve\\\/site\\\/2020\\\/04\\\/09\\\/elimar-diaz-los-zulianos-tenemos-mas-de-20-dias-viviendo-una-cuarentena-de-hambre-y-miseria\\\/#respond\"]}]},{\"@type\":\"WebPage\",\"@id\":\"https:\\\/\\\/digital58.com.ve\\\/site\\\/2020\\\/04\\\/09\\\/elimar-diaz-los-zulianos-tenemos-mas-de-20-dias-viviendo-una-cuarentena-de-hambre-y-miseria\\\/\",\"url\":\"https:\\\/\\\/digital58.com.ve\\\/site\\\/2020\\\/04\\\/09\\\/elimar-diaz-los-zulianos-tenemos-mas-de-20-dias-viviendo-una-cuarentena-de-hambre-y-miseria\\\/\",\"name\":\"Elimar D\u00edaz: \u00ablos zulianos tenemos mas de 20 d\u00edas viviendo una cuarentena de hambre y miseria\",\"isPartOf\":{\"@id\":\"https:\\\/\\\/digital58.com.ve\\\/site\\\/#website\"},\"primaryImageOfPage\":{\"@id\":\"https:\\\/\\\/digital58.com.ve\\\/site\\\/2020\\\/04\\\/09\\\/elimar-diaz-los-zulianos-tenemos-mas-de-20-dias-viviendo-una-cuarentena-de-hambre-y-miseria\\\/#primaryimage\"},\"image\":{\"@id\":\"https:\\\/\\\/digital58.com.ve\\\/site\\\/2020\\\/04\\\/09\\\/elimar-diaz-los-zulianos-tenemos-mas-de-20-dias-viviendo-una-cuarentena-de-hambre-y-miseria\\\/#primaryimage\"},\"thumbnailUrl\":\"https:\\\/\\\/digital58.com.ve\\\/site\\\/wp-content\\\/uploads\\\/2020\\\/04\\\/photo_2020-04-09_08-27-56.jpg\",\"datePublished\":\"2020-04-09T12:29:56+00:00\",\"description\":\"Pol\u00edtica\",\"breadcrumb\":{\"@id\":\"https:\\\/\\\/digital58.com.ve\\\/site\\\/2020\\\/04\\\/09\\\/elimar-diaz-los-zulianos-tenemos-mas-de-20-dias-viviendo-una-cuarentena-de-hambre-y-miseria\\\/#breadcrumb\"},\"inLanguage\":\"es\",\"potentialAction\":[{\"@type\":\"ReadAction\",\"target\":[\"https:\\\/\\\/digital58.com.ve\\\/site\\\/2020\\\/04\\\/09\\\/elimar-diaz-los-zulianos-tenemos-mas-de-20-dias-viviendo-una-cuarentena-de-hambre-y-miseria\\\/\"]}]},{\"@type\":\"ImageObject\",\"inLanguage\":\"es\",\"@id\":\"https:\\\/\\\/digital58.com.ve\\\/site\\\/2020\\\/04\\\/09\\\/elimar-diaz-los-zulianos-tenemos-mas-de-20-dias-viviendo-una-cuarentena-de-hambre-y-miseria\\\/#primaryimage\",\"url\":\"https:\\\/\\\/digital58.com.ve\\\/site\\\/wp-content\\\/uploads\\\/2020\\\/04\\\/photo_2020-04-09_08-27-56.jpg\",\"contentUrl\":\"https:\\\/\\\/digital58.com.ve\\\/site\\\/wp-content\\\/uploads\\\/2020\\\/04\\\/photo_2020-04-09_08-27-56.jpg\",\"width\":800,\"height\":600},{\"@type\":\"BreadcrumbList\",\"@id\":\"https:\\\/\\\/digital58.com.ve\\\/site\\\/2020\\\/04\\\/09\\\/elimar-diaz-los-zulianos-tenemos-mas-de-20-dias-viviendo-una-cuarentena-de-hambre-y-miseria\\\/#breadcrumb\",\"itemListElement\":[{\"@type\":\"ListItem\",\"position\":1,\"name\":\"Home\",\"item\":\"https:\\\/\\\/digital58.com.ve\\\/site\\\/\"},{\"@type\":\"ListItem\",\"position\":2,\"name\":\"Elimar D\u00edaz: \u00ablos zulianos tenemos mas de 20 d\u00edas viviendo una cuarentena de hambre y miseria\"}]},{\"@type\":\"WebSite\",\"@id\":\"https:\\\/\\\/digital58.com.ve\\\/site\\\/#website\",\"url\":\"https:\\\/\\\/digital58.com.ve\\\/site\\\/\",\"name\":\"Noticias Digital58\",\"description\":\"Portal de Noticias \u00a1Periodismo web de verdad! Lanzamiento web 22.11.2005 \\\/ Maracaibo, Venezuela\",\"publisher\":{\"@id\":\"https:\\\/\\\/digital58.com.ve\\\/site\\\/#\\\/schema\\\/person\\\/64d1c2e4d0d4fd1b849980c4331c2951\"},\"alternateName\":\"ND58\",\"potentialAction\":[{\"@type\":\"SearchAction\",\"target\":{\"@type\":\"EntryPoint\",\"urlTemplate\":\"https:\\\/\\\/digital58.com.ve\\\/site\\\/?s={search_term_string}\"},\"query-input\":{\"@type\":\"PropertyValueSpecification\",\"valueRequired\":true,\"valueName\":\"search_term_string\"}}],\"inLanguage\":\"es\"},{\"@type\":[\"Person\",\"Organization\"],\"@id\":\"https:\\\/\\\/digital58.com.ve\\\/site\\\/#\\\/schema\\\/person\\\/64d1c2e4d0d4fd1b849980c4331c2951\",\"name\":\"Villasmil Henry\",\"image\":{\"@type\":\"ImageObject\",\"inLanguage\":\"es\",\"@id\":\"https:\\\/\\\/secure.gravatar.com\\\/avatar\\\/bb0c4a2fcb7970138239f7e404ea75757b1b507b28b5ce4c53fbd62d797c5a7c?s=96&d=mm&r=g\",\"url\":\"https:\\\/\\\/secure.gravatar.com\\\/avatar\\\/bb0c4a2fcb7970138239f7e404ea75757b1b507b28b5ce4c53fbd62d797c5a7c?s=96&d=mm&r=g\",\"contentUrl\":\"https:\\\/\\\/secure.gravatar.com\\\/avatar\\\/bb0c4a2fcb7970138239f7e404ea75757b1b507b28b5ce4c53fbd62d797c5a7c?s=96&d=mm&r=g\",\"caption\":\"Villasmil Henry\"},\"logo\":{\"@id\":\"https:\\\/\\\/secure.gravatar.com\\\/avatar\\\/bb0c4a2fcb7970138239f7e404ea75757b1b507b28b5ce4c53fbd62d797c5a7c?s=96&d=mm&r=g\"},\"sameAs\":[\"http:\\\/\\\/www.henryvillasmil.com.ve\",\"https:\\\/\\\/www.instagram.com\\\/villasmilhfoto\\\/\",\"https:\\\/\\\/x.com\\\/https:\\\/\\\/twitter.com\\\/villasmilhfoto\"],\"url\":\"https:\\\/\\\/digital58.com.ve\\\/site\\\/author\\\/droopy_68\\\/\"}]}<\/script>\n<!-- \/ Yoast SEO plugin. -->","yoast_head_json":{"title":"Elimar D\u00edaz: \u00ablos zulianos tenemos mas de 20 d\u00edas viviendo una cuarentena de hambre y miseria","description":"Pol\u00edtica","robots":{"index":"index","follow":"follow","max-snippet":"max-snippet:-1","max-image-preview":"max-image-preview:large","max-video-preview":"max-video-preview:-1"},"canonical":"https:\/\/digital58.com.ve\/site\/2020\/04\/09\/elimar-diaz-los-zulianos-tenemos-mas-de-20-dias-viviendo-una-cuarentena-de-hambre-y-miseria\/","og_locale":"es_ES","og_type":"article","og_title":"Elimar D\u00edaz: \u00ablos zulianos tenemos mas de 20 d\u00edas viviendo una cuarentena de hambre y miseria","og_description":"Pol\u00edtica","og_url":"https:\/\/digital58.com.ve\/site\/2020\/04\/09\/elimar-diaz-los-zulianos-tenemos-mas-de-20-dias-viviendo-una-cuarentena-de-hambre-y-miseria\/","og_site_name":"Noticias Digital58","article_published_time":"2020-04-09T12:29:56+00:00","og_image":[{"width":1080,"height":810,"url":"https:\/\/digital58.com.ve\/site\/wp-content\/uploads\/2020\/04\/photo_2020-04-09_08-27-56.jpg","type":"image\/jpeg"}],"author":"Villasmil Henry","twitter_card":"summary_large_image","twitter_creator":"@https:\/\/twitter.com\/villasmilhfoto","twitter_site":"@villasmilhfoto","twitter_misc":{"Escrito por":"Villasmil Henry","Tiempo estimado de lectura":"5 minutos"},"schema":{"@context":"https:\/\/schema.org","@graph":[{"@type":"Article","@id":"https:\/\/digital58.com.ve\/site\/2020\/04\/09\/elimar-diaz-los-zulianos-tenemos-mas-de-20-dias-viviendo-una-cuarentena-de-hambre-y-miseria\/#article","isPartOf":{"@id":"https:\/\/digital58.com.ve\/site\/2020\/04\/09\/elimar-diaz-los-zulianos-tenemos-mas-de-20-dias-viviendo-una-cuarentena-de-hambre-y-miseria\/"},"author":{"name":"Villasmil Henry","@id":"https:\/\/digital58.com.ve\/site\/#\/schema\/person\/64d1c2e4d0d4fd1b849980c4331c2951"},"headline":"Elimar D\u00edaz: \u00ablos zulianos tenemos mas de 20 d\u00edas viviendo una cuarentena de hambre y miseria","datePublished":"2020-04-09T12:29:56+00:00","mainEntityOfPage":{"@id":"https:\/\/digital58.com.ve\/site\/2020\/04\/09\/elimar-diaz-los-zulianos-tenemos-mas-de-20-dias-viviendo-una-cuarentena-de-hambre-y-miseria\/"},"wordCount":939,"commentCount":0,"publisher":{"@id":"https:\/\/digital58.com.ve\/site\/#\/schema\/person\/64d1c2e4d0d4fd1b849980c4331c2951"},"image":{"@id":"https:\/\/digital58.com.ve\/site\/2020\/04\/09\/elimar-diaz-los-zulianos-tenemos-mas-de-20-dias-viviendo-una-cuarentena-de-hambre-y-miseria\/#primaryimage"},"thumbnailUrl":"https:\/\/digital58.com.ve\/site\/wp-content\/uploads\/2020\/04\/photo_2020-04-09_08-27-56.jpg","keywords":["Coronavirus","COVID-19","Cuarentena Social","Diputados","Elimar D\u00edaz","Maracaibo","Pandemia","Regionales","Venezuela","Zulia"],"articleSection":["Pol\u00edtica"],"inLanguage":"es","potentialAction":[{"@type":"CommentAction","name":"Comment","target":["https:\/\/digital58.com.ve\/site\/2020\/04\/09\/elimar-diaz-los-zulianos-tenemos-mas-de-20-dias-viviendo-una-cuarentena-de-hambre-y-miseria\/#respond"]}]},{"@type":"WebPage","@id":"https:\/\/digital58.com.ve\/site\/2020\/04\/09\/elimar-diaz-los-zulianos-tenemos-mas-de-20-dias-viviendo-una-cuarentena-de-hambre-y-miseria\/","url":"https:\/\/digital58.com.ve\/site\/2020\/04\/09\/elimar-diaz-los-zulianos-tenemos-mas-de-20-dias-viviendo-una-cuarentena-de-hambre-y-miseria\/","name":"Elimar D\u00edaz: \u00ablos zulianos tenemos mas de 20 d\u00edas viviendo una cuarentena de hambre y miseria","isPartOf":{"@id":"https:\/\/digital58.com.ve\/site\/#website"},"primaryImageOfPage":{"@id":"https:\/\/digital58.com.ve\/site\/2020\/04\/09\/elimar-diaz-los-zulianos-tenemos-mas-de-20-dias-viviendo-una-cuarentena-de-hambre-y-miseria\/#primaryimage"},"image":{"@id":"https:\/\/digital58.com.ve\/site\/2020\/04\/09\/elimar-diaz-los-zulianos-tenemos-mas-de-20-dias-viviendo-una-cuarentena-de-hambre-y-miseria\/#primaryimage"},"thumbnailUrl":"https:\/\/digital58.com.ve\/site\/wp-content\/uploads\/2020\/04\/photo_2020-04-09_08-27-56.jpg","datePublished":"2020-04-09T12:29:56+00:00","description":"Pol\u00edtica","breadcrumb":{"@id":"https:\/\/digital58.com.ve\/site\/2020\/04\/09\/elimar-diaz-los-zulianos-tenemos-mas-de-20-dias-viviendo-una-cuarentena-de-hambre-y-miseria\/#breadcrumb"},"inLanguage":"es","potentialAction":[{"@type":"ReadAction","target":["https:\/\/digital58.com.ve\/site\/2020\/04\/09\/elimar-diaz-los-zulianos-tenemos-mas-de-20-dias-viviendo-una-cuarentena-de-hambre-y-miseria\/"]}]},{"@type":"ImageObject","inLanguage":"es","@id":"https:\/\/digital58.com.ve\/site\/2020\/04\/09\/elimar-diaz-los-zulianos-tenemos-mas-de-20-dias-viviendo-una-cuarentena-de-hambre-y-miseria\/#primaryimage","url":"https:\/\/digital58.com.ve\/site\/wp-content\/uploads\/2020\/04\/photo_2020-04-09_08-27-56.jpg","contentUrl":"https:\/\/digital58.com.ve\/site\/wp-content\/uploads\/2020\/04\/photo_2020-04-09_08-27-56.jpg","width":800,"height":600},{"@type":"BreadcrumbList","@id":"https:\/\/digital58.com.ve\/site\/2020\/04\/09\/elimar-diaz-los-zulianos-tenemos-mas-de-20-dias-viviendo-una-cuarentena-de-hambre-y-miseria\/#breadcrumb","itemListElement":[{"@type":"ListItem","position":1,"name":"Home","item":"https:\/\/digital58.com.ve\/site\/"},{"@type":"ListItem","position":2,"name":"Elimar D\u00edaz: \u00ablos zulianos tenemos mas de 20 d\u00edas viviendo una cuarentena de hambre y miseria"}]},{"@type":"WebSite","@id":"https:\/\/digital58.com.ve\/site\/#website","url":"https:\/\/digital58.com.ve\/site\/","name":"Noticias Digital58","description":"Portal de Noticias \u00a1Periodismo web de verdad! Lanzamiento web 22.11.2005 \/ Maracaibo, Venezuela","publisher":{"@id":"https:\/\/digital58.com.ve\/site\/#\/schema\/person\/64d1c2e4d0d4fd1b849980c4331c2951"},"alternateName":"ND58","potentialAction":[{"@type":"SearchAction","target":{"@type":"EntryPoint","urlTemplate":"https:\/\/digital58.com.ve\/site\/?s={search_term_string}"},"query-input":{"@type":"PropertyValueSpecification","valueRequired":true,"valueName":"search_term_string"}}],"inLanguage":"es"},{"@type":["Person","Organization"],"@id":"https:\/\/digital58.com.ve\/site\/#\/schema\/person\/64d1c2e4d0d4fd1b849980c4331c2951","name":"Villasmil Henry","image":{"@type":"ImageObject","inLanguage":"es","@id":"https:\/\/secure.gravatar.com\/avatar\/bb0c4a2fcb7970138239f7e404ea75757b1b507b28b5ce4c53fbd62d797c5a7c?s=96&d=mm&r=g","url":"https:\/\/secure.gravatar.com\/avatar\/bb0c4a2fcb7970138239f7e404ea75757b1b507b28b5ce4c53fbd62d797c5a7c?s=96&d=mm&r=g","contentUrl":"https:\/\/secure.gravatar.com\/avatar\/bb0c4a2fcb7970138239f7e404ea75757b1b507b28b5ce4c53fbd62d797c5a7c?s=96&d=mm&r=g","caption":"Villasmil Henry"},"logo":{"@id":"https:\/\/secure.gravatar.com\/avatar\/bb0c4a2fcb7970138239f7e404ea75757b1b507b28b5ce4c53fbd62d797c5a7c?s=96&d=mm&r=g"},"sameAs":["http:\/\/www.henryvillasmil.com.ve","https:\/\/www.instagram.com\/villasmilhfoto\/","https:\/\/x.com\/https:\/\/twitter.com\/villasmilhfoto"],"url":"https:\/\/digital58.com.ve\/site\/author\/droopy_68\/"}]}},"uagb_featured_image_src":{"full":["https:\/\/digital58.com.ve\/site\/wp-content\/uploads\/2020\/04\/photo_2020-04-09_08-27-56.jpg",800,600,false],"thumbnail":["https:\/\/digital58.com.ve\/site\/wp-content\/uploads\/2020\/04\/photo_2020-04-09_08-27-56-150x150.jpg",150,150,true],"medium":["https:\/\/digital58.com.ve\/site\/wp-content\/uploads\/2020\/04\/photo_2020-04-09_08-27-56-300x225.jpg",300,225,true],"medium_large":["https:\/\/digital58.com.ve\/site\/wp-content\/uploads\/2020\/04\/photo_2020-04-09_08-27-56-768x576.jpg",768,576,true],"large":["https:\/\/digital58.com.ve\/site\/wp-content\/uploads\/2020\/04\/photo_2020-04-09_08-27-56.jpg",800,600,false],"1536x1536":["https:\/\/digital58.com.ve\/site\/wp-content\/uploads\/2020\/04\/photo_2020-04-09_08-27-56.jpg",800,600,false],"2048x2048":["https:\/\/digital58.com.ve\/site\/wp-content\/uploads\/2020\/04\/photo_2020-04-09_08-27-56.jpg",800,600,false],"colormag-highlighted-post":["https:\/\/digital58.com.ve\/site\/wp-content\/uploads\/2020\/04\/photo_2020-04-09_08-27-56.jpg",363,272,false],"colormag-featured-post-medium":["https:\/\/digital58.com.ve\/site\/wp-content\/uploads\/2020\/04\/photo_2020-04-09_08-27-56.jpg",273,205,false],"colormag-featured-post-small":["https:\/\/digital58.com.ve\/site\/wp-content\/uploads\/2020\/04\/photo_2020-04-09_08-27-56.jpg",120,90,false],"colormag-featured-image":["https:\/\/digital58.com.ve\/site\/wp-content\/uploads\/2020\/04\/photo_2020-04-09_08-27-56.jpg",593,445,false],"colormag-default-news":["https:\/\/digital58.com.ve\/site\/wp-content\/uploads\/2020\/04\/photo_2020-04-09_08-27-56.jpg",150,113,false],"colormag-featured-image-large":["https:\/\/digital58.com.ve\/site\/wp-content\/uploads\/2020\/04\/photo_2020-04-09_08-27-56.jpg",800,600,false]},"uagb_author_info":{"display_name":"Villasmil Henry","author_link":"https:\/\/digital58.com.ve\/site\/author\/droopy_68\/"},"uagb_comment_info":0,"uagb_excerpt":"A trav\u00e9s de sus redes sociales, la joven parlamentaria dijo que es \u00abpreocupante\u00bb la situaci\u00f3n en el Zulia en donde","_links":{"self":[{"href":"https:\/\/digital58.com.ve\/site\/wp-json\/wp\/v2\/posts\/95250","targetHints":{"allow":["GET"]}}],"collection":[{"href":"https:\/\/digital58.com.ve\/site\/wp-json\/wp\/v2\/posts"}],"about":[{"href":"https:\/\/digital58.com.ve\/site\/wp-json\/wp\/v2\/types\/post"}],"author":[{"embeddable":true,"href":"https:\/\/digital58.com.ve\/site\/wp-json\/wp\/v2\/users\/1"}],"replies":[{"embeddable":true,"href":"https:\/\/digital58.com.ve\/site\/wp-json\/wp\/v2\/comments?post=95250"}],"version-history":[{"count":0,"href":"https:\/\/digital58.com.ve\/site\/wp-json\/wp\/v2\/posts\/95250\/revisions"}],"wp:featuredmedia":[{"embeddable":true,"href":"https:\/\/digital58.com.ve\/site\/wp-json\/wp\/v2\/media\/95251"}],"wp:attachment":[{"href":"https:\/\/digital58.com.ve\/site\/wp-json\/wp\/v2\/media?parent=95250"}],"wp:term":[{"taxonomy":"category","embeddable":true,"href":"https:\/\/digital58.com.ve\/site\/wp-json\/wp\/v2\/categories?post=95250"},{"taxonomy":"post_tag","embeddable":true,"href":"https:\/\/digital58.com.ve\/site\/wp-json\/wp\/v2\/tags?post=95250"}],"curies":[{"name":"wp","href":"https:\/\/api.w.org\/{rel}","templated":true}]}}