{"id":95345,"date":"2020-04-10T21:54:33","date_gmt":"2020-04-11T01:54:33","guid":{"rendered":"https:\/\/digital58.com.ve\/site\/?p=95345"},"modified":"2020-04-10T23:40:28","modified_gmt":"2020-04-11T03:40:28","slug":"muere-por-contagio-de-covid-19-gaitero-y-compositor-zuliano-william-atencio","status":"publish","type":"post","link":"https:\/\/digital58.com.ve\/site\/2020\/04\/10\/muere-por-contagio-de-covid-19-gaitero-y-compositor-zuliano-william-atencio\/","title":{"rendered":"Muere por contagio de COVID-19 gaitero y compositor zuliano William Atencio"},"content":{"rendered":"<p><a href=\"https:\/\/digital58.com.ve\/site\/wp-content\/uploads\/2020\/04\/william-atencio.jpg\"><img loading=\"lazy\" decoding=\"async\" class=\"aligncenter size-full wp-image-95347\" src=\"https:\/\/digital58.com.ve\/site\/wp-content\/uploads\/2020\/04\/william-atencio.jpg\" alt=\"\" width=\"858\" height=\"500\" srcset=\"https:\/\/digital58.com.ve\/site\/wp-content\/uploads\/2020\/04\/william-atencio.jpg 800w, https:\/\/digital58.com.ve\/site\/wp-content\/uploads\/2020\/04\/william-atencio-300x175.jpg 300w, https:\/\/digital58.com.ve\/site\/wp-content\/uploads\/2020\/04\/william-atencio-768x448.jpg 768w\" sizes=\"auto, (max-width: 858px) 100vw, 858px\" \/><\/a><\/p>\n<p>&nbsp;<\/p>\n<p>William Atencio ten\u00eda 71 a\u00f1os y este Viernes Santo muri\u00f3 en Guayaquil, Ecuador, despu\u00e9s de que se contagi\u00f3 por el COVID-19. Atencio fue gaitero y compositor, de los mejores del estado Zulia. Estaba hospitalizado desde inicios de semana y su salud se complic\u00f3 por la diabetes que padec\u00eda.<\/p>\n<p><strong>Ecuador, 10 de abril de 2020 (ND58).-<\/strong> \u00abSe form\u00f3 un gait\u00f3n en el cielo todo se vuelve alegr\u00eda\u00bb. As\u00ed dice una de sus gaitas m\u00e1s emblem\u00e1ticas, \u00abLos Cinco Negros\u00bb y seguro, como tributo, en este estado lo recordar\u00e1n por el empe\u00f1o y sentimiento que le puso a sus composiciones.<\/p>\n<p>Atencio viv\u00eda en Ecuador con su familia, compuso al menos 600 temas y 60 agrupaciones gaiteras los grabaron. Todo esto habla de su trayectoria, de su experiencia y de su compromiso con la gaita.<\/p>\n<p>Si bien, \u00abLos Cinco Negros\u00bb, fue uno de los temas m\u00e1s sonados, tambi\u00e9n fue reconocido por \u00abMi Llano\u00bb y \u00abLa Voz de la Gaita\u00bb.<\/p>\n<p>Con su tema \u00abDe Imprevisto\u00bb se hicieron declaraciones de amor y sonaba como gaita rom\u00e1ntica en la \u00e9poca decembrina. \u00abFuiste luz que brill\u00f3 en mi nuevo amanecer. De imprevisto fue que te empec\u00e9 a querer\u00bb.<\/p>\n<p>Atencio naci\u00f3 en Maracaibo el 25 de marzo de 1949, era licenciado en Educaci\u00f3n menci\u00f3n Ciencias Biol\u00f3gicas graduado en La Universidad del Zulia en 1976 y era compositor, cuatrista, productor musical, locutor y director de emisoras de radio.<\/p><div class=\"knkrb69f4cbe4cf032\" ><p style=\"text-align: center;\"><a href=\"https:\/\/t.me\/noticiasdigital58\" target=\"_blank\" rel=\"noopener\"><img class=\"aligncenter size-full wp-image-125363\" src=\"https:\/\/digital58.com.ve\/site\/wp-content\/uploads\/2021\/04\/banner-telegram-web-2021.png\" alt=\"\" width=\"600\" height=\"90\" \/><\/a><\/p><\/div><style type=\"text\/css\">\r\n@media screen and (min-width: 1201px) {\r\n.knkrb69f4cbe4cf032 {\r\ndisplay: block;\r\n}\r\n}\r\n@media screen and (min-width: 993px) and (max-width: 1200px) {\r\n.knkrb69f4cbe4cf032 {\r\ndisplay: block;\r\n}\r\n}\r\n@media screen and (min-width: 769px) and (max-width: 992px) {\r\n.knkrb69f4cbe4cf032 {\r\ndisplay: block;\r\n}\r\n}\r\n@media screen and (min-width: 768px) and (max-width: 768px) {\r\n.knkrb69f4cbe4cf032 {\r\ndisplay: block;\r\n}\r\n}\r\n@media screen and (max-width: 767px) {\r\n.knkrb69f4cbe4cf032 {\r\ndisplay: block;\r\n}\r\n}\r\n<\/style>\r\n\n<p><strong>Fuente: ElPitazo<\/strong><br \/>\n<strong>Edici\u00f3n: Villasmil, Henry<\/strong><br \/>\n<strong>Gr\u00e1fica: cortes\u00eda<\/strong><\/p>\n<div style=\"margin-top: 0px; margin-bottom: 0px;\" class=\"sharethis-inline-share-buttons\" ><\/div>","protected":false},"excerpt":{"rendered":"<p>&nbsp; William Atencio ten\u00eda 71 a\u00f1os y este Viernes Santo muri\u00f3 en Guayaquil, Ecuador, despu\u00e9s de que se contagi\u00f3 por<\/p>\n","protected":false},"author":1,"featured_media":95347,"comment_status":"open","ping_status":"closed","sticky":false,"template":"","format":"standard","meta":{"colormag_page_container_layout":"default_layout","colormag_page_sidebar_layout":"default_layout","_uag_custom_page_level_css":"","footnotes":""},"categories":[8608,13765],"tags":[13352,13648,111,207,11785,13723,135,13985],"class_list":["post-95345","post","type-post","status-publish","format-standard","has-post-thumbnail","hentry","category-reportajes-especiales","category-sucesos","tag-coronavirus","tag-covid-19","tag-ecuador","tag-fallecimientos","tag-gaiteros","tag-pandemia","tag-venezolanos-en-el-exterior","tag-william-atencio"],"yoast_head":"<!-- This site is optimized with the Yoast SEO plugin v27.5 - https:\/\/yoast.com\/product\/yoast-seo-wordpress\/ -->\n<title>Muere por contagio de COVID-19 gaitero y compositor zuliano William Atencio<\/title>\n<meta name=\"description\" content=\"Reportajes Especiales\" \/>\n<meta name=\"robots\" content=\"index, follow, max-snippet:-1, max-image-preview:large, max-video-preview:-1\" \/>\n<link rel=\"canonical\" href=\"https:\/\/digital58.com.ve\/site\/2020\/04\/10\/muere-por-contagio-de-covid-19-gaitero-y-compositor-zuliano-william-atencio\/\" \/>\n<meta property=\"og:locale\" content=\"es_ES\" \/>\n<meta property=\"og:type\" content=\"article\" \/>\n<meta property=\"og:title\" content=\"Muere por contagio de COVID-19 gaitero y compositor zuliano William Atencio\" \/>\n<meta property=\"og:description\" content=\"Reportajes Especiales\" \/>\n<meta property=\"og:url\" content=\"https:\/\/digital58.com.ve\/site\/2020\/04\/10\/muere-por-contagio-de-covid-19-gaitero-y-compositor-zuliano-william-atencio\/\" \/>\n<meta property=\"og:site_name\" content=\"Noticias Digital58\" \/>\n<meta property=\"article:published_time\" content=\"2020-04-11T01:54:33+00:00\" \/>\n<meta property=\"article:modified_time\" content=\"2020-04-11T03:40:28+00:00\" \/>\n<meta property=\"og:image\" content=\"https:\/\/digital58.com.ve\/site\/wp-content\/uploads\/2020\/04\/william-atencio.jpg\" \/>\n\t<meta property=\"og:image:width\" content=\"858\" \/>\n\t<meta property=\"og:image:height\" content=\"500\" \/>\n\t<meta property=\"og:image:type\" content=\"image\/jpeg\" \/>\n<meta name=\"author\" content=\"Villasmil Henry\" \/>\n<meta name=\"twitter:card\" content=\"summary_large_image\" \/>\n<meta name=\"twitter:creator\" content=\"@https:\/\/twitter.com\/villasmilhfoto\" \/>\n<meta name=\"twitter:site\" content=\"@villasmilhfoto\" \/>\n<meta name=\"twitter:label1\" content=\"Escrito por\" \/>\n\t<meta name=\"twitter:data1\" content=\"Villasmil Henry\" \/>\n\t<meta name=\"twitter:label2\" content=\"Tiempo estimado de lectura\" \/>\n\t<meta name=\"twitter:data2\" content=\"1 minuto\" \/>\n<script type=\"application\/ld+json\" class=\"yoast-schema-graph\">{\"@context\":\"https:\\\/\\\/schema.org\",\"@graph\":[{\"@type\":\"Article\",\"@id\":\"https:\\\/\\\/digital58.com.ve\\\/site\\\/2020\\\/04\\\/10\\\/muere-por-contagio-de-covid-19-gaitero-y-compositor-zuliano-william-atencio\\\/#article\",\"isPartOf\":{\"@id\":\"https:\\\/\\\/digital58.com.ve\\\/site\\\/2020\\\/04\\\/10\\\/muere-por-contagio-de-covid-19-gaitero-y-compositor-zuliano-william-atencio\\\/\"},\"author\":{\"name\":\"Villasmil Henry\",\"@id\":\"https:\\\/\\\/digital58.com.ve\\\/site\\\/#\\\/schema\\\/person\\\/64d1c2e4d0d4fd1b849980c4331c2951\"},\"headline\":\"Muere por contagio de COVID-19 gaitero y compositor zuliano William Atencio\",\"datePublished\":\"2020-04-11T01:54:33+00:00\",\"dateModified\":\"2020-04-11T03:40:28+00:00\",\"mainEntityOfPage\":{\"@id\":\"https:\\\/\\\/digital58.com.ve\\\/site\\\/2020\\\/04\\\/10\\\/muere-por-contagio-de-covid-19-gaitero-y-compositor-zuliano-william-atencio\\\/\"},\"wordCount\":260,\"commentCount\":0,\"publisher\":{\"@id\":\"https:\\\/\\\/digital58.com.ve\\\/site\\\/#\\\/schema\\\/person\\\/64d1c2e4d0d4fd1b849980c4331c2951\"},\"image\":{\"@id\":\"https:\\\/\\\/digital58.com.ve\\\/site\\\/2020\\\/04\\\/10\\\/muere-por-contagio-de-covid-19-gaitero-y-compositor-zuliano-william-atencio\\\/#primaryimage\"},\"thumbnailUrl\":\"https:\\\/\\\/digital58.com.ve\\\/site\\\/wp-content\\\/uploads\\\/2020\\\/04\\\/william-atencio.jpg\",\"keywords\":[\"Coronavirus\",\"COVID-19\",\"Ecuador\",\"Fallecimientos\",\"Gaiteros\",\"Pandemia\",\"Venezolanos en el exterior\",\"William Atencio\"],\"articleSection\":[\"Reportajes Especiales\",\"Sucesos\"],\"inLanguage\":\"es\",\"potentialAction\":[{\"@type\":\"CommentAction\",\"name\":\"Comment\",\"target\":[\"https:\\\/\\\/digital58.com.ve\\\/site\\\/2020\\\/04\\\/10\\\/muere-por-contagio-de-covid-19-gaitero-y-compositor-zuliano-william-atencio\\\/#respond\"]}]},{\"@type\":\"WebPage\",\"@id\":\"https:\\\/\\\/digital58.com.ve\\\/site\\\/2020\\\/04\\\/10\\\/muere-por-contagio-de-covid-19-gaitero-y-compositor-zuliano-william-atencio\\\/\",\"url\":\"https:\\\/\\\/digital58.com.ve\\\/site\\\/2020\\\/04\\\/10\\\/muere-por-contagio-de-covid-19-gaitero-y-compositor-zuliano-william-atencio\\\/\",\"name\":\"Muere por contagio de COVID-19 gaitero y compositor zuliano William Atencio\",\"isPartOf\":{\"@id\":\"https:\\\/\\\/digital58.com.ve\\\/site\\\/#website\"},\"primaryImageOfPage\":{\"@id\":\"https:\\\/\\\/digital58.com.ve\\\/site\\\/2020\\\/04\\\/10\\\/muere-por-contagio-de-covid-19-gaitero-y-compositor-zuliano-william-atencio\\\/#primaryimage\"},\"image\":{\"@id\":\"https:\\\/\\\/digital58.com.ve\\\/site\\\/2020\\\/04\\\/10\\\/muere-por-contagio-de-covid-19-gaitero-y-compositor-zuliano-william-atencio\\\/#primaryimage\"},\"thumbnailUrl\":\"https:\\\/\\\/digital58.com.ve\\\/site\\\/wp-content\\\/uploads\\\/2020\\\/04\\\/william-atencio.jpg\",\"datePublished\":\"2020-04-11T01:54:33+00:00\",\"dateModified\":\"2020-04-11T03:40:28+00:00\",\"description\":\"Reportajes Especiales\",\"breadcrumb\":{\"@id\":\"https:\\\/\\\/digital58.com.ve\\\/site\\\/2020\\\/04\\\/10\\\/muere-por-contagio-de-covid-19-gaitero-y-compositor-zuliano-william-atencio\\\/#breadcrumb\"},\"inLanguage\":\"es\",\"potentialAction\":[{\"@type\":\"ReadAction\",\"target\":[\"https:\\\/\\\/digital58.com.ve\\\/site\\\/2020\\\/04\\\/10\\\/muere-por-contagio-de-covid-19-gaitero-y-compositor-zuliano-william-atencio\\\/\"]}]},{\"@type\":\"ImageObject\",\"inLanguage\":\"es\",\"@id\":\"https:\\\/\\\/digital58.com.ve\\\/site\\\/2020\\\/04\\\/10\\\/muere-por-contagio-de-covid-19-gaitero-y-compositor-zuliano-william-atencio\\\/#primaryimage\",\"url\":\"https:\\\/\\\/digital58.com.ve\\\/site\\\/wp-content\\\/uploads\\\/2020\\\/04\\\/william-atencio.jpg\",\"contentUrl\":\"https:\\\/\\\/digital58.com.ve\\\/site\\\/wp-content\\\/uploads\\\/2020\\\/04\\\/william-atencio.jpg\",\"width\":800,\"height\":466},{\"@type\":\"BreadcrumbList\",\"@id\":\"https:\\\/\\\/digital58.com.ve\\\/site\\\/2020\\\/04\\\/10\\\/muere-por-contagio-de-covid-19-gaitero-y-compositor-zuliano-william-atencio\\\/#breadcrumb\",\"itemListElement\":[{\"@type\":\"ListItem\",\"position\":1,\"name\":\"Home\",\"item\":\"https:\\\/\\\/digital58.com.ve\\\/site\\\/\"},{\"@type\":\"ListItem\",\"position\":2,\"name\":\"Muere por contagio de COVID-19 gaitero y compositor zuliano William Atencio\"}]},{\"@type\":\"WebSite\",\"@id\":\"https:\\\/\\\/digital58.com.ve\\\/site\\\/#website\",\"url\":\"https:\\\/\\\/digital58.com.ve\\\/site\\\/\",\"name\":\"Noticias Digital58\",\"description\":\"Portal de Noticias \u00a1Periodismo web de verdad! Lanzamiento web 22.11.2005 \\\/ Maracaibo, Venezuela\",\"publisher\":{\"@id\":\"https:\\\/\\\/digital58.com.ve\\\/site\\\/#\\\/schema\\\/person\\\/64d1c2e4d0d4fd1b849980c4331c2951\"},\"alternateName\":\"ND58\",\"potentialAction\":[{\"@type\":\"SearchAction\",\"target\":{\"@type\":\"EntryPoint\",\"urlTemplate\":\"https:\\\/\\\/digital58.com.ve\\\/site\\\/?s={search_term_string}\"},\"query-input\":{\"@type\":\"PropertyValueSpecification\",\"valueRequired\":true,\"valueName\":\"search_term_string\"}}],\"inLanguage\":\"es\"},{\"@type\":[\"Person\",\"Organization\"],\"@id\":\"https:\\\/\\\/digital58.com.ve\\\/site\\\/#\\\/schema\\\/person\\\/64d1c2e4d0d4fd1b849980c4331c2951\",\"name\":\"Villasmil Henry\",\"image\":{\"@type\":\"ImageObject\",\"inLanguage\":\"es\",\"@id\":\"https:\\\/\\\/secure.gravatar.com\\\/avatar\\\/bb0c4a2fcb7970138239f7e404ea75757b1b507b28b5ce4c53fbd62d797c5a7c?s=96&d=mm&r=g\",\"url\":\"https:\\\/\\\/secure.gravatar.com\\\/avatar\\\/bb0c4a2fcb7970138239f7e404ea75757b1b507b28b5ce4c53fbd62d797c5a7c?s=96&d=mm&r=g\",\"contentUrl\":\"https:\\\/\\\/secure.gravatar.com\\\/avatar\\\/bb0c4a2fcb7970138239f7e404ea75757b1b507b28b5ce4c53fbd62d797c5a7c?s=96&d=mm&r=g\",\"caption\":\"Villasmil Henry\"},\"logo\":{\"@id\":\"https:\\\/\\\/secure.gravatar.com\\\/avatar\\\/bb0c4a2fcb7970138239f7e404ea75757b1b507b28b5ce4c53fbd62d797c5a7c?s=96&d=mm&r=g\"},\"sameAs\":[\"http:\\\/\\\/www.henryvillasmil.com.ve\",\"https:\\\/\\\/www.instagram.com\\\/villasmilhfoto\\\/\",\"https:\\\/\\\/x.com\\\/https:\\\/\\\/twitter.com\\\/villasmilhfoto\"],\"url\":\"https:\\\/\\\/digital58.com.ve\\\/site\\\/author\\\/droopy_68\\\/\"}]}<\/script>\n<!-- \/ Yoast SEO plugin. -->","yoast_head_json":{"title":"Muere por contagio de COVID-19 gaitero y compositor zuliano William Atencio","description":"Reportajes Especiales","robots":{"index":"index","follow":"follow","max-snippet":"max-snippet:-1","max-image-preview":"max-image-preview:large","max-video-preview":"max-video-preview:-1"},"canonical":"https:\/\/digital58.com.ve\/site\/2020\/04\/10\/muere-por-contagio-de-covid-19-gaitero-y-compositor-zuliano-william-atencio\/","og_locale":"es_ES","og_type":"article","og_title":"Muere por contagio de COVID-19 gaitero y compositor zuliano William Atencio","og_description":"Reportajes Especiales","og_url":"https:\/\/digital58.com.ve\/site\/2020\/04\/10\/muere-por-contagio-de-covid-19-gaitero-y-compositor-zuliano-william-atencio\/","og_site_name":"Noticias Digital58","article_published_time":"2020-04-11T01:54:33+00:00","article_modified_time":"2020-04-11T03:40:28+00:00","og_image":[{"width":858,"height":500,"url":"https:\/\/digital58.com.ve\/site\/wp-content\/uploads\/2020\/04\/william-atencio.jpg","type":"image\/jpeg"}],"author":"Villasmil Henry","twitter_card":"summary_large_image","twitter_creator":"@https:\/\/twitter.com\/villasmilhfoto","twitter_site":"@villasmilhfoto","twitter_misc":{"Escrito por":"Villasmil Henry","Tiempo estimado de lectura":"1 minuto"},"schema":{"@context":"https:\/\/schema.org","@graph":[{"@type":"Article","@id":"https:\/\/digital58.com.ve\/site\/2020\/04\/10\/muere-por-contagio-de-covid-19-gaitero-y-compositor-zuliano-william-atencio\/#article","isPartOf":{"@id":"https:\/\/digital58.com.ve\/site\/2020\/04\/10\/muere-por-contagio-de-covid-19-gaitero-y-compositor-zuliano-william-atencio\/"},"author":{"name":"Villasmil Henry","@id":"https:\/\/digital58.com.ve\/site\/#\/schema\/person\/64d1c2e4d0d4fd1b849980c4331c2951"},"headline":"Muere por contagio de COVID-19 gaitero y compositor zuliano William Atencio","datePublished":"2020-04-11T01:54:33+00:00","dateModified":"2020-04-11T03:40:28+00:00","mainEntityOfPage":{"@id":"https:\/\/digital58.com.ve\/site\/2020\/04\/10\/muere-por-contagio-de-covid-19-gaitero-y-compositor-zuliano-william-atencio\/"},"wordCount":260,"commentCount":0,"publisher":{"@id":"https:\/\/digital58.com.ve\/site\/#\/schema\/person\/64d1c2e4d0d4fd1b849980c4331c2951"},"image":{"@id":"https:\/\/digital58.com.ve\/site\/2020\/04\/10\/muere-por-contagio-de-covid-19-gaitero-y-compositor-zuliano-william-atencio\/#primaryimage"},"thumbnailUrl":"https:\/\/digital58.com.ve\/site\/wp-content\/uploads\/2020\/04\/william-atencio.jpg","keywords":["Coronavirus","COVID-19","Ecuador","Fallecimientos","Gaiteros","Pandemia","Venezolanos en el exterior","William Atencio"],"articleSection":["Reportajes Especiales","Sucesos"],"inLanguage":"es","potentialAction":[{"@type":"CommentAction","name":"Comment","target":["https:\/\/digital58.com.ve\/site\/2020\/04\/10\/muere-por-contagio-de-covid-19-gaitero-y-compositor-zuliano-william-atencio\/#respond"]}]},{"@type":"WebPage","@id":"https:\/\/digital58.com.ve\/site\/2020\/04\/10\/muere-por-contagio-de-covid-19-gaitero-y-compositor-zuliano-william-atencio\/","url":"https:\/\/digital58.com.ve\/site\/2020\/04\/10\/muere-por-contagio-de-covid-19-gaitero-y-compositor-zuliano-william-atencio\/","name":"Muere por contagio de COVID-19 gaitero y compositor zuliano William Atencio","isPartOf":{"@id":"https:\/\/digital58.com.ve\/site\/#website"},"primaryImageOfPage":{"@id":"https:\/\/digital58.com.ve\/site\/2020\/04\/10\/muere-por-contagio-de-covid-19-gaitero-y-compositor-zuliano-william-atencio\/#primaryimage"},"image":{"@id":"https:\/\/digital58.com.ve\/site\/2020\/04\/10\/muere-por-contagio-de-covid-19-gaitero-y-compositor-zuliano-william-atencio\/#primaryimage"},"thumbnailUrl":"https:\/\/digital58.com.ve\/site\/wp-content\/uploads\/2020\/04\/william-atencio.jpg","datePublished":"2020-04-11T01:54:33+00:00","dateModified":"2020-04-11T03:40:28+00:00","description":"Reportajes Especiales","breadcrumb":{"@id":"https:\/\/digital58.com.ve\/site\/2020\/04\/10\/muere-por-contagio-de-covid-19-gaitero-y-compositor-zuliano-william-atencio\/#breadcrumb"},"inLanguage":"es","potentialAction":[{"@type":"ReadAction","target":["https:\/\/digital58.com.ve\/site\/2020\/04\/10\/muere-por-contagio-de-covid-19-gaitero-y-compositor-zuliano-william-atencio\/"]}]},{"@type":"ImageObject","inLanguage":"es","@id":"https:\/\/digital58.com.ve\/site\/2020\/04\/10\/muere-por-contagio-de-covid-19-gaitero-y-compositor-zuliano-william-atencio\/#primaryimage","url":"https:\/\/digital58.com.ve\/site\/wp-content\/uploads\/2020\/04\/william-atencio.jpg","contentUrl":"https:\/\/digital58.com.ve\/site\/wp-content\/uploads\/2020\/04\/william-atencio.jpg","width":800,"height":466},{"@type":"BreadcrumbList","@id":"https:\/\/digital58.com.ve\/site\/2020\/04\/10\/muere-por-contagio-de-covid-19-gaitero-y-compositor-zuliano-william-atencio\/#breadcrumb","itemListElement":[{"@type":"ListItem","position":1,"name":"Home","item":"https:\/\/digital58.com.ve\/site\/"},{"@type":"ListItem","position":2,"name":"Muere por contagio de COVID-19 gaitero y compositor zuliano William Atencio"}]},{"@type":"WebSite","@id":"https:\/\/digital58.com.ve\/site\/#website","url":"https:\/\/digital58.com.ve\/site\/","name":"Noticias Digital58","description":"Portal de Noticias \u00a1Periodismo web de verdad! Lanzamiento web 22.11.2005 \/ Maracaibo, Venezuela","publisher":{"@id":"https:\/\/digital58.com.ve\/site\/#\/schema\/person\/64d1c2e4d0d4fd1b849980c4331c2951"},"alternateName":"ND58","potentialAction":[{"@type":"SearchAction","target":{"@type":"EntryPoint","urlTemplate":"https:\/\/digital58.com.ve\/site\/?s={search_term_string}"},"query-input":{"@type":"PropertyValueSpecification","valueRequired":true,"valueName":"search_term_string"}}],"inLanguage":"es"},{"@type":["Person","Organization"],"@id":"https:\/\/digital58.com.ve\/site\/#\/schema\/person\/64d1c2e4d0d4fd1b849980c4331c2951","name":"Villasmil Henry","image":{"@type":"ImageObject","inLanguage":"es","@id":"https:\/\/secure.gravatar.com\/avatar\/bb0c4a2fcb7970138239f7e404ea75757b1b507b28b5ce4c53fbd62d797c5a7c?s=96&d=mm&r=g","url":"https:\/\/secure.gravatar.com\/avatar\/bb0c4a2fcb7970138239f7e404ea75757b1b507b28b5ce4c53fbd62d797c5a7c?s=96&d=mm&r=g","contentUrl":"https:\/\/secure.gravatar.com\/avatar\/bb0c4a2fcb7970138239f7e404ea75757b1b507b28b5ce4c53fbd62d797c5a7c?s=96&d=mm&r=g","caption":"Villasmil Henry"},"logo":{"@id":"https:\/\/secure.gravatar.com\/avatar\/bb0c4a2fcb7970138239f7e404ea75757b1b507b28b5ce4c53fbd62d797c5a7c?s=96&d=mm&r=g"},"sameAs":["http:\/\/www.henryvillasmil.com.ve","https:\/\/www.instagram.com\/villasmilhfoto\/","https:\/\/x.com\/https:\/\/twitter.com\/villasmilhfoto"],"url":"https:\/\/digital58.com.ve\/site\/author\/droopy_68\/"}]}},"uagb_featured_image_src":{"full":["https:\/\/digital58.com.ve\/site\/wp-content\/uploads\/2020\/04\/william-atencio.jpg",800,466,false],"thumbnail":["https:\/\/digital58.com.ve\/site\/wp-content\/uploads\/2020\/04\/william-atencio-150x150.jpg",150,150,true],"medium":["https:\/\/digital58.com.ve\/site\/wp-content\/uploads\/2020\/04\/william-atencio-300x175.jpg",300,175,true],"medium_large":["https:\/\/digital58.com.ve\/site\/wp-content\/uploads\/2020\/04\/william-atencio-768x448.jpg",768,448,true],"large":["https:\/\/digital58.com.ve\/site\/wp-content\/uploads\/2020\/04\/william-atencio.jpg",800,466,false],"1536x1536":["https:\/\/digital58.com.ve\/site\/wp-content\/uploads\/2020\/04\/william-atencio.jpg",800,466,false],"2048x2048":["https:\/\/digital58.com.ve\/site\/wp-content\/uploads\/2020\/04\/william-atencio.jpg",800,466,false],"colormag-highlighted-post":["https:\/\/digital58.com.ve\/site\/wp-content\/uploads\/2020\/04\/william-atencio.jpg",392,228,false],"colormag-featured-post-medium":["https:\/\/digital58.com.ve\/site\/wp-content\/uploads\/2020\/04\/william-atencio.jpg",352,205,false],"colormag-featured-post-small":["https:\/\/digital58.com.ve\/site\/wp-content\/uploads\/2020\/04\/william-atencio.jpg",130,76,false],"colormag-featured-image":["https:\/\/digital58.com.ve\/site\/wp-content\/uploads\/2020\/04\/william-atencio.jpg",764,445,false],"colormag-default-news":["https:\/\/digital58.com.ve\/site\/wp-content\/uploads\/2020\/04\/william-atencio.jpg",150,87,false],"colormag-featured-image-large":["https:\/\/digital58.com.ve\/site\/wp-content\/uploads\/2020\/04\/william-atencio.jpg",800,466,false]},"uagb_author_info":{"display_name":"Villasmil Henry","author_link":"https:\/\/digital58.com.ve\/site\/author\/droopy_68\/"},"uagb_comment_info":0,"uagb_excerpt":"&nbsp; William Atencio ten\u00eda 71 a\u00f1os y este Viernes Santo muri\u00f3 en Guayaquil, Ecuador, despu\u00e9s de que se contagi\u00f3 por","_links":{"self":[{"href":"https:\/\/digital58.com.ve\/site\/wp-json\/wp\/v2\/posts\/95345","targetHints":{"allow":["GET"]}}],"collection":[{"href":"https:\/\/digital58.com.ve\/site\/wp-json\/wp\/v2\/posts"}],"about":[{"href":"https:\/\/digital58.com.ve\/site\/wp-json\/wp\/v2\/types\/post"}],"author":[{"embeddable":true,"href":"https:\/\/digital58.com.ve\/site\/wp-json\/wp\/v2\/users\/1"}],"replies":[{"embeddable":true,"href":"https:\/\/digital58.com.ve\/site\/wp-json\/wp\/v2\/comments?post=95345"}],"version-history":[{"count":0,"href":"https:\/\/digital58.com.ve\/site\/wp-json\/wp\/v2\/posts\/95345\/revisions"}],"wp:featuredmedia":[{"embeddable":true,"href":"https:\/\/digital58.com.ve\/site\/wp-json\/wp\/v2\/media\/95347"}],"wp:attachment":[{"href":"https:\/\/digital58.com.ve\/site\/wp-json\/wp\/v2\/media?parent=95345"}],"wp:term":[{"taxonomy":"category","embeddable":true,"href":"https:\/\/digital58.com.ve\/site\/wp-json\/wp\/v2\/categories?post=95345"},{"taxonomy":"post_tag","embeddable":true,"href":"https:\/\/digital58.com.ve\/site\/wp-json\/wp\/v2\/tags?post=95345"}],"curies":[{"name":"wp","href":"https:\/\/api.w.org\/{rel}","templated":true}]}}