{"id":95384,"date":"2020-04-11T11:44:18","date_gmt":"2020-04-11T15:44:18","guid":{"rendered":"https:\/\/digital58.com.ve\/site\/?p=95384"},"modified":"2020-04-11T11:45:08","modified_gmt":"2020-04-11T15:45:08","slug":"la-mascarilla-sera-obligatoria-en-lugares-publicos-de-bulgaria-desde-este-domingo","status":"publish","type":"post","link":"https:\/\/digital58.com.ve\/site\/2020\/04\/11\/la-mascarilla-sera-obligatoria-en-lugares-publicos-de-bulgaria-desde-este-domingo\/","title":{"rendered":"La mascarilla ser\u00e1 obligatoria en lugares p\u00fablicos de Bulgaria desde este domingo"},"content":{"rendered":"<p><a href=\"https:\/\/digital58.com.ve\/site\/wp-content\/uploads\/2020\/04\/bulgaria.jpg\"><img loading=\"lazy\" decoding=\"async\" class=\"aligncenter wp-image-95385 size-full\" src=\"https:\/\/digital58.com.ve\/site\/wp-content\/uploads\/2020\/04\/bulgaria.jpg\" alt=\"\" width=\"420\" height=\"299\" srcset=\"https:\/\/digital58.com.ve\/site\/wp-content\/uploads\/2020\/04\/bulgaria.jpg 420w, https:\/\/digital58.com.ve\/site\/wp-content\/uploads\/2020\/04\/bulgaria-300x214.jpg 300w\" sizes=\"auto, (max-width: 420px) 100vw, 420px\" \/><\/a><\/p>\n<p>El primer ministro de Bulgaria, Boiko Borisov, ha anunciado este s\u00e1bado que el uso de mascarilla en lugares p\u00fablicos ser\u00e1 obligatorio en todo el pa\u00eds a partir de este domingo.<\/p>\n<p><strong>Bulgaria, 11 de abril de 2020 (ND58).-<\/strong> Borisov ha ordenado al ministro de Sanidad, Kirl Ananiev, que se emita la normativa necesaria y que incluya como excepci\u00f3n que quien no disponga de mascarilla, utilice un pa\u00f1uelo para cubrir la mitad inferior de la cara, seg\u00fan recoge la agencia de noticias b\u00falgara BTA.<\/p>\n<p>\u00abNo tienes mascarilla, puedes ponerte un pa\u00f1uelo. Esta claro que no hay nadie que no tenga un pa\u00f1uelo\u00bb, ha argumentado, al tiempo que ha subrayado que se est\u00e1n fabricando millones de mascarillas.<\/p>\n<p>\u00abAdem\u00e1s del mill\u00f3n de mascarillas que hemos encargado, est\u00e1n las de la Comisi\u00f3n (Europea), las que las fabricas producen constantemente y las que se puede coser cada cual\u00bb, ha rese\u00f1ado.<\/p>\n<p>Borisov ha indicado por otra parte que el ministro de Finanzas, Vladislav Goranov, pagar\u00e1 para que quien no pueda permitirse las mascarillas las tenga gratis.<\/p>\n<p>El Ministerio de Sanidad ya emiti\u00f3 una orden de obligatoriedad de uso de mascarillas el pasado 30 de marzo, pero fue anulada menos de 24 horas despu\u00e9s ante la falta de un \u00abconsenso social\u00bb.<\/p>\n<p>En cuanto a la evoluci\u00f3n del coronavirus en Bulgaria, (648 positivos y 26 muertos), Borisov ha advertido de que \u00ablo peor esta por llegar\u00bb y ha subrayado la necesidad de quedarse en casa y no salir, tampoco para ceremonias religiosas.<\/p>\n<p>Bulgaria, pa\u00eds de mayor\u00eda ortodoxa, celebra este domingo el Domingo de Ramos y las iglesias siguen abiertas.<\/p>\n<p>\u00abTambi\u00e9n podemos expresar nuestro gozo por la resurrecci\u00f3n de Cristo desde nuestras casas y estoy convencido de que el Se\u00f1or nos escuchar\u00e1 y comprender\u00e1 que hemos actuado con sabidur\u00eda\u00bb, ha indicado Borisov.<\/p><div class=\"nrfvu69f0b2fbcac01\" ><p style=\"text-align: center;\"><a href=\"https:\/\/t.me\/noticiasdigital58\" target=\"_blank\" rel=\"noopener\"><img class=\"aligncenter size-full wp-image-125363\" src=\"https:\/\/digital58.com.ve\/site\/wp-content\/uploads\/2021\/04\/banner-telegram-web-2021.png\" alt=\"\" width=\"600\" height=\"90\" \/><\/a><\/p><\/div><style type=\"text\/css\">\r\n@media screen and (min-width: 1201px) {\r\n.nrfvu69f0b2fbcac01 {\r\ndisplay: block;\r\n}\r\n}\r\n@media screen and (min-width: 993px) and (max-width: 1200px) {\r\n.nrfvu69f0b2fbcac01 {\r\ndisplay: block;\r\n}\r\n}\r\n@media screen and (min-width: 769px) and (max-width: 992px) {\r\n.nrfvu69f0b2fbcac01 {\r\ndisplay: block;\r\n}\r\n}\r\n@media screen and (min-width: 768px) and (max-width: 768px) {\r\n.nrfvu69f0b2fbcac01 {\r\ndisplay: block;\r\n}\r\n}\r\n@media screen and (max-width: 767px) {\r\n.nrfvu69f0b2fbcac01 {\r\ndisplay: block;\r\n}\r\n}\r\n<\/style>\r\n\n<p><strong>Fuente: Europa Press<\/strong><br \/>\n<strong>Edici\u00f3n: Villasmil, Henry<\/strong><br \/>\n<strong>Gr\u00e1ficas: cortes\u00eda<\/strong><\/p>\n<div style=\"margin-top: 0px; margin-bottom: 0px;\" class=\"sharethis-inline-share-buttons\" ><\/div>","protected":false},"excerpt":{"rendered":"<p>El primer ministro de Bulgaria, Boiko Borisov, ha anunciado este s\u00e1bado que el uso de mascarilla en lugares p\u00fablicos ser\u00e1<\/p>\n","protected":false},"author":1,"featured_media":95385,"comment_status":"open","ping_status":"closed","sticky":false,"template":"","format":"standard","meta":{"colormag_page_container_layout":"default_layout","colormag_page_sidebar_layout":"default_layout","_uag_custom_page_level_css":"","footnotes":""},"categories":[5405],"tags":[13993,13352,13648,8,13723],"class_list":["post-95384","post","type-post","status-publish","format-standard","has-post-thumbnail","hentry","category-salud","tag-bulgaria","tag-coronavirus","tag-covid-19","tag-internacionales","tag-pandemia"],"yoast_head":"<!-- This site is optimized with the Yoast SEO plugin v27.5 - https:\/\/yoast.com\/product\/yoast-seo-wordpress\/ -->\n<title>La mascarilla ser\u00e1 obligatoria en lugares p\u00fablicos de Bulgaria desde este domingo<\/title>\n<meta name=\"description\" content=\"Salud\" \/>\n<meta name=\"robots\" content=\"index, follow, max-snippet:-1, max-image-preview:large, max-video-preview:-1\" \/>\n<link rel=\"canonical\" href=\"https:\/\/digital58.com.ve\/site\/2020\/04\/11\/la-mascarilla-sera-obligatoria-en-lugares-publicos-de-bulgaria-desde-este-domingo\/\" \/>\n<meta property=\"og:locale\" content=\"es_ES\" \/>\n<meta property=\"og:type\" content=\"article\" \/>\n<meta property=\"og:title\" content=\"La mascarilla ser\u00e1 obligatoria en lugares p\u00fablicos de Bulgaria desde este domingo\" \/>\n<meta property=\"og:description\" content=\"Salud\" \/>\n<meta property=\"og:url\" content=\"https:\/\/digital58.com.ve\/site\/2020\/04\/11\/la-mascarilla-sera-obligatoria-en-lugares-publicos-de-bulgaria-desde-este-domingo\/\" \/>\n<meta property=\"og:site_name\" content=\"Noticias Digital58\" \/>\n<meta property=\"article:published_time\" content=\"2020-04-11T15:44:18+00:00\" \/>\n<meta property=\"article:modified_time\" content=\"2020-04-11T15:45:08+00:00\" \/>\n<meta property=\"og:image\" content=\"https:\/\/digital58.com.ve\/site\/wp-content\/uploads\/2020\/04\/bulgaria.jpg\" \/>\n\t<meta property=\"og:image:width\" content=\"420\" \/>\n\t<meta property=\"og:image:height\" content=\"299\" \/>\n\t<meta property=\"og:image:type\" content=\"image\/jpeg\" \/>\n<meta name=\"author\" content=\"Villasmil Henry\" \/>\n<meta name=\"twitter:card\" content=\"summary_large_image\" \/>\n<meta name=\"twitter:creator\" content=\"@https:\/\/twitter.com\/villasmilhfoto\" \/>\n<meta name=\"twitter:site\" content=\"@villasmilhfoto\" \/>\n<meta name=\"twitter:label1\" content=\"Escrito por\" \/>\n\t<meta name=\"twitter:data1\" content=\"Villasmil Henry\" \/>\n\t<meta name=\"twitter:label2\" content=\"Tiempo estimado de lectura\" \/>\n\t<meta name=\"twitter:data2\" content=\"2 minutos\" \/>\n<script type=\"application\/ld+json\" class=\"yoast-schema-graph\">{\"@context\":\"https:\\\/\\\/schema.org\",\"@graph\":[{\"@type\":\"Article\",\"@id\":\"https:\\\/\\\/digital58.com.ve\\\/site\\\/2020\\\/04\\\/11\\\/la-mascarilla-sera-obligatoria-en-lugares-publicos-de-bulgaria-desde-este-domingo\\\/#article\",\"isPartOf\":{\"@id\":\"https:\\\/\\\/digital58.com.ve\\\/site\\\/2020\\\/04\\\/11\\\/la-mascarilla-sera-obligatoria-en-lugares-publicos-de-bulgaria-desde-este-domingo\\\/\"},\"author\":{\"name\":\"Villasmil Henry\",\"@id\":\"https:\\\/\\\/digital58.com.ve\\\/site\\\/#\\\/schema\\\/person\\\/64d1c2e4d0d4fd1b849980c4331c2951\"},\"headline\":\"La mascarilla ser\u00e1 obligatoria en lugares p\u00fablicos de Bulgaria desde este domingo\",\"datePublished\":\"2020-04-11T15:44:18+00:00\",\"dateModified\":\"2020-04-11T15:45:08+00:00\",\"mainEntityOfPage\":{\"@id\":\"https:\\\/\\\/digital58.com.ve\\\/site\\\/2020\\\/04\\\/11\\\/la-mascarilla-sera-obligatoria-en-lugares-publicos-de-bulgaria-desde-este-domingo\\\/\"},\"wordCount\":334,\"commentCount\":0,\"publisher\":{\"@id\":\"https:\\\/\\\/digital58.com.ve\\\/site\\\/#\\\/schema\\\/person\\\/64d1c2e4d0d4fd1b849980c4331c2951\"},\"image\":{\"@id\":\"https:\\\/\\\/digital58.com.ve\\\/site\\\/2020\\\/04\\\/11\\\/la-mascarilla-sera-obligatoria-en-lugares-publicos-de-bulgaria-desde-este-domingo\\\/#primaryimage\"},\"thumbnailUrl\":\"https:\\\/\\\/digital58.com.ve\\\/site\\\/wp-content\\\/uploads\\\/2020\\\/04\\\/bulgaria.jpg\",\"keywords\":[\"Bulgaria\",\"Coronavirus\",\"COVID-19\",\"Internacionales\",\"Pandemia\"],\"articleSection\":[\"Salud\"],\"inLanguage\":\"es\",\"potentialAction\":[{\"@type\":\"CommentAction\",\"name\":\"Comment\",\"target\":[\"https:\\\/\\\/digital58.com.ve\\\/site\\\/2020\\\/04\\\/11\\\/la-mascarilla-sera-obligatoria-en-lugares-publicos-de-bulgaria-desde-este-domingo\\\/#respond\"]}]},{\"@type\":\"WebPage\",\"@id\":\"https:\\\/\\\/digital58.com.ve\\\/site\\\/2020\\\/04\\\/11\\\/la-mascarilla-sera-obligatoria-en-lugares-publicos-de-bulgaria-desde-este-domingo\\\/\",\"url\":\"https:\\\/\\\/digital58.com.ve\\\/site\\\/2020\\\/04\\\/11\\\/la-mascarilla-sera-obligatoria-en-lugares-publicos-de-bulgaria-desde-este-domingo\\\/\",\"name\":\"La mascarilla ser\u00e1 obligatoria en lugares p\u00fablicos de Bulgaria desde este domingo\",\"isPartOf\":{\"@id\":\"https:\\\/\\\/digital58.com.ve\\\/site\\\/#website\"},\"primaryImageOfPage\":{\"@id\":\"https:\\\/\\\/digital58.com.ve\\\/site\\\/2020\\\/04\\\/11\\\/la-mascarilla-sera-obligatoria-en-lugares-publicos-de-bulgaria-desde-este-domingo\\\/#primaryimage\"},\"image\":{\"@id\":\"https:\\\/\\\/digital58.com.ve\\\/site\\\/2020\\\/04\\\/11\\\/la-mascarilla-sera-obligatoria-en-lugares-publicos-de-bulgaria-desde-este-domingo\\\/#primaryimage\"},\"thumbnailUrl\":\"https:\\\/\\\/digital58.com.ve\\\/site\\\/wp-content\\\/uploads\\\/2020\\\/04\\\/bulgaria.jpg\",\"datePublished\":\"2020-04-11T15:44:18+00:00\",\"dateModified\":\"2020-04-11T15:45:08+00:00\",\"description\":\"Salud\",\"breadcrumb\":{\"@id\":\"https:\\\/\\\/digital58.com.ve\\\/site\\\/2020\\\/04\\\/11\\\/la-mascarilla-sera-obligatoria-en-lugares-publicos-de-bulgaria-desde-este-domingo\\\/#breadcrumb\"},\"inLanguage\":\"es\",\"potentialAction\":[{\"@type\":\"ReadAction\",\"target\":[\"https:\\\/\\\/digital58.com.ve\\\/site\\\/2020\\\/04\\\/11\\\/la-mascarilla-sera-obligatoria-en-lugares-publicos-de-bulgaria-desde-este-domingo\\\/\"]}]},{\"@type\":\"ImageObject\",\"inLanguage\":\"es\",\"@id\":\"https:\\\/\\\/digital58.com.ve\\\/site\\\/2020\\\/04\\\/11\\\/la-mascarilla-sera-obligatoria-en-lugares-publicos-de-bulgaria-desde-este-domingo\\\/#primaryimage\",\"url\":\"https:\\\/\\\/digital58.com.ve\\\/site\\\/wp-content\\\/uploads\\\/2020\\\/04\\\/bulgaria.jpg\",\"contentUrl\":\"https:\\\/\\\/digital58.com.ve\\\/site\\\/wp-content\\\/uploads\\\/2020\\\/04\\\/bulgaria.jpg\",\"width\":420,\"height\":299},{\"@type\":\"BreadcrumbList\",\"@id\":\"https:\\\/\\\/digital58.com.ve\\\/site\\\/2020\\\/04\\\/11\\\/la-mascarilla-sera-obligatoria-en-lugares-publicos-de-bulgaria-desde-este-domingo\\\/#breadcrumb\",\"itemListElement\":[{\"@type\":\"ListItem\",\"position\":1,\"name\":\"Home\",\"item\":\"https:\\\/\\\/digital58.com.ve\\\/site\\\/\"},{\"@type\":\"ListItem\",\"position\":2,\"name\":\"La mascarilla ser\u00e1 obligatoria en lugares p\u00fablicos de Bulgaria desde este domingo\"}]},{\"@type\":\"WebSite\",\"@id\":\"https:\\\/\\\/digital58.com.ve\\\/site\\\/#website\",\"url\":\"https:\\\/\\\/digital58.com.ve\\\/site\\\/\",\"name\":\"Noticias Digital58\",\"description\":\"Portal de Noticias \u00a1Periodismo web de verdad! Lanzamiento web 22.11.2005 \\\/ Maracaibo, Venezuela\",\"publisher\":{\"@id\":\"https:\\\/\\\/digital58.com.ve\\\/site\\\/#\\\/schema\\\/person\\\/64d1c2e4d0d4fd1b849980c4331c2951\"},\"alternateName\":\"ND58\",\"potentialAction\":[{\"@type\":\"SearchAction\",\"target\":{\"@type\":\"EntryPoint\",\"urlTemplate\":\"https:\\\/\\\/digital58.com.ve\\\/site\\\/?s={search_term_string}\"},\"query-input\":{\"@type\":\"PropertyValueSpecification\",\"valueRequired\":true,\"valueName\":\"search_term_string\"}}],\"inLanguage\":\"es\"},{\"@type\":[\"Person\",\"Organization\"],\"@id\":\"https:\\\/\\\/digital58.com.ve\\\/site\\\/#\\\/schema\\\/person\\\/64d1c2e4d0d4fd1b849980c4331c2951\",\"name\":\"Villasmil Henry\",\"image\":{\"@type\":\"ImageObject\",\"inLanguage\":\"es\",\"@id\":\"https:\\\/\\\/secure.gravatar.com\\\/avatar\\\/bb0c4a2fcb7970138239f7e404ea75757b1b507b28b5ce4c53fbd62d797c5a7c?s=96&d=mm&r=g\",\"url\":\"https:\\\/\\\/secure.gravatar.com\\\/avatar\\\/bb0c4a2fcb7970138239f7e404ea75757b1b507b28b5ce4c53fbd62d797c5a7c?s=96&d=mm&r=g\",\"contentUrl\":\"https:\\\/\\\/secure.gravatar.com\\\/avatar\\\/bb0c4a2fcb7970138239f7e404ea75757b1b507b28b5ce4c53fbd62d797c5a7c?s=96&d=mm&r=g\",\"caption\":\"Villasmil Henry\"},\"logo\":{\"@id\":\"https:\\\/\\\/secure.gravatar.com\\\/avatar\\\/bb0c4a2fcb7970138239f7e404ea75757b1b507b28b5ce4c53fbd62d797c5a7c?s=96&d=mm&r=g\"},\"sameAs\":[\"http:\\\/\\\/www.henryvillasmil.com.ve\",\"https:\\\/\\\/www.instagram.com\\\/villasmilhfoto\\\/\",\"https:\\\/\\\/x.com\\\/https:\\\/\\\/twitter.com\\\/villasmilhfoto\"],\"url\":\"https:\\\/\\\/digital58.com.ve\\\/site\\\/author\\\/droopy_68\\\/\"}]}<\/script>\n<!-- \/ Yoast SEO plugin. -->","yoast_head_json":{"title":"La mascarilla ser\u00e1 obligatoria en lugares p\u00fablicos de Bulgaria desde este domingo","description":"Salud","robots":{"index":"index","follow":"follow","max-snippet":"max-snippet:-1","max-image-preview":"max-image-preview:large","max-video-preview":"max-video-preview:-1"},"canonical":"https:\/\/digital58.com.ve\/site\/2020\/04\/11\/la-mascarilla-sera-obligatoria-en-lugares-publicos-de-bulgaria-desde-este-domingo\/","og_locale":"es_ES","og_type":"article","og_title":"La mascarilla ser\u00e1 obligatoria en lugares p\u00fablicos de Bulgaria desde este domingo","og_description":"Salud","og_url":"https:\/\/digital58.com.ve\/site\/2020\/04\/11\/la-mascarilla-sera-obligatoria-en-lugares-publicos-de-bulgaria-desde-este-domingo\/","og_site_name":"Noticias Digital58","article_published_time":"2020-04-11T15:44:18+00:00","article_modified_time":"2020-04-11T15:45:08+00:00","og_image":[{"width":420,"height":299,"url":"https:\/\/digital58.com.ve\/site\/wp-content\/uploads\/2020\/04\/bulgaria.jpg","type":"image\/jpeg"}],"author":"Villasmil Henry","twitter_card":"summary_large_image","twitter_creator":"@https:\/\/twitter.com\/villasmilhfoto","twitter_site":"@villasmilhfoto","twitter_misc":{"Escrito por":"Villasmil Henry","Tiempo estimado de lectura":"2 minutos"},"schema":{"@context":"https:\/\/schema.org","@graph":[{"@type":"Article","@id":"https:\/\/digital58.com.ve\/site\/2020\/04\/11\/la-mascarilla-sera-obligatoria-en-lugares-publicos-de-bulgaria-desde-este-domingo\/#article","isPartOf":{"@id":"https:\/\/digital58.com.ve\/site\/2020\/04\/11\/la-mascarilla-sera-obligatoria-en-lugares-publicos-de-bulgaria-desde-este-domingo\/"},"author":{"name":"Villasmil Henry","@id":"https:\/\/digital58.com.ve\/site\/#\/schema\/person\/64d1c2e4d0d4fd1b849980c4331c2951"},"headline":"La mascarilla ser\u00e1 obligatoria en lugares p\u00fablicos de Bulgaria desde este domingo","datePublished":"2020-04-11T15:44:18+00:00","dateModified":"2020-04-11T15:45:08+00:00","mainEntityOfPage":{"@id":"https:\/\/digital58.com.ve\/site\/2020\/04\/11\/la-mascarilla-sera-obligatoria-en-lugares-publicos-de-bulgaria-desde-este-domingo\/"},"wordCount":334,"commentCount":0,"publisher":{"@id":"https:\/\/digital58.com.ve\/site\/#\/schema\/person\/64d1c2e4d0d4fd1b849980c4331c2951"},"image":{"@id":"https:\/\/digital58.com.ve\/site\/2020\/04\/11\/la-mascarilla-sera-obligatoria-en-lugares-publicos-de-bulgaria-desde-este-domingo\/#primaryimage"},"thumbnailUrl":"https:\/\/digital58.com.ve\/site\/wp-content\/uploads\/2020\/04\/bulgaria.jpg","keywords":["Bulgaria","Coronavirus","COVID-19","Internacionales","Pandemia"],"articleSection":["Salud"],"inLanguage":"es","potentialAction":[{"@type":"CommentAction","name":"Comment","target":["https:\/\/digital58.com.ve\/site\/2020\/04\/11\/la-mascarilla-sera-obligatoria-en-lugares-publicos-de-bulgaria-desde-este-domingo\/#respond"]}]},{"@type":"WebPage","@id":"https:\/\/digital58.com.ve\/site\/2020\/04\/11\/la-mascarilla-sera-obligatoria-en-lugares-publicos-de-bulgaria-desde-este-domingo\/","url":"https:\/\/digital58.com.ve\/site\/2020\/04\/11\/la-mascarilla-sera-obligatoria-en-lugares-publicos-de-bulgaria-desde-este-domingo\/","name":"La mascarilla ser\u00e1 obligatoria en lugares p\u00fablicos de Bulgaria desde este domingo","isPartOf":{"@id":"https:\/\/digital58.com.ve\/site\/#website"},"primaryImageOfPage":{"@id":"https:\/\/digital58.com.ve\/site\/2020\/04\/11\/la-mascarilla-sera-obligatoria-en-lugares-publicos-de-bulgaria-desde-este-domingo\/#primaryimage"},"image":{"@id":"https:\/\/digital58.com.ve\/site\/2020\/04\/11\/la-mascarilla-sera-obligatoria-en-lugares-publicos-de-bulgaria-desde-este-domingo\/#primaryimage"},"thumbnailUrl":"https:\/\/digital58.com.ve\/site\/wp-content\/uploads\/2020\/04\/bulgaria.jpg","datePublished":"2020-04-11T15:44:18+00:00","dateModified":"2020-04-11T15:45:08+00:00","description":"Salud","breadcrumb":{"@id":"https:\/\/digital58.com.ve\/site\/2020\/04\/11\/la-mascarilla-sera-obligatoria-en-lugares-publicos-de-bulgaria-desde-este-domingo\/#breadcrumb"},"inLanguage":"es","potentialAction":[{"@type":"ReadAction","target":["https:\/\/digital58.com.ve\/site\/2020\/04\/11\/la-mascarilla-sera-obligatoria-en-lugares-publicos-de-bulgaria-desde-este-domingo\/"]}]},{"@type":"ImageObject","inLanguage":"es","@id":"https:\/\/digital58.com.ve\/site\/2020\/04\/11\/la-mascarilla-sera-obligatoria-en-lugares-publicos-de-bulgaria-desde-este-domingo\/#primaryimage","url":"https:\/\/digital58.com.ve\/site\/wp-content\/uploads\/2020\/04\/bulgaria.jpg","contentUrl":"https:\/\/digital58.com.ve\/site\/wp-content\/uploads\/2020\/04\/bulgaria.jpg","width":420,"height":299},{"@type":"BreadcrumbList","@id":"https:\/\/digital58.com.ve\/site\/2020\/04\/11\/la-mascarilla-sera-obligatoria-en-lugares-publicos-de-bulgaria-desde-este-domingo\/#breadcrumb","itemListElement":[{"@type":"ListItem","position":1,"name":"Home","item":"https:\/\/digital58.com.ve\/site\/"},{"@type":"ListItem","position":2,"name":"La mascarilla ser\u00e1 obligatoria en lugares p\u00fablicos de Bulgaria desde este domingo"}]},{"@type":"WebSite","@id":"https:\/\/digital58.com.ve\/site\/#website","url":"https:\/\/digital58.com.ve\/site\/","name":"Noticias Digital58","description":"Portal de Noticias \u00a1Periodismo web de verdad! Lanzamiento web 22.11.2005 \/ Maracaibo, Venezuela","publisher":{"@id":"https:\/\/digital58.com.ve\/site\/#\/schema\/person\/64d1c2e4d0d4fd1b849980c4331c2951"},"alternateName":"ND58","potentialAction":[{"@type":"SearchAction","target":{"@type":"EntryPoint","urlTemplate":"https:\/\/digital58.com.ve\/site\/?s={search_term_string}"},"query-input":{"@type":"PropertyValueSpecification","valueRequired":true,"valueName":"search_term_string"}}],"inLanguage":"es"},{"@type":["Person","Organization"],"@id":"https:\/\/digital58.com.ve\/site\/#\/schema\/person\/64d1c2e4d0d4fd1b849980c4331c2951","name":"Villasmil Henry","image":{"@type":"ImageObject","inLanguage":"es","@id":"https:\/\/secure.gravatar.com\/avatar\/bb0c4a2fcb7970138239f7e404ea75757b1b507b28b5ce4c53fbd62d797c5a7c?s=96&d=mm&r=g","url":"https:\/\/secure.gravatar.com\/avatar\/bb0c4a2fcb7970138239f7e404ea75757b1b507b28b5ce4c53fbd62d797c5a7c?s=96&d=mm&r=g","contentUrl":"https:\/\/secure.gravatar.com\/avatar\/bb0c4a2fcb7970138239f7e404ea75757b1b507b28b5ce4c53fbd62d797c5a7c?s=96&d=mm&r=g","caption":"Villasmil Henry"},"logo":{"@id":"https:\/\/secure.gravatar.com\/avatar\/bb0c4a2fcb7970138239f7e404ea75757b1b507b28b5ce4c53fbd62d797c5a7c?s=96&d=mm&r=g"},"sameAs":["http:\/\/www.henryvillasmil.com.ve","https:\/\/www.instagram.com\/villasmilhfoto\/","https:\/\/x.com\/https:\/\/twitter.com\/villasmilhfoto"],"url":"https:\/\/digital58.com.ve\/site\/author\/droopy_68\/"}]}},"uagb_featured_image_src":{"full":["https:\/\/digital58.com.ve\/site\/wp-content\/uploads\/2020\/04\/bulgaria.jpg",420,299,false],"thumbnail":["https:\/\/digital58.com.ve\/site\/wp-content\/uploads\/2020\/04\/bulgaria-150x150.jpg",150,150,true],"medium":["https:\/\/digital58.com.ve\/site\/wp-content\/uploads\/2020\/04\/bulgaria-300x214.jpg",300,214,true],"medium_large":["https:\/\/digital58.com.ve\/site\/wp-content\/uploads\/2020\/04\/bulgaria.jpg",420,299,false],"large":["https:\/\/digital58.com.ve\/site\/wp-content\/uploads\/2020\/04\/bulgaria.jpg",420,299,false],"1536x1536":["https:\/\/digital58.com.ve\/site\/wp-content\/uploads\/2020\/04\/bulgaria.jpg",420,299,false],"2048x2048":["https:\/\/digital58.com.ve\/site\/wp-content\/uploads\/2020\/04\/bulgaria.jpg",420,299,false],"colormag-highlighted-post":["https:\/\/digital58.com.ve\/site\/wp-content\/uploads\/2020\/04\/bulgaria.jpg",382,272,false],"colormag-featured-post-medium":["https:\/\/digital58.com.ve\/site\/wp-content\/uploads\/2020\/04\/bulgaria.jpg",288,205,false],"colormag-featured-post-small":["https:\/\/digital58.com.ve\/site\/wp-content\/uploads\/2020\/04\/bulgaria.jpg",126,90,false],"colormag-featured-image":["https:\/\/digital58.com.ve\/site\/wp-content\/uploads\/2020\/04\/bulgaria.jpg",420,299,false],"colormag-default-news":["https:\/\/digital58.com.ve\/site\/wp-content\/uploads\/2020\/04\/bulgaria.jpg",150,107,false],"colormag-featured-image-large":["https:\/\/digital58.com.ve\/site\/wp-content\/uploads\/2020\/04\/bulgaria.jpg",420,299,false]},"uagb_author_info":{"display_name":"Villasmil Henry","author_link":"https:\/\/digital58.com.ve\/site\/author\/droopy_68\/"},"uagb_comment_info":0,"uagb_excerpt":"El primer ministro de Bulgaria, Boiko Borisov, ha anunciado este s\u00e1bado que el uso de mascarilla en lugares p\u00fablicos ser\u00e1","_links":{"self":[{"href":"https:\/\/digital58.com.ve\/site\/wp-json\/wp\/v2\/posts\/95384","targetHints":{"allow":["GET"]}}],"collection":[{"href":"https:\/\/digital58.com.ve\/site\/wp-json\/wp\/v2\/posts"}],"about":[{"href":"https:\/\/digital58.com.ve\/site\/wp-json\/wp\/v2\/types\/post"}],"author":[{"embeddable":true,"href":"https:\/\/digital58.com.ve\/site\/wp-json\/wp\/v2\/users\/1"}],"replies":[{"embeddable":true,"href":"https:\/\/digital58.com.ve\/site\/wp-json\/wp\/v2\/comments?post=95384"}],"version-history":[{"count":0,"href":"https:\/\/digital58.com.ve\/site\/wp-json\/wp\/v2\/posts\/95384\/revisions"}],"wp:featuredmedia":[{"embeddable":true,"href":"https:\/\/digital58.com.ve\/site\/wp-json\/wp\/v2\/media\/95385"}],"wp:attachment":[{"href":"https:\/\/digital58.com.ve\/site\/wp-json\/wp\/v2\/media?parent=95384"}],"wp:term":[{"taxonomy":"category","embeddable":true,"href":"https:\/\/digital58.com.ve\/site\/wp-json\/wp\/v2\/categories?post=95384"},{"taxonomy":"post_tag","embeddable":true,"href":"https:\/\/digital58.com.ve\/site\/wp-json\/wp\/v2\/tags?post=95384"}],"curies":[{"name":"wp","href":"https:\/\/api.w.org\/{rel}","templated":true}]}}