{"id":95497,"date":"2020-04-12T22:32:26","date_gmt":"2020-04-13T02:32:26","guid":{"rendered":"https:\/\/digital58.com.ve\/site\/?p=95497"},"modified":"2020-04-13T08:12:15","modified_gmt":"2020-04-13T12:12:15","slug":"social-media-manager-en-plena-cuarentena-por-covid-19-vivir-en-la-red","status":"publish","type":"post","link":"https:\/\/digital58.com.ve\/site\/2020\/04\/12\/social-media-manager-en-plena-cuarentena-por-covid-19-vivir-en-la-red\/","title":{"rendered":"Social Media Manager en plena cuarentena por COVID-19: vivir en la red"},"content":{"rendered":"<p>&nbsp;<\/p>\n<figure id=\"attachment_95498\" aria-describedby=\"caption-attachment-95498\" style=\"width: 600px\" class=\"wp-caption aligncenter\"><img loading=\"lazy\" decoding=\"async\" class=\"wp-image-95498\" src=\"https:\/\/digital58.com.ve\/site\/wp-content\/uploads\/2020\/04\/68f69756-d67f-4884-b08b-d29bb9b4e1da-300x300.jpeg\" alt=\"\" width=\"600\" height=\"600\" srcset=\"https:\/\/digital58.com.ve\/site\/wp-content\/uploads\/2020\/04\/68f69756-d67f-4884-b08b-d29bb9b4e1da-300x300.jpeg 300w, https:\/\/digital58.com.ve\/site\/wp-content\/uploads\/2020\/04\/68f69756-d67f-4884-b08b-d29bb9b4e1da-1024x1024.jpeg 1024w, https:\/\/digital58.com.ve\/site\/wp-content\/uploads\/2020\/04\/68f69756-d67f-4884-b08b-d29bb9b4e1da-150x150.jpeg 150w, https:\/\/digital58.com.ve\/site\/wp-content\/uploads\/2020\/04\/68f69756-d67f-4884-b08b-d29bb9b4e1da-768x768.jpeg 768w, https:\/\/digital58.com.ve\/site\/wp-content\/uploads\/2020\/04\/68f69756-d67f-4884-b08b-d29bb9b4e1da.jpeg 600w\" sizes=\"auto, (max-width: 600px) 100vw, 600px\" \/><figcaption id=\"caption-attachment-95498\" class=\"wp-caption-text\">Helen Hern\u00e1ndez tambi\u00e9n es experta en Dise\u00f1o Gr\u00e1fico<\/figcaption><\/figure>\n<p>En este tiempo de aislamiento, por COVID-19, Internet se ha convertido en un enlace entre el mundo exterior e interior. Todos se encuentran en el universo digital: viven en las redes sociales, herramientas de comunicaci\u00f3n primordial hoy d\u00eda.<\/p>\n<p dir=\"ltr\"><b>Maracaibo, Zulia, Venezuela, 12 de abril de 2020 (ND58).-\u00a0<\/b>Desde el m\u00e1s peque\u00f1o hasta el adulto mayor navega, para buscar contenido que le brinde entretenimiento, nuevos conocimientos, ingresos econ\u00f3micos.<\/p>\n<p>Prevalecen cursos en l\u00ednea, talleres, estudio en aulas virtuales, din\u00e1micas audiovisual, teletrabajo y un sinf\u00edn de recursos con el prop\u00f3sito de sobrellevar la pandemia.<\/p>\n<p>Las personas est\u00e1n \u00e1vidas de informaci\u00f3n, ahora el contenido es el rey.<\/p>\n<p>En este sentido, la buena gesti\u00f3n de redes sociales resulta prioritaria: pide a gritos crear sentido de comunidad, enfoc\u00e1ndose en la sensibilidad, empat\u00eda, adapt\u00e1ndose a las necesidades cambiantes de la audiencia.<\/p>\n<p>De cara al confinamiento, <strong>Noticias Digital58<\/strong> opt\u00f3 por armar una tertulia v\u00eda WhatsApp con Helen Hern\u00e1ndez, (@helensocialmedia), <em>Social Media Manager<\/em> y experta en Dise\u00f1o Gr\u00e1fico, quien hizo hincapi\u00e9 en la importancia de contar con un profesional del <em>marketing on line<\/em>, en miras de no dejar desvanecer una marca o empresa.<\/p>\n<p>Esta especialista de 27 a\u00f1os de edad, cinco de experiencia, nacida en M\u00e9rida pero con arraigo a la tierra que le ha visto crecer, Maracaibo, egresada de la Universidad Rafael Belloso Chac\u00edn (URBE), considera el <em>marketing<\/em> digital su pasi\u00f3n.<img loading=\"lazy\" decoding=\"async\" class=\"aligncenter wp-image-95501\" src=\"https:\/\/digital58.com.ve\/site\/wp-content\/uploads\/2020\/04\/c60fbb28-378b-4a86-aba9-c78e164de6ff-240x300.jpeg\" alt=\"Social Media Manager\" width=\"480\" height=\"600\" srcset=\"https:\/\/digital58.com.ve\/site\/wp-content\/uploads\/2020\/04\/c60fbb28-378b-4a86-aba9-c78e164de6ff-240x300.jpeg 240w, https:\/\/digital58.com.ve\/site\/wp-content\/uploads\/2020\/04\/c60fbb28-378b-4a86-aba9-c78e164de6ff-819x1024.jpeg 819w, https:\/\/digital58.com.ve\/site\/wp-content\/uploads\/2020\/04\/c60fbb28-378b-4a86-aba9-c78e164de6ff-768x960.jpeg 768w, https:\/\/digital58.com.ve\/site\/wp-content\/uploads\/2020\/04\/c60fbb28-378b-4a86-aba9-c78e164de6ff.jpeg 480w\" sizes=\"auto, (max-width: 480px) 100vw, 480px\" \/><\/p>\n<p><strong>Todo sobre <em>Social Media Manager<\/em><\/strong><\/p>\n<p>\u2014<strong>\u00bfQu\u00e9 es un <em>Social Media Manager<\/em>?<\/strong><\/p>\n<p>\u2014Es aquella persona que se encarga en una empresa o marca de tomar las decisiones a nivel estrat\u00e9gico, en el \u00e1mbito del <em>Social Media Management<\/em>.<\/p>\n<p>Su rol va m\u00e1s all\u00e1 de ser un gestor de redes, gu\u00eda al equipo de trabajo y se encarga de entender, manejar cualquier cambio, crisis de reputaci\u00f3n que se est\u00e9 generando en la marca.<\/p>\n<p>\u2014<strong>Aptitudes que debe tener&#8230;<\/strong><\/p>\n<p>\u2014Esta persona debe tener un amplio conocimiento de las tendencias digitales, c\u00f3mo se comportan los consumidores en la actualidad.<\/p>\n<p>Debe ser una persona organizada y dedicada, que se prepare, estudie constantemente sobre diferentes mercados, ya que debe crear estrategias dirigidas a personas que est\u00e1n en diferentes nichos y se comportan de diferentes maneras.<\/p>\n<p>Debe manejar una comunicaci\u00f3n efectiva, para poder gestionar un equipo adecuadamente. Tambi\u00e9n, trabajar de la mano con los clientes, adapt\u00e1ndose a las necesidades que la marca tenga.<\/p>\n<p>Adem\u00e1s, manejar conocimiento complementario para las redes sociales: SEO, <em>marketing<\/em> digital, redacci\u00f3n publicitaria y m\u00e1s.<\/p>\n<p><strong>\u2014\u00bfCu\u00e1l es la funci\u00f3n dentro de una organizaci\u00f3n?, \u00bfqu\u00e9 aporta?<\/strong><\/p>\n<p>\u2014Una gesti\u00f3n eficaz de redes sociales es sumamente necesaria para cualquier marca o empresa.<\/p>\n<p>Lo estamos notando m\u00e1s en tiempos de crisis, donde las personas no pueden salir a la calle. La forma de adquirir productos y ciertos servicios nada m\u00e1s se puede lograr a trav\u00e9s de Internet y las redes sociales.<\/p>\n<p>Esta realidad no es algo nuevo, hace muchos a\u00f1os el comportamiento digital ha cambiado considerablemente.<\/p>\n<p>Cuando necesitamos comprar algo, cuando necesitamos buscar servicio o d\u00f3nde queda alg\u00fan sitio, incluso, cualquier tipo de informaci\u00f3n, lo buscamos directamente desde las plataformas digitales.<\/p>\n<p>La forma en que nos comportamos los consumidores digitales se ha modificado a trav\u00e9s de los a\u00f1os, hasta llegar al punto donde si no tienes presencia digital no existes o podr\u00edas no ser considerado una opci\u00f3n.<\/p>\n<p><strong>\u2014Tareas principales<\/strong><\/p>\n<p>\u2014Cuando hacemos una estrategia para redes sociales lo principal es conocer, no solamente a nuestro cliente, marca o empresa, c\u00f3mo se comportan los consumidores a los que esta marca quiere llegar, cu\u00e1l es su p\u00fablico objetivo.<\/p>\n<p>Lo primero es realizar un estudio, de marca y competencia; c\u00f3mo se comportan los usuarios a trav\u00e9s del <em>marketing<\/em> de contexto,debemos tener en consideraci\u00f3n el sitio donde vive, edad, gustos, sitios que frecuenta.<\/p>\n<p>Igualmente, en cu\u00e1l contexto cultural vive y qu\u00e9 est\u00e1 pasando hist\u00f3ricamente en el momento en que vamos a crear estrategias para captarlo.<\/p>\n<p>Diariamente, se realizan diferentes procesos donde se hace una creaci\u00f3n de contenido, empezando por la cura de estos para decidir cu\u00e1l es el mejor.<\/p>\n<p>Asimismo, se mantiene un contacto directo con el cliente y el equipo de trabajo, <em>community manager<\/em>, Dise\u00f1ador gr\u00e1fico, entre otros, para saber qu\u00e9 est\u00e1 pasando en la cuenta.<\/p>\n<p>De realizar alguna promoci\u00f3n o concurso, se hace un seguimiento para saber qu\u00e9 est\u00e1 pasando y qu\u00e9 est\u00e1n hablando las personas acerca de la marca, a trav\u00e9s de un proceso denominado <em>Social Media Listening<\/em>.<\/p>\n<p>Tambi\u00e9n, hay que estudiar semanalmente o quincenalmente qu\u00e9 est\u00e1 pasando en las cuentas que est\u00e1n gestionando, a trav\u00e9s de las m\u00e9tricas o anal\u00edticas que nos ofrecen las plataformas.<\/p>\n<p>\u2014<strong>\u00bfHacia d\u00f3nde cree que deber\u00eda evolucionar la profesi\u00f3n?<\/strong><\/p>\n<p>\u2014Es una evoluci\u00f3n general, no solamente de la profesi\u00f3n. Tambi\u00e9n, de las personas que contratan estos servicios.<\/p>\n<p>Es importante recordar que mucha gente piensa que gestionar redes sociales no es un trabajo real o algo que valga la pena.<\/p>\n<p>Mucha gente a\u00fan no lo entiende y no conoce el valor que tiene hacer este trabajo.<\/p>\n<p>El arte del <em>Social Media Management<\/em> no va a desaparecer, va a seguir incrementando; m\u00e1s personas empezar\u00e1n a notar la importancia de tener una presencia adecuada en estas plataformas.<\/p>\n<p>Vamos a tener que hacer constantes cambios, adaptando y aprendiendo acerca de las nuevas plataformas que saldr\u00e1n diariamente, conocer c\u00f3mo va cambiando el comportamiento de los consumidores.<\/p>\n<p>Como gestores de plataformas tan cambiantes, debemos mantenernos en un proceso de transformaci\u00f3n.<\/p>\n<p>\u2014<strong>\u00bfEn qu\u00e9 se diferencia el <em>Social Media Manager<\/em> del <em>Comunity Manager<\/em>?<\/strong><\/p>\n<p>\u2014La diferencia es que el <em>Social Media Manage<\/em>r se encarga de la parte estrat\u00e9gica. Mientras, el <em>Community Manager<\/em> se encarga de llevar a la acci\u00f3n todas estas estrategias que cre\u00f3 el <em>Social Media Manager<\/em>.<\/p>\n<p>El <em>community<\/em> es un gestor y, a su vez, es la voz de la marca en las redes sociales.<\/p>\n<p>\u2014<strong>Hable acerca de los errores m\u00e1s recurrentes<\/strong><\/p>\n<p>\u2014Para poder tener gran alcance, y cumplir ciertos objetivos, es necesario hacer inversi\u00f3n.<\/p>\n<p>Mucho m\u00e1s all\u00e1 de lo que son las redes sociales, es a\u00fan m\u00e1s es importante realizar estrategias digitales integrales como <em>Marketing<\/em> 360, nuestra marca tendr\u00e1 presencia en una plataforma como Instagram o Facebook y presencia digital en general (web, <em>email<\/em> <em>marketing<\/em>, entre otros).<\/p>\n<p>Aparte, es necesario que la marca se maneje eficazmente en el \u00e1mbito <em>off line<\/em>,<em> fuera<\/em> de las plataformas digitales.<\/p>\n<p>Cabe destacar que los medios tradicionales no han muerto y son parte fundamental de las estrategias que debemos hacer para crecer como marcas integrales.<\/p>\n<figure id=\"attachment_95502\" aria-describedby=\"caption-attachment-95502\" style=\"width: 600px\" class=\"wp-caption aligncenter\"><img loading=\"lazy\" decoding=\"async\" class=\"wp-image-95502\" src=\"https:\/\/digital58.com.ve\/site\/wp-content\/uploads\/2020\/04\/3b769b20-fae3-42ea-9f6d-eeb6b63399fe-266x300.jpeg\" alt=\"\" width=\"600\" height=\"678\" srcset=\"https:\/\/digital58.com.ve\/site\/wp-content\/uploads\/2020\/04\/3b769b20-fae3-42ea-9f6d-eeb6b63399fe-266x300.jpeg 266w, https:\/\/digital58.com.ve\/site\/wp-content\/uploads\/2020\/04\/3b769b20-fae3-42ea-9f6d-eeb6b63399fe-906x1024.jpeg 906w, https:\/\/digital58.com.ve\/site\/wp-content\/uploads\/2020\/04\/3b769b20-fae3-42ea-9f6d-eeb6b63399fe-768x868.jpeg 768w, https:\/\/digital58.com.ve\/site\/wp-content\/uploads\/2020\/04\/3b769b20-fae3-42ea-9f6d-eeb6b63399fe.jpeg 531w\" sizes=\"auto, (max-width: 600px) 100vw, 600px\" \/><figcaption id=\"caption-attachment-95502\" class=\"wp-caption-text\">La joven egresada de URBE es conocida en Instagram como @helensocialmedia<\/figcaption><\/figure>\n<p><strong>Helen Social Media<\/strong><\/p>\n<p>\u2014<strong>\u00bfC\u00f3mo decidi\u00f3 inclinarse por tal \u00e1rea si su primera profesi\u00f3n es Dise\u00f1o Gr\u00e1fico?<\/strong><\/p>\n<p>\u2014 El dise\u00f1o gr\u00e1fico va de la mano con lo que es el <em>marketing<\/em> digital.<\/p>\n<p>En la primera empresa en la que trabaj\u00e9 como dise\u00f1adora gr\u00e1fica tomaron la decisi\u00f3n de asignarme la gesti\u00f3n de sus redes sociales, conjuntamente con el dise\u00f1o.<\/p>\n<p>Me gust\u00f3 much\u00edsimo la experiencia, decid\u00ed seguir estudiando y prepar\u00e1ndome acerca del tema.<\/p>\n<p>Con los a\u00f1os, surgieron m\u00e1s gestiones de redes sociales y m\u00e1s cursos a los cuales asist\u00ed. Fue as\u00ed como me fui especializando en el tema, a trav\u00e9s de experiencia.<\/p>\n<p>\u2014<strong>\u00bfQu\u00e9 es lo que m\u00e1s le gusta de su trabajo?<\/strong><\/p>\n<p>\u2014Lo que m\u00e1s me gusta es poder acompa\u00f1ar a las marcas a trav\u00e9s de diferentes procesos, donde pueden darse a conocer y cumplir sus objetivos digitales.<\/p>\n<p>Me encanta, y es mi vocaci\u00f3n, ense\u00f1ar a otras personas a trav\u00e9s de cursos y talleres. Inclusive, conferencias acerca de mi experiencia en el \u00e1mbito digital, acerca de lo que hago; compartir mis conocimientos con los dem\u00e1s es la mejor parte de mi trabajo.<\/p>\n<p>\u2014<strong>\u00bfLe quedan ganas para sus redes sociales en el tiempo libre? \u00bfCu\u00e1l prefiere para posicionar su marca?<\/strong><\/p>\n<p>\u2014Cuando tenemos en nuestras manos redes sociales de clientes, nos queda muy poco tiempo para las nuestras.<\/p>\n<p>Siempre lo he dicho, esto es realmente un error, ya que un buen perfil en redes sociales es nuestra carta de presentaci\u00f3n. Mi favorita del momento es Instagram, la que m\u00e1s utiliz\u00f3. Asimismo, YouTube, Tik Tok y Telegram.<\/p>\n<p>Algo muy importante a tener en consideraci\u00f3n, al tomar la decisi\u00f3n como marca acerca de qu\u00e9 plataforma utilizar, es saber que cada red social tiene un objetivo, p\u00fablico y estilo diferente.<\/p>\n<p>Para elegir de forma correcta debemos pensar en factores como la edad de las personas a las que queremos llegar con nuestro contenido, d\u00f3nde viven, qu\u00e9 tipo de contenido crearemos, y verificar si se adapta al formato de tal plataforma.<\/p><div class=\"wjtzx69f0b756058cb\" ><p style=\"text-align: center;\"><a href=\"https:\/\/t.me\/noticiasdigital58\" target=\"_blank\" rel=\"noopener\"><img class=\"aligncenter size-full wp-image-125363\" src=\"https:\/\/digital58.com.ve\/site\/wp-content\/uploads\/2021\/04\/banner-telegram-web-2021.png\" alt=\"\" width=\"600\" height=\"90\" \/><\/a><\/p><\/div><style type=\"text\/css\">\r\n@media screen and (min-width: 1201px) {\r\n.wjtzx69f0b756058cb {\r\ndisplay: block;\r\n}\r\n}\r\n@media screen and (min-width: 993px) and (max-width: 1200px) {\r\n.wjtzx69f0b756058cb {\r\ndisplay: block;\r\n}\r\n}\r\n@media screen and (min-width: 769px) and (max-width: 992px) {\r\n.wjtzx69f0b756058cb {\r\ndisplay: block;\r\n}\r\n}\r\n@media screen and (min-width: 768px) and (max-width: 768px) {\r\n.wjtzx69f0b756058cb {\r\ndisplay: block;\r\n}\r\n}\r\n@media screen and (max-width: 767px) {\r\n.wjtzx69f0b756058cb {\r\ndisplay: block;\r\n}\r\n}\r\n<\/style>\r\n\n<p dir=\"ltr\"><strong>Redacci\u00f3n: Grisel Garc\u00eda (@burbujamedia_)<\/strong><br \/>\n<b>Edici\u00f3n: Villasmil, Henry<\/b><br \/>\n<b>Gr\u00e1ficas: cortes\u00eda<\/b><\/p>\n<div style=\"margin-top: 0px; margin-bottom: 0px;\" class=\"sharethis-inline-share-buttons\" ><\/div>","protected":false},"excerpt":{"rendered":"<p>&nbsp; En este tiempo de aislamiento, por COVID-19, Internet se ha convertido en un enlace entre el mundo exterior e<\/p>\n","protected":false},"author":1,"featured_media":95498,"comment_status":"open","ping_status":"closed","sticky":false,"template":"","format":"standard","meta":{"colormag_page_container_layout":"default_layout","colormag_page_sidebar_layout":"default_layout","_uag_custom_page_level_css":"","footnotes":""},"categories":[8608,5406],"tags":[14019,14020,13602,7739,14018],"class_list":["post-95497","post","type-post","status-publish","format-standard","has-post-thumbnail","hentry","category-reportajes-especiales","category-tecnologia","tag-comunity-manager","tag-diseno-grafico","tag-la-burbuja-del-domingo","tag-mercadeo-digital","tag-social-media-manager"],"yoast_head":"<!-- This site is optimized with the Yoast SEO plugin v27.5 - https:\/\/yoast.com\/product\/yoast-seo-wordpress\/ -->\n<title>Social Media Manager en plena cuarentena por COVID-19: vivir en la red<\/title>\n<meta name=\"description\" content=\"Reportajes Especiales\" \/>\n<meta name=\"robots\" content=\"index, follow, max-snippet:-1, max-image-preview:large, max-video-preview:-1\" \/>\n<link rel=\"canonical\" href=\"https:\/\/digital58.com.ve\/site\/2020\/04\/12\/social-media-manager-en-plena-cuarentena-por-covid-19-vivir-en-la-red\/\" \/>\n<meta property=\"og:locale\" content=\"es_ES\" \/>\n<meta property=\"og:type\" content=\"article\" \/>\n<meta property=\"og:title\" content=\"Social Media Manager en plena cuarentena por COVID-19: vivir en la red\" \/>\n<meta property=\"og:description\" content=\"Reportajes Especiales\" \/>\n<meta property=\"og:url\" content=\"https:\/\/digital58.com.ve\/site\/2020\/04\/12\/social-media-manager-en-plena-cuarentena-por-covid-19-vivir-en-la-red\/\" \/>\n<meta property=\"og:site_name\" content=\"Noticias Digital58\" \/>\n<meta property=\"article:published_time\" content=\"2020-04-13T02:32:26+00:00\" \/>\n<meta property=\"article:modified_time\" content=\"2020-04-13T12:12:15+00:00\" \/>\n<meta property=\"og:image\" content=\"https:\/\/digital58.com.ve\/site\/wp-content\/uploads\/2020\/04\/68f69756-d67f-4884-b08b-d29bb9b4e1da.jpeg\" \/>\n\t<meta property=\"og:image:width\" content=\"1080\" \/>\n\t<meta property=\"og:image:height\" content=\"1080\" \/>\n\t<meta property=\"og:image:type\" content=\"image\/jpeg\" \/>\n<meta name=\"author\" content=\"Villasmil Henry\" \/>\n<meta name=\"twitter:card\" content=\"summary_large_image\" \/>\n<meta name=\"twitter:creator\" content=\"@https:\/\/twitter.com\/villasmilhfoto\" \/>\n<meta name=\"twitter:site\" content=\"@villasmilhfoto\" \/>\n<meta name=\"twitter:label1\" content=\"Escrito por\" \/>\n\t<meta name=\"twitter:data1\" content=\"Villasmil Henry\" \/>\n\t<meta name=\"twitter:label2\" content=\"Tiempo estimado de lectura\" \/>\n\t<meta name=\"twitter:data2\" content=\"8 minutos\" \/>\n<script type=\"application\/ld+json\" class=\"yoast-schema-graph\">{\"@context\":\"https:\\\/\\\/schema.org\",\"@graph\":[{\"@type\":\"Article\",\"@id\":\"https:\\\/\\\/digital58.com.ve\\\/site\\\/2020\\\/04\\\/12\\\/social-media-manager-en-plena-cuarentena-por-covid-19-vivir-en-la-red\\\/#article\",\"isPartOf\":{\"@id\":\"https:\\\/\\\/digital58.com.ve\\\/site\\\/2020\\\/04\\\/12\\\/social-media-manager-en-plena-cuarentena-por-covid-19-vivir-en-la-red\\\/\"},\"author\":{\"name\":\"Villasmil Henry\",\"@id\":\"https:\\\/\\\/digital58.com.ve\\\/site\\\/#\\\/schema\\\/person\\\/64d1c2e4d0d4fd1b849980c4331c2951\"},\"headline\":\"Social Media Manager en plena cuarentena por COVID-19: vivir en la red\",\"datePublished\":\"2020-04-13T02:32:26+00:00\",\"dateModified\":\"2020-04-13T12:12:15+00:00\",\"mainEntityOfPage\":{\"@id\":\"https:\\\/\\\/digital58.com.ve\\\/site\\\/2020\\\/04\\\/12\\\/social-media-manager-en-plena-cuarentena-por-covid-19-vivir-en-la-red\\\/\"},\"wordCount\":1543,\"commentCount\":0,\"publisher\":{\"@id\":\"https:\\\/\\\/digital58.com.ve\\\/site\\\/#\\\/schema\\\/person\\\/64d1c2e4d0d4fd1b849980c4331c2951\"},\"image\":{\"@id\":\"https:\\\/\\\/digital58.com.ve\\\/site\\\/2020\\\/04\\\/12\\\/social-media-manager-en-plena-cuarentena-por-covid-19-vivir-en-la-red\\\/#primaryimage\"},\"thumbnailUrl\":\"https:\\\/\\\/digital58.com.ve\\\/site\\\/wp-content\\\/uploads\\\/2020\\\/04\\\/68f69756-d67f-4884-b08b-d29bb9b4e1da.jpeg\",\"keywords\":[\"Comunity Manager\",\"Dise\u00f1o Gr\u00e1fico\",\"La Burbuja del Domingo\",\"Mercadeo Digital\",\"Social Media Manager\"],\"articleSection\":[\"Reportajes Especiales\",\"Tecnolog\u00eda\"],\"inLanguage\":\"es\",\"potentialAction\":[{\"@type\":\"CommentAction\",\"name\":\"Comment\",\"target\":[\"https:\\\/\\\/digital58.com.ve\\\/site\\\/2020\\\/04\\\/12\\\/social-media-manager-en-plena-cuarentena-por-covid-19-vivir-en-la-red\\\/#respond\"]}]},{\"@type\":\"WebPage\",\"@id\":\"https:\\\/\\\/digital58.com.ve\\\/site\\\/2020\\\/04\\\/12\\\/social-media-manager-en-plena-cuarentena-por-covid-19-vivir-en-la-red\\\/\",\"url\":\"https:\\\/\\\/digital58.com.ve\\\/site\\\/2020\\\/04\\\/12\\\/social-media-manager-en-plena-cuarentena-por-covid-19-vivir-en-la-red\\\/\",\"name\":\"Social Media Manager en plena cuarentena por COVID-19: vivir en la red\",\"isPartOf\":{\"@id\":\"https:\\\/\\\/digital58.com.ve\\\/site\\\/#website\"},\"primaryImageOfPage\":{\"@id\":\"https:\\\/\\\/digital58.com.ve\\\/site\\\/2020\\\/04\\\/12\\\/social-media-manager-en-plena-cuarentena-por-covid-19-vivir-en-la-red\\\/#primaryimage\"},\"image\":{\"@id\":\"https:\\\/\\\/digital58.com.ve\\\/site\\\/2020\\\/04\\\/12\\\/social-media-manager-en-plena-cuarentena-por-covid-19-vivir-en-la-red\\\/#primaryimage\"},\"thumbnailUrl\":\"https:\\\/\\\/digital58.com.ve\\\/site\\\/wp-content\\\/uploads\\\/2020\\\/04\\\/68f69756-d67f-4884-b08b-d29bb9b4e1da.jpeg\",\"datePublished\":\"2020-04-13T02:32:26+00:00\",\"dateModified\":\"2020-04-13T12:12:15+00:00\",\"description\":\"Reportajes Especiales\",\"breadcrumb\":{\"@id\":\"https:\\\/\\\/digital58.com.ve\\\/site\\\/2020\\\/04\\\/12\\\/social-media-manager-en-plena-cuarentena-por-covid-19-vivir-en-la-red\\\/#breadcrumb\"},\"inLanguage\":\"es\",\"potentialAction\":[{\"@type\":\"ReadAction\",\"target\":[\"https:\\\/\\\/digital58.com.ve\\\/site\\\/2020\\\/04\\\/12\\\/social-media-manager-en-plena-cuarentena-por-covid-19-vivir-en-la-red\\\/\"]}]},{\"@type\":\"ImageObject\",\"inLanguage\":\"es\",\"@id\":\"https:\\\/\\\/digital58.com.ve\\\/site\\\/2020\\\/04\\\/12\\\/social-media-manager-en-plena-cuarentena-por-covid-19-vivir-en-la-red\\\/#primaryimage\",\"url\":\"https:\\\/\\\/digital58.com.ve\\\/site\\\/wp-content\\\/uploads\\\/2020\\\/04\\\/68f69756-d67f-4884-b08b-d29bb9b4e1da.jpeg\",\"contentUrl\":\"https:\\\/\\\/digital58.com.ve\\\/site\\\/wp-content\\\/uploads\\\/2020\\\/04\\\/68f69756-d67f-4884-b08b-d29bb9b4e1da.jpeg\",\"width\":600,\"height\":600,\"caption\":\"Helen Hern\u00e1ndez cuenta con cinco a\u00f1os de experiencia en el mundo del Social Media Manager\"},{\"@type\":\"BreadcrumbList\",\"@id\":\"https:\\\/\\\/digital58.com.ve\\\/site\\\/2020\\\/04\\\/12\\\/social-media-manager-en-plena-cuarentena-por-covid-19-vivir-en-la-red\\\/#breadcrumb\",\"itemListElement\":[{\"@type\":\"ListItem\",\"position\":1,\"name\":\"Home\",\"item\":\"https:\\\/\\\/digital58.com.ve\\\/site\\\/\"},{\"@type\":\"ListItem\",\"position\":2,\"name\":\"Social Media Manager en plena cuarentena por COVID-19: vivir en la red\"}]},{\"@type\":\"WebSite\",\"@id\":\"https:\\\/\\\/digital58.com.ve\\\/site\\\/#website\",\"url\":\"https:\\\/\\\/digital58.com.ve\\\/site\\\/\",\"name\":\"Noticias Digital58\",\"description\":\"Portal de Noticias \u00a1Periodismo web de verdad! Lanzamiento web 22.11.2005 \\\/ Maracaibo, Venezuela\",\"publisher\":{\"@id\":\"https:\\\/\\\/digital58.com.ve\\\/site\\\/#\\\/schema\\\/person\\\/64d1c2e4d0d4fd1b849980c4331c2951\"},\"alternateName\":\"ND58\",\"potentialAction\":[{\"@type\":\"SearchAction\",\"target\":{\"@type\":\"EntryPoint\",\"urlTemplate\":\"https:\\\/\\\/digital58.com.ve\\\/site\\\/?s={search_term_string}\"},\"query-input\":{\"@type\":\"PropertyValueSpecification\",\"valueRequired\":true,\"valueName\":\"search_term_string\"}}],\"inLanguage\":\"es\"},{\"@type\":[\"Person\",\"Organization\"],\"@id\":\"https:\\\/\\\/digital58.com.ve\\\/site\\\/#\\\/schema\\\/person\\\/64d1c2e4d0d4fd1b849980c4331c2951\",\"name\":\"Villasmil Henry\",\"image\":{\"@type\":\"ImageObject\",\"inLanguage\":\"es\",\"@id\":\"https:\\\/\\\/secure.gravatar.com\\\/avatar\\\/bb0c4a2fcb7970138239f7e404ea75757b1b507b28b5ce4c53fbd62d797c5a7c?s=96&d=mm&r=g\",\"url\":\"https:\\\/\\\/secure.gravatar.com\\\/avatar\\\/bb0c4a2fcb7970138239f7e404ea75757b1b507b28b5ce4c53fbd62d797c5a7c?s=96&d=mm&r=g\",\"contentUrl\":\"https:\\\/\\\/secure.gravatar.com\\\/avatar\\\/bb0c4a2fcb7970138239f7e404ea75757b1b507b28b5ce4c53fbd62d797c5a7c?s=96&d=mm&r=g\",\"caption\":\"Villasmil Henry\"},\"logo\":{\"@id\":\"https:\\\/\\\/secure.gravatar.com\\\/avatar\\\/bb0c4a2fcb7970138239f7e404ea75757b1b507b28b5ce4c53fbd62d797c5a7c?s=96&d=mm&r=g\"},\"sameAs\":[\"http:\\\/\\\/www.henryvillasmil.com.ve\",\"https:\\\/\\\/www.instagram.com\\\/villasmilhfoto\\\/\",\"https:\\\/\\\/x.com\\\/https:\\\/\\\/twitter.com\\\/villasmilhfoto\"],\"url\":\"https:\\\/\\\/digital58.com.ve\\\/site\\\/author\\\/droopy_68\\\/\"}]}<\/script>\n<!-- \/ Yoast SEO plugin. -->","yoast_head_json":{"title":"Social Media Manager en plena cuarentena por COVID-19: vivir en la red","description":"Reportajes Especiales","robots":{"index":"index","follow":"follow","max-snippet":"max-snippet:-1","max-image-preview":"max-image-preview:large","max-video-preview":"max-video-preview:-1"},"canonical":"https:\/\/digital58.com.ve\/site\/2020\/04\/12\/social-media-manager-en-plena-cuarentena-por-covid-19-vivir-en-la-red\/","og_locale":"es_ES","og_type":"article","og_title":"Social Media Manager en plena cuarentena por COVID-19: vivir en la red","og_description":"Reportajes Especiales","og_url":"https:\/\/digital58.com.ve\/site\/2020\/04\/12\/social-media-manager-en-plena-cuarentena-por-covid-19-vivir-en-la-red\/","og_site_name":"Noticias Digital58","article_published_time":"2020-04-13T02:32:26+00:00","article_modified_time":"2020-04-13T12:12:15+00:00","og_image":[{"width":1080,"height":1080,"url":"https:\/\/digital58.com.ve\/site\/wp-content\/uploads\/2020\/04\/68f69756-d67f-4884-b08b-d29bb9b4e1da.jpeg","type":"image\/jpeg"}],"author":"Villasmil Henry","twitter_card":"summary_large_image","twitter_creator":"@https:\/\/twitter.com\/villasmilhfoto","twitter_site":"@villasmilhfoto","twitter_misc":{"Escrito por":"Villasmil Henry","Tiempo estimado de lectura":"8 minutos"},"schema":{"@context":"https:\/\/schema.org","@graph":[{"@type":"Article","@id":"https:\/\/digital58.com.ve\/site\/2020\/04\/12\/social-media-manager-en-plena-cuarentena-por-covid-19-vivir-en-la-red\/#article","isPartOf":{"@id":"https:\/\/digital58.com.ve\/site\/2020\/04\/12\/social-media-manager-en-plena-cuarentena-por-covid-19-vivir-en-la-red\/"},"author":{"name":"Villasmil Henry","@id":"https:\/\/digital58.com.ve\/site\/#\/schema\/person\/64d1c2e4d0d4fd1b849980c4331c2951"},"headline":"Social Media Manager en plena cuarentena por COVID-19: vivir en la red","datePublished":"2020-04-13T02:32:26+00:00","dateModified":"2020-04-13T12:12:15+00:00","mainEntityOfPage":{"@id":"https:\/\/digital58.com.ve\/site\/2020\/04\/12\/social-media-manager-en-plena-cuarentena-por-covid-19-vivir-en-la-red\/"},"wordCount":1543,"commentCount":0,"publisher":{"@id":"https:\/\/digital58.com.ve\/site\/#\/schema\/person\/64d1c2e4d0d4fd1b849980c4331c2951"},"image":{"@id":"https:\/\/digital58.com.ve\/site\/2020\/04\/12\/social-media-manager-en-plena-cuarentena-por-covid-19-vivir-en-la-red\/#primaryimage"},"thumbnailUrl":"https:\/\/digital58.com.ve\/site\/wp-content\/uploads\/2020\/04\/68f69756-d67f-4884-b08b-d29bb9b4e1da.jpeg","keywords":["Comunity Manager","Dise\u00f1o Gr\u00e1fico","La Burbuja del Domingo","Mercadeo Digital","Social Media Manager"],"articleSection":["Reportajes Especiales","Tecnolog\u00eda"],"inLanguage":"es","potentialAction":[{"@type":"CommentAction","name":"Comment","target":["https:\/\/digital58.com.ve\/site\/2020\/04\/12\/social-media-manager-en-plena-cuarentena-por-covid-19-vivir-en-la-red\/#respond"]}]},{"@type":"WebPage","@id":"https:\/\/digital58.com.ve\/site\/2020\/04\/12\/social-media-manager-en-plena-cuarentena-por-covid-19-vivir-en-la-red\/","url":"https:\/\/digital58.com.ve\/site\/2020\/04\/12\/social-media-manager-en-plena-cuarentena-por-covid-19-vivir-en-la-red\/","name":"Social Media Manager en plena cuarentena por COVID-19: vivir en la red","isPartOf":{"@id":"https:\/\/digital58.com.ve\/site\/#website"},"primaryImageOfPage":{"@id":"https:\/\/digital58.com.ve\/site\/2020\/04\/12\/social-media-manager-en-plena-cuarentena-por-covid-19-vivir-en-la-red\/#primaryimage"},"image":{"@id":"https:\/\/digital58.com.ve\/site\/2020\/04\/12\/social-media-manager-en-plena-cuarentena-por-covid-19-vivir-en-la-red\/#primaryimage"},"thumbnailUrl":"https:\/\/digital58.com.ve\/site\/wp-content\/uploads\/2020\/04\/68f69756-d67f-4884-b08b-d29bb9b4e1da.jpeg","datePublished":"2020-04-13T02:32:26+00:00","dateModified":"2020-04-13T12:12:15+00:00","description":"Reportajes Especiales","breadcrumb":{"@id":"https:\/\/digital58.com.ve\/site\/2020\/04\/12\/social-media-manager-en-plena-cuarentena-por-covid-19-vivir-en-la-red\/#breadcrumb"},"inLanguage":"es","potentialAction":[{"@type":"ReadAction","target":["https:\/\/digital58.com.ve\/site\/2020\/04\/12\/social-media-manager-en-plena-cuarentena-por-covid-19-vivir-en-la-red\/"]}]},{"@type":"ImageObject","inLanguage":"es","@id":"https:\/\/digital58.com.ve\/site\/2020\/04\/12\/social-media-manager-en-plena-cuarentena-por-covid-19-vivir-en-la-red\/#primaryimage","url":"https:\/\/digital58.com.ve\/site\/wp-content\/uploads\/2020\/04\/68f69756-d67f-4884-b08b-d29bb9b4e1da.jpeg","contentUrl":"https:\/\/digital58.com.ve\/site\/wp-content\/uploads\/2020\/04\/68f69756-d67f-4884-b08b-d29bb9b4e1da.jpeg","width":600,"height":600,"caption":"Helen Hern\u00e1ndez cuenta con cinco a\u00f1os de experiencia en el mundo del Social Media Manager"},{"@type":"BreadcrumbList","@id":"https:\/\/digital58.com.ve\/site\/2020\/04\/12\/social-media-manager-en-plena-cuarentena-por-covid-19-vivir-en-la-red\/#breadcrumb","itemListElement":[{"@type":"ListItem","position":1,"name":"Home","item":"https:\/\/digital58.com.ve\/site\/"},{"@type":"ListItem","position":2,"name":"Social Media Manager en plena cuarentena por COVID-19: vivir en la red"}]},{"@type":"WebSite","@id":"https:\/\/digital58.com.ve\/site\/#website","url":"https:\/\/digital58.com.ve\/site\/","name":"Noticias Digital58","description":"Portal de Noticias \u00a1Periodismo web de verdad! Lanzamiento web 22.11.2005 \/ Maracaibo, Venezuela","publisher":{"@id":"https:\/\/digital58.com.ve\/site\/#\/schema\/person\/64d1c2e4d0d4fd1b849980c4331c2951"},"alternateName":"ND58","potentialAction":[{"@type":"SearchAction","target":{"@type":"EntryPoint","urlTemplate":"https:\/\/digital58.com.ve\/site\/?s={search_term_string}"},"query-input":{"@type":"PropertyValueSpecification","valueRequired":true,"valueName":"search_term_string"}}],"inLanguage":"es"},{"@type":["Person","Organization"],"@id":"https:\/\/digital58.com.ve\/site\/#\/schema\/person\/64d1c2e4d0d4fd1b849980c4331c2951","name":"Villasmil Henry","image":{"@type":"ImageObject","inLanguage":"es","@id":"https:\/\/secure.gravatar.com\/avatar\/bb0c4a2fcb7970138239f7e404ea75757b1b507b28b5ce4c53fbd62d797c5a7c?s=96&d=mm&r=g","url":"https:\/\/secure.gravatar.com\/avatar\/bb0c4a2fcb7970138239f7e404ea75757b1b507b28b5ce4c53fbd62d797c5a7c?s=96&d=mm&r=g","contentUrl":"https:\/\/secure.gravatar.com\/avatar\/bb0c4a2fcb7970138239f7e404ea75757b1b507b28b5ce4c53fbd62d797c5a7c?s=96&d=mm&r=g","caption":"Villasmil Henry"},"logo":{"@id":"https:\/\/secure.gravatar.com\/avatar\/bb0c4a2fcb7970138239f7e404ea75757b1b507b28b5ce4c53fbd62d797c5a7c?s=96&d=mm&r=g"},"sameAs":["http:\/\/www.henryvillasmil.com.ve","https:\/\/www.instagram.com\/villasmilhfoto\/","https:\/\/x.com\/https:\/\/twitter.com\/villasmilhfoto"],"url":"https:\/\/digital58.com.ve\/site\/author\/droopy_68\/"}]}},"uagb_featured_image_src":{"full":["https:\/\/digital58.com.ve\/site\/wp-content\/uploads\/2020\/04\/68f69756-d67f-4884-b08b-d29bb9b4e1da.jpeg",600,600,false],"thumbnail":["https:\/\/digital58.com.ve\/site\/wp-content\/uploads\/2020\/04\/68f69756-d67f-4884-b08b-d29bb9b4e1da-150x150.jpeg",150,150,true],"medium":["https:\/\/digital58.com.ve\/site\/wp-content\/uploads\/2020\/04\/68f69756-d67f-4884-b08b-d29bb9b4e1da-300x300.jpeg",300,300,true],"medium_large":["https:\/\/digital58.com.ve\/site\/wp-content\/uploads\/2020\/04\/68f69756-d67f-4884-b08b-d29bb9b4e1da-768x768.jpeg",768,768,true],"large":["https:\/\/digital58.com.ve\/site\/wp-content\/uploads\/2020\/04\/68f69756-d67f-4884-b08b-d29bb9b4e1da-1024x1024.jpeg",800,800,true],"1536x1536":["https:\/\/digital58.com.ve\/site\/wp-content\/uploads\/2020\/04\/68f69756-d67f-4884-b08b-d29bb9b4e1da.jpeg",600,600,false],"2048x2048":["https:\/\/digital58.com.ve\/site\/wp-content\/uploads\/2020\/04\/68f69756-d67f-4884-b08b-d29bb9b4e1da.jpeg",600,600,false],"colormag-highlighted-post":["https:\/\/digital58.com.ve\/site\/wp-content\/uploads\/2020\/04\/68f69756-d67f-4884-b08b-d29bb9b4e1da.jpeg",272,272,false],"colormag-featured-post-medium":["https:\/\/digital58.com.ve\/site\/wp-content\/uploads\/2020\/04\/68f69756-d67f-4884-b08b-d29bb9b4e1da.jpeg",205,205,false],"colormag-featured-post-small":["https:\/\/digital58.com.ve\/site\/wp-content\/uploads\/2020\/04\/68f69756-d67f-4884-b08b-d29bb9b4e1da.jpeg",90,90,false],"colormag-featured-image":["https:\/\/digital58.com.ve\/site\/wp-content\/uploads\/2020\/04\/68f69756-d67f-4884-b08b-d29bb9b4e1da.jpeg",445,445,false],"colormag-default-news":["https:\/\/digital58.com.ve\/site\/wp-content\/uploads\/2020\/04\/68f69756-d67f-4884-b08b-d29bb9b4e1da.jpeg",150,150,false],"colormag-featured-image-large":["https:\/\/digital58.com.ve\/site\/wp-content\/uploads\/2020\/04\/68f69756-d67f-4884-b08b-d29bb9b4e1da.jpeg",600,600,false]},"uagb_author_info":{"display_name":"Villasmil Henry","author_link":"https:\/\/digital58.com.ve\/site\/author\/droopy_68\/"},"uagb_comment_info":0,"uagb_excerpt":"&nbsp; En este tiempo de aislamiento, por COVID-19, Internet se ha convertido en un enlace entre el mundo exterior e","_links":{"self":[{"href":"https:\/\/digital58.com.ve\/site\/wp-json\/wp\/v2\/posts\/95497","targetHints":{"allow":["GET"]}}],"collection":[{"href":"https:\/\/digital58.com.ve\/site\/wp-json\/wp\/v2\/posts"}],"about":[{"href":"https:\/\/digital58.com.ve\/site\/wp-json\/wp\/v2\/types\/post"}],"author":[{"embeddable":true,"href":"https:\/\/digital58.com.ve\/site\/wp-json\/wp\/v2\/users\/1"}],"replies":[{"embeddable":true,"href":"https:\/\/digital58.com.ve\/site\/wp-json\/wp\/v2\/comments?post=95497"}],"version-history":[{"count":0,"href":"https:\/\/digital58.com.ve\/site\/wp-json\/wp\/v2\/posts\/95497\/revisions"}],"wp:featuredmedia":[{"embeddable":true,"href":"https:\/\/digital58.com.ve\/site\/wp-json\/wp\/v2\/media\/95498"}],"wp:attachment":[{"href":"https:\/\/digital58.com.ve\/site\/wp-json\/wp\/v2\/media?parent=95497"}],"wp:term":[{"taxonomy":"category","embeddable":true,"href":"https:\/\/digital58.com.ve\/site\/wp-json\/wp\/v2\/categories?post=95497"},{"taxonomy":"post_tag","embeddable":true,"href":"https:\/\/digital58.com.ve\/site\/wp-json\/wp\/v2\/tags?post=95497"}],"curies":[{"name":"wp","href":"https:\/\/api.w.org\/{rel}","templated":true}]}}