{"id":95511,"date":"2020-04-13T14:35:40","date_gmt":"2020-04-13T18:35:40","guid":{"rendered":"https:\/\/digital58.com.ve\/site\/?p=95511"},"modified":"2020-04-13T14:53:59","modified_gmt":"2020-04-13T18:53:59","slug":"omar-prieto-siete-casos-sospechosos-del-zulia-resultaron-negativos-a-la-prueba-de-pcr-genetico","status":"publish","type":"post","link":"https:\/\/digital58.com.ve\/site\/2020\/04\/13\/omar-prieto-siete-casos-sospechosos-del-zulia-resultaron-negativos-a-la-prueba-de-pcr-genetico\/","title":{"rendered":"Omar Prieto: \u00absiete casos sospechosos del Zulia resultaron negativos a la prueba de PCR gen\u00e9tico\u00bb"},"content":{"rendered":"<p><a href=\"https:\/\/digital58.com.ve\/site\/wp-content\/uploads\/2020\/04\/omarprieto.jpg\"><img loading=\"lazy\" decoding=\"async\" class=\"aligncenter size-full wp-image-95513\" src=\"https:\/\/digital58.com.ve\/site\/wp-content\/uploads\/2020\/04\/omarprieto.jpg\" alt=\"\" width=\"1500\" height=\"1000\" srcset=\"https:\/\/digital58.com.ve\/site\/wp-content\/uploads\/2020\/04\/omarprieto.jpg 800w, https:\/\/digital58.com.ve\/site\/wp-content\/uploads\/2020\/04\/omarprieto-300x200.jpg 300w, https:\/\/digital58.com.ve\/site\/wp-content\/uploads\/2020\/04\/omarprieto-768x512.jpg 768w, https:\/\/digital58.com.ve\/site\/wp-content\/uploads\/2020\/04\/omarprieto-720x480.jpg 720w, https:\/\/digital58.com.ve\/site\/wp-content\/uploads\/2020\/04\/omarprieto-480x320.jpg 480w\" sizes=\"auto, (max-width: 1500px) 100vw, 1500px\" \/><\/a><\/p>\n<p>El gobernador del estado Zulia Omar Prieto ofreci\u00f3 este lunes una rueda de presa, en el marco de el inicio de la quinta semana de cuarentena social colectiva, para informe los avances sobre el COVID-19 en la regi\u00f3n.<\/p>\n<p>Maracaibo, Zulia, Venezuela, 13 de abril de 2020 (ND58).- En este sentido, Prieto Fern\u00e1ndez inform\u00f3 que, en los \u00faltimos d\u00edas se descartaron siete casos sospechosos de COVID-19, con los resultados de la pruebas PCR, las cuales se han en Caracas.<\/p>\n<p>\u00abA trav\u00e9s de la Sala Situacional se han reportado mil 66 casos, los cuales han sido abordados hasta su domicilio m\u00e1s del 30 por ciento y el resto v\u00eda telef\u00f3nica\u00bb.<\/p>\n<p><a href=\"https:\/\/digital58.com.ve\/site\/wp-content\/uploads\/2020\/04\/omarprieto-2.jpg\"><img loading=\"lazy\" decoding=\"async\" class=\"aligncenter size-full wp-image-95512\" src=\"https:\/\/digital58.com.ve\/site\/wp-content\/uploads\/2020\/04\/omarprieto-2.jpg\" alt=\"\" width=\"1500\" height=\"1000\" srcset=\"https:\/\/digital58.com.ve\/site\/wp-content\/uploads\/2020\/04\/omarprieto-2.jpg 800w, https:\/\/digital58.com.ve\/site\/wp-content\/uploads\/2020\/04\/omarprieto-2-300x200.jpg 300w, https:\/\/digital58.com.ve\/site\/wp-content\/uploads\/2020\/04\/omarprieto-2-768x512.jpg 768w, https:\/\/digital58.com.ve\/site\/wp-content\/uploads\/2020\/04\/omarprieto-2-720x480.jpg 720w, https:\/\/digital58.com.ve\/site\/wp-content\/uploads\/2020\/04\/omarprieto-2-480x320.jpg 480w\" sizes=\"auto, (max-width: 1500px) 100vw, 1500px\" \/><\/a><\/p>\n<p>Prieto ratific\u00f3 que en la regi\u00f3n contin\u00faan con la misma cantidad de contagiados.<\/p>\n<p>Insisti\u00f3 en la necesidad de contener los contagios de COVID-19 en la regi\u00f3n; por lo que resalt\u00f3 que: \u00aba partir de hoy los ingresos a Venezuela por Mara van a ser trasladados a \u00abDon Bosco\u00bb, para el aislamiento\u00bb, donde permanecer por 14 o 15 dias, lo cu\u00e1l es el periodo de incubaci\u00f3n del virus.<\/p>\n<p>Agreg\u00f3 que en la Escuela T\u00e9cnica de Mara (otro centro de aislamiento), se atienden a 91 personas que ingresaron al territorio nacional desde Colombia.<\/p>\n<p><a href=\"https:\/\/digital58.com.ve\/site\/wp-content\/uploads\/2020\/04\/mayor.jpg\"><img loading=\"lazy\" decoding=\"async\" class=\"aligncenter size-full wp-image-95516\" src=\"https:\/\/digital58.com.ve\/site\/wp-content\/uploads\/2020\/04\/mayor.jpg\" alt=\"\" width=\"1500\" height=\"1000\" srcset=\"https:\/\/digital58.com.ve\/site\/wp-content\/uploads\/2020\/04\/mayor.jpg 800w, https:\/\/digital58.com.ve\/site\/wp-content\/uploads\/2020\/04\/mayor-300x200.jpg 300w, https:\/\/digital58.com.ve\/site\/wp-content\/uploads\/2020\/04\/mayor-768x512.jpg 768w, https:\/\/digital58.com.ve\/site\/wp-content\/uploads\/2020\/04\/mayor-720x480.jpg 720w, https:\/\/digital58.com.ve\/site\/wp-content\/uploads\/2020\/04\/mayor-480x320.jpg 480w\" sizes=\"auto, (max-width: 1500px) 100vw, 1500px\" \/><\/a><\/p>\n<p>Por su parte, el Mayor General Ovidio Delgado, Comandante de la Zona Operativa de Defensa Integral, afirm\u00f3 que el aislamiento es necesario, pero que no quiere decir, que quienes son aislados presenten alg\u00fan s\u00edntoma o est\u00e9n infectados, solo se trata de una medida de prevenci\u00f3n para frenar la cadena del contagio.<\/p>\n<p>\u00abTenemos las suficientes pruebas para atender a todos los venezolanos\u00bb, finaliz\u00f3 Delgado<\/p><div class=\"vxlmx69f08e014017f\" ><p style=\"text-align: center;\"><a href=\"https:\/\/t.me\/noticiasdigital58\" target=\"_blank\" rel=\"noopener\"><img class=\"aligncenter size-full wp-image-125363\" src=\"https:\/\/digital58.com.ve\/site\/wp-content\/uploads\/2021\/04\/banner-telegram-web-2021.png\" alt=\"\" width=\"600\" height=\"90\" \/><\/a><\/p><\/div><style type=\"text\/css\">\r\n@media screen and (min-width: 1201px) {\r\n.vxlmx69f08e014017f {\r\ndisplay: block;\r\n}\r\n}\r\n@media screen and (min-width: 993px) and (max-width: 1200px) {\r\n.vxlmx69f08e014017f {\r\ndisplay: block;\r\n}\r\n}\r\n@media screen and (min-width: 769px) and (max-width: 992px) {\r\n.vxlmx69f08e014017f {\r\ndisplay: block;\r\n}\r\n}\r\n@media screen and (min-width: 768px) and (max-width: 768px) {\r\n.vxlmx69f08e014017f {\r\ndisplay: block;\r\n}\r\n}\r\n@media screen and (max-width: 767px) {\r\n.vxlmx69f08e014017f {\r\ndisplay: block;\r\n}\r\n}\r\n<\/style>\r\n\n<p><strong>Redacci\u00f3n: Urbina, Lorena (<a href=\"https:\/\/www.instagram.com\/loreisb1\/\" target=\"_blank\" rel=\"noopener noreferrer\">@loreisb1<\/a>)<\/strong><br \/>\n<strong>Edici\u00f3n: Villasmil, Henry<\/strong><br \/>\n<strong>Gr\u00e1fica: @villasmilhfoto<\/strong><\/p>\n<div style=\"margin-top: 0px; margin-bottom: 0px;\" class=\"sharethis-inline-share-buttons\" ><\/div>","protected":false},"excerpt":{"rendered":"<p>El gobernador del estado Zulia Omar Prieto ofreci\u00f3 este lunes una rueda de presa, en el marco de el inicio<\/p>\n","protected":false},"author":1,"featured_media":95512,"comment_status":"open","ping_status":"closed","sticky":false,"template":"","format":"standard","meta":{"colormag_page_container_layout":"default_layout","colormag_page_sidebar_layout":"default_layout","_uag_custom_page_level_css":"","footnotes":""},"categories":[5405],"tags":[13352,13648,13786,1076,73,12162,13723,2354,32,761],"class_list":["post-95511","post","type-post","status-publish","format-standard","has-post-thumbnail","hentry","category-salud","tag-coronavirus","tag-covid-19","tag-cuarentena","tag-gobernacion-bolivariana-del-zulia","tag-maracaibo","tag-omar-prieto","tag-pandemia","tag-regionales","tag-venezuela","tag-zulia"],"yoast_head":"<!-- This site is optimized with the Yoast SEO plugin v27.4 - https:\/\/yoast.com\/product\/yoast-seo-wordpress\/ -->\n<title>Omar Prieto: \u00absiete casos sospechosos del Zulia resultaron negativos a la prueba de PCR gen\u00e9tico\u00bb<\/title>\n<meta name=\"description\" content=\"Salud\" \/>\n<meta name=\"robots\" content=\"index, follow, max-snippet:-1, max-image-preview:large, max-video-preview:-1\" \/>\n<link rel=\"canonical\" href=\"https:\/\/digital58.com.ve\/site\/2020\/04\/13\/omar-prieto-siete-casos-sospechosos-del-zulia-resultaron-negativos-a-la-prueba-de-pcr-genetico\/\" \/>\n<meta property=\"og:locale\" content=\"es_ES\" \/>\n<meta property=\"og:type\" content=\"article\" \/>\n<meta property=\"og:title\" content=\"Omar Prieto: \u00absiete casos sospechosos del Zulia resultaron negativos a la prueba de PCR gen\u00e9tico\u00bb\" \/>\n<meta property=\"og:description\" content=\"Salud\" \/>\n<meta property=\"og:url\" content=\"https:\/\/digital58.com.ve\/site\/2020\/04\/13\/omar-prieto-siete-casos-sospechosos-del-zulia-resultaron-negativos-a-la-prueba-de-pcr-genetico\/\" \/>\n<meta property=\"og:site_name\" content=\"Noticias Digital58\" \/>\n<meta property=\"article:published_time\" content=\"2020-04-13T18:35:40+00:00\" \/>\n<meta property=\"article:modified_time\" content=\"2020-04-13T18:53:59+00:00\" \/>\n<meta property=\"og:image\" content=\"https:\/\/digital58.com.ve\/site\/wp-content\/uploads\/2020\/04\/omarprieto-2.jpg\" \/>\n\t<meta property=\"og:image:width\" content=\"1500\" \/>\n\t<meta property=\"og:image:height\" content=\"1000\" \/>\n\t<meta property=\"og:image:type\" content=\"image\/jpeg\" \/>\n<meta name=\"author\" content=\"Villasmil Henry\" \/>\n<meta name=\"twitter:card\" content=\"summary_large_image\" \/>\n<meta name=\"twitter:creator\" content=\"@https:\/\/twitter.com\/villasmilhfoto\" \/>\n<meta name=\"twitter:site\" content=\"@villasmilhfoto\" \/>\n<meta name=\"twitter:label1\" content=\"Escrito por\" \/>\n\t<meta name=\"twitter:data1\" content=\"Villasmil Henry\" \/>\n\t<meta name=\"twitter:label2\" content=\"Tiempo estimado de lectura\" \/>\n\t<meta name=\"twitter:data2\" content=\"1 minuto\" \/>\n<script type=\"application\/ld+json\" class=\"yoast-schema-graph\">{\"@context\":\"https:\\\/\\\/schema.org\",\"@graph\":[{\"@type\":\"Article\",\"@id\":\"https:\\\/\\\/digital58.com.ve\\\/site\\\/2020\\\/04\\\/13\\\/omar-prieto-siete-casos-sospechosos-del-zulia-resultaron-negativos-a-la-prueba-de-pcr-genetico\\\/#article\",\"isPartOf\":{\"@id\":\"https:\\\/\\\/digital58.com.ve\\\/site\\\/2020\\\/04\\\/13\\\/omar-prieto-siete-casos-sospechosos-del-zulia-resultaron-negativos-a-la-prueba-de-pcr-genetico\\\/\"},\"author\":{\"name\":\"Villasmil Henry\",\"@id\":\"https:\\\/\\\/digital58.com.ve\\\/site\\\/#\\\/schema\\\/person\\\/64d1c2e4d0d4fd1b849980c4331c2951\"},\"headline\":\"Omar Prieto: \u00absiete casos sospechosos del Zulia resultaron negativos a la prueba de PCR gen\u00e9tico\u00bb\",\"datePublished\":\"2020-04-13T18:35:40+00:00\",\"dateModified\":\"2020-04-13T18:53:59+00:00\",\"mainEntityOfPage\":{\"@id\":\"https:\\\/\\\/digital58.com.ve\\\/site\\\/2020\\\/04\\\/13\\\/omar-prieto-siete-casos-sospechosos-del-zulia-resultaron-negativos-a-la-prueba-de-pcr-genetico\\\/\"},\"wordCount\":301,\"commentCount\":0,\"publisher\":{\"@id\":\"https:\\\/\\\/digital58.com.ve\\\/site\\\/#\\\/schema\\\/person\\\/64d1c2e4d0d4fd1b849980c4331c2951\"},\"image\":{\"@id\":\"https:\\\/\\\/digital58.com.ve\\\/site\\\/2020\\\/04\\\/13\\\/omar-prieto-siete-casos-sospechosos-del-zulia-resultaron-negativos-a-la-prueba-de-pcr-genetico\\\/#primaryimage\"},\"thumbnailUrl\":\"https:\\\/\\\/digital58.com.ve\\\/site\\\/wp-content\\\/uploads\\\/2020\\\/04\\\/omarprieto-2.jpg\",\"keywords\":[\"Coronavirus\",\"COVID-19\",\"Cuarentena\",\"Gobernaci\u00f3n Bolivariana del Zulia\",\"Maracaibo\",\"Omar Prieto\",\"Pandemia\",\"Regionales\",\"Venezuela\",\"Zulia\"],\"articleSection\":[\"Salud\"],\"inLanguage\":\"es\",\"potentialAction\":[{\"@type\":\"CommentAction\",\"name\":\"Comment\",\"target\":[\"https:\\\/\\\/digital58.com.ve\\\/site\\\/2020\\\/04\\\/13\\\/omar-prieto-siete-casos-sospechosos-del-zulia-resultaron-negativos-a-la-prueba-de-pcr-genetico\\\/#respond\"]}]},{\"@type\":\"WebPage\",\"@id\":\"https:\\\/\\\/digital58.com.ve\\\/site\\\/2020\\\/04\\\/13\\\/omar-prieto-siete-casos-sospechosos-del-zulia-resultaron-negativos-a-la-prueba-de-pcr-genetico\\\/\",\"url\":\"https:\\\/\\\/digital58.com.ve\\\/site\\\/2020\\\/04\\\/13\\\/omar-prieto-siete-casos-sospechosos-del-zulia-resultaron-negativos-a-la-prueba-de-pcr-genetico\\\/\",\"name\":\"Omar Prieto: \u00absiete casos sospechosos del Zulia resultaron negativos a la prueba de PCR gen\u00e9tico\u00bb\",\"isPartOf\":{\"@id\":\"https:\\\/\\\/digital58.com.ve\\\/site\\\/#website\"},\"primaryImageOfPage\":{\"@id\":\"https:\\\/\\\/digital58.com.ve\\\/site\\\/2020\\\/04\\\/13\\\/omar-prieto-siete-casos-sospechosos-del-zulia-resultaron-negativos-a-la-prueba-de-pcr-genetico\\\/#primaryimage\"},\"image\":{\"@id\":\"https:\\\/\\\/digital58.com.ve\\\/site\\\/2020\\\/04\\\/13\\\/omar-prieto-siete-casos-sospechosos-del-zulia-resultaron-negativos-a-la-prueba-de-pcr-genetico\\\/#primaryimage\"},\"thumbnailUrl\":\"https:\\\/\\\/digital58.com.ve\\\/site\\\/wp-content\\\/uploads\\\/2020\\\/04\\\/omarprieto-2.jpg\",\"datePublished\":\"2020-04-13T18:35:40+00:00\",\"dateModified\":\"2020-04-13T18:53:59+00:00\",\"description\":\"Salud\",\"breadcrumb\":{\"@id\":\"https:\\\/\\\/digital58.com.ve\\\/site\\\/2020\\\/04\\\/13\\\/omar-prieto-siete-casos-sospechosos-del-zulia-resultaron-negativos-a-la-prueba-de-pcr-genetico\\\/#breadcrumb\"},\"inLanguage\":\"es\",\"potentialAction\":[{\"@type\":\"ReadAction\",\"target\":[\"https:\\\/\\\/digital58.com.ve\\\/site\\\/2020\\\/04\\\/13\\\/omar-prieto-siete-casos-sospechosos-del-zulia-resultaron-negativos-a-la-prueba-de-pcr-genetico\\\/\"]}]},{\"@type\":\"ImageObject\",\"inLanguage\":\"es\",\"@id\":\"https:\\\/\\\/digital58.com.ve\\\/site\\\/2020\\\/04\\\/13\\\/omar-prieto-siete-casos-sospechosos-del-zulia-resultaron-negativos-a-la-prueba-de-pcr-genetico\\\/#primaryimage\",\"url\":\"https:\\\/\\\/digital58.com.ve\\\/site\\\/wp-content\\\/uploads\\\/2020\\\/04\\\/omarprieto-2.jpg\",\"contentUrl\":\"https:\\\/\\\/digital58.com.ve\\\/site\\\/wp-content\\\/uploads\\\/2020\\\/04\\\/omarprieto-2.jpg\",\"width\":800,\"height\":533},{\"@type\":\"BreadcrumbList\",\"@id\":\"https:\\\/\\\/digital58.com.ve\\\/site\\\/2020\\\/04\\\/13\\\/omar-prieto-siete-casos-sospechosos-del-zulia-resultaron-negativos-a-la-prueba-de-pcr-genetico\\\/#breadcrumb\",\"itemListElement\":[{\"@type\":\"ListItem\",\"position\":1,\"name\":\"Home\",\"item\":\"https:\\\/\\\/digital58.com.ve\\\/site\\\/\"},{\"@type\":\"ListItem\",\"position\":2,\"name\":\"Omar Prieto: \u00absiete casos sospechosos del Zulia resultaron negativos a la prueba de PCR gen\u00e9tico\u00bb\"}]},{\"@type\":\"WebSite\",\"@id\":\"https:\\\/\\\/digital58.com.ve\\\/site\\\/#website\",\"url\":\"https:\\\/\\\/digital58.com.ve\\\/site\\\/\",\"name\":\"Noticias Digital58\",\"description\":\"Portal de Noticias \u00a1Periodismo web de verdad! Lanzamiento web 22.11.2005 \\\/ Maracaibo, Venezuela\",\"publisher\":{\"@id\":\"https:\\\/\\\/digital58.com.ve\\\/site\\\/#\\\/schema\\\/person\\\/64d1c2e4d0d4fd1b849980c4331c2951\"},\"alternateName\":\"ND58\",\"potentialAction\":[{\"@type\":\"SearchAction\",\"target\":{\"@type\":\"EntryPoint\",\"urlTemplate\":\"https:\\\/\\\/digital58.com.ve\\\/site\\\/?s={search_term_string}\"},\"query-input\":{\"@type\":\"PropertyValueSpecification\",\"valueRequired\":true,\"valueName\":\"search_term_string\"}}],\"inLanguage\":\"es\"},{\"@type\":[\"Person\",\"Organization\"],\"@id\":\"https:\\\/\\\/digital58.com.ve\\\/site\\\/#\\\/schema\\\/person\\\/64d1c2e4d0d4fd1b849980c4331c2951\",\"name\":\"Villasmil Henry\",\"image\":{\"@type\":\"ImageObject\",\"inLanguage\":\"es\",\"@id\":\"https:\\\/\\\/secure.gravatar.com\\\/avatar\\\/bb0c4a2fcb7970138239f7e404ea75757b1b507b28b5ce4c53fbd62d797c5a7c?s=96&d=mm&r=g\",\"url\":\"https:\\\/\\\/secure.gravatar.com\\\/avatar\\\/bb0c4a2fcb7970138239f7e404ea75757b1b507b28b5ce4c53fbd62d797c5a7c?s=96&d=mm&r=g\",\"contentUrl\":\"https:\\\/\\\/secure.gravatar.com\\\/avatar\\\/bb0c4a2fcb7970138239f7e404ea75757b1b507b28b5ce4c53fbd62d797c5a7c?s=96&d=mm&r=g\",\"caption\":\"Villasmil Henry\"},\"logo\":{\"@id\":\"https:\\\/\\\/secure.gravatar.com\\\/avatar\\\/bb0c4a2fcb7970138239f7e404ea75757b1b507b28b5ce4c53fbd62d797c5a7c?s=96&d=mm&r=g\"},\"sameAs\":[\"http:\\\/\\\/www.henryvillasmil.com.ve\",\"https:\\\/\\\/www.instagram.com\\\/villasmilhfoto\\\/\",\"https:\\\/\\\/x.com\\\/https:\\\/\\\/twitter.com\\\/villasmilhfoto\"],\"url\":\"https:\\\/\\\/digital58.com.ve\\\/site\\\/author\\\/droopy_68\\\/\"}]}<\/script>\n<!-- \/ Yoast SEO plugin. -->","yoast_head_json":{"title":"Omar Prieto: \u00absiete casos sospechosos del Zulia resultaron negativos a la prueba de PCR gen\u00e9tico\u00bb","description":"Salud","robots":{"index":"index","follow":"follow","max-snippet":"max-snippet:-1","max-image-preview":"max-image-preview:large","max-video-preview":"max-video-preview:-1"},"canonical":"https:\/\/digital58.com.ve\/site\/2020\/04\/13\/omar-prieto-siete-casos-sospechosos-del-zulia-resultaron-negativos-a-la-prueba-de-pcr-genetico\/","og_locale":"es_ES","og_type":"article","og_title":"Omar Prieto: \u00absiete casos sospechosos del Zulia resultaron negativos a la prueba de PCR gen\u00e9tico\u00bb","og_description":"Salud","og_url":"https:\/\/digital58.com.ve\/site\/2020\/04\/13\/omar-prieto-siete-casos-sospechosos-del-zulia-resultaron-negativos-a-la-prueba-de-pcr-genetico\/","og_site_name":"Noticias Digital58","article_published_time":"2020-04-13T18:35:40+00:00","article_modified_time":"2020-04-13T18:53:59+00:00","og_image":[{"width":1500,"height":1000,"url":"https:\/\/digital58.com.ve\/site\/wp-content\/uploads\/2020\/04\/omarprieto-2.jpg","type":"image\/jpeg"}],"author":"Villasmil Henry","twitter_card":"summary_large_image","twitter_creator":"@https:\/\/twitter.com\/villasmilhfoto","twitter_site":"@villasmilhfoto","twitter_misc":{"Escrito por":"Villasmil Henry","Tiempo estimado de lectura":"1 minuto"},"schema":{"@context":"https:\/\/schema.org","@graph":[{"@type":"Article","@id":"https:\/\/digital58.com.ve\/site\/2020\/04\/13\/omar-prieto-siete-casos-sospechosos-del-zulia-resultaron-negativos-a-la-prueba-de-pcr-genetico\/#article","isPartOf":{"@id":"https:\/\/digital58.com.ve\/site\/2020\/04\/13\/omar-prieto-siete-casos-sospechosos-del-zulia-resultaron-negativos-a-la-prueba-de-pcr-genetico\/"},"author":{"name":"Villasmil Henry","@id":"https:\/\/digital58.com.ve\/site\/#\/schema\/person\/64d1c2e4d0d4fd1b849980c4331c2951"},"headline":"Omar Prieto: \u00absiete casos sospechosos del Zulia resultaron negativos a la prueba de PCR gen\u00e9tico\u00bb","datePublished":"2020-04-13T18:35:40+00:00","dateModified":"2020-04-13T18:53:59+00:00","mainEntityOfPage":{"@id":"https:\/\/digital58.com.ve\/site\/2020\/04\/13\/omar-prieto-siete-casos-sospechosos-del-zulia-resultaron-negativos-a-la-prueba-de-pcr-genetico\/"},"wordCount":301,"commentCount":0,"publisher":{"@id":"https:\/\/digital58.com.ve\/site\/#\/schema\/person\/64d1c2e4d0d4fd1b849980c4331c2951"},"image":{"@id":"https:\/\/digital58.com.ve\/site\/2020\/04\/13\/omar-prieto-siete-casos-sospechosos-del-zulia-resultaron-negativos-a-la-prueba-de-pcr-genetico\/#primaryimage"},"thumbnailUrl":"https:\/\/digital58.com.ve\/site\/wp-content\/uploads\/2020\/04\/omarprieto-2.jpg","keywords":["Coronavirus","COVID-19","Cuarentena","Gobernaci\u00f3n Bolivariana del Zulia","Maracaibo","Omar Prieto","Pandemia","Regionales","Venezuela","Zulia"],"articleSection":["Salud"],"inLanguage":"es","potentialAction":[{"@type":"CommentAction","name":"Comment","target":["https:\/\/digital58.com.ve\/site\/2020\/04\/13\/omar-prieto-siete-casos-sospechosos-del-zulia-resultaron-negativos-a-la-prueba-de-pcr-genetico\/#respond"]}]},{"@type":"WebPage","@id":"https:\/\/digital58.com.ve\/site\/2020\/04\/13\/omar-prieto-siete-casos-sospechosos-del-zulia-resultaron-negativos-a-la-prueba-de-pcr-genetico\/","url":"https:\/\/digital58.com.ve\/site\/2020\/04\/13\/omar-prieto-siete-casos-sospechosos-del-zulia-resultaron-negativos-a-la-prueba-de-pcr-genetico\/","name":"Omar Prieto: \u00absiete casos sospechosos del Zulia resultaron negativos a la prueba de PCR gen\u00e9tico\u00bb","isPartOf":{"@id":"https:\/\/digital58.com.ve\/site\/#website"},"primaryImageOfPage":{"@id":"https:\/\/digital58.com.ve\/site\/2020\/04\/13\/omar-prieto-siete-casos-sospechosos-del-zulia-resultaron-negativos-a-la-prueba-de-pcr-genetico\/#primaryimage"},"image":{"@id":"https:\/\/digital58.com.ve\/site\/2020\/04\/13\/omar-prieto-siete-casos-sospechosos-del-zulia-resultaron-negativos-a-la-prueba-de-pcr-genetico\/#primaryimage"},"thumbnailUrl":"https:\/\/digital58.com.ve\/site\/wp-content\/uploads\/2020\/04\/omarprieto-2.jpg","datePublished":"2020-04-13T18:35:40+00:00","dateModified":"2020-04-13T18:53:59+00:00","description":"Salud","breadcrumb":{"@id":"https:\/\/digital58.com.ve\/site\/2020\/04\/13\/omar-prieto-siete-casos-sospechosos-del-zulia-resultaron-negativos-a-la-prueba-de-pcr-genetico\/#breadcrumb"},"inLanguage":"es","potentialAction":[{"@type":"ReadAction","target":["https:\/\/digital58.com.ve\/site\/2020\/04\/13\/omar-prieto-siete-casos-sospechosos-del-zulia-resultaron-negativos-a-la-prueba-de-pcr-genetico\/"]}]},{"@type":"ImageObject","inLanguage":"es","@id":"https:\/\/digital58.com.ve\/site\/2020\/04\/13\/omar-prieto-siete-casos-sospechosos-del-zulia-resultaron-negativos-a-la-prueba-de-pcr-genetico\/#primaryimage","url":"https:\/\/digital58.com.ve\/site\/wp-content\/uploads\/2020\/04\/omarprieto-2.jpg","contentUrl":"https:\/\/digital58.com.ve\/site\/wp-content\/uploads\/2020\/04\/omarprieto-2.jpg","width":800,"height":533},{"@type":"BreadcrumbList","@id":"https:\/\/digital58.com.ve\/site\/2020\/04\/13\/omar-prieto-siete-casos-sospechosos-del-zulia-resultaron-negativos-a-la-prueba-de-pcr-genetico\/#breadcrumb","itemListElement":[{"@type":"ListItem","position":1,"name":"Home","item":"https:\/\/digital58.com.ve\/site\/"},{"@type":"ListItem","position":2,"name":"Omar Prieto: \u00absiete casos sospechosos del Zulia resultaron negativos a la prueba de PCR gen\u00e9tico\u00bb"}]},{"@type":"WebSite","@id":"https:\/\/digital58.com.ve\/site\/#website","url":"https:\/\/digital58.com.ve\/site\/","name":"Noticias Digital58","description":"Portal de Noticias \u00a1Periodismo web de verdad! Lanzamiento web 22.11.2005 \/ Maracaibo, Venezuela","publisher":{"@id":"https:\/\/digital58.com.ve\/site\/#\/schema\/person\/64d1c2e4d0d4fd1b849980c4331c2951"},"alternateName":"ND58","potentialAction":[{"@type":"SearchAction","target":{"@type":"EntryPoint","urlTemplate":"https:\/\/digital58.com.ve\/site\/?s={search_term_string}"},"query-input":{"@type":"PropertyValueSpecification","valueRequired":true,"valueName":"search_term_string"}}],"inLanguage":"es"},{"@type":["Person","Organization"],"@id":"https:\/\/digital58.com.ve\/site\/#\/schema\/person\/64d1c2e4d0d4fd1b849980c4331c2951","name":"Villasmil Henry","image":{"@type":"ImageObject","inLanguage":"es","@id":"https:\/\/secure.gravatar.com\/avatar\/bb0c4a2fcb7970138239f7e404ea75757b1b507b28b5ce4c53fbd62d797c5a7c?s=96&d=mm&r=g","url":"https:\/\/secure.gravatar.com\/avatar\/bb0c4a2fcb7970138239f7e404ea75757b1b507b28b5ce4c53fbd62d797c5a7c?s=96&d=mm&r=g","contentUrl":"https:\/\/secure.gravatar.com\/avatar\/bb0c4a2fcb7970138239f7e404ea75757b1b507b28b5ce4c53fbd62d797c5a7c?s=96&d=mm&r=g","caption":"Villasmil Henry"},"logo":{"@id":"https:\/\/secure.gravatar.com\/avatar\/bb0c4a2fcb7970138239f7e404ea75757b1b507b28b5ce4c53fbd62d797c5a7c?s=96&d=mm&r=g"},"sameAs":["http:\/\/www.henryvillasmil.com.ve","https:\/\/www.instagram.com\/villasmilhfoto\/","https:\/\/x.com\/https:\/\/twitter.com\/villasmilhfoto"],"url":"https:\/\/digital58.com.ve\/site\/author\/droopy_68\/"}]}},"uagb_featured_image_src":{"full":["https:\/\/digital58.com.ve\/site\/wp-content\/uploads\/2020\/04\/omarprieto-2.jpg",800,533,false],"thumbnail":["https:\/\/digital58.com.ve\/site\/wp-content\/uploads\/2020\/04\/omarprieto-2-150x150.jpg",150,150,true],"medium":["https:\/\/digital58.com.ve\/site\/wp-content\/uploads\/2020\/04\/omarprieto-2-300x200.jpg",300,200,true],"medium_large":["https:\/\/digital58.com.ve\/site\/wp-content\/uploads\/2020\/04\/omarprieto-2-768x512.jpg",768,512,true],"large":["https:\/\/digital58.com.ve\/site\/wp-content\/uploads\/2020\/04\/omarprieto-2.jpg",800,533,false],"1536x1536":["https:\/\/digital58.com.ve\/site\/wp-content\/uploads\/2020\/04\/omarprieto-2.jpg",800,533,false],"2048x2048":["https:\/\/digital58.com.ve\/site\/wp-content\/uploads\/2020\/04\/omarprieto-2.jpg",800,533,false],"colormag-highlighted-post":["https:\/\/digital58.com.ve\/site\/wp-content\/uploads\/2020\/04\/omarprieto-2.jpg",392,261,false],"colormag-featured-post-medium":["https:\/\/digital58.com.ve\/site\/wp-content\/uploads\/2020\/04\/omarprieto-2.jpg",308,205,false],"colormag-featured-post-small":["https:\/\/digital58.com.ve\/site\/wp-content\/uploads\/2020\/04\/omarprieto-2.jpg",130,87,false],"colormag-featured-image":["https:\/\/digital58.com.ve\/site\/wp-content\/uploads\/2020\/04\/omarprieto-2.jpg",668,445,false],"colormag-default-news":["https:\/\/digital58.com.ve\/site\/wp-content\/uploads\/2020\/04\/omarprieto-2.jpg",150,100,false],"colormag-featured-image-large":["https:\/\/digital58.com.ve\/site\/wp-content\/uploads\/2020\/04\/omarprieto-2.jpg",800,533,false]},"uagb_author_info":{"display_name":"Villasmil Henry","author_link":"https:\/\/digital58.com.ve\/site\/author\/droopy_68\/"},"uagb_comment_info":0,"uagb_excerpt":"El gobernador del estado Zulia Omar Prieto ofreci\u00f3 este lunes una rueda de presa, en el marco de el inicio","_links":{"self":[{"href":"https:\/\/digital58.com.ve\/site\/wp-json\/wp\/v2\/posts\/95511","targetHints":{"allow":["GET"]}}],"collection":[{"href":"https:\/\/digital58.com.ve\/site\/wp-json\/wp\/v2\/posts"}],"about":[{"href":"https:\/\/digital58.com.ve\/site\/wp-json\/wp\/v2\/types\/post"}],"author":[{"embeddable":true,"href":"https:\/\/digital58.com.ve\/site\/wp-json\/wp\/v2\/users\/1"}],"replies":[{"embeddable":true,"href":"https:\/\/digital58.com.ve\/site\/wp-json\/wp\/v2\/comments?post=95511"}],"version-history":[{"count":0,"href":"https:\/\/digital58.com.ve\/site\/wp-json\/wp\/v2\/posts\/95511\/revisions"}],"wp:featuredmedia":[{"embeddable":true,"href":"https:\/\/digital58.com.ve\/site\/wp-json\/wp\/v2\/media\/95512"}],"wp:attachment":[{"href":"https:\/\/digital58.com.ve\/site\/wp-json\/wp\/v2\/media?parent=95511"}],"wp:term":[{"taxonomy":"category","embeddable":true,"href":"https:\/\/digital58.com.ve\/site\/wp-json\/wp\/v2\/categories?post=95511"},{"taxonomy":"post_tag","embeddable":true,"href":"https:\/\/digital58.com.ve\/site\/wp-json\/wp\/v2\/tags?post=95511"}],"curies":[{"name":"wp","href":"https:\/\/api.w.org\/{rel}","templated":true}]}}