{"id":95625,"date":"2020-04-15T21:40:44","date_gmt":"2020-04-16T01:40:44","guid":{"rendered":"https:\/\/digital58.com.ve\/site\/?p=95625"},"modified":"2020-04-15T21:40:44","modified_gmt":"2020-04-16T01:40:44","slug":"fundacion-empresas-polar-cumple-43-anos-junto-a-venezuela","status":"publish","type":"post","link":"https:\/\/digital58.com.ve\/site\/2020\/04\/15\/fundacion-empresas-polar-cumple-43-anos-junto-a-venezuela\/","title":{"rendered":"Fundaci\u00f3n Empresas Polar cumple 43 a\u00f1os junto a Venezuela"},"content":{"rendered":"<figure id=\"attachment_95627\" aria-describedby=\"caption-attachment-95627\" style=\"width: 642px\" class=\"wp-caption aligncenter\"><a href=\"https:\/\/digital58.com.ve\/site\/wp-content\/uploads\/2020\/04\/410_TerritorioOriente_IGFEP_2015_16_Cumana_LosFrailes_12JUL_JAC.jpg\"><img loading=\"lazy\" decoding=\"async\" class=\"size-full wp-image-95627\" src=\"https:\/\/digital58.com.ve\/site\/wp-content\/uploads\/2020\/04\/410_TerritorioOriente_IGFEP_2015_16_Cumana_LosFrailes_12JUL_JAC.jpg\" alt=\"\" width=\"642\" height=\"430\" srcset=\"https:\/\/digital58.com.ve\/site\/wp-content\/uploads\/2020\/04\/410_TerritorioOriente_IGFEP_2015_16_Cumana_LosFrailes_12JUL_JAC.jpg 642w, https:\/\/digital58.com.ve\/site\/wp-content\/uploads\/2020\/04\/410_TerritorioOriente_IGFEP_2015_16_Cumana_LosFrailes_12JUL_JAC-300x201.jpg 300w, https:\/\/digital58.com.ve\/site\/wp-content\/uploads\/2020\/04\/410_TerritorioOriente_IGFEP_2015_16_Cumana_LosFrailes_12JUL_JAC-480x320.jpg 480w\" sizes=\"auto, (max-width: 642px) 100vw, 642px\" \/><\/a><figcaption id=\"caption-attachment-95627\" class=\"wp-caption-text\">.<\/figcaption><\/figure>\n<p>Fundaci\u00f3n Empresas Polar arriba a su 43 aniversario de trabajo incansable por el desarrollo y bienestar de Venezuela. A trav\u00e9s de sus programas e iniciativas ha impactado a miles de ni\u00f1os, j\u00f3venes, educadores, escuelas, universidades, artesanos, cient\u00edficos, acad\u00e9micos, emprendedores y comunidades organizadas a lo largo y ancho del pa\u00eds.<\/p>\n<p><strong>Maracaibo, Zulia, Venezuela, 15 de abril de 2020 (ND58).-<\/strong> El equipo de Fundaci\u00f3n Empresas Polar ha recibido diversidad de mensajes de los beneficiarios, quienes expresan su agradecimiento por estar presentes en este momento de dificultad.<\/p>\n<p>\u00abDesde hace 43 a\u00f1os hemos caminado junto a Venezuela por distintos momentos, una vez m\u00e1s estamos aqu\u00ed para decir presente y seguir junto con la empresa trabajando con y para los venezolanos, llenos de fe, esperanza, profesionalismo, con constancia y renovando diariamente nuestra pasi\u00f3n por esta tierra. Seguiremos presentes desarrollando modelos nuevos que nos hagan cercanos y nos permitan continuar un camino de crecimiento, de formaci\u00f3n y generaci\u00f3n de capacidades. Nuestra amada Venezuela atesora su gente, ciudadanos comprometidos en hacer de ella un gran pa\u00eds\u00bb, expres\u00f3 Leonor Gim\u00e9nez de Mendoza, Presidenta de Fundaci\u00f3n Empresas Polar.<\/p>\n<p>\u00abEn estos momentos dif\u00edciles les hago llegar a todos los que laboran en Fundaci\u00f3n Empresas Polar y en Empresas Polar, mi m\u00e1s profundo agradecimiento por su esfuerzo y solidaridad. Gracias a ustedes seguimos pa\u00b4lante\u00bb, agreg\u00f3 Gim\u00e9nez de Mendoza.<\/p>\n<p>Por su parte Alicia Pimentel, gerente general de Fundaci\u00f3n Empresas Polar, asegur\u00f3: \u00abhoy m\u00e1s que nunca nuestro compromiso est\u00e1 intacto, aqu\u00ed estamos haciendo grandes esfuerzos por escuchar a la gente, conocer sus expectativas, sus metas y necesidades de capacitaci\u00f3n, empe\u00f1ados en seguir siendo \u00fatiles a las personas, las comunidades, y el pa\u00eds en general\u00bb.<\/p>\n<p>Pimentel explic\u00f3 tambi\u00e9n que actualmente el equipo de Fundaci\u00f3n Empresas Polar est\u00e1 enfocado en dise\u00f1ar nuevas propuestas, pertinentes y oportunas frente a la retadora circunstancia, con miras a seguir fortaleciendo la labor que durante 43 a\u00f1os han realizado.<\/p>\n<p>\u00abEsta es la manera que tenemos de demostrar una vez m\u00e1s, nuestro profundo amor y lealtad hacia el pa\u00eds\u00bb, agreg\u00f3.<\/p>\n<p><a href=\"https:\/\/digital58.com.ve\/site\/wp-content\/uploads\/2020\/04\/Imagen-Aniversario-43-FEP.jpg\"><img loading=\"lazy\" decoding=\"async\" class=\"aligncenter size-full wp-image-95626\" src=\"https:\/\/digital58.com.ve\/site\/wp-content\/uploads\/2020\/04\/Imagen-Aniversario-43-FEP.jpg\" alt=\"\" width=\"994\" height=\"563\" srcset=\"https:\/\/digital58.com.ve\/site\/wp-content\/uploads\/2020\/04\/Imagen-Aniversario-43-FEP.jpg 800w, https:\/\/digital58.com.ve\/site\/wp-content\/uploads\/2020\/04\/Imagen-Aniversario-43-FEP-300x170.jpg 300w, https:\/\/digital58.com.ve\/site\/wp-content\/uploads\/2020\/04\/Imagen-Aniversario-43-FEP-768x435.jpg 768w\" sizes=\"auto, (max-width: 994px) 100vw, 994px\" \/><\/a><\/p>\n<p><strong>Queremos saber \u00bfc\u00f3mo est\u00e1s?<br \/>\n<\/strong><br \/>\nEs por ello que con el objetivo de mantener cercan\u00eda y seguir aportando valor a los beneficiarios de las comunidades, Fundaci\u00f3n Empresas Polar dise\u00f1\u00f3 una encuesta denominada Queremos saber \u00bfc\u00f3mo est\u00e1s? Esta consulta es dirigida a todos los relacionados de la fundaci\u00f3n: colaboradores, proveedores, miembros de las comunidades, docentes, l\u00edderes comunitarios, emprendedores, aliados y asesores; para evaluar cu\u00e1n dispuestos e interesados se encuentran actualmente para emprender acciones de formaci\u00f3n.<\/p>\n<p>Luego de la declaraci\u00f3n de la Organizaci\u00f3n Mundial de la Salud (OMS) en la cual clasifica como pandemia al COVID-19 y posteriormente las medidas anunciadas por el Ejecutivo Nacional activando la cuarentena, la Fundaci\u00f3n suspendi\u00f3 las actividades presenciales en las comunidades y con esta herramienta trata de mantenerse atenta y en contacto con las comunidades.<\/p>\n<p>\u00abPara poder dise\u00f1ar nuevas propuestas es necesario escuchar a nuestros relacionados para comprender de primera mano, cu\u00e1les son sus inquietudes, qu\u00e9 expectativas tienen, con qu\u00e9 herramientas cuentan y su disposici\u00f3n a seguir form\u00e1ndose de cara a un futuro nuevo y diferente. Hemos realizado este ejercicio de empat\u00eda con y para quienes trabajamos\u00bb, comenta Alicia Pimentel.<\/p>\n<p>La encuesta ha sido respondida por m\u00e1s de 1.900 personas, los grupos m\u00e1s representativos viven en el Distrito Capital y en los estados Lara, Carabobo, Miranda, Aragua, Sucre y Portuguesa. 38 por ciento de los encuestados se identifica como parte de la comunidad de emprendedores, 28 por ciento de la comunidad educativa, 15 por ciento de la comunidad de facilitadores y proveedores de servicios y 11 por ciento de la comunidad de l\u00edderes y miembros de organizaciones comunitarias.<\/p>\n<p>A partir de los resultados, una de las acciones es identificar grupos con intereses comunes y dise\u00f1ar acciones espec\u00edficas en funci\u00f3n de sus respuestas.<\/p>\n<p>\u00abNuestro prop\u00f3sito es continuar generando valor y cercan\u00eda con nuestros relacionados. Creemos que debemos mantener y fortalecer la comunidad de aprendizaje que venimos construyendo y demostrar que estamos contigo y podemos salir adelante\u00bb, concluy\u00f3 la gerente general de Fundaci\u00f3n Empresas Polar.<\/p><div class=\"ogmyt69edaf71c4612\" ><p style=\"text-align: center;\"><a href=\"https:\/\/t.me\/noticiasdigital58\" target=\"_blank\" rel=\"noopener\"><img class=\"aligncenter size-full wp-image-125363\" src=\"https:\/\/digital58.com.ve\/site\/wp-content\/uploads\/2021\/04\/banner-telegram-web-2021.png\" alt=\"\" width=\"600\" height=\"90\" \/><\/a><\/p><\/div><style type=\"text\/css\">\r\n@media screen and (min-width: 1201px) {\r\n.ogmyt69edaf71c4612 {\r\ndisplay: block;\r\n}\r\n}\r\n@media screen and (min-width: 993px) and (max-width: 1200px) {\r\n.ogmyt69edaf71c4612 {\r\ndisplay: block;\r\n}\r\n}\r\n@media screen and (min-width: 769px) and (max-width: 992px) {\r\n.ogmyt69edaf71c4612 {\r\ndisplay: block;\r\n}\r\n}\r\n@media screen and (min-width: 768px) and (max-width: 768px) {\r\n.ogmyt69edaf71c4612 {\r\ndisplay: block;\r\n}\r\n}\r\n@media screen and (max-width: 767px) {\r\n.ogmyt69edaf71c4612 {\r\ndisplay: block;\r\n}\r\n}\r\n<\/style>\r\n\n<p><strong>Fuente: NDP<\/strong><br \/>\n<strong>Edici\u00f3n: Villasmil, Henry<\/strong><br \/>\n<strong>Gr\u00e1ficas: cortes\u00eda<\/strong><\/p>\n<div style=\"margin-top: 0px; margin-bottom: 0px;\" class=\"sharethis-inline-share-buttons\" ><\/div>","protected":false},"excerpt":{"rendered":"<p>Fundaci\u00f3n Empresas Polar arriba a su 43 aniversario de trabajo incansable por el desarrollo y bienestar de Venezuela. A trav\u00e9s<\/p>\n","protected":false},"author":1,"featured_media":95626,"comment_status":"open","ping_status":"closed","sticky":false,"template":"","format":"standard","meta":{"colormag_page_container_layout":"default_layout","colormag_page_sidebar_layout":"default_layout","_uag_custom_page_level_css":"","footnotes":""},"categories":[5409],"tags":[762,6860,233,32],"class_list":["post-95625","post","type-post","status-publish","format-standard","has-post-thumbnail","hentry","category-sociales","tag-aniversarios","tag-fundacion-empresas-polar","tag-nacionales","tag-venezuela"],"yoast_head":"<!-- This site is optimized with the Yoast SEO plugin v27.4 - https:\/\/yoast.com\/product\/yoast-seo-wordpress\/ -->\n<title>Fundaci\u00f3n Empresas Polar cumple 43 a\u00f1os junto a Venezuela<\/title>\n<meta name=\"description\" content=\"Sociales\" \/>\n<meta name=\"robots\" content=\"index, follow, max-snippet:-1, max-image-preview:large, max-video-preview:-1\" \/>\n<link rel=\"canonical\" href=\"https:\/\/digital58.com.ve\/site\/2020\/04\/15\/fundacion-empresas-polar-cumple-43-anos-junto-a-venezuela\/\" \/>\n<meta property=\"og:locale\" content=\"es_ES\" \/>\n<meta property=\"og:type\" content=\"article\" \/>\n<meta property=\"og:title\" content=\"Fundaci\u00f3n Empresas Polar cumple 43 a\u00f1os junto a Venezuela\" \/>\n<meta property=\"og:description\" content=\"Sociales\" \/>\n<meta property=\"og:url\" content=\"https:\/\/digital58.com.ve\/site\/2020\/04\/15\/fundacion-empresas-polar-cumple-43-anos-junto-a-venezuela\/\" \/>\n<meta property=\"og:site_name\" content=\"Noticias Digital58\" \/>\n<meta property=\"article:published_time\" content=\"2020-04-16T01:40:44+00:00\" \/>\n<meta property=\"og:image\" content=\"https:\/\/digital58.com.ve\/site\/wp-content\/uploads\/2020\/04\/Imagen-Aniversario-43-FEP.jpg\" \/>\n\t<meta property=\"og:image:width\" content=\"994\" \/>\n\t<meta property=\"og:image:height\" content=\"563\" \/>\n\t<meta property=\"og:image:type\" content=\"image\/jpeg\" \/>\n<meta name=\"author\" content=\"Villasmil Henry\" \/>\n<meta name=\"twitter:card\" content=\"summary_large_image\" \/>\n<meta name=\"twitter:creator\" content=\"@https:\/\/twitter.com\/villasmilhfoto\" \/>\n<meta name=\"twitter:site\" content=\"@villasmilhfoto\" \/>\n<meta name=\"twitter:label1\" content=\"Escrito por\" \/>\n\t<meta name=\"twitter:data1\" content=\"Villasmil Henry\" \/>\n\t<meta name=\"twitter:label2\" content=\"Tiempo estimado de lectura\" \/>\n\t<meta name=\"twitter:data2\" content=\"4 minutos\" \/>\n<script type=\"application\/ld+json\" class=\"yoast-schema-graph\">{\"@context\":\"https:\\\/\\\/schema.org\",\"@graph\":[{\"@type\":\"Article\",\"@id\":\"https:\\\/\\\/digital58.com.ve\\\/site\\\/2020\\\/04\\\/15\\\/fundacion-empresas-polar-cumple-43-anos-junto-a-venezuela\\\/#article\",\"isPartOf\":{\"@id\":\"https:\\\/\\\/digital58.com.ve\\\/site\\\/2020\\\/04\\\/15\\\/fundacion-empresas-polar-cumple-43-anos-junto-a-venezuela\\\/\"},\"author\":{\"name\":\"Villasmil Henry\",\"@id\":\"https:\\\/\\\/digital58.com.ve\\\/site\\\/#\\\/schema\\\/person\\\/64d1c2e4d0d4fd1b849980c4331c2951\"},\"headline\":\"Fundaci\u00f3n Empresas Polar cumple 43 a\u00f1os junto a Venezuela\",\"datePublished\":\"2020-04-16T01:40:44+00:00\",\"mainEntityOfPage\":{\"@id\":\"https:\\\/\\\/digital58.com.ve\\\/site\\\/2020\\\/04\\\/15\\\/fundacion-empresas-polar-cumple-43-anos-junto-a-venezuela\\\/\"},\"wordCount\":732,\"commentCount\":0,\"publisher\":{\"@id\":\"https:\\\/\\\/digital58.com.ve\\\/site\\\/#\\\/schema\\\/person\\\/64d1c2e4d0d4fd1b849980c4331c2951\"},\"image\":{\"@id\":\"https:\\\/\\\/digital58.com.ve\\\/site\\\/2020\\\/04\\\/15\\\/fundacion-empresas-polar-cumple-43-anos-junto-a-venezuela\\\/#primaryimage\"},\"thumbnailUrl\":\"https:\\\/\\\/digital58.com.ve\\\/site\\\/wp-content\\\/uploads\\\/2020\\\/04\\\/Imagen-Aniversario-43-FEP.jpg\",\"keywords\":[\"Aniversarios\",\"Fundaci\u00f3n Empresas Polar\",\"Nacionales\",\"Venezuela\"],\"articleSection\":[\"Sociales\"],\"inLanguage\":\"es\",\"potentialAction\":[{\"@type\":\"CommentAction\",\"name\":\"Comment\",\"target\":[\"https:\\\/\\\/digital58.com.ve\\\/site\\\/2020\\\/04\\\/15\\\/fundacion-empresas-polar-cumple-43-anos-junto-a-venezuela\\\/#respond\"]}]},{\"@type\":\"WebPage\",\"@id\":\"https:\\\/\\\/digital58.com.ve\\\/site\\\/2020\\\/04\\\/15\\\/fundacion-empresas-polar-cumple-43-anos-junto-a-venezuela\\\/\",\"url\":\"https:\\\/\\\/digital58.com.ve\\\/site\\\/2020\\\/04\\\/15\\\/fundacion-empresas-polar-cumple-43-anos-junto-a-venezuela\\\/\",\"name\":\"Fundaci\u00f3n Empresas Polar cumple 43 a\u00f1os junto a Venezuela\",\"isPartOf\":{\"@id\":\"https:\\\/\\\/digital58.com.ve\\\/site\\\/#website\"},\"primaryImageOfPage\":{\"@id\":\"https:\\\/\\\/digital58.com.ve\\\/site\\\/2020\\\/04\\\/15\\\/fundacion-empresas-polar-cumple-43-anos-junto-a-venezuela\\\/#primaryimage\"},\"image\":{\"@id\":\"https:\\\/\\\/digital58.com.ve\\\/site\\\/2020\\\/04\\\/15\\\/fundacion-empresas-polar-cumple-43-anos-junto-a-venezuela\\\/#primaryimage\"},\"thumbnailUrl\":\"https:\\\/\\\/digital58.com.ve\\\/site\\\/wp-content\\\/uploads\\\/2020\\\/04\\\/Imagen-Aniversario-43-FEP.jpg\",\"datePublished\":\"2020-04-16T01:40:44+00:00\",\"description\":\"Sociales\",\"breadcrumb\":{\"@id\":\"https:\\\/\\\/digital58.com.ve\\\/site\\\/2020\\\/04\\\/15\\\/fundacion-empresas-polar-cumple-43-anos-junto-a-venezuela\\\/#breadcrumb\"},\"inLanguage\":\"es\",\"potentialAction\":[{\"@type\":\"ReadAction\",\"target\":[\"https:\\\/\\\/digital58.com.ve\\\/site\\\/2020\\\/04\\\/15\\\/fundacion-empresas-polar-cumple-43-anos-junto-a-venezuela\\\/\"]}]},{\"@type\":\"ImageObject\",\"inLanguage\":\"es\",\"@id\":\"https:\\\/\\\/digital58.com.ve\\\/site\\\/2020\\\/04\\\/15\\\/fundacion-empresas-polar-cumple-43-anos-junto-a-venezuela\\\/#primaryimage\",\"url\":\"https:\\\/\\\/digital58.com.ve\\\/site\\\/wp-content\\\/uploads\\\/2020\\\/04\\\/Imagen-Aniversario-43-FEP.jpg\",\"contentUrl\":\"https:\\\/\\\/digital58.com.ve\\\/site\\\/wp-content\\\/uploads\\\/2020\\\/04\\\/Imagen-Aniversario-43-FEP.jpg\",\"width\":800,\"height\":453},{\"@type\":\"BreadcrumbList\",\"@id\":\"https:\\\/\\\/digital58.com.ve\\\/site\\\/2020\\\/04\\\/15\\\/fundacion-empresas-polar-cumple-43-anos-junto-a-venezuela\\\/#breadcrumb\",\"itemListElement\":[{\"@type\":\"ListItem\",\"position\":1,\"name\":\"Home\",\"item\":\"https:\\\/\\\/digital58.com.ve\\\/site\\\/\"},{\"@type\":\"ListItem\",\"position\":2,\"name\":\"Fundaci\u00f3n Empresas Polar cumple 43 a\u00f1os junto a Venezuela\"}]},{\"@type\":\"WebSite\",\"@id\":\"https:\\\/\\\/digital58.com.ve\\\/site\\\/#website\",\"url\":\"https:\\\/\\\/digital58.com.ve\\\/site\\\/\",\"name\":\"Noticias Digital58\",\"description\":\"Portal de Noticias \u00a1Periodismo web de verdad! Lanzamiento web 22.11.2005 \\\/ Maracaibo, Venezuela\",\"publisher\":{\"@id\":\"https:\\\/\\\/digital58.com.ve\\\/site\\\/#\\\/schema\\\/person\\\/64d1c2e4d0d4fd1b849980c4331c2951\"},\"alternateName\":\"ND58\",\"potentialAction\":[{\"@type\":\"SearchAction\",\"target\":{\"@type\":\"EntryPoint\",\"urlTemplate\":\"https:\\\/\\\/digital58.com.ve\\\/site\\\/?s={search_term_string}\"},\"query-input\":{\"@type\":\"PropertyValueSpecification\",\"valueRequired\":true,\"valueName\":\"search_term_string\"}}],\"inLanguage\":\"es\"},{\"@type\":[\"Person\",\"Organization\"],\"@id\":\"https:\\\/\\\/digital58.com.ve\\\/site\\\/#\\\/schema\\\/person\\\/64d1c2e4d0d4fd1b849980c4331c2951\",\"name\":\"Villasmil Henry\",\"image\":{\"@type\":\"ImageObject\",\"inLanguage\":\"es\",\"@id\":\"https:\\\/\\\/secure.gravatar.com\\\/avatar\\\/bb0c4a2fcb7970138239f7e404ea75757b1b507b28b5ce4c53fbd62d797c5a7c?s=96&d=mm&r=g\",\"url\":\"https:\\\/\\\/secure.gravatar.com\\\/avatar\\\/bb0c4a2fcb7970138239f7e404ea75757b1b507b28b5ce4c53fbd62d797c5a7c?s=96&d=mm&r=g\",\"contentUrl\":\"https:\\\/\\\/secure.gravatar.com\\\/avatar\\\/bb0c4a2fcb7970138239f7e404ea75757b1b507b28b5ce4c53fbd62d797c5a7c?s=96&d=mm&r=g\",\"caption\":\"Villasmil Henry\"},\"logo\":{\"@id\":\"https:\\\/\\\/secure.gravatar.com\\\/avatar\\\/bb0c4a2fcb7970138239f7e404ea75757b1b507b28b5ce4c53fbd62d797c5a7c?s=96&d=mm&r=g\"},\"sameAs\":[\"http:\\\/\\\/www.henryvillasmil.com.ve\",\"https:\\\/\\\/www.instagram.com\\\/villasmilhfoto\\\/\",\"https:\\\/\\\/x.com\\\/https:\\\/\\\/twitter.com\\\/villasmilhfoto\"],\"url\":\"https:\\\/\\\/digital58.com.ve\\\/site\\\/author\\\/droopy_68\\\/\"}]}<\/script>\n<!-- \/ Yoast SEO plugin. -->","yoast_head_json":{"title":"Fundaci\u00f3n Empresas Polar cumple 43 a\u00f1os junto a Venezuela","description":"Sociales","robots":{"index":"index","follow":"follow","max-snippet":"max-snippet:-1","max-image-preview":"max-image-preview:large","max-video-preview":"max-video-preview:-1"},"canonical":"https:\/\/digital58.com.ve\/site\/2020\/04\/15\/fundacion-empresas-polar-cumple-43-anos-junto-a-venezuela\/","og_locale":"es_ES","og_type":"article","og_title":"Fundaci\u00f3n Empresas Polar cumple 43 a\u00f1os junto a Venezuela","og_description":"Sociales","og_url":"https:\/\/digital58.com.ve\/site\/2020\/04\/15\/fundacion-empresas-polar-cumple-43-anos-junto-a-venezuela\/","og_site_name":"Noticias Digital58","article_published_time":"2020-04-16T01:40:44+00:00","og_image":[{"width":994,"height":563,"url":"https:\/\/digital58.com.ve\/site\/wp-content\/uploads\/2020\/04\/Imagen-Aniversario-43-FEP.jpg","type":"image\/jpeg"}],"author":"Villasmil Henry","twitter_card":"summary_large_image","twitter_creator":"@https:\/\/twitter.com\/villasmilhfoto","twitter_site":"@villasmilhfoto","twitter_misc":{"Escrito por":"Villasmil Henry","Tiempo estimado de lectura":"4 minutos"},"schema":{"@context":"https:\/\/schema.org","@graph":[{"@type":"Article","@id":"https:\/\/digital58.com.ve\/site\/2020\/04\/15\/fundacion-empresas-polar-cumple-43-anos-junto-a-venezuela\/#article","isPartOf":{"@id":"https:\/\/digital58.com.ve\/site\/2020\/04\/15\/fundacion-empresas-polar-cumple-43-anos-junto-a-venezuela\/"},"author":{"name":"Villasmil Henry","@id":"https:\/\/digital58.com.ve\/site\/#\/schema\/person\/64d1c2e4d0d4fd1b849980c4331c2951"},"headline":"Fundaci\u00f3n Empresas Polar cumple 43 a\u00f1os junto a Venezuela","datePublished":"2020-04-16T01:40:44+00:00","mainEntityOfPage":{"@id":"https:\/\/digital58.com.ve\/site\/2020\/04\/15\/fundacion-empresas-polar-cumple-43-anos-junto-a-venezuela\/"},"wordCount":732,"commentCount":0,"publisher":{"@id":"https:\/\/digital58.com.ve\/site\/#\/schema\/person\/64d1c2e4d0d4fd1b849980c4331c2951"},"image":{"@id":"https:\/\/digital58.com.ve\/site\/2020\/04\/15\/fundacion-empresas-polar-cumple-43-anos-junto-a-venezuela\/#primaryimage"},"thumbnailUrl":"https:\/\/digital58.com.ve\/site\/wp-content\/uploads\/2020\/04\/Imagen-Aniversario-43-FEP.jpg","keywords":["Aniversarios","Fundaci\u00f3n Empresas Polar","Nacionales","Venezuela"],"articleSection":["Sociales"],"inLanguage":"es","potentialAction":[{"@type":"CommentAction","name":"Comment","target":["https:\/\/digital58.com.ve\/site\/2020\/04\/15\/fundacion-empresas-polar-cumple-43-anos-junto-a-venezuela\/#respond"]}]},{"@type":"WebPage","@id":"https:\/\/digital58.com.ve\/site\/2020\/04\/15\/fundacion-empresas-polar-cumple-43-anos-junto-a-venezuela\/","url":"https:\/\/digital58.com.ve\/site\/2020\/04\/15\/fundacion-empresas-polar-cumple-43-anos-junto-a-venezuela\/","name":"Fundaci\u00f3n Empresas Polar cumple 43 a\u00f1os junto a Venezuela","isPartOf":{"@id":"https:\/\/digital58.com.ve\/site\/#website"},"primaryImageOfPage":{"@id":"https:\/\/digital58.com.ve\/site\/2020\/04\/15\/fundacion-empresas-polar-cumple-43-anos-junto-a-venezuela\/#primaryimage"},"image":{"@id":"https:\/\/digital58.com.ve\/site\/2020\/04\/15\/fundacion-empresas-polar-cumple-43-anos-junto-a-venezuela\/#primaryimage"},"thumbnailUrl":"https:\/\/digital58.com.ve\/site\/wp-content\/uploads\/2020\/04\/Imagen-Aniversario-43-FEP.jpg","datePublished":"2020-04-16T01:40:44+00:00","description":"Sociales","breadcrumb":{"@id":"https:\/\/digital58.com.ve\/site\/2020\/04\/15\/fundacion-empresas-polar-cumple-43-anos-junto-a-venezuela\/#breadcrumb"},"inLanguage":"es","potentialAction":[{"@type":"ReadAction","target":["https:\/\/digital58.com.ve\/site\/2020\/04\/15\/fundacion-empresas-polar-cumple-43-anos-junto-a-venezuela\/"]}]},{"@type":"ImageObject","inLanguage":"es","@id":"https:\/\/digital58.com.ve\/site\/2020\/04\/15\/fundacion-empresas-polar-cumple-43-anos-junto-a-venezuela\/#primaryimage","url":"https:\/\/digital58.com.ve\/site\/wp-content\/uploads\/2020\/04\/Imagen-Aniversario-43-FEP.jpg","contentUrl":"https:\/\/digital58.com.ve\/site\/wp-content\/uploads\/2020\/04\/Imagen-Aniversario-43-FEP.jpg","width":800,"height":453},{"@type":"BreadcrumbList","@id":"https:\/\/digital58.com.ve\/site\/2020\/04\/15\/fundacion-empresas-polar-cumple-43-anos-junto-a-venezuela\/#breadcrumb","itemListElement":[{"@type":"ListItem","position":1,"name":"Home","item":"https:\/\/digital58.com.ve\/site\/"},{"@type":"ListItem","position":2,"name":"Fundaci\u00f3n Empresas Polar cumple 43 a\u00f1os junto a Venezuela"}]},{"@type":"WebSite","@id":"https:\/\/digital58.com.ve\/site\/#website","url":"https:\/\/digital58.com.ve\/site\/","name":"Noticias Digital58","description":"Portal de Noticias \u00a1Periodismo web de verdad! Lanzamiento web 22.11.2005 \/ Maracaibo, Venezuela","publisher":{"@id":"https:\/\/digital58.com.ve\/site\/#\/schema\/person\/64d1c2e4d0d4fd1b849980c4331c2951"},"alternateName":"ND58","potentialAction":[{"@type":"SearchAction","target":{"@type":"EntryPoint","urlTemplate":"https:\/\/digital58.com.ve\/site\/?s={search_term_string}"},"query-input":{"@type":"PropertyValueSpecification","valueRequired":true,"valueName":"search_term_string"}}],"inLanguage":"es"},{"@type":["Person","Organization"],"@id":"https:\/\/digital58.com.ve\/site\/#\/schema\/person\/64d1c2e4d0d4fd1b849980c4331c2951","name":"Villasmil Henry","image":{"@type":"ImageObject","inLanguage":"es","@id":"https:\/\/secure.gravatar.com\/avatar\/bb0c4a2fcb7970138239f7e404ea75757b1b507b28b5ce4c53fbd62d797c5a7c?s=96&d=mm&r=g","url":"https:\/\/secure.gravatar.com\/avatar\/bb0c4a2fcb7970138239f7e404ea75757b1b507b28b5ce4c53fbd62d797c5a7c?s=96&d=mm&r=g","contentUrl":"https:\/\/secure.gravatar.com\/avatar\/bb0c4a2fcb7970138239f7e404ea75757b1b507b28b5ce4c53fbd62d797c5a7c?s=96&d=mm&r=g","caption":"Villasmil Henry"},"logo":{"@id":"https:\/\/secure.gravatar.com\/avatar\/bb0c4a2fcb7970138239f7e404ea75757b1b507b28b5ce4c53fbd62d797c5a7c?s=96&d=mm&r=g"},"sameAs":["http:\/\/www.henryvillasmil.com.ve","https:\/\/www.instagram.com\/villasmilhfoto\/","https:\/\/x.com\/https:\/\/twitter.com\/villasmilhfoto"],"url":"https:\/\/digital58.com.ve\/site\/author\/droopy_68\/"}]}},"uagb_featured_image_src":{"full":["https:\/\/digital58.com.ve\/site\/wp-content\/uploads\/2020\/04\/Imagen-Aniversario-43-FEP.jpg",800,453,false],"thumbnail":["https:\/\/digital58.com.ve\/site\/wp-content\/uploads\/2020\/04\/Imagen-Aniversario-43-FEP-150x150.jpg",150,150,true],"medium":["https:\/\/digital58.com.ve\/site\/wp-content\/uploads\/2020\/04\/Imagen-Aniversario-43-FEP-300x170.jpg",300,170,true],"medium_large":["https:\/\/digital58.com.ve\/site\/wp-content\/uploads\/2020\/04\/Imagen-Aniversario-43-FEP-768x435.jpg",768,435,true],"large":["https:\/\/digital58.com.ve\/site\/wp-content\/uploads\/2020\/04\/Imagen-Aniversario-43-FEP.jpg",800,453,false],"1536x1536":["https:\/\/digital58.com.ve\/site\/wp-content\/uploads\/2020\/04\/Imagen-Aniversario-43-FEP.jpg",800,453,false],"2048x2048":["https:\/\/digital58.com.ve\/site\/wp-content\/uploads\/2020\/04\/Imagen-Aniversario-43-FEP.jpg",800,453,false],"colormag-highlighted-post":["https:\/\/digital58.com.ve\/site\/wp-content\/uploads\/2020\/04\/Imagen-Aniversario-43-FEP.jpg",392,222,false],"colormag-featured-post-medium":["https:\/\/digital58.com.ve\/site\/wp-content\/uploads\/2020\/04\/Imagen-Aniversario-43-FEP.jpg",362,205,false],"colormag-featured-post-small":["https:\/\/digital58.com.ve\/site\/wp-content\/uploads\/2020\/04\/Imagen-Aniversario-43-FEP.jpg",130,74,false],"colormag-featured-image":["https:\/\/digital58.com.ve\/site\/wp-content\/uploads\/2020\/04\/Imagen-Aniversario-43-FEP.jpg",786,445,false],"colormag-default-news":["https:\/\/digital58.com.ve\/site\/wp-content\/uploads\/2020\/04\/Imagen-Aniversario-43-FEP.jpg",150,85,false],"colormag-featured-image-large":["https:\/\/digital58.com.ve\/site\/wp-content\/uploads\/2020\/04\/Imagen-Aniversario-43-FEP.jpg",800,453,false]},"uagb_author_info":{"display_name":"Villasmil Henry","author_link":"https:\/\/digital58.com.ve\/site\/author\/droopy_68\/"},"uagb_comment_info":0,"uagb_excerpt":"Fundaci\u00f3n Empresas Polar arriba a su 43 aniversario de trabajo incansable por el desarrollo y bienestar de Venezuela. A trav\u00e9s","_links":{"self":[{"href":"https:\/\/digital58.com.ve\/site\/wp-json\/wp\/v2\/posts\/95625","targetHints":{"allow":["GET"]}}],"collection":[{"href":"https:\/\/digital58.com.ve\/site\/wp-json\/wp\/v2\/posts"}],"about":[{"href":"https:\/\/digital58.com.ve\/site\/wp-json\/wp\/v2\/types\/post"}],"author":[{"embeddable":true,"href":"https:\/\/digital58.com.ve\/site\/wp-json\/wp\/v2\/users\/1"}],"replies":[{"embeddable":true,"href":"https:\/\/digital58.com.ve\/site\/wp-json\/wp\/v2\/comments?post=95625"}],"version-history":[{"count":0,"href":"https:\/\/digital58.com.ve\/site\/wp-json\/wp\/v2\/posts\/95625\/revisions"}],"wp:featuredmedia":[{"embeddable":true,"href":"https:\/\/digital58.com.ve\/site\/wp-json\/wp\/v2\/media\/95626"}],"wp:attachment":[{"href":"https:\/\/digital58.com.ve\/site\/wp-json\/wp\/v2\/media?parent=95625"}],"wp:term":[{"taxonomy":"category","embeddable":true,"href":"https:\/\/digital58.com.ve\/site\/wp-json\/wp\/v2\/categories?post=95625"},{"taxonomy":"post_tag","embeddable":true,"href":"https:\/\/digital58.com.ve\/site\/wp-json\/wp\/v2\/tags?post=95625"}],"curies":[{"name":"wp","href":"https:\/\/api.w.org\/{rel}","templated":true}]}}