{"id":95704,"date":"2020-04-16T21:45:10","date_gmt":"2020-04-17T01:45:10","guid":{"rendered":"https:\/\/digital58.com.ve\/site\/?p=95704"},"modified":"2020-04-16T21:51:02","modified_gmt":"2020-04-17T01:51:02","slug":"nino-bravo-y-el-misterioso-accidente-que-acabo-con-la-mas-grande-voz-de-espana","status":"publish","type":"post","link":"https:\/\/digital58.com.ve\/site\/2020\/04\/16\/nino-bravo-y-el-misterioso-accidente-que-acabo-con-la-mas-grande-voz-de-espana\/","title":{"rendered":"Nino Bravo y el misterioso accidente que acab\u00f3 con la m\u00e1s grande voz de Espa\u00f1a"},"content":{"rendered":"<p><a href=\"https:\/\/digital58.com.ve\/site\/wp-content\/uploads\/2020\/04\/nino-bravo.jpg\"><img loading=\"lazy\" decoding=\"async\" class=\"aligncenter size-full wp-image-95705\" src=\"https:\/\/digital58.com.ve\/site\/wp-content\/uploads\/2020\/04\/nino-bravo.jpg\" alt=\"\" width=\"620\" height=\"349\" srcset=\"https:\/\/digital58.com.ve\/site\/wp-content\/uploads\/2020\/04\/nino-bravo.jpg 620w, https:\/\/digital58.com.ve\/site\/wp-content\/uploads\/2020\/04\/nino-bravo-300x169.jpg 300w\" sizes=\"auto, (max-width: 620px) 100vw, 620px\" \/><\/a><br \/>\nTal d\u00eda como hoy hace 48 a\u00f1os, el cantante espa\u00f1ol fallec\u00eda al derrapar y salirse de la carretera el auto que conduc\u00eda. Ten\u00eda solo 28 a\u00f1o. Un curva, un punto negro de la carretera, un error humano&#8230;seg\u00f3 la vida de un \u00eddolo de la canci\u00f3n espa\u00f1ola. Se hab\u00eda casado en abril de 1971 con Mar\u00eda Amparo Mart\u00ednez Gil, ten\u00eda una hija de 14 meses y un beb\u00e9 en camino.<\/p>\n<p><strong>Espa\u00f1a, 16 de abril de 2020 (ND58).- <\/strong>Empezaba a ganar reconocimiento con temas como \u00abLibre\u00bb y \u00abUn beso y una flor\u00bb cuando la tragedia toc\u00f3 a su puerta. Nunca supo que se convirti\u00f3 en leyenda. Esta es la historia<\/p>\n<p>La ma\u00f1ana de aquel fat\u00eddico 16 de abril de 1973, Nino Bravo ten\u00eda muchas cosas en la cabeza. Acababa de casarse y convertirse en padre, su esposa esperaba un segundo bebe. En lo musical, su disco \u00abMi tierra\u00bb le daba por primera vez la aprobaci\u00f3n de la cr\u00edtica y hasta le permit\u00eda so\u00f1ar con volver a hacer un tour en Am\u00e9rica Latina y visitar Asia.<\/p>\n<p>\u00abSi por alguna de aquellas, entra un disco en Jap\u00f3n, all\u00ed los <em>royalties<\/em> suman verdaderas cantidades\u00bb, bromeaba. Pero su inagotable inspiraci\u00f3n, lo hab\u00eda llevado a buscar m\u00e1s y a asumir el rol de productor de una promisoria dupla: Fernando Romero y Miguel Ciaurriz, el D\u00fao Humo. Con ellos -y el guitarrista Jos\u00e9 Juesas Franc\u00e9s- iba desde Valencia a Madrid en un reci\u00e9n adquirido BMW para grabar el primer \u00e1lbum de los debutantes artistas cuando todas las cavilaciones y los planes se detuvieron para siempre.<\/p>\n<p>En una curva de Villarrubio, faltando solo 90 kil\u00f3metros de viaje para llegar a la capital espa\u00f1ola, Nino Bravo perdi\u00f3 el control del veh\u00edculo y se sali\u00f3 de la carretera.<\/p>\n<p>Las estad\u00edsticas de las tragedias al volante suelen ser generosas con el conductor, pero esta vez el ch\u00f3fer de la voz hermosa se llev\u00f3 la peor parte. Tras varias vueltas de campana, tres de las cuatro personas que iban en el autom\u00f3vil resultaron con heridas menores; el cantante perdi\u00f3 la vida de camino al hospital.<\/p>\n<p style=\"text-align: center;\"><div class=\"lyte-wrapper\" title=\"Nino Bravo 3D - Puerta de amor - Especial Tour Chile 1971 - Sonido Remasterizado - HD\" style=\"width:640px;max-width:100%;margin:5px auto;\"><div class=\"lyMe\" id=\"WYL_DCV_ELH-26o\" itemprop=\"video\" itemscope itemtype=\"https:\/\/schema.org\/VideoObject\"><div><meta itemprop=\"thumbnailUrl\" content=\"https:\/\/i.ytimg.com\/vi\/DCV_ELH-26o\/hqdefault.jpg\" \/><meta itemprop=\"embedURL\" content=\"https:\/\/www.youtube.com\/embed\/DCV_ELH-26o\" \/><meta itemprop=\"duration\" content=\"PT3M30S\" \/><meta itemprop=\"uploadDate\" content=\"2011-12-12T10:33:17Z\" \/><\/div><div id=\"lyte_DCV_ELH-26o\" data-src=\"https:\/\/i.ytimg.com\/vi\/DCV_ELH-26o\/hqdefault.jpg\" class=\"pL\"><div class=\"tC\"><div class=\"tT\" itemprop=\"name\">Nino Bravo 3D - Puerta de amor - Especial Tour Chile 1971 - Sonido Remasterizado - HD<\/div><\/div><div class=\"play\"><\/div><div class=\"ctrl\"><div class=\"Lctrl\"><\/div><div class=\"Rctrl\"><\/div><\/div><\/div><noscript><a href=\"https:\/\/youtu.be\/DCV_ELH-26o\" rel=\"nofollow\"><img loading=\"lazy\" decoding=\"async\" src=\"https:\/\/i.ytimg.com\/vi\/DCV_ELH-26o\/0.jpg\" alt=\"Nino Bravo 3D - Puerta de amor - Especial Tour Chile 1971 - Sonido Remasterizado - HD\" width=\"640\" height=\"340\" \/><br \/>Ver este video en YouTube<\/a><\/noscript><meta itemprop=\"description\" content=\"Para verlo en 3D pulsar la llave situada bajo el v\u00eddeo.En 1971 Nino Bravo graba en Chile un especial Tour de sus mejores canciones de su 1\u00ba y 2\u00ba disco LP. El videoclip Grabado en el Estadio Espa\u00f1ol de las Condes,Chile. Un v\u00eddeo y sonido de alta calidad.Descubriremos una foto in\u00e9dita en cada Tema. Si quieres ver m\u00e1s videos de Nino en HD,este es tu enlace: http:\/\/www.youtube.com\/playlist?list=PL8FA1D313B40C537C&amp;feature=view_all\"><\/div><\/div><div class=\"lL\" style=\"max-width:100%;width:640px;margin:5px auto;\"><\/div><\/p>\n<p>La carrera de Luis Manuel Ferri Llopis, el chico que tom\u00f3 el nombre de Nino Bravo por insistencia de su primer m\u00e1nager, hab\u00eda tenido momentos que pod\u00edan hacerlo so\u00f1ar con algo realmente grande, pero la verdad es que nunca logr\u00f3 dimensionar lo que pasar\u00eda con \u00e9l despu\u00e9s de aquella tragedia. Su conversi\u00f3n en mito fue un proceso progresivo, tan pausado y estrat\u00e9gico como lo fue su trayectoria en vida.<\/p>\n<p>\u00abManolo\u00bb, como lo llamaban sus amigos y familiares, hab\u00eda comenzado cantando en bares y festivales. Primero con agrupaciones como Los Hisp\u00e1nicos y Los Superson, y luego en solitario. Oficialmente se convirti\u00f3 en Nino Bravo en 1969, cuando Fonogram lo contrat\u00f3 por cuatro a\u00f1os. \u00abEs el viento\u00bb fue uno de sus primeros lanzamientos.<\/p>\n<p>Y aunque hoy es un cl\u00e1sico, en su momento tuvo una mala recepci\u00f3n. Vendi\u00f3 muy pocas copias y parec\u00eda un mal augurio para el artista en ciernes, pero las cosas cambiar\u00edan a los pocos meses.<\/p>\n<p>\u00abTe quiero, te quiero\u00bb, el tema compuesto por Augusto Alguer\u00f3, ya hab\u00eda sido grabado por Raphael y Carmen Sevilla en estilos muy distintos el uno del otro, pero no hab\u00edan tenido ning\u00fan impacto en el mercado espa\u00f1ol.<\/p>\n<p>La versi\u00f3n de Nino Bravo, sin embargo, le permiti\u00f3 demostrar el potencial de su voz y ganar una importante legi\u00f3n de admiradores.<\/p>\n<p>Con su primer disco de oro bajo el brazo, en 1970, Nino Bravo llegar\u00eda por primera vez a Am\u00e9rica Latina. El artista tuvo una breve participaci\u00f3n en el Festival de Vi\u00f1a del Mar (en Chile) y una noche triunfal en la quinta Festival Internacional de R\u00edo de Janeiro (Brasil), donde gan\u00f3 la competencia de talentos representando a Espa\u00f1a con el tema \u00abElizabeth\u00bb.<\/p>\n<p>De su recorrido por Am\u00e9rica Latina, el artista dijo al regresar a Espa\u00f1a que hab\u00eda quedado encantado con la recepci\u00f3n de la audiencia. \u00abEs un p\u00fablico que tiene m\u00e1s de ib\u00e9rico que nosotros, tiene m\u00e1s calor en la sangre\u00bb, explic\u00f3 y brome\u00f3 con las propuestas que le hicieron para debutar en el cine.<\/p>\n<p>\u00abTuve una proposici\u00f3n para hacer una pel\u00edcula en Guayaquil, en Ecuador, pero no me sedujo la idea de llamarme Gustavo Garc\u00eda\u00bb.<\/p>\n<p>Uno de los \u00faltimos \u00e9xitos de Nino Bravo en vida lleg\u00f3 con \u00abLibre\u00bb, segundo corte de su disco \u00abMi tierra\u00bb.<\/p>\n<p>Aunque es \u00abUn beso y una flor\u00bb, canci\u00f3n que hab\u00eda grabado a\u00f1os atr\u00e1s, la que parec\u00eda darle<br \/>\nun mejor cierra a su historia. \u00abAl partir un beso y una flor \/ Un te quiero una caricia y un adi\u00f3s \/ Es ligero equipaje \/ Para un tan largo viaje \/ Las penas pesan en el coraz\u00f3n\u00bb, cantaba el artista.<\/p>\n<p><strong>Que fue lo que pas\u00f3<br \/>\n<\/strong><br \/>\nDel d\u00eda del accidente, los integrantes del D\u00fao Humo solo recuerdan el terror que se apoder\u00f3 de ellos al salir disparados por la autopista. Cada uno vel\u00f3 por su propia integridad hasta que se percataron de los pedidos de auxilio de Nino Bravo.<\/p>\n<p>En noviembre de 1972, el inexperto conductor ya hab\u00eda destrozado un viejo Mercedes Benz en un accidente cerca de Barcelona. Pero esta vez la fortuna no lo acompa\u00f1ar\u00eda. En veh\u00edculos de particulares, los cuatro heridos fueron trasladados a Taranc\u00f3n, a 13 kil\u00f3metros del accidente.<\/p>\n<p>En un peque\u00f1o hospital de monjas recibir\u00edan las primeras curas. La \u00fanica ambulancia en el lugar los llev\u00f3 a Madrid. En el camino al Centro Sanitario Francisco Franco de Madrid, la voz de Nino Bravo se apagar\u00eda para siempre.<\/p>\n<p>Ten\u00eda apenas 28 a\u00f1os y canciones grabadas para una pr\u00f3xima producci\u00f3n. La leyenda comenzaba a escribirse.<\/p>\n<p>Las causas de la muerte del artista nunca se dieron a conocer de manera oficial. Todo apunta a diversos politraumatismos sufridos en la regi\u00f3n abdominal a causa del impacto.<\/p>\n<p>Y es que aunque el coche ya dispon\u00eda de cinturones de seguridad delanteros, se dice que el cantante no llevaba puesto el suyo, pues no se har\u00eda obligatorio su uso en Espa\u00f1a hasta 1974, esto en buena medida impulsado por la tragedia del cantor.<\/p>\n<p><a href=\"https:\/\/digital58.com.ve\/site\/wp-content\/uploads\/2020\/04\/coche-nino-k5mB-510x349@abc.jpg\"><img loading=\"lazy\" decoding=\"async\" class=\"aligncenter size-full wp-image-95706\" src=\"https:\/\/digital58.com.ve\/site\/wp-content\/uploads\/2020\/04\/coche-nino-k5mB-510x349@abc.jpg\" alt=\"\" width=\"510\" height=\"349\" srcset=\"https:\/\/digital58.com.ve\/site\/wp-content\/uploads\/2020\/04\/coche-nino-k5mB-510x349@abc.jpg 510w, https:\/\/digital58.com.ve\/site\/wp-content\/uploads\/2020\/04\/coche-nino-k5mB-510x349@abc-300x205.jpg 300w\" sizes=\"auto, (max-width: 510px) 100vw, 510px\" \/><\/a><\/p>\n<p>Luego del triste desenlace, el veh\u00edculo siniestrado permaneci\u00f3 tirado unos d\u00edas hasta que fue retirado a un dep\u00f3sito de chatarra. El auto fue devuelto a Valencia, a un taller de la calle San Jos\u00e9 de la Monta\u00f1a. En ese momento el BMW desaparece del mapa. Quedar\u00eda esta imagen de la prensa para la posteridad:<\/p>\n<p>El taller se convierte al poco tiempo en una escuela de vela y se le pierde el rastro a los mec\u00e1nicos que administraban el lugar. Incluso hay quienes dudan de que alguna vez haya llegado all\u00ed. \u00bfA d\u00f3nde fue a parar el veh\u00edculo y por qu\u00e9 desapareci\u00f3? Preguntas que sirven para acentuar el mito que se va construyendo a cada a\u00f1o.<\/p>\n<p>En 2014, por ejemplo, Miguel Siur\u00e1n, aquel m\u00e1nager que le dio a rega\u00f1adientes su nombre art\u00edstico a Nino Bravo, public\u00f3 una biograf\u00eda en la que aport\u00f3 nuevos detalles del d\u00eda fat\u00eddico.<\/p>\n<p>En una cafeter\u00eda del centro de Valencia, el cantante se hab\u00eda reunido con una \u00abmisteriosa fan de pelo negro como azabache\u00bb antes de viajar rumbo a Madrid. \u00bfCon qu\u00e9 motivo?, \u00bfpor qu\u00e9 lo mantuvo en reserva? La cita dej\u00f3 nuevos cabos sueltos para una historia que apasiona cada vez a m\u00e1s personas conforme la voz del espa\u00f1ol contin\u00faa ganando adeptos desde el altar de la inmortalidad.<\/p><div class=\"gjeic69f753bac67f5\" ><p style=\"text-align: center;\"><a href=\"https:\/\/t.me\/noticiasdigital58\" target=\"_blank\" rel=\"noopener\"><img class=\"aligncenter size-full wp-image-125363\" src=\"https:\/\/digital58.com.ve\/site\/wp-content\/uploads\/2021\/04\/banner-telegram-web-2021.png\" alt=\"\" width=\"600\" height=\"90\" \/><\/a><\/p><\/div><style type=\"text\/css\">\r\n@media screen and (min-width: 1201px) {\r\n.gjeic69f753bac67f5 {\r\ndisplay: block;\r\n}\r\n}\r\n@media screen and (min-width: 993px) and (max-width: 1200px) {\r\n.gjeic69f753bac67f5 {\r\ndisplay: block;\r\n}\r\n}\r\n@media screen and (min-width: 769px) and (max-width: 992px) {\r\n.gjeic69f753bac67f5 {\r\ndisplay: block;\r\n}\r\n}\r\n@media screen and (min-width: 768px) and (max-width: 768px) {\r\n.gjeic69f753bac67f5 {\r\ndisplay: block;\r\n}\r\n}\r\n@media screen and (max-width: 767px) {\r\n.gjeic69f753bac67f5 {\r\ndisplay: block;\r\n}\r\n}\r\n<\/style>\r\n\n<p><strong>Fuente: El Comercio | M\u00f3nica Arrizabalaga \/ abc.es<\/strong><br \/>\n<strong>Edici\u00f3n: Villasmil, Henry<\/strong><br \/>\n<strong>Gr\u00e1ficas: cortes\u00eda abc.es<\/strong><\/p>\n<div style=\"margin-top: 0px; margin-bottom: 0px;\" class=\"sharethis-inline-share-buttons\" ><\/div>","protected":false},"excerpt":{"rendered":"<p>Tal d\u00eda como hoy hace 48 a\u00f1os, el cantante espa\u00f1ol fallec\u00eda al derrapar y salirse de la carretera el auto<\/p>\n","protected":false},"author":1,"featured_media":95705,"comment_status":"open","ping_status":"closed","sticky":false,"template":"","format":"standard","meta":{"colormag_page_container_layout":"default_layout","colormag_page_sidebar_layout":"default_layout","_uag_custom_page_level_css":"","footnotes":""},"categories":[1],"tags":[78,115,207,8,61,14063],"class_list":["post-95704","post","type-post","status-publish","format-standard","has-post-thumbnail","hentry","category-fama","tag-cantantes","tag-espana","tag-fallecimientos","tag-internacionales","tag-musica","tag-nino-bravo"],"yoast_head":"<!-- This site is optimized with the Yoast SEO plugin v27.5 - https:\/\/yoast.com\/product\/yoast-seo-wordpress\/ -->\n<title>Nino Bravo y el misterioso accidente que acab\u00f3 con la m\u00e1s grande voz de Espa\u00f1a<\/title>\n<meta name=\"description\" content=\"Fama\" \/>\n<meta name=\"robots\" content=\"index, follow, max-snippet:-1, max-image-preview:large, max-video-preview:-1\" \/>\n<link rel=\"canonical\" href=\"https:\/\/digital58.com.ve\/site\/2020\/04\/16\/nino-bravo-y-el-misterioso-accidente-que-acabo-con-la-mas-grande-voz-de-espana\/\" \/>\n<meta property=\"og:locale\" content=\"es_ES\" \/>\n<meta property=\"og:type\" content=\"article\" \/>\n<meta property=\"og:title\" content=\"Nino Bravo y el misterioso accidente que acab\u00f3 con la m\u00e1s grande voz de Espa\u00f1a\" \/>\n<meta property=\"og:description\" content=\"Fama\" \/>\n<meta property=\"og:url\" content=\"https:\/\/digital58.com.ve\/site\/2020\/04\/16\/nino-bravo-y-el-misterioso-accidente-que-acabo-con-la-mas-grande-voz-de-espana\/\" \/>\n<meta property=\"og:site_name\" content=\"Noticias Digital58\" \/>\n<meta property=\"article:published_time\" content=\"2020-04-17T01:45:10+00:00\" \/>\n<meta property=\"article:modified_time\" content=\"2020-04-17T01:51:02+00:00\" \/>\n<meta property=\"og:image\" content=\"https:\/\/digital58.com.ve\/site\/wp-content\/uploads\/2020\/04\/nino-bravo.jpg\" \/>\n\t<meta property=\"og:image:width\" content=\"620\" \/>\n\t<meta property=\"og:image:height\" content=\"349\" \/>\n\t<meta property=\"og:image:type\" content=\"image\/jpeg\" \/>\n<meta name=\"author\" content=\"Villasmil Henry\" \/>\n<meta name=\"twitter:card\" content=\"summary_large_image\" \/>\n<meta name=\"twitter:creator\" content=\"@https:\/\/twitter.com\/villasmilhfoto\" \/>\n<meta name=\"twitter:site\" content=\"@villasmilhfoto\" \/>\n<meta name=\"twitter:label1\" content=\"Escrito por\" \/>\n\t<meta name=\"twitter:data1\" content=\"Villasmil Henry\" \/>\n\t<meta name=\"twitter:label2\" content=\"Tiempo estimado de lectura\" \/>\n\t<meta name=\"twitter:data2\" content=\"7 minutos\" \/>\n<script type=\"application\/ld+json\" class=\"yoast-schema-graph\">{\"@context\":\"https:\\\/\\\/schema.org\",\"@graph\":[{\"@type\":\"Article\",\"@id\":\"https:\\\/\\\/digital58.com.ve\\\/site\\\/2020\\\/04\\\/16\\\/nino-bravo-y-el-misterioso-accidente-que-acabo-con-la-mas-grande-voz-de-espana\\\/#article\",\"isPartOf\":{\"@id\":\"https:\\\/\\\/digital58.com.ve\\\/site\\\/2020\\\/04\\\/16\\\/nino-bravo-y-el-misterioso-accidente-que-acabo-con-la-mas-grande-voz-de-espana\\\/\"},\"author\":{\"name\":\"Villasmil Henry\",\"@id\":\"https:\\\/\\\/digital58.com.ve\\\/site\\\/#\\\/schema\\\/person\\\/64d1c2e4d0d4fd1b849980c4331c2951\"},\"headline\":\"Nino Bravo y el misterioso accidente que acab\u00f3 con la m\u00e1s grande voz de Espa\u00f1a\",\"datePublished\":\"2020-04-17T01:45:10+00:00\",\"dateModified\":\"2020-04-17T01:51:02+00:00\",\"mainEntityOfPage\":{\"@id\":\"https:\\\/\\\/digital58.com.ve\\\/site\\\/2020\\\/04\\\/16\\\/nino-bravo-y-el-misterioso-accidente-que-acabo-con-la-mas-grande-voz-de-espana\\\/\"},\"wordCount\":1341,\"commentCount\":0,\"publisher\":{\"@id\":\"https:\\\/\\\/digital58.com.ve\\\/site\\\/#\\\/schema\\\/person\\\/64d1c2e4d0d4fd1b849980c4331c2951\"},\"image\":{\"@id\":\"https:\\\/\\\/digital58.com.ve\\\/site\\\/2020\\\/04\\\/16\\\/nino-bravo-y-el-misterioso-accidente-que-acabo-con-la-mas-grande-voz-de-espana\\\/#primaryimage\"},\"thumbnailUrl\":\"https:\\\/\\\/digital58.com.ve\\\/site\\\/wp-content\\\/uploads\\\/2020\\\/04\\\/nino-bravo.jpg\",\"keywords\":[\"Cantantes\",\"Espa\u00f1a\",\"Fallecimientos\",\"Internacionales\",\"M\u00fasica\",\"Nino Bravo\"],\"articleSection\":[\"Fama\"],\"inLanguage\":\"es\",\"potentialAction\":[{\"@type\":\"CommentAction\",\"name\":\"Comment\",\"target\":[\"https:\\\/\\\/digital58.com.ve\\\/site\\\/2020\\\/04\\\/16\\\/nino-bravo-y-el-misterioso-accidente-que-acabo-con-la-mas-grande-voz-de-espana\\\/#respond\"]}]},{\"@type\":\"WebPage\",\"@id\":\"https:\\\/\\\/digital58.com.ve\\\/site\\\/2020\\\/04\\\/16\\\/nino-bravo-y-el-misterioso-accidente-que-acabo-con-la-mas-grande-voz-de-espana\\\/\",\"url\":\"https:\\\/\\\/digital58.com.ve\\\/site\\\/2020\\\/04\\\/16\\\/nino-bravo-y-el-misterioso-accidente-que-acabo-con-la-mas-grande-voz-de-espana\\\/\",\"name\":\"Nino Bravo y el misterioso accidente que acab\u00f3 con la m\u00e1s grande voz de Espa\u00f1a\",\"isPartOf\":{\"@id\":\"https:\\\/\\\/digital58.com.ve\\\/site\\\/#website\"},\"primaryImageOfPage\":{\"@id\":\"https:\\\/\\\/digital58.com.ve\\\/site\\\/2020\\\/04\\\/16\\\/nino-bravo-y-el-misterioso-accidente-que-acabo-con-la-mas-grande-voz-de-espana\\\/#primaryimage\"},\"image\":{\"@id\":\"https:\\\/\\\/digital58.com.ve\\\/site\\\/2020\\\/04\\\/16\\\/nino-bravo-y-el-misterioso-accidente-que-acabo-con-la-mas-grande-voz-de-espana\\\/#primaryimage\"},\"thumbnailUrl\":\"https:\\\/\\\/digital58.com.ve\\\/site\\\/wp-content\\\/uploads\\\/2020\\\/04\\\/nino-bravo.jpg\",\"datePublished\":\"2020-04-17T01:45:10+00:00\",\"dateModified\":\"2020-04-17T01:51:02+00:00\",\"description\":\"Fama\",\"breadcrumb\":{\"@id\":\"https:\\\/\\\/digital58.com.ve\\\/site\\\/2020\\\/04\\\/16\\\/nino-bravo-y-el-misterioso-accidente-que-acabo-con-la-mas-grande-voz-de-espana\\\/#breadcrumb\"},\"inLanguage\":\"es\",\"potentialAction\":[{\"@type\":\"ReadAction\",\"target\":[\"https:\\\/\\\/digital58.com.ve\\\/site\\\/2020\\\/04\\\/16\\\/nino-bravo-y-el-misterioso-accidente-que-acabo-con-la-mas-grande-voz-de-espana\\\/\"]}]},{\"@type\":\"ImageObject\",\"inLanguage\":\"es\",\"@id\":\"https:\\\/\\\/digital58.com.ve\\\/site\\\/2020\\\/04\\\/16\\\/nino-bravo-y-el-misterioso-accidente-que-acabo-con-la-mas-grande-voz-de-espana\\\/#primaryimage\",\"url\":\"https:\\\/\\\/digital58.com.ve\\\/site\\\/wp-content\\\/uploads\\\/2020\\\/04\\\/nino-bravo.jpg\",\"contentUrl\":\"https:\\\/\\\/digital58.com.ve\\\/site\\\/wp-content\\\/uploads\\\/2020\\\/04\\\/nino-bravo.jpg\",\"width\":620,\"height\":349},{\"@type\":\"BreadcrumbList\",\"@id\":\"https:\\\/\\\/digital58.com.ve\\\/site\\\/2020\\\/04\\\/16\\\/nino-bravo-y-el-misterioso-accidente-que-acabo-con-la-mas-grande-voz-de-espana\\\/#breadcrumb\",\"itemListElement\":[{\"@type\":\"ListItem\",\"position\":1,\"name\":\"Home\",\"item\":\"https:\\\/\\\/digital58.com.ve\\\/site\\\/\"},{\"@type\":\"ListItem\",\"position\":2,\"name\":\"Nino Bravo y el misterioso accidente que acab\u00f3 con la m\u00e1s grande voz de Espa\u00f1a\"}]},{\"@type\":\"WebSite\",\"@id\":\"https:\\\/\\\/digital58.com.ve\\\/site\\\/#website\",\"url\":\"https:\\\/\\\/digital58.com.ve\\\/site\\\/\",\"name\":\"Noticias Digital58\",\"description\":\"Portal de Noticias \u00a1Periodismo web de verdad! Lanzamiento web 22.11.2005 \\\/ Maracaibo, Venezuela\",\"publisher\":{\"@id\":\"https:\\\/\\\/digital58.com.ve\\\/site\\\/#\\\/schema\\\/person\\\/64d1c2e4d0d4fd1b849980c4331c2951\"},\"alternateName\":\"ND58\",\"potentialAction\":[{\"@type\":\"SearchAction\",\"target\":{\"@type\":\"EntryPoint\",\"urlTemplate\":\"https:\\\/\\\/digital58.com.ve\\\/site\\\/?s={search_term_string}\"},\"query-input\":{\"@type\":\"PropertyValueSpecification\",\"valueRequired\":true,\"valueName\":\"search_term_string\"}}],\"inLanguage\":\"es\"},{\"@type\":[\"Person\",\"Organization\"],\"@id\":\"https:\\\/\\\/digital58.com.ve\\\/site\\\/#\\\/schema\\\/person\\\/64d1c2e4d0d4fd1b849980c4331c2951\",\"name\":\"Villasmil Henry\",\"image\":{\"@type\":\"ImageObject\",\"inLanguage\":\"es\",\"@id\":\"https:\\\/\\\/secure.gravatar.com\\\/avatar\\\/bb0c4a2fcb7970138239f7e404ea75757b1b507b28b5ce4c53fbd62d797c5a7c?s=96&d=mm&r=g\",\"url\":\"https:\\\/\\\/secure.gravatar.com\\\/avatar\\\/bb0c4a2fcb7970138239f7e404ea75757b1b507b28b5ce4c53fbd62d797c5a7c?s=96&d=mm&r=g\",\"contentUrl\":\"https:\\\/\\\/secure.gravatar.com\\\/avatar\\\/bb0c4a2fcb7970138239f7e404ea75757b1b507b28b5ce4c53fbd62d797c5a7c?s=96&d=mm&r=g\",\"caption\":\"Villasmil Henry\"},\"logo\":{\"@id\":\"https:\\\/\\\/secure.gravatar.com\\\/avatar\\\/bb0c4a2fcb7970138239f7e404ea75757b1b507b28b5ce4c53fbd62d797c5a7c?s=96&d=mm&r=g\"},\"sameAs\":[\"http:\\\/\\\/www.henryvillasmil.com.ve\",\"https:\\\/\\\/www.instagram.com\\\/villasmilhfoto\\\/\",\"https:\\\/\\\/x.com\\\/https:\\\/\\\/twitter.com\\\/villasmilhfoto\"],\"url\":\"https:\\\/\\\/digital58.com.ve\\\/site\\\/author\\\/droopy_68\\\/\"}]}<\/script>\n<!-- \/ Yoast SEO plugin. -->","yoast_head_json":{"title":"Nino Bravo y el misterioso accidente que acab\u00f3 con la m\u00e1s grande voz de Espa\u00f1a","description":"Fama","robots":{"index":"index","follow":"follow","max-snippet":"max-snippet:-1","max-image-preview":"max-image-preview:large","max-video-preview":"max-video-preview:-1"},"canonical":"https:\/\/digital58.com.ve\/site\/2020\/04\/16\/nino-bravo-y-el-misterioso-accidente-que-acabo-con-la-mas-grande-voz-de-espana\/","og_locale":"es_ES","og_type":"article","og_title":"Nino Bravo y el misterioso accidente que acab\u00f3 con la m\u00e1s grande voz de Espa\u00f1a","og_description":"Fama","og_url":"https:\/\/digital58.com.ve\/site\/2020\/04\/16\/nino-bravo-y-el-misterioso-accidente-que-acabo-con-la-mas-grande-voz-de-espana\/","og_site_name":"Noticias Digital58","article_published_time":"2020-04-17T01:45:10+00:00","article_modified_time":"2020-04-17T01:51:02+00:00","og_image":[{"width":620,"height":349,"url":"https:\/\/digital58.com.ve\/site\/wp-content\/uploads\/2020\/04\/nino-bravo.jpg","type":"image\/jpeg"}],"author":"Villasmil Henry","twitter_card":"summary_large_image","twitter_creator":"@https:\/\/twitter.com\/villasmilhfoto","twitter_site":"@villasmilhfoto","twitter_misc":{"Escrito por":"Villasmil Henry","Tiempo estimado de lectura":"7 minutos"},"schema":{"@context":"https:\/\/schema.org","@graph":[{"@type":"Article","@id":"https:\/\/digital58.com.ve\/site\/2020\/04\/16\/nino-bravo-y-el-misterioso-accidente-que-acabo-con-la-mas-grande-voz-de-espana\/#article","isPartOf":{"@id":"https:\/\/digital58.com.ve\/site\/2020\/04\/16\/nino-bravo-y-el-misterioso-accidente-que-acabo-con-la-mas-grande-voz-de-espana\/"},"author":{"name":"Villasmil Henry","@id":"https:\/\/digital58.com.ve\/site\/#\/schema\/person\/64d1c2e4d0d4fd1b849980c4331c2951"},"headline":"Nino Bravo y el misterioso accidente que acab\u00f3 con la m\u00e1s grande voz de Espa\u00f1a","datePublished":"2020-04-17T01:45:10+00:00","dateModified":"2020-04-17T01:51:02+00:00","mainEntityOfPage":{"@id":"https:\/\/digital58.com.ve\/site\/2020\/04\/16\/nino-bravo-y-el-misterioso-accidente-que-acabo-con-la-mas-grande-voz-de-espana\/"},"wordCount":1341,"commentCount":0,"publisher":{"@id":"https:\/\/digital58.com.ve\/site\/#\/schema\/person\/64d1c2e4d0d4fd1b849980c4331c2951"},"image":{"@id":"https:\/\/digital58.com.ve\/site\/2020\/04\/16\/nino-bravo-y-el-misterioso-accidente-que-acabo-con-la-mas-grande-voz-de-espana\/#primaryimage"},"thumbnailUrl":"https:\/\/digital58.com.ve\/site\/wp-content\/uploads\/2020\/04\/nino-bravo.jpg","keywords":["Cantantes","Espa\u00f1a","Fallecimientos","Internacionales","M\u00fasica","Nino Bravo"],"articleSection":["Fama"],"inLanguage":"es","potentialAction":[{"@type":"CommentAction","name":"Comment","target":["https:\/\/digital58.com.ve\/site\/2020\/04\/16\/nino-bravo-y-el-misterioso-accidente-que-acabo-con-la-mas-grande-voz-de-espana\/#respond"]}]},{"@type":"WebPage","@id":"https:\/\/digital58.com.ve\/site\/2020\/04\/16\/nino-bravo-y-el-misterioso-accidente-que-acabo-con-la-mas-grande-voz-de-espana\/","url":"https:\/\/digital58.com.ve\/site\/2020\/04\/16\/nino-bravo-y-el-misterioso-accidente-que-acabo-con-la-mas-grande-voz-de-espana\/","name":"Nino Bravo y el misterioso accidente que acab\u00f3 con la m\u00e1s grande voz de Espa\u00f1a","isPartOf":{"@id":"https:\/\/digital58.com.ve\/site\/#website"},"primaryImageOfPage":{"@id":"https:\/\/digital58.com.ve\/site\/2020\/04\/16\/nino-bravo-y-el-misterioso-accidente-que-acabo-con-la-mas-grande-voz-de-espana\/#primaryimage"},"image":{"@id":"https:\/\/digital58.com.ve\/site\/2020\/04\/16\/nino-bravo-y-el-misterioso-accidente-que-acabo-con-la-mas-grande-voz-de-espana\/#primaryimage"},"thumbnailUrl":"https:\/\/digital58.com.ve\/site\/wp-content\/uploads\/2020\/04\/nino-bravo.jpg","datePublished":"2020-04-17T01:45:10+00:00","dateModified":"2020-04-17T01:51:02+00:00","description":"Fama","breadcrumb":{"@id":"https:\/\/digital58.com.ve\/site\/2020\/04\/16\/nino-bravo-y-el-misterioso-accidente-que-acabo-con-la-mas-grande-voz-de-espana\/#breadcrumb"},"inLanguage":"es","potentialAction":[{"@type":"ReadAction","target":["https:\/\/digital58.com.ve\/site\/2020\/04\/16\/nino-bravo-y-el-misterioso-accidente-que-acabo-con-la-mas-grande-voz-de-espana\/"]}]},{"@type":"ImageObject","inLanguage":"es","@id":"https:\/\/digital58.com.ve\/site\/2020\/04\/16\/nino-bravo-y-el-misterioso-accidente-que-acabo-con-la-mas-grande-voz-de-espana\/#primaryimage","url":"https:\/\/digital58.com.ve\/site\/wp-content\/uploads\/2020\/04\/nino-bravo.jpg","contentUrl":"https:\/\/digital58.com.ve\/site\/wp-content\/uploads\/2020\/04\/nino-bravo.jpg","width":620,"height":349},{"@type":"BreadcrumbList","@id":"https:\/\/digital58.com.ve\/site\/2020\/04\/16\/nino-bravo-y-el-misterioso-accidente-que-acabo-con-la-mas-grande-voz-de-espana\/#breadcrumb","itemListElement":[{"@type":"ListItem","position":1,"name":"Home","item":"https:\/\/digital58.com.ve\/site\/"},{"@type":"ListItem","position":2,"name":"Nino Bravo y el misterioso accidente que acab\u00f3 con la m\u00e1s grande voz de Espa\u00f1a"}]},{"@type":"WebSite","@id":"https:\/\/digital58.com.ve\/site\/#website","url":"https:\/\/digital58.com.ve\/site\/","name":"Noticias Digital58","description":"Portal de Noticias \u00a1Periodismo web de verdad! Lanzamiento web 22.11.2005 \/ Maracaibo, Venezuela","publisher":{"@id":"https:\/\/digital58.com.ve\/site\/#\/schema\/person\/64d1c2e4d0d4fd1b849980c4331c2951"},"alternateName":"ND58","potentialAction":[{"@type":"SearchAction","target":{"@type":"EntryPoint","urlTemplate":"https:\/\/digital58.com.ve\/site\/?s={search_term_string}"},"query-input":{"@type":"PropertyValueSpecification","valueRequired":true,"valueName":"search_term_string"}}],"inLanguage":"es"},{"@type":["Person","Organization"],"@id":"https:\/\/digital58.com.ve\/site\/#\/schema\/person\/64d1c2e4d0d4fd1b849980c4331c2951","name":"Villasmil Henry","image":{"@type":"ImageObject","inLanguage":"es","@id":"https:\/\/secure.gravatar.com\/avatar\/bb0c4a2fcb7970138239f7e404ea75757b1b507b28b5ce4c53fbd62d797c5a7c?s=96&d=mm&r=g","url":"https:\/\/secure.gravatar.com\/avatar\/bb0c4a2fcb7970138239f7e404ea75757b1b507b28b5ce4c53fbd62d797c5a7c?s=96&d=mm&r=g","contentUrl":"https:\/\/secure.gravatar.com\/avatar\/bb0c4a2fcb7970138239f7e404ea75757b1b507b28b5ce4c53fbd62d797c5a7c?s=96&d=mm&r=g","caption":"Villasmil Henry"},"logo":{"@id":"https:\/\/secure.gravatar.com\/avatar\/bb0c4a2fcb7970138239f7e404ea75757b1b507b28b5ce4c53fbd62d797c5a7c?s=96&d=mm&r=g"},"sameAs":["http:\/\/www.henryvillasmil.com.ve","https:\/\/www.instagram.com\/villasmilhfoto\/","https:\/\/x.com\/https:\/\/twitter.com\/villasmilhfoto"],"url":"https:\/\/digital58.com.ve\/site\/author\/droopy_68\/"}]}},"uagb_featured_image_src":{"full":["https:\/\/digital58.com.ve\/site\/wp-content\/uploads\/2020\/04\/nino-bravo.jpg",620,349,false],"thumbnail":["https:\/\/digital58.com.ve\/site\/wp-content\/uploads\/2020\/04\/nino-bravo-150x150.jpg",150,150,true],"medium":["https:\/\/digital58.com.ve\/site\/wp-content\/uploads\/2020\/04\/nino-bravo-300x169.jpg",300,169,true],"medium_large":["https:\/\/digital58.com.ve\/site\/wp-content\/uploads\/2020\/04\/nino-bravo.jpg",620,349,false],"large":["https:\/\/digital58.com.ve\/site\/wp-content\/uploads\/2020\/04\/nino-bravo.jpg",620,349,false],"1536x1536":["https:\/\/digital58.com.ve\/site\/wp-content\/uploads\/2020\/04\/nino-bravo.jpg",620,349,false],"2048x2048":["https:\/\/digital58.com.ve\/site\/wp-content\/uploads\/2020\/04\/nino-bravo.jpg",620,349,false],"colormag-highlighted-post":["https:\/\/digital58.com.ve\/site\/wp-content\/uploads\/2020\/04\/nino-bravo.jpg",392,221,false],"colormag-featured-post-medium":["https:\/\/digital58.com.ve\/site\/wp-content\/uploads\/2020\/04\/nino-bravo.jpg",364,205,false],"colormag-featured-post-small":["https:\/\/digital58.com.ve\/site\/wp-content\/uploads\/2020\/04\/nino-bravo.jpg",130,73,false],"colormag-featured-image":["https:\/\/digital58.com.ve\/site\/wp-content\/uploads\/2020\/04\/nino-bravo.jpg",620,349,false],"colormag-default-news":["https:\/\/digital58.com.ve\/site\/wp-content\/uploads\/2020\/04\/nino-bravo.jpg",150,84,false],"colormag-featured-image-large":["https:\/\/digital58.com.ve\/site\/wp-content\/uploads\/2020\/04\/nino-bravo.jpg",620,349,false]},"uagb_author_info":{"display_name":"Villasmil Henry","author_link":"https:\/\/digital58.com.ve\/site\/author\/droopy_68\/"},"uagb_comment_info":0,"uagb_excerpt":"Tal d\u00eda como hoy hace 48 a\u00f1os, el cantante espa\u00f1ol fallec\u00eda al derrapar y salirse de la carretera el auto","_links":{"self":[{"href":"https:\/\/digital58.com.ve\/site\/wp-json\/wp\/v2\/posts\/95704","targetHints":{"allow":["GET"]}}],"collection":[{"href":"https:\/\/digital58.com.ve\/site\/wp-json\/wp\/v2\/posts"}],"about":[{"href":"https:\/\/digital58.com.ve\/site\/wp-json\/wp\/v2\/types\/post"}],"author":[{"embeddable":true,"href":"https:\/\/digital58.com.ve\/site\/wp-json\/wp\/v2\/users\/1"}],"replies":[{"embeddable":true,"href":"https:\/\/digital58.com.ve\/site\/wp-json\/wp\/v2\/comments?post=95704"}],"version-history":[{"count":0,"href":"https:\/\/digital58.com.ve\/site\/wp-json\/wp\/v2\/posts\/95704\/revisions"}],"wp:featuredmedia":[{"embeddable":true,"href":"https:\/\/digital58.com.ve\/site\/wp-json\/wp\/v2\/media\/95705"}],"wp:attachment":[{"href":"https:\/\/digital58.com.ve\/site\/wp-json\/wp\/v2\/media?parent=95704"}],"wp:term":[{"taxonomy":"category","embeddable":true,"href":"https:\/\/digital58.com.ve\/site\/wp-json\/wp\/v2\/categories?post=95704"},{"taxonomy":"post_tag","embeddable":true,"href":"https:\/\/digital58.com.ve\/site\/wp-json\/wp\/v2\/tags?post=95704"}],"curies":[{"name":"wp","href":"https:\/\/api.w.org\/{rel}","templated":true}]}}