{"id":96158,"date":"2020-04-28T15:19:30","date_gmt":"2020-04-28T19:19:30","guid":{"rendered":"https:\/\/digital58.com.ve\/site\/?p=96158"},"modified":"2020-04-28T15:19:30","modified_gmt":"2020-04-28T19:19:30","slug":"francia-prepara-un-desconfinamiento-gradual-a-partir-del-11-de-mayo","status":"publish","type":"post","link":"https:\/\/digital58.com.ve\/site\/2020\/04\/28\/francia-prepara-un-desconfinamiento-gradual-a-partir-del-11-de-mayo\/","title":{"rendered":"Francia prepara un desconfinamiento gradual a partir del 11 de mayo"},"content":{"rendered":"<p><a href=\"https:\/\/digital58.com.ve\/site\/wp-content\/uploads\/2020\/04\/francia-1.jpg\"><img loading=\"lazy\" decoding=\"async\" class=\"aligncenter size-full wp-image-96161\" src=\"https:\/\/digital58.com.ve\/site\/wp-content\/uploads\/2020\/04\/francia-1.jpg\" alt=\"\" width=\"800\" height=\"533\" srcset=\"https:\/\/digital58.com.ve\/site\/wp-content\/uploads\/2020\/04\/francia-1.jpg 800w, https:\/\/digital58.com.ve\/site\/wp-content\/uploads\/2020\/04\/francia-1-300x200.jpg 300w, https:\/\/digital58.com.ve\/site\/wp-content\/uploads\/2020\/04\/francia-1-768x512.jpg 768w, https:\/\/digital58.com.ve\/site\/wp-content\/uploads\/2020\/04\/francia-1-720x480.jpg 720w, https:\/\/digital58.com.ve\/site\/wp-content\/uploads\/2020\/04\/francia-1-480x320.jpg 480w\" sizes=\"auto, (max-width: 800px) 100vw, 800px\" \/><\/a><\/p>\n<p>Francia comenzar\u00e1 a levantar las medidas de confinamiento por el coronavirus a partir del 11 de mayo para evitar un derrumbe econ\u00f3mico, dijo el martes el primer ministro Edouard Philippe, que no obstante advirti\u00f3 de que las infecciones podr\u00edan volver a aumentar si el pa\u00eds retira las medidas con demasiada rapidez.<\/p>\n<p><strong>Par\u00eds, Francia, 28 de abril de 2020 (ND58).-<\/strong> Las escuelas se reabrir\u00e1n gradualmente y las empresas ser\u00e1n libres de reanudar sus operaciones, dijo Philippe en un discurso ante el Parlamento.<\/p>\n<p>Sin embargo, los restaurantes y cafeter\u00edas permanecer\u00e1n cerrados al menos hasta principios de junio y los deportes profesionales, incluido el f\u00fatbol, no volver\u00e1n a empezar hasta el oto\u00f1o boreal.<\/p>\n<p>\u00abDebemos proteger al pueblo franc\u00e9s sin paralizar a Francia hasta el punto de que se derrumbe\u00bb, dijo Philippe. \u00abDemasiada indulgencia y la epidemia vuelve a dispararse. Demasiada prudencia y el pa\u00eds entero se desmorona\u00bb.<\/p>\n<p>M\u00e1s de 23.000 personas han muerto por la pandemia en Francia, la cuarta cifra m\u00e1s alta del mundo despu\u00e9s de Estados Unidos, Italia y Espa\u00f1a. Sin embargo, el confinamiento ha salvado decenas de miles de vidas, dijo el primer ministro.<\/p>\n<p>Las cifras de hospitalizaci\u00f3n en Francia por COVID-19, la enfermedad pulmonar altamente contagiosa causada por el nuevo coronavirus, han disminuido diariamente durante dos semanas, mientras que el n\u00famero de enfermos en cuidados intensivos se ha reducido durante 19 d\u00edas consecutivos.<\/p>\n<p>El relajamiento de las restricciones se ver\u00e1 acompa\u00f1ado por un ambicioso programa de <em>test<\/em> y aislamiento de los enfermos, seg\u00fan el primer ministro.<\/p>\n<p>El Gobierno est\u00e1 dispuesto a ralentizar o retrasar la desescalada si la tasa de infecci\u00f3n aumenta notablemente, y se han dividido los departamentos administrativos en zonas \u00abrojas\u00bb y \u00abverdes\u00bb.<\/p>\n<p>El Gobierno aprovechar\u00e1 la ralentizaci\u00f3n de la propagaci\u00f3n del virus para rescatar una econom\u00eda en ca\u00edda libre, aunque Philippe dijo que los franceses tendr\u00e1n que adaptarse a un nuevo modo de vida.<\/p>\n<p>\u00abVamos a tener que aprender a vivir con el virus\u00bb, dijo. \u00abDebemos aprender a vivir con el COVID-19 y a protegernos de la enfermedad\u00bb.<\/p>\n<p><strong>Prueba + Aislamiento<\/strong><\/p>\n<p>El plan franc\u00e9s para levantar el confinamiento refleja un acto de equilibrio, entre el deseo del Gobierno de reducir la creciente frustraci\u00f3n de las personas encerradas en sus casas desde mediados de marzo y la necesidad de alejar el riesgo de una segunda ola de infecciones.<\/p>\n<p>Francia implementar\u00e1 una nueva estrategia para las pruebas de COVID-19 a partir del 11 de mayo con el objetivo de examinar a todos los que han estado en contacto con personas infectadas, seg\u00fan Philippe. Se ha fijado como objetivo una capacidad de pruebas de 700.000 por semana.<\/p>\n<p>\u00abUna vez que una persona ha dado positivo, comenzaremos a identificar y hacer pruebas a todos aquellos, sintom\u00e1ticos o no, que han tenido un contacto cercano con ellos. Todos estos casos de contacto ser\u00e1n examinados y se les pedir\u00e1 que se a\u00edslen\u00bb, dijo Philippe.<\/p>\n<p>Tambi\u00e9n dijo que las escuelas primarias de todo el pa\u00eds pueden reabrir sus puertas a partir del 11 de mayo, y las escuelas secundarias a partir del 18 de mayo en las zonas donde la tasa de infecci\u00f3n es d\u00e9bil. Las clases solo se reanudar\u00e1n si no hay m\u00e1s de 15 estudiantes en el aula al mismo tiempo y los alumnos de secundaria tendr\u00e1n que usar mascarillas.<\/p>\n<p>Las empresas deber\u00edan contemplar la posibilidad de trabajar a distancia durante al menos una semana despu\u00e9s del 11 de mayo y cualquier persona que viaje en transporte p\u00fablico o en un taxi tambi\u00e9n tendr\u00eda que llevar una mascarilla.<\/p>\n<p>La prohibici\u00f3n de los deportes profesionales trastorna la temporada 2019-2020 de la Ligue 1 e incide en el ya demorado Tour de Francia, que se hab\u00eda aplazado hasta agosto.<\/p>\n<p>Las medidas propuestas por el Gobierno se someter\u00e1n a votaci\u00f3n tras un debate de dos horas y media, en el que solo 75 de los 577 parlamentarios de la Asamblea Nacional se sentar\u00e1n en la c\u00e1mara para respetar las normas de distanciamiento social.<\/p><div class=\"gjoyt69f3fc60d2162\" ><p style=\"text-align: center;\"><a href=\"https:\/\/t.me\/noticiasdigital58\" target=\"_blank\" rel=\"noopener\"><img class=\"aligncenter size-full wp-image-125363\" src=\"https:\/\/digital58.com.ve\/site\/wp-content\/uploads\/2021\/04\/banner-telegram-web-2021.png\" alt=\"\" width=\"600\" height=\"90\" \/><\/a><\/p><\/div><style type=\"text\/css\">\r\n@media screen and (min-width: 1201px) {\r\n.gjoyt69f3fc60d2162 {\r\ndisplay: block;\r\n}\r\n}\r\n@media screen and (min-width: 993px) and (max-width: 1200px) {\r\n.gjoyt69f3fc60d2162 {\r\ndisplay: block;\r\n}\r\n}\r\n@media screen and (min-width: 769px) and (max-width: 992px) {\r\n.gjoyt69f3fc60d2162 {\r\ndisplay: block;\r\n}\r\n}\r\n@media screen and (min-width: 768px) and (max-width: 768px) {\r\n.gjoyt69f3fc60d2162 {\r\ndisplay: block;\r\n}\r\n}\r\n@media screen and (max-width: 767px) {\r\n.gjoyt69f3fc60d2162 {\r\ndisplay: block;\r\n}\r\n}\r\n<\/style>\r\n\n<p><strong>Fuente: Richard Lough y Michel Rose \/ Reuters<\/strong><br \/>\n<strong>Edici\u00f3n: Villasmil, Henry<\/strong><br \/>\n<strong>Gr\u00e1fica: Reuters<\/strong><\/p>\n<div style=\"margin-top: 0px; margin-bottom: 0px;\" class=\"sharethis-inline-share-buttons\" ><\/div>","protected":false},"excerpt":{"rendered":"<p>Francia comenzar\u00e1 a levantar las medidas de confinamiento por el coronavirus a partir del 11 de mayo para evitar un<\/p>\n","protected":false},"author":1,"featured_media":96161,"comment_status":"open","ping_status":"closed","sticky":false,"template":"","format":"standard","meta":{"colormag_page_container_layout":"default_layout","colormag_page_sidebar_layout":"default_layout","_uag_custom_page_level_css":"","footnotes":""},"categories":[5403,8608,5405],"tags":[13352,13648,13786,40,8,13723],"class_list":["post-96158","post","type-post","status-publish","format-standard","has-post-thumbnail","hentry","category-otros","category-reportajes-especiales","category-salud","tag-coronavirus","tag-covid-19","tag-cuarentena","tag-francia","tag-internacionales","tag-pandemia"],"yoast_head":"<!-- This site is optimized with the Yoast SEO plugin v27.5 - https:\/\/yoast.com\/product\/yoast-seo-wordpress\/ -->\n<title>Francia prepara un desconfinamiento gradual a partir del 11 de mayo<\/title>\n<meta name=\"description\" content=\"Otros\" \/>\n<meta name=\"robots\" content=\"index, follow, max-snippet:-1, max-image-preview:large, max-video-preview:-1\" \/>\n<link rel=\"canonical\" href=\"https:\/\/digital58.com.ve\/site\/2020\/04\/28\/francia-prepara-un-desconfinamiento-gradual-a-partir-del-11-de-mayo\/\" \/>\n<meta property=\"og:locale\" content=\"es_ES\" \/>\n<meta property=\"og:type\" content=\"article\" \/>\n<meta property=\"og:title\" content=\"Francia prepara un desconfinamiento gradual a partir del 11 de mayo\" \/>\n<meta property=\"og:description\" content=\"Otros\" \/>\n<meta property=\"og:url\" content=\"https:\/\/digital58.com.ve\/site\/2020\/04\/28\/francia-prepara-un-desconfinamiento-gradual-a-partir-del-11-de-mayo\/\" \/>\n<meta property=\"og:site_name\" content=\"Noticias Digital58\" \/>\n<meta property=\"article:published_time\" content=\"2020-04-28T19:19:30+00:00\" \/>\n<meta property=\"og:image\" content=\"https:\/\/digital58.com.ve\/site\/wp-content\/uploads\/2020\/04\/francia-1.jpg\" \/>\n\t<meta property=\"og:image:width\" content=\"800\" \/>\n\t<meta property=\"og:image:height\" content=\"533\" \/>\n\t<meta property=\"og:image:type\" content=\"image\/jpeg\" \/>\n<meta name=\"author\" content=\"Villasmil Henry\" \/>\n<meta name=\"twitter:card\" content=\"summary_large_image\" \/>\n<meta name=\"twitter:creator\" content=\"@https:\/\/twitter.com\/villasmilhfoto\" \/>\n<meta name=\"twitter:site\" content=\"@villasmilhfoto\" \/>\n<meta name=\"twitter:label1\" content=\"Escrito por\" \/>\n\t<meta name=\"twitter:data1\" content=\"Villasmil Henry\" \/>\n\t<meta name=\"twitter:label2\" content=\"Tiempo estimado de lectura\" \/>\n\t<meta name=\"twitter:data2\" content=\"4 minutos\" \/>\n<script type=\"application\/ld+json\" class=\"yoast-schema-graph\">{\"@context\":\"https:\\\/\\\/schema.org\",\"@graph\":[{\"@type\":\"Article\",\"@id\":\"https:\\\/\\\/digital58.com.ve\\\/site\\\/2020\\\/04\\\/28\\\/francia-prepara-un-desconfinamiento-gradual-a-partir-del-11-de-mayo\\\/#article\",\"isPartOf\":{\"@id\":\"https:\\\/\\\/digital58.com.ve\\\/site\\\/2020\\\/04\\\/28\\\/francia-prepara-un-desconfinamiento-gradual-a-partir-del-11-de-mayo\\\/\"},\"author\":{\"name\":\"Villasmil Henry\",\"@id\":\"https:\\\/\\\/digital58.com.ve\\\/site\\\/#\\\/schema\\\/person\\\/64d1c2e4d0d4fd1b849980c4331c2951\"},\"headline\":\"Francia prepara un desconfinamiento gradual a partir del 11 de mayo\",\"datePublished\":\"2020-04-28T19:19:30+00:00\",\"mainEntityOfPage\":{\"@id\":\"https:\\\/\\\/digital58.com.ve\\\/site\\\/2020\\\/04\\\/28\\\/francia-prepara-un-desconfinamiento-gradual-a-partir-del-11-de-mayo\\\/\"},\"wordCount\":711,\"commentCount\":0,\"publisher\":{\"@id\":\"https:\\\/\\\/digital58.com.ve\\\/site\\\/#\\\/schema\\\/person\\\/64d1c2e4d0d4fd1b849980c4331c2951\"},\"image\":{\"@id\":\"https:\\\/\\\/digital58.com.ve\\\/site\\\/2020\\\/04\\\/28\\\/francia-prepara-un-desconfinamiento-gradual-a-partir-del-11-de-mayo\\\/#primaryimage\"},\"thumbnailUrl\":\"https:\\\/\\\/digital58.com.ve\\\/site\\\/wp-content\\\/uploads\\\/2020\\\/04\\\/francia-1.jpg\",\"keywords\":[\"Coronavirus\",\"COVID-19\",\"Cuarentena\",\"Francia\",\"Internacionales\",\"Pandemia\"],\"articleSection\":[\"Otros\",\"Reportajes Especiales\",\"Salud\"],\"inLanguage\":\"es\",\"potentialAction\":[{\"@type\":\"CommentAction\",\"name\":\"Comment\",\"target\":[\"https:\\\/\\\/digital58.com.ve\\\/site\\\/2020\\\/04\\\/28\\\/francia-prepara-un-desconfinamiento-gradual-a-partir-del-11-de-mayo\\\/#respond\"]}]},{\"@type\":\"WebPage\",\"@id\":\"https:\\\/\\\/digital58.com.ve\\\/site\\\/2020\\\/04\\\/28\\\/francia-prepara-un-desconfinamiento-gradual-a-partir-del-11-de-mayo\\\/\",\"url\":\"https:\\\/\\\/digital58.com.ve\\\/site\\\/2020\\\/04\\\/28\\\/francia-prepara-un-desconfinamiento-gradual-a-partir-del-11-de-mayo\\\/\",\"name\":\"Francia prepara un desconfinamiento gradual a partir del 11 de mayo\",\"isPartOf\":{\"@id\":\"https:\\\/\\\/digital58.com.ve\\\/site\\\/#website\"},\"primaryImageOfPage\":{\"@id\":\"https:\\\/\\\/digital58.com.ve\\\/site\\\/2020\\\/04\\\/28\\\/francia-prepara-un-desconfinamiento-gradual-a-partir-del-11-de-mayo\\\/#primaryimage\"},\"image\":{\"@id\":\"https:\\\/\\\/digital58.com.ve\\\/site\\\/2020\\\/04\\\/28\\\/francia-prepara-un-desconfinamiento-gradual-a-partir-del-11-de-mayo\\\/#primaryimage\"},\"thumbnailUrl\":\"https:\\\/\\\/digital58.com.ve\\\/site\\\/wp-content\\\/uploads\\\/2020\\\/04\\\/francia-1.jpg\",\"datePublished\":\"2020-04-28T19:19:30+00:00\",\"description\":\"Otros\",\"breadcrumb\":{\"@id\":\"https:\\\/\\\/digital58.com.ve\\\/site\\\/2020\\\/04\\\/28\\\/francia-prepara-un-desconfinamiento-gradual-a-partir-del-11-de-mayo\\\/#breadcrumb\"},\"inLanguage\":\"es\",\"potentialAction\":[{\"@type\":\"ReadAction\",\"target\":[\"https:\\\/\\\/digital58.com.ve\\\/site\\\/2020\\\/04\\\/28\\\/francia-prepara-un-desconfinamiento-gradual-a-partir-del-11-de-mayo\\\/\"]}]},{\"@type\":\"ImageObject\",\"inLanguage\":\"es\",\"@id\":\"https:\\\/\\\/digital58.com.ve\\\/site\\\/2020\\\/04\\\/28\\\/francia-prepara-un-desconfinamiento-gradual-a-partir-del-11-de-mayo\\\/#primaryimage\",\"url\":\"https:\\\/\\\/digital58.com.ve\\\/site\\\/wp-content\\\/uploads\\\/2020\\\/04\\\/francia-1.jpg\",\"contentUrl\":\"https:\\\/\\\/digital58.com.ve\\\/site\\\/wp-content\\\/uploads\\\/2020\\\/04\\\/francia-1.jpg\",\"width\":800,\"height\":533},{\"@type\":\"BreadcrumbList\",\"@id\":\"https:\\\/\\\/digital58.com.ve\\\/site\\\/2020\\\/04\\\/28\\\/francia-prepara-un-desconfinamiento-gradual-a-partir-del-11-de-mayo\\\/#breadcrumb\",\"itemListElement\":[{\"@type\":\"ListItem\",\"position\":1,\"name\":\"Home\",\"item\":\"https:\\\/\\\/digital58.com.ve\\\/site\\\/\"},{\"@type\":\"ListItem\",\"position\":2,\"name\":\"Francia prepara un desconfinamiento gradual a partir del 11 de mayo\"}]},{\"@type\":\"WebSite\",\"@id\":\"https:\\\/\\\/digital58.com.ve\\\/site\\\/#website\",\"url\":\"https:\\\/\\\/digital58.com.ve\\\/site\\\/\",\"name\":\"Noticias Digital58\",\"description\":\"Portal de Noticias \u00a1Periodismo web de verdad! Lanzamiento web 22.11.2005 \\\/ Maracaibo, Venezuela\",\"publisher\":{\"@id\":\"https:\\\/\\\/digital58.com.ve\\\/site\\\/#\\\/schema\\\/person\\\/64d1c2e4d0d4fd1b849980c4331c2951\"},\"alternateName\":\"ND58\",\"potentialAction\":[{\"@type\":\"SearchAction\",\"target\":{\"@type\":\"EntryPoint\",\"urlTemplate\":\"https:\\\/\\\/digital58.com.ve\\\/site\\\/?s={search_term_string}\"},\"query-input\":{\"@type\":\"PropertyValueSpecification\",\"valueRequired\":true,\"valueName\":\"search_term_string\"}}],\"inLanguage\":\"es\"},{\"@type\":[\"Person\",\"Organization\"],\"@id\":\"https:\\\/\\\/digital58.com.ve\\\/site\\\/#\\\/schema\\\/person\\\/64d1c2e4d0d4fd1b849980c4331c2951\",\"name\":\"Villasmil Henry\",\"image\":{\"@type\":\"ImageObject\",\"inLanguage\":\"es\",\"@id\":\"https:\\\/\\\/secure.gravatar.com\\\/avatar\\\/bb0c4a2fcb7970138239f7e404ea75757b1b507b28b5ce4c53fbd62d797c5a7c?s=96&d=mm&r=g\",\"url\":\"https:\\\/\\\/secure.gravatar.com\\\/avatar\\\/bb0c4a2fcb7970138239f7e404ea75757b1b507b28b5ce4c53fbd62d797c5a7c?s=96&d=mm&r=g\",\"contentUrl\":\"https:\\\/\\\/secure.gravatar.com\\\/avatar\\\/bb0c4a2fcb7970138239f7e404ea75757b1b507b28b5ce4c53fbd62d797c5a7c?s=96&d=mm&r=g\",\"caption\":\"Villasmil Henry\"},\"logo\":{\"@id\":\"https:\\\/\\\/secure.gravatar.com\\\/avatar\\\/bb0c4a2fcb7970138239f7e404ea75757b1b507b28b5ce4c53fbd62d797c5a7c?s=96&d=mm&r=g\"},\"sameAs\":[\"http:\\\/\\\/www.henryvillasmil.com.ve\",\"https:\\\/\\\/www.instagram.com\\\/villasmilhfoto\\\/\",\"https:\\\/\\\/x.com\\\/https:\\\/\\\/twitter.com\\\/villasmilhfoto\"],\"url\":\"https:\\\/\\\/digital58.com.ve\\\/site\\\/author\\\/droopy_68\\\/\"}]}<\/script>\n<!-- \/ Yoast SEO plugin. -->","yoast_head_json":{"title":"Francia prepara un desconfinamiento gradual a partir del 11 de mayo","description":"Otros","robots":{"index":"index","follow":"follow","max-snippet":"max-snippet:-1","max-image-preview":"max-image-preview:large","max-video-preview":"max-video-preview:-1"},"canonical":"https:\/\/digital58.com.ve\/site\/2020\/04\/28\/francia-prepara-un-desconfinamiento-gradual-a-partir-del-11-de-mayo\/","og_locale":"es_ES","og_type":"article","og_title":"Francia prepara un desconfinamiento gradual a partir del 11 de mayo","og_description":"Otros","og_url":"https:\/\/digital58.com.ve\/site\/2020\/04\/28\/francia-prepara-un-desconfinamiento-gradual-a-partir-del-11-de-mayo\/","og_site_name":"Noticias Digital58","article_published_time":"2020-04-28T19:19:30+00:00","og_image":[{"width":800,"height":533,"url":"https:\/\/digital58.com.ve\/site\/wp-content\/uploads\/2020\/04\/francia-1.jpg","type":"image\/jpeg"}],"author":"Villasmil Henry","twitter_card":"summary_large_image","twitter_creator":"@https:\/\/twitter.com\/villasmilhfoto","twitter_site":"@villasmilhfoto","twitter_misc":{"Escrito por":"Villasmil Henry","Tiempo estimado de lectura":"4 minutos"},"schema":{"@context":"https:\/\/schema.org","@graph":[{"@type":"Article","@id":"https:\/\/digital58.com.ve\/site\/2020\/04\/28\/francia-prepara-un-desconfinamiento-gradual-a-partir-del-11-de-mayo\/#article","isPartOf":{"@id":"https:\/\/digital58.com.ve\/site\/2020\/04\/28\/francia-prepara-un-desconfinamiento-gradual-a-partir-del-11-de-mayo\/"},"author":{"name":"Villasmil Henry","@id":"https:\/\/digital58.com.ve\/site\/#\/schema\/person\/64d1c2e4d0d4fd1b849980c4331c2951"},"headline":"Francia prepara un desconfinamiento gradual a partir del 11 de mayo","datePublished":"2020-04-28T19:19:30+00:00","mainEntityOfPage":{"@id":"https:\/\/digital58.com.ve\/site\/2020\/04\/28\/francia-prepara-un-desconfinamiento-gradual-a-partir-del-11-de-mayo\/"},"wordCount":711,"commentCount":0,"publisher":{"@id":"https:\/\/digital58.com.ve\/site\/#\/schema\/person\/64d1c2e4d0d4fd1b849980c4331c2951"},"image":{"@id":"https:\/\/digital58.com.ve\/site\/2020\/04\/28\/francia-prepara-un-desconfinamiento-gradual-a-partir-del-11-de-mayo\/#primaryimage"},"thumbnailUrl":"https:\/\/digital58.com.ve\/site\/wp-content\/uploads\/2020\/04\/francia-1.jpg","keywords":["Coronavirus","COVID-19","Cuarentena","Francia","Internacionales","Pandemia"],"articleSection":["Otros","Reportajes Especiales","Salud"],"inLanguage":"es","potentialAction":[{"@type":"CommentAction","name":"Comment","target":["https:\/\/digital58.com.ve\/site\/2020\/04\/28\/francia-prepara-un-desconfinamiento-gradual-a-partir-del-11-de-mayo\/#respond"]}]},{"@type":"WebPage","@id":"https:\/\/digital58.com.ve\/site\/2020\/04\/28\/francia-prepara-un-desconfinamiento-gradual-a-partir-del-11-de-mayo\/","url":"https:\/\/digital58.com.ve\/site\/2020\/04\/28\/francia-prepara-un-desconfinamiento-gradual-a-partir-del-11-de-mayo\/","name":"Francia prepara un desconfinamiento gradual a partir del 11 de mayo","isPartOf":{"@id":"https:\/\/digital58.com.ve\/site\/#website"},"primaryImageOfPage":{"@id":"https:\/\/digital58.com.ve\/site\/2020\/04\/28\/francia-prepara-un-desconfinamiento-gradual-a-partir-del-11-de-mayo\/#primaryimage"},"image":{"@id":"https:\/\/digital58.com.ve\/site\/2020\/04\/28\/francia-prepara-un-desconfinamiento-gradual-a-partir-del-11-de-mayo\/#primaryimage"},"thumbnailUrl":"https:\/\/digital58.com.ve\/site\/wp-content\/uploads\/2020\/04\/francia-1.jpg","datePublished":"2020-04-28T19:19:30+00:00","description":"Otros","breadcrumb":{"@id":"https:\/\/digital58.com.ve\/site\/2020\/04\/28\/francia-prepara-un-desconfinamiento-gradual-a-partir-del-11-de-mayo\/#breadcrumb"},"inLanguage":"es","potentialAction":[{"@type":"ReadAction","target":["https:\/\/digital58.com.ve\/site\/2020\/04\/28\/francia-prepara-un-desconfinamiento-gradual-a-partir-del-11-de-mayo\/"]}]},{"@type":"ImageObject","inLanguage":"es","@id":"https:\/\/digital58.com.ve\/site\/2020\/04\/28\/francia-prepara-un-desconfinamiento-gradual-a-partir-del-11-de-mayo\/#primaryimage","url":"https:\/\/digital58.com.ve\/site\/wp-content\/uploads\/2020\/04\/francia-1.jpg","contentUrl":"https:\/\/digital58.com.ve\/site\/wp-content\/uploads\/2020\/04\/francia-1.jpg","width":800,"height":533},{"@type":"BreadcrumbList","@id":"https:\/\/digital58.com.ve\/site\/2020\/04\/28\/francia-prepara-un-desconfinamiento-gradual-a-partir-del-11-de-mayo\/#breadcrumb","itemListElement":[{"@type":"ListItem","position":1,"name":"Home","item":"https:\/\/digital58.com.ve\/site\/"},{"@type":"ListItem","position":2,"name":"Francia prepara un desconfinamiento gradual a partir del 11 de mayo"}]},{"@type":"WebSite","@id":"https:\/\/digital58.com.ve\/site\/#website","url":"https:\/\/digital58.com.ve\/site\/","name":"Noticias Digital58","description":"Portal de Noticias \u00a1Periodismo web de verdad! Lanzamiento web 22.11.2005 \/ Maracaibo, Venezuela","publisher":{"@id":"https:\/\/digital58.com.ve\/site\/#\/schema\/person\/64d1c2e4d0d4fd1b849980c4331c2951"},"alternateName":"ND58","potentialAction":[{"@type":"SearchAction","target":{"@type":"EntryPoint","urlTemplate":"https:\/\/digital58.com.ve\/site\/?s={search_term_string}"},"query-input":{"@type":"PropertyValueSpecification","valueRequired":true,"valueName":"search_term_string"}}],"inLanguage":"es"},{"@type":["Person","Organization"],"@id":"https:\/\/digital58.com.ve\/site\/#\/schema\/person\/64d1c2e4d0d4fd1b849980c4331c2951","name":"Villasmil Henry","image":{"@type":"ImageObject","inLanguage":"es","@id":"https:\/\/secure.gravatar.com\/avatar\/bb0c4a2fcb7970138239f7e404ea75757b1b507b28b5ce4c53fbd62d797c5a7c?s=96&d=mm&r=g","url":"https:\/\/secure.gravatar.com\/avatar\/bb0c4a2fcb7970138239f7e404ea75757b1b507b28b5ce4c53fbd62d797c5a7c?s=96&d=mm&r=g","contentUrl":"https:\/\/secure.gravatar.com\/avatar\/bb0c4a2fcb7970138239f7e404ea75757b1b507b28b5ce4c53fbd62d797c5a7c?s=96&d=mm&r=g","caption":"Villasmil Henry"},"logo":{"@id":"https:\/\/secure.gravatar.com\/avatar\/bb0c4a2fcb7970138239f7e404ea75757b1b507b28b5ce4c53fbd62d797c5a7c?s=96&d=mm&r=g"},"sameAs":["http:\/\/www.henryvillasmil.com.ve","https:\/\/www.instagram.com\/villasmilhfoto\/","https:\/\/x.com\/https:\/\/twitter.com\/villasmilhfoto"],"url":"https:\/\/digital58.com.ve\/site\/author\/droopy_68\/"}]}},"uagb_featured_image_src":{"full":["https:\/\/digital58.com.ve\/site\/wp-content\/uploads\/2020\/04\/francia-1.jpg",800,533,false],"thumbnail":["https:\/\/digital58.com.ve\/site\/wp-content\/uploads\/2020\/04\/francia-1-150x150.jpg",150,150,true],"medium":["https:\/\/digital58.com.ve\/site\/wp-content\/uploads\/2020\/04\/francia-1-300x200.jpg",300,200,true],"medium_large":["https:\/\/digital58.com.ve\/site\/wp-content\/uploads\/2020\/04\/francia-1-768x512.jpg",768,512,true],"large":["https:\/\/digital58.com.ve\/site\/wp-content\/uploads\/2020\/04\/francia-1.jpg",800,533,false],"1536x1536":["https:\/\/digital58.com.ve\/site\/wp-content\/uploads\/2020\/04\/francia-1.jpg",800,533,false],"2048x2048":["https:\/\/digital58.com.ve\/site\/wp-content\/uploads\/2020\/04\/francia-1.jpg",800,533,false],"colormag-highlighted-post":["https:\/\/digital58.com.ve\/site\/wp-content\/uploads\/2020\/04\/francia-1.jpg",392,261,false],"colormag-featured-post-medium":["https:\/\/digital58.com.ve\/site\/wp-content\/uploads\/2020\/04\/francia-1.jpg",308,205,false],"colormag-featured-post-small":["https:\/\/digital58.com.ve\/site\/wp-content\/uploads\/2020\/04\/francia-1.jpg",130,87,false],"colormag-featured-image":["https:\/\/digital58.com.ve\/site\/wp-content\/uploads\/2020\/04\/francia-1.jpg",668,445,false],"colormag-default-news":["https:\/\/digital58.com.ve\/site\/wp-content\/uploads\/2020\/04\/francia-1.jpg",150,100,false],"colormag-featured-image-large":["https:\/\/digital58.com.ve\/site\/wp-content\/uploads\/2020\/04\/francia-1.jpg",800,533,false]},"uagb_author_info":{"display_name":"Villasmil Henry","author_link":"https:\/\/digital58.com.ve\/site\/author\/droopy_68\/"},"uagb_comment_info":0,"uagb_excerpt":"Francia comenzar\u00e1 a levantar las medidas de confinamiento por el coronavirus a partir del 11 de mayo para evitar un","_links":{"self":[{"href":"https:\/\/digital58.com.ve\/site\/wp-json\/wp\/v2\/posts\/96158","targetHints":{"allow":["GET"]}}],"collection":[{"href":"https:\/\/digital58.com.ve\/site\/wp-json\/wp\/v2\/posts"}],"about":[{"href":"https:\/\/digital58.com.ve\/site\/wp-json\/wp\/v2\/types\/post"}],"author":[{"embeddable":true,"href":"https:\/\/digital58.com.ve\/site\/wp-json\/wp\/v2\/users\/1"}],"replies":[{"embeddable":true,"href":"https:\/\/digital58.com.ve\/site\/wp-json\/wp\/v2\/comments?post=96158"}],"version-history":[{"count":0,"href":"https:\/\/digital58.com.ve\/site\/wp-json\/wp\/v2\/posts\/96158\/revisions"}],"wp:featuredmedia":[{"embeddable":true,"href":"https:\/\/digital58.com.ve\/site\/wp-json\/wp\/v2\/media\/96161"}],"wp:attachment":[{"href":"https:\/\/digital58.com.ve\/site\/wp-json\/wp\/v2\/media?parent=96158"}],"wp:term":[{"taxonomy":"category","embeddable":true,"href":"https:\/\/digital58.com.ve\/site\/wp-json\/wp\/v2\/categories?post=96158"},{"taxonomy":"post_tag","embeddable":true,"href":"https:\/\/digital58.com.ve\/site\/wp-json\/wp\/v2\/tags?post=96158"}],"curies":[{"name":"wp","href":"https:\/\/api.w.org\/{rel}","templated":true}]}}