{"id":96183,"date":"2020-04-28T16:08:35","date_gmt":"2020-04-28T20:08:35","guid":{"rendered":"https:\/\/digital58.com.ve\/site\/?p=96183"},"modified":"2020-04-28T16:08:35","modified_gmt":"2020-04-28T20:08:35","slug":"estas-son-las-cuatro-fases-de-la-desescalada-en-espana-aprobadas-por-el-gobierno","status":"publish","type":"post","link":"https:\/\/digital58.com.ve\/site\/2020\/04\/28\/estas-son-las-cuatro-fases-de-la-desescalada-en-espana-aprobadas-por-el-gobierno\/","title":{"rendered":"Estas son las cuatro fases de la desescalada en Espa\u00f1a aprobadas por el Gobierno"},"content":{"rendered":"<p><a href=\"https:\/\/digital58.com.ve\/site\/wp-content\/uploads\/2020\/04\/espa\u00f1a-1.jpg\"><img loading=\"lazy\" decoding=\"async\" class=\"aligncenter size-full wp-image-96187\" src=\"https:\/\/digital58.com.ve\/site\/wp-content\/uploads\/2020\/04\/espa\u00f1a-1.jpg\" alt=\"\" width=\"1500\" height=\"1000\" srcset=\"https:\/\/digital58.com.ve\/site\/wp-content\/uploads\/2020\/04\/espa\u00f1a-1.jpg 800w, https:\/\/digital58.com.ve\/site\/wp-content\/uploads\/2020\/04\/espa\u00f1a-1-300x200.jpg 300w, https:\/\/digital58.com.ve\/site\/wp-content\/uploads\/2020\/04\/espa\u00f1a-1-768x512.jpg 768w, https:\/\/digital58.com.ve\/site\/wp-content\/uploads\/2020\/04\/espa\u00f1a-1-720x480.jpg 720w, https:\/\/digital58.com.ve\/site\/wp-content\/uploads\/2020\/04\/espa\u00f1a-1-480x320.jpg 480w\" sizes=\"auto, (max-width: 1500px) 100vw, 1500px\" \/><\/a><\/p>\n<p>El presidente del Gobierno, Pedro S\u00e1nchez, ha presentado este martes un plan de desescalada por provincias dividido en cuatro fases, que ir\u00e1n poni\u00e9ndose en marcha de forma gradual en funci\u00f3n de la situaci\u00f3n sanitaria y epidemiol\u00f3gica de cada zona. La primera fase ha empezado ya en toda Espa\u00f1a, y se extender\u00e1 hasta el 10 de mayo, cuando comenzar\u00e1 la siguiente etapa del desconfinamiento.<\/p>\n<p><strong>Madrid, Espa\u00f1a, 28 de abril de 2020 (ND58).-<\/strong> Cada etapa durar\u00e1 un m\u00ednimo de dos semanas, por lo que Pedro S\u00e1nchez prev\u00e9 que no se podr\u00e1 volver a la normalidad antes de finales de junio<\/p>\n<p><strong>Estas son las distintas fases y lo que se puede hacer en cada una de ellas:<\/strong><\/p>\n<p><strong>Fase 0: preparaci\u00f3n<\/strong><\/p>\n<p><span class=\"st\">\u2014<\/span>Toda Espa\u00f1a se encuentra ya en esta fase 0 de la desescalada. Algunas islas canarias (La Gomera, El Hierro y La Graciosa) y baleares (Formentera) tendr\u00e1n menos restricciones a partir del 4 de mayo, cuando pasar\u00e1n a la fase 1. El resto del pa\u00eds no llegar\u00e1 a esa etapa hasta el 10 de mayo.<\/p>\n<p><span class=\"st\">\u2014<\/span>Aparte de medidas de alivio comunes como la salida de ni\u00f1os, el deporte individual y paseos en familia que viven en el mismo domicilio (a partir del fin de semana), se abren \u00abpeque\u00f1os resquicios\u00bb de la actividad econ\u00f3mica.<\/p>\n<p>Las condiciones del deporte individual o de los paseos en familia no se han establecido todav\u00eda y se har\u00e1n p\u00fablicas en los pr\u00f3ximos d\u00edas, aunque Pedro S\u00e1nchez confirm\u00f3 la posibilidad de que se establezcan franjas horarias.<\/p>\n<p><span class=\"st\">\u2014<\/span>Apertura de locales con cita previa. Por ejemplo, entre otros, restaurantes con servicio de comida a domicilio o peluquer\u00edas, siempre con cita previa.<\/p>\n<p><span class=\"st\">\u2014<\/span>Se permiten los entrenamientos individuales de deportistas federados y ligas profesionales.<\/p>\n<p><strong>Fase 1: inicio<\/strong><\/p>\n<p><span class=\"st\">\u2014<\/span>Movilidad: posibilidad de moverse dentro de una misma provincia.<\/p>\n<p>-Comercios: Empezar\u00e1n las actividades en el peque\u00f1o comercio \u00aben condiciones de estricta seguridad\u00bb, no as\u00ed en grandes superficies \u00abdonde son m\u00e1s probables las aglomeraciones\u00bb.<\/p>\n<p><span class=\"st\">\u2014<\/span>Restauraci\u00f3n: Se permitir\u00e1 la apertura de terrazas al 30 % de su capacidad, sin afluencia de clientes en el interior del local.<\/p>\n<p><span class=\"st\">\u2014<\/span>Hoteles: Tambi\u00e9n se empezar\u00e1 a permitir la apertura de hoteles y otros alojamientos tur\u00edsticos excluyendo zonas comunes y con un horario preferente para mayores de 65 a\u00f1os.<\/p>\n<p><span class=\"st\">\u2014<\/span>Sector agroalimentario: Comenzar\u00e1 la reanudaci\u00f3n de la actividad agroalimentaria que hab\u00eda sido detenida en el decreto del estado de alarma.<\/p>\n<p><span class=\"st\">\u2014<\/span>Lugares de culto: Pueden abrir con su aforo limitado a un tercio.<\/p>\n<p><span class=\"st\">\u2014<\/span>Deporte profesional: Los deportistas profesionales tendr\u00e1n menos restricciones, ya que se autorizar\u00e1 el \u00abentrenamiento medio\u00bb en ligas profesionales y en centros de alto rendimiento.<\/p>\n<p><span class=\"st\">\u2014<\/span>Se abre la posibilidad de contacto social entre personas sin patolog\u00edas previas y que no sean vulnerables y se establecer\u00e1n condiciones m\u00e1s limitativas para personas mayores o con patolog\u00edas<\/p>\n<p><strong>Fase 2: intermedia<\/strong><\/p>\n<p><span class=\"st\">\u2014<\/span>Restauraci\u00f3n: Se abrir\u00e1 espacio interior de los locales con un tercio del aforo, siempre y cuando haya \u00abgarant\u00edas de separaci\u00f3n y solo para servicio de mesas\u00bb.<\/p>\n<p><span class=\"st\">\u2014<\/span>Educaci\u00f3n: El curso escolar empezar\u00e1 en septiembre, pero en esta fase se establecen excepciones para reabrir centros educativos. Podr\u00e1n abrir para actividades de refuerzo, para garantizar que los ni\u00f1os menores de seis a\u00f1os puedan acudir al centro si los dos padres tienen que trabajar presencialmente y para hacer la selectividad.<\/p>\n<p><span class=\"st\">\u2014<\/span>Cines y teatros: Reabrir\u00e1n cines, teatros, auditorios y otros espacios similares con \u00abbutaca preasignada\u00bb y el aforo limitado a un tercio del habitual. Tambi\u00e9n se podr\u00e1n visitar monumentos y salas de exposiciones, con la misma restricci\u00f3n de aforo.<\/p>\n<p><span class=\"st\">\u2014<\/span>Conciertos: Adem\u00e1s, se podr\u00e1n celebrar espect\u00e1culos culturales como conciertos en espacios cerrados con un tercio del aforo habitual. Si son al aire libre, se permitir\u00e1 que se congreguen hasta 400 personas, siempre y cuando est\u00e9n sentadas.<\/p>\n<p><span class=\"st\">\u2014<\/span>Lugares de culto: El aforo queda limitado al 50 %, en vez del tercio de la fase anterior.<\/p>\n<p><strong>Fase 3: avanzada<\/strong><\/p>\n<p><span class=\"st\">\u2014<\/span>S\u00e1nchez ha explicado que en esta fase \u00abse flexibilizar\u00e1 la movilidad general\u00bb y ha destacado que, aunque sea la menos restrictiva, seguir\u00e1 siendo recomendable el uso de mascarillas en el transporte p\u00fablico, como en todas las fases anteriores.<\/p>\n<p><span class=\"st\">\u2014<\/span>Comercio: Se limitar\u00e1 el aforo al 50 %, con la obligatoriedad de que haya una distancia m\u00ednima de dos metros entre personas.<\/p>\n<p><span class=\"st\">\u2014<\/span>Restauraci\u00f3n: S\u00e1nchez no ha detallado el aforo de bares y restaurantes en esta fase, pero ha explicado que se suavizar\u00e1n a\u00fan m\u00e1s las restricciones, manteniendo las condiciones de separaci\u00f3n entre clientes.<\/p>\n<p><strong>\u00bfCu\u00e1nto durar\u00e1 la desescalada?<\/strong><\/p>\n<p>Cada una de las cuatro fases tendr\u00e1 una duraci\u00f3n m\u00ednima de dos semanas, que es el periodo de incubaci\u00f3n de la enfermedad. La duraci\u00f3n m\u00e1xima si todo transcurre como hasta ahora ser\u00eda de ocho semanas. A finales de junio, si la curva epidemiol\u00f3gica sigue la misma tendencia que hasta ahora, estar\u00edamos como pa\u00eds en la nueva normalidad.<\/p>\n<p><strong>\u00bfSer\u00e1 al mismo ritmo en toda Espa\u00f1a?<\/strong><\/p>\n<p>No, la desescalada ser\u00e1 \u00abasim\u00e9trica\u00bb. Las reglas ser\u00e1n iguales para todos, pero se pondr\u00e1n en marcha a ritmos diferentes en cada territorio. El presidente ha explicado que la unidad de medida ser\u00e1 \u00abla provincia y la isla\u00bb. Esto quiere decir que Palencia y \u00c1vila podr\u00edan entrar en diferentes fechas en las fases distintas del desconfinamiento.<\/p>\n<p><strong>\u00bfC\u00f3mo se decide qu\u00e9 territorios cambian de fase?<\/strong><\/p>\n<p>Hay cuatro criterios con los que se medir\u00e1 si una provincia o isla pueden avanzar a la siguiente fase tras las dos semanas que, como m\u00ednimo, durar\u00e1 cada etapa. Estos son la \u00abcapacidad del sistema sanitario\u00bb, con especial atenci\u00f3n a la presi\u00f3n asistencial de las UCI, la situaci\u00f3n epidemiol\u00f3gica de la zona, las medidas de protecci\u00f3n en los espacios p\u00fablicos y los datos de movilidad y socioecon\u00f3micos de dicha isla o provincia.<\/p>\n<p><strong>\u00bfY viajar para cu\u00e1ndo?<\/strong><\/p>\n<p>La idea es recuperar poco a poco el movimiento, pero sin desplazarse entre provincias hasta que no termine la desescalada a finales de junio, pero s\u00ed se permitir\u00e1 para trabajar, como sucede ahora, y para algunas situaciones extraordinarias como un velatorio.<\/p>\n<p>Lo que no podr\u00e1n los ciudadanos, ha explicado S\u00e1nchez, es ir a sus segundas residencias si est\u00e1n en otra provincia hasta que finalice la desescalada:<\/p>\n<p>\u00abSi usted vive en Almer\u00eda, y est\u00e1 en la fase 2, y C\u00e1diz est\u00e1 en la fase 3, pues l\u00f3gicamente no podr\u00e1 transitar, o no podr\u00e1 ir de Almer\u00eda a C\u00e1diz a disfrutar de los servicios tan fant\u00e1sticos hoteleros que tienen en C\u00e1diz. Tienen que esperar todas las provincias a la nueva normalidad, es decir, haber transitado todas las fases. En el momento que Almer\u00eda, C\u00e1diz, o Sevilla y C\u00e1diz, est\u00e9n en la nueva normalidad, pues l\u00f3gicamente quien tenga una segunda residencia en C\u00e1diz y viva en Sevilla, podr\u00e1 ir; o quien viva en C\u00e1diz y quiera disfrutar de las playas de Almer\u00eda, podr\u00e1 hacerlo, pero siempre en la nueva normalidad, no antes\u00bb.<\/p><div class=\"rovno69f3444a769de\" ><p style=\"text-align: center;\"><a href=\"https:\/\/t.me\/noticiasdigital58\" target=\"_blank\" rel=\"noopener\"><img class=\"aligncenter size-full wp-image-125363\" src=\"https:\/\/digital58.com.ve\/site\/wp-content\/uploads\/2021\/04\/banner-telegram-web-2021.png\" alt=\"\" width=\"600\" height=\"90\" \/><\/a><\/p><\/div><style type=\"text\/css\">\r\n@media screen and (min-width: 1201px) {\r\n.rovno69f3444a769de {\r\ndisplay: block;\r\n}\r\n}\r\n@media screen and (min-width: 993px) and (max-width: 1200px) {\r\n.rovno69f3444a769de {\r\ndisplay: block;\r\n}\r\n}\r\n@media screen and (min-width: 769px) and (max-width: 992px) {\r\n.rovno69f3444a769de {\r\ndisplay: block;\r\n}\r\n}\r\n@media screen and (min-width: 768px) and (max-width: 768px) {\r\n.rovno69f3444a769de {\r\ndisplay: block;\r\n}\r\n}\r\n@media screen and (max-width: 767px) {\r\n.rovno69f3444a769de {\r\ndisplay: block;\r\n}\r\n}\r\n<\/style>\r\n\n<p><strong>Fuente: ElPa\u00eds<\/strong><br \/>\n<strong>Edici\u00f3n: Villasmil, Henry<\/strong><br \/>\n<strong>Gr\u00e1fica: Alejandro Garc\u00eda \/ EFE<\/strong><\/p>\n<div style=\"margin-top: 0px; margin-bottom: 0px;\" class=\"sharethis-inline-share-buttons\" ><\/div>","protected":false},"excerpt":{"rendered":"<p>El presidente del Gobierno, Pedro S\u00e1nchez, ha presentado este martes un plan de desescalada por provincias dividido en cuatro fases,<\/p>\n","protected":false},"author":1,"featured_media":96187,"comment_status":"open","ping_status":"closed","sticky":false,"template":"","format":"standard","meta":{"colormag_page_container_layout":"default_layout","colormag_page_sidebar_layout":"default_layout","_uag_custom_page_level_css":"","footnotes":""},"categories":[5403,8608,5405],"tags":[13352,13648,13786,14146,115,8,13723],"class_list":["post-96183","post","type-post","status-publish","format-standard","has-post-thumbnail","hentry","category-otros","category-reportajes-especiales","category-salud","tag-coronavirus","tag-covid-19","tag-cuarentena","tag-desescalada","tag-espana","tag-internacionales","tag-pandemia"],"yoast_head":"<!-- This site is optimized with the Yoast SEO plugin v27.5 - https:\/\/yoast.com\/product\/yoast-seo-wordpress\/ -->\n<title>Estas son las cuatro fases de la desescalada en Espa\u00f1a aprobadas por el Gobierno<\/title>\n<meta name=\"description\" content=\"Otros\" \/>\n<meta name=\"robots\" content=\"index, follow, max-snippet:-1, max-image-preview:large, max-video-preview:-1\" \/>\n<link rel=\"canonical\" href=\"https:\/\/digital58.com.ve\/site\/2020\/04\/28\/estas-son-las-cuatro-fases-de-la-desescalada-en-espana-aprobadas-por-el-gobierno\/\" \/>\n<meta property=\"og:locale\" content=\"es_ES\" \/>\n<meta property=\"og:type\" content=\"article\" \/>\n<meta property=\"og:title\" content=\"Estas son las cuatro fases de la desescalada en Espa\u00f1a aprobadas por el Gobierno\" \/>\n<meta property=\"og:description\" content=\"Otros\" \/>\n<meta property=\"og:url\" content=\"https:\/\/digital58.com.ve\/site\/2020\/04\/28\/estas-son-las-cuatro-fases-de-la-desescalada-en-espana-aprobadas-por-el-gobierno\/\" \/>\n<meta property=\"og:site_name\" content=\"Noticias Digital58\" \/>\n<meta property=\"article:published_time\" content=\"2020-04-28T20:08:35+00:00\" \/>\n<meta property=\"og:image\" content=\"https:\/\/digital58.com.ve\/site\/wp-content\/uploads\/2020\/04\/espa\u00f1a-1.jpg\" \/>\n\t<meta property=\"og:image:width\" content=\"1500\" \/>\n\t<meta property=\"og:image:height\" content=\"1000\" \/>\n\t<meta property=\"og:image:type\" content=\"image\/jpeg\" \/>\n<meta name=\"author\" content=\"Villasmil Henry\" \/>\n<meta name=\"twitter:card\" content=\"summary_large_image\" \/>\n<meta name=\"twitter:creator\" content=\"@https:\/\/twitter.com\/villasmilhfoto\" \/>\n<meta name=\"twitter:site\" content=\"@villasmilhfoto\" \/>\n<meta name=\"twitter:label1\" content=\"Escrito por\" \/>\n\t<meta name=\"twitter:data1\" content=\"Villasmil Henry\" \/>\n\t<meta name=\"twitter:label2\" content=\"Tiempo estimado de lectura\" \/>\n\t<meta name=\"twitter:data2\" content=\"6 minutos\" \/>\n<script type=\"application\/ld+json\" class=\"yoast-schema-graph\">{\"@context\":\"https:\\\/\\\/schema.org\",\"@graph\":[{\"@type\":\"Article\",\"@id\":\"https:\\\/\\\/digital58.com.ve\\\/site\\\/2020\\\/04\\\/28\\\/estas-son-las-cuatro-fases-de-la-desescalada-en-espana-aprobadas-por-el-gobierno\\\/#article\",\"isPartOf\":{\"@id\":\"https:\\\/\\\/digital58.com.ve\\\/site\\\/2020\\\/04\\\/28\\\/estas-son-las-cuatro-fases-de-la-desescalada-en-espana-aprobadas-por-el-gobierno\\\/\"},\"author\":{\"name\":\"Villasmil Henry\",\"@id\":\"https:\\\/\\\/digital58.com.ve\\\/site\\\/#\\\/schema\\\/person\\\/64d1c2e4d0d4fd1b849980c4331c2951\"},\"headline\":\"Estas son las cuatro fases de la desescalada en Espa\u00f1a aprobadas por el Gobierno\",\"datePublished\":\"2020-04-28T20:08:35+00:00\",\"mainEntityOfPage\":{\"@id\":\"https:\\\/\\\/digital58.com.ve\\\/site\\\/2020\\\/04\\\/28\\\/estas-son-las-cuatro-fases-de-la-desescalada-en-espana-aprobadas-por-el-gobierno\\\/\"},\"wordCount\":1214,\"commentCount\":0,\"publisher\":{\"@id\":\"https:\\\/\\\/digital58.com.ve\\\/site\\\/#\\\/schema\\\/person\\\/64d1c2e4d0d4fd1b849980c4331c2951\"},\"image\":{\"@id\":\"https:\\\/\\\/digital58.com.ve\\\/site\\\/2020\\\/04\\\/28\\\/estas-son-las-cuatro-fases-de-la-desescalada-en-espana-aprobadas-por-el-gobierno\\\/#primaryimage\"},\"thumbnailUrl\":\"https:\\\/\\\/digital58.com.ve\\\/site\\\/wp-content\\\/uploads\\\/2020\\\/04\\\/espa\u00f1a-1.jpg\",\"keywords\":[\"Coronavirus\",\"COVID-19\",\"Cuarentena\",\"Desescalada\",\"Espa\u00f1a\",\"Internacionales\",\"Pandemia\"],\"articleSection\":[\"Otros\",\"Reportajes Especiales\",\"Salud\"],\"inLanguage\":\"es\",\"potentialAction\":[{\"@type\":\"CommentAction\",\"name\":\"Comment\",\"target\":[\"https:\\\/\\\/digital58.com.ve\\\/site\\\/2020\\\/04\\\/28\\\/estas-son-las-cuatro-fases-de-la-desescalada-en-espana-aprobadas-por-el-gobierno\\\/#respond\"]}]},{\"@type\":\"WebPage\",\"@id\":\"https:\\\/\\\/digital58.com.ve\\\/site\\\/2020\\\/04\\\/28\\\/estas-son-las-cuatro-fases-de-la-desescalada-en-espana-aprobadas-por-el-gobierno\\\/\",\"url\":\"https:\\\/\\\/digital58.com.ve\\\/site\\\/2020\\\/04\\\/28\\\/estas-son-las-cuatro-fases-de-la-desescalada-en-espana-aprobadas-por-el-gobierno\\\/\",\"name\":\"Estas son las cuatro fases de la desescalada en Espa\u00f1a aprobadas por el Gobierno\",\"isPartOf\":{\"@id\":\"https:\\\/\\\/digital58.com.ve\\\/site\\\/#website\"},\"primaryImageOfPage\":{\"@id\":\"https:\\\/\\\/digital58.com.ve\\\/site\\\/2020\\\/04\\\/28\\\/estas-son-las-cuatro-fases-de-la-desescalada-en-espana-aprobadas-por-el-gobierno\\\/#primaryimage\"},\"image\":{\"@id\":\"https:\\\/\\\/digital58.com.ve\\\/site\\\/2020\\\/04\\\/28\\\/estas-son-las-cuatro-fases-de-la-desescalada-en-espana-aprobadas-por-el-gobierno\\\/#primaryimage\"},\"thumbnailUrl\":\"https:\\\/\\\/digital58.com.ve\\\/site\\\/wp-content\\\/uploads\\\/2020\\\/04\\\/espa\u00f1a-1.jpg\",\"datePublished\":\"2020-04-28T20:08:35+00:00\",\"description\":\"Otros\",\"breadcrumb\":{\"@id\":\"https:\\\/\\\/digital58.com.ve\\\/site\\\/2020\\\/04\\\/28\\\/estas-son-las-cuatro-fases-de-la-desescalada-en-espana-aprobadas-por-el-gobierno\\\/#breadcrumb\"},\"inLanguage\":\"es\",\"potentialAction\":[{\"@type\":\"ReadAction\",\"target\":[\"https:\\\/\\\/digital58.com.ve\\\/site\\\/2020\\\/04\\\/28\\\/estas-son-las-cuatro-fases-de-la-desescalada-en-espana-aprobadas-por-el-gobierno\\\/\"]}]},{\"@type\":\"ImageObject\",\"inLanguage\":\"es\",\"@id\":\"https:\\\/\\\/digital58.com.ve\\\/site\\\/2020\\\/04\\\/28\\\/estas-son-las-cuatro-fases-de-la-desescalada-en-espana-aprobadas-por-el-gobierno\\\/#primaryimage\",\"url\":\"https:\\\/\\\/digital58.com.ve\\\/site\\\/wp-content\\\/uploads\\\/2020\\\/04\\\/espa\u00f1a-1.jpg\",\"contentUrl\":\"https:\\\/\\\/digital58.com.ve\\\/site\\\/wp-content\\\/uploads\\\/2020\\\/04\\\/espa\u00f1a-1.jpg\",\"width\":800,\"height\":533},{\"@type\":\"BreadcrumbList\",\"@id\":\"https:\\\/\\\/digital58.com.ve\\\/site\\\/2020\\\/04\\\/28\\\/estas-son-las-cuatro-fases-de-la-desescalada-en-espana-aprobadas-por-el-gobierno\\\/#breadcrumb\",\"itemListElement\":[{\"@type\":\"ListItem\",\"position\":1,\"name\":\"Home\",\"item\":\"https:\\\/\\\/digital58.com.ve\\\/site\\\/\"},{\"@type\":\"ListItem\",\"position\":2,\"name\":\"Estas son las cuatro fases de la desescalada en Espa\u00f1a aprobadas por el Gobierno\"}]},{\"@type\":\"WebSite\",\"@id\":\"https:\\\/\\\/digital58.com.ve\\\/site\\\/#website\",\"url\":\"https:\\\/\\\/digital58.com.ve\\\/site\\\/\",\"name\":\"Noticias Digital58\",\"description\":\"Portal de Noticias \u00a1Periodismo web de verdad! Lanzamiento web 22.11.2005 \\\/ Maracaibo, Venezuela\",\"publisher\":{\"@id\":\"https:\\\/\\\/digital58.com.ve\\\/site\\\/#\\\/schema\\\/person\\\/64d1c2e4d0d4fd1b849980c4331c2951\"},\"alternateName\":\"ND58\",\"potentialAction\":[{\"@type\":\"SearchAction\",\"target\":{\"@type\":\"EntryPoint\",\"urlTemplate\":\"https:\\\/\\\/digital58.com.ve\\\/site\\\/?s={search_term_string}\"},\"query-input\":{\"@type\":\"PropertyValueSpecification\",\"valueRequired\":true,\"valueName\":\"search_term_string\"}}],\"inLanguage\":\"es\"},{\"@type\":[\"Person\",\"Organization\"],\"@id\":\"https:\\\/\\\/digital58.com.ve\\\/site\\\/#\\\/schema\\\/person\\\/64d1c2e4d0d4fd1b849980c4331c2951\",\"name\":\"Villasmil Henry\",\"image\":{\"@type\":\"ImageObject\",\"inLanguage\":\"es\",\"@id\":\"https:\\\/\\\/secure.gravatar.com\\\/avatar\\\/bb0c4a2fcb7970138239f7e404ea75757b1b507b28b5ce4c53fbd62d797c5a7c?s=96&d=mm&r=g\",\"url\":\"https:\\\/\\\/secure.gravatar.com\\\/avatar\\\/bb0c4a2fcb7970138239f7e404ea75757b1b507b28b5ce4c53fbd62d797c5a7c?s=96&d=mm&r=g\",\"contentUrl\":\"https:\\\/\\\/secure.gravatar.com\\\/avatar\\\/bb0c4a2fcb7970138239f7e404ea75757b1b507b28b5ce4c53fbd62d797c5a7c?s=96&d=mm&r=g\",\"caption\":\"Villasmil Henry\"},\"logo\":{\"@id\":\"https:\\\/\\\/secure.gravatar.com\\\/avatar\\\/bb0c4a2fcb7970138239f7e404ea75757b1b507b28b5ce4c53fbd62d797c5a7c?s=96&d=mm&r=g\"},\"sameAs\":[\"http:\\\/\\\/www.henryvillasmil.com.ve\",\"https:\\\/\\\/www.instagram.com\\\/villasmilhfoto\\\/\",\"https:\\\/\\\/x.com\\\/https:\\\/\\\/twitter.com\\\/villasmilhfoto\"],\"url\":\"https:\\\/\\\/digital58.com.ve\\\/site\\\/author\\\/droopy_68\\\/\"}]}<\/script>\n<!-- \/ Yoast SEO plugin. -->","yoast_head_json":{"title":"Estas son las cuatro fases de la desescalada en Espa\u00f1a aprobadas por el Gobierno","description":"Otros","robots":{"index":"index","follow":"follow","max-snippet":"max-snippet:-1","max-image-preview":"max-image-preview:large","max-video-preview":"max-video-preview:-1"},"canonical":"https:\/\/digital58.com.ve\/site\/2020\/04\/28\/estas-son-las-cuatro-fases-de-la-desescalada-en-espana-aprobadas-por-el-gobierno\/","og_locale":"es_ES","og_type":"article","og_title":"Estas son las cuatro fases de la desescalada en Espa\u00f1a aprobadas por el Gobierno","og_description":"Otros","og_url":"https:\/\/digital58.com.ve\/site\/2020\/04\/28\/estas-son-las-cuatro-fases-de-la-desescalada-en-espana-aprobadas-por-el-gobierno\/","og_site_name":"Noticias Digital58","article_published_time":"2020-04-28T20:08:35+00:00","og_image":[{"width":1500,"height":1000,"url":"https:\/\/digital58.com.ve\/site\/wp-content\/uploads\/2020\/04\/espa\u00f1a-1.jpg","type":"image\/jpeg"}],"author":"Villasmil Henry","twitter_card":"summary_large_image","twitter_creator":"@https:\/\/twitter.com\/villasmilhfoto","twitter_site":"@villasmilhfoto","twitter_misc":{"Escrito por":"Villasmil Henry","Tiempo estimado de lectura":"6 minutos"},"schema":{"@context":"https:\/\/schema.org","@graph":[{"@type":"Article","@id":"https:\/\/digital58.com.ve\/site\/2020\/04\/28\/estas-son-las-cuatro-fases-de-la-desescalada-en-espana-aprobadas-por-el-gobierno\/#article","isPartOf":{"@id":"https:\/\/digital58.com.ve\/site\/2020\/04\/28\/estas-son-las-cuatro-fases-de-la-desescalada-en-espana-aprobadas-por-el-gobierno\/"},"author":{"name":"Villasmil Henry","@id":"https:\/\/digital58.com.ve\/site\/#\/schema\/person\/64d1c2e4d0d4fd1b849980c4331c2951"},"headline":"Estas son las cuatro fases de la desescalada en Espa\u00f1a aprobadas por el Gobierno","datePublished":"2020-04-28T20:08:35+00:00","mainEntityOfPage":{"@id":"https:\/\/digital58.com.ve\/site\/2020\/04\/28\/estas-son-las-cuatro-fases-de-la-desescalada-en-espana-aprobadas-por-el-gobierno\/"},"wordCount":1214,"commentCount":0,"publisher":{"@id":"https:\/\/digital58.com.ve\/site\/#\/schema\/person\/64d1c2e4d0d4fd1b849980c4331c2951"},"image":{"@id":"https:\/\/digital58.com.ve\/site\/2020\/04\/28\/estas-son-las-cuatro-fases-de-la-desescalada-en-espana-aprobadas-por-el-gobierno\/#primaryimage"},"thumbnailUrl":"https:\/\/digital58.com.ve\/site\/wp-content\/uploads\/2020\/04\/espa\u00f1a-1.jpg","keywords":["Coronavirus","COVID-19","Cuarentena","Desescalada","Espa\u00f1a","Internacionales","Pandemia"],"articleSection":["Otros","Reportajes Especiales","Salud"],"inLanguage":"es","potentialAction":[{"@type":"CommentAction","name":"Comment","target":["https:\/\/digital58.com.ve\/site\/2020\/04\/28\/estas-son-las-cuatro-fases-de-la-desescalada-en-espana-aprobadas-por-el-gobierno\/#respond"]}]},{"@type":"WebPage","@id":"https:\/\/digital58.com.ve\/site\/2020\/04\/28\/estas-son-las-cuatro-fases-de-la-desescalada-en-espana-aprobadas-por-el-gobierno\/","url":"https:\/\/digital58.com.ve\/site\/2020\/04\/28\/estas-son-las-cuatro-fases-de-la-desescalada-en-espana-aprobadas-por-el-gobierno\/","name":"Estas son las cuatro fases de la desescalada en Espa\u00f1a aprobadas por el Gobierno","isPartOf":{"@id":"https:\/\/digital58.com.ve\/site\/#website"},"primaryImageOfPage":{"@id":"https:\/\/digital58.com.ve\/site\/2020\/04\/28\/estas-son-las-cuatro-fases-de-la-desescalada-en-espana-aprobadas-por-el-gobierno\/#primaryimage"},"image":{"@id":"https:\/\/digital58.com.ve\/site\/2020\/04\/28\/estas-son-las-cuatro-fases-de-la-desescalada-en-espana-aprobadas-por-el-gobierno\/#primaryimage"},"thumbnailUrl":"https:\/\/digital58.com.ve\/site\/wp-content\/uploads\/2020\/04\/espa\u00f1a-1.jpg","datePublished":"2020-04-28T20:08:35+00:00","description":"Otros","breadcrumb":{"@id":"https:\/\/digital58.com.ve\/site\/2020\/04\/28\/estas-son-las-cuatro-fases-de-la-desescalada-en-espana-aprobadas-por-el-gobierno\/#breadcrumb"},"inLanguage":"es","potentialAction":[{"@type":"ReadAction","target":["https:\/\/digital58.com.ve\/site\/2020\/04\/28\/estas-son-las-cuatro-fases-de-la-desescalada-en-espana-aprobadas-por-el-gobierno\/"]}]},{"@type":"ImageObject","inLanguage":"es","@id":"https:\/\/digital58.com.ve\/site\/2020\/04\/28\/estas-son-las-cuatro-fases-de-la-desescalada-en-espana-aprobadas-por-el-gobierno\/#primaryimage","url":"https:\/\/digital58.com.ve\/site\/wp-content\/uploads\/2020\/04\/espa\u00f1a-1.jpg","contentUrl":"https:\/\/digital58.com.ve\/site\/wp-content\/uploads\/2020\/04\/espa\u00f1a-1.jpg","width":800,"height":533},{"@type":"BreadcrumbList","@id":"https:\/\/digital58.com.ve\/site\/2020\/04\/28\/estas-son-las-cuatro-fases-de-la-desescalada-en-espana-aprobadas-por-el-gobierno\/#breadcrumb","itemListElement":[{"@type":"ListItem","position":1,"name":"Home","item":"https:\/\/digital58.com.ve\/site\/"},{"@type":"ListItem","position":2,"name":"Estas son las cuatro fases de la desescalada en Espa\u00f1a aprobadas por el Gobierno"}]},{"@type":"WebSite","@id":"https:\/\/digital58.com.ve\/site\/#website","url":"https:\/\/digital58.com.ve\/site\/","name":"Noticias Digital58","description":"Portal de Noticias \u00a1Periodismo web de verdad! Lanzamiento web 22.11.2005 \/ Maracaibo, Venezuela","publisher":{"@id":"https:\/\/digital58.com.ve\/site\/#\/schema\/person\/64d1c2e4d0d4fd1b849980c4331c2951"},"alternateName":"ND58","potentialAction":[{"@type":"SearchAction","target":{"@type":"EntryPoint","urlTemplate":"https:\/\/digital58.com.ve\/site\/?s={search_term_string}"},"query-input":{"@type":"PropertyValueSpecification","valueRequired":true,"valueName":"search_term_string"}}],"inLanguage":"es"},{"@type":["Person","Organization"],"@id":"https:\/\/digital58.com.ve\/site\/#\/schema\/person\/64d1c2e4d0d4fd1b849980c4331c2951","name":"Villasmil Henry","image":{"@type":"ImageObject","inLanguage":"es","@id":"https:\/\/secure.gravatar.com\/avatar\/bb0c4a2fcb7970138239f7e404ea75757b1b507b28b5ce4c53fbd62d797c5a7c?s=96&d=mm&r=g","url":"https:\/\/secure.gravatar.com\/avatar\/bb0c4a2fcb7970138239f7e404ea75757b1b507b28b5ce4c53fbd62d797c5a7c?s=96&d=mm&r=g","contentUrl":"https:\/\/secure.gravatar.com\/avatar\/bb0c4a2fcb7970138239f7e404ea75757b1b507b28b5ce4c53fbd62d797c5a7c?s=96&d=mm&r=g","caption":"Villasmil Henry"},"logo":{"@id":"https:\/\/secure.gravatar.com\/avatar\/bb0c4a2fcb7970138239f7e404ea75757b1b507b28b5ce4c53fbd62d797c5a7c?s=96&d=mm&r=g"},"sameAs":["http:\/\/www.henryvillasmil.com.ve","https:\/\/www.instagram.com\/villasmilhfoto\/","https:\/\/x.com\/https:\/\/twitter.com\/villasmilhfoto"],"url":"https:\/\/digital58.com.ve\/site\/author\/droopy_68\/"}]}},"uagb_featured_image_src":{"full":["https:\/\/digital58.com.ve\/site\/wp-content\/uploads\/2020\/04\/espa\u00f1a-1.jpg",800,533,false],"thumbnail":["https:\/\/digital58.com.ve\/site\/wp-content\/uploads\/2020\/04\/espa\u00f1a-1-150x150.jpg",150,150,true],"medium":["https:\/\/digital58.com.ve\/site\/wp-content\/uploads\/2020\/04\/espa\u00f1a-1-300x200.jpg",300,200,true],"medium_large":["https:\/\/digital58.com.ve\/site\/wp-content\/uploads\/2020\/04\/espa\u00f1a-1-768x512.jpg",768,512,true],"large":["https:\/\/digital58.com.ve\/site\/wp-content\/uploads\/2020\/04\/espa\u00f1a-1.jpg",800,533,false],"1536x1536":["https:\/\/digital58.com.ve\/site\/wp-content\/uploads\/2020\/04\/espa\u00f1a-1.jpg",800,533,false],"2048x2048":["https:\/\/digital58.com.ve\/site\/wp-content\/uploads\/2020\/04\/espa\u00f1a-1.jpg",800,533,false],"colormag-highlighted-post":["https:\/\/digital58.com.ve\/site\/wp-content\/uploads\/2020\/04\/espa\u00f1a-1.jpg",392,261,false],"colormag-featured-post-medium":["https:\/\/digital58.com.ve\/site\/wp-content\/uploads\/2020\/04\/espa\u00f1a-1.jpg",308,205,false],"colormag-featured-post-small":["https:\/\/digital58.com.ve\/site\/wp-content\/uploads\/2020\/04\/espa\u00f1a-1.jpg",130,87,false],"colormag-featured-image":["https:\/\/digital58.com.ve\/site\/wp-content\/uploads\/2020\/04\/espa\u00f1a-1.jpg",668,445,false],"colormag-default-news":["https:\/\/digital58.com.ve\/site\/wp-content\/uploads\/2020\/04\/espa\u00f1a-1.jpg",150,100,false],"colormag-featured-image-large":["https:\/\/digital58.com.ve\/site\/wp-content\/uploads\/2020\/04\/espa\u00f1a-1.jpg",800,533,false]},"uagb_author_info":{"display_name":"Villasmil Henry","author_link":"https:\/\/digital58.com.ve\/site\/author\/droopy_68\/"},"uagb_comment_info":0,"uagb_excerpt":"El presidente del Gobierno, Pedro S\u00e1nchez, ha presentado este martes un plan de desescalada por provincias dividido en cuatro fases,","_links":{"self":[{"href":"https:\/\/digital58.com.ve\/site\/wp-json\/wp\/v2\/posts\/96183","targetHints":{"allow":["GET"]}}],"collection":[{"href":"https:\/\/digital58.com.ve\/site\/wp-json\/wp\/v2\/posts"}],"about":[{"href":"https:\/\/digital58.com.ve\/site\/wp-json\/wp\/v2\/types\/post"}],"author":[{"embeddable":true,"href":"https:\/\/digital58.com.ve\/site\/wp-json\/wp\/v2\/users\/1"}],"replies":[{"embeddable":true,"href":"https:\/\/digital58.com.ve\/site\/wp-json\/wp\/v2\/comments?post=96183"}],"version-history":[{"count":0,"href":"https:\/\/digital58.com.ve\/site\/wp-json\/wp\/v2\/posts\/96183\/revisions"}],"wp:featuredmedia":[{"embeddable":true,"href":"https:\/\/digital58.com.ve\/site\/wp-json\/wp\/v2\/media\/96187"}],"wp:attachment":[{"href":"https:\/\/digital58.com.ve\/site\/wp-json\/wp\/v2\/media?parent=96183"}],"wp:term":[{"taxonomy":"category","embeddable":true,"href":"https:\/\/digital58.com.ve\/site\/wp-json\/wp\/v2\/categories?post=96183"},{"taxonomy":"post_tag","embeddable":true,"href":"https:\/\/digital58.com.ve\/site\/wp-json\/wp\/v2\/tags?post=96183"}],"curies":[{"name":"wp","href":"https:\/\/api.w.org\/{rel}","templated":true}]}}