{"id":96516,"date":"2020-04-30T19:20:41","date_gmt":"2020-04-30T23:20:41","guid":{"rendered":"https:\/\/digital58.com.ve\/site\/?p=96516"},"modified":"2020-04-30T19:20:41","modified_gmt":"2020-04-30T23:20:41","slug":"contaminacion-invernal-aumenta-amenaza-de-coronavirus-en-ciudades-chilenas","status":"publish","type":"post","link":"https:\/\/digital58.com.ve\/site\/2020\/04\/30\/contaminacion-invernal-aumenta-amenaza-de-coronavirus-en-ciudades-chilenas\/","title":{"rendered":"Contaminaci\u00f3n invernal aumenta amenaza de coronavirus en ciudades chilenas"},"content":{"rendered":"<p><a href=\"https:\/\/digital58.com.ve\/site\/wp-content\/uploads\/2020\/04\/chile.jpg\"><img loading=\"lazy\" decoding=\"async\" class=\"aligncenter size-full wp-image-96517\" src=\"https:\/\/digital58.com.ve\/site\/wp-content\/uploads\/2020\/04\/chile.jpg\" alt=\"\" width=\"800\" height=\"532\" srcset=\"https:\/\/digital58.com.ve\/site\/wp-content\/uploads\/2020\/04\/chile.jpg 800w, https:\/\/digital58.com.ve\/site\/wp-content\/uploads\/2020\/04\/chile-300x200.jpg 300w, https:\/\/digital58.com.ve\/site\/wp-content\/uploads\/2020\/04\/chile-768x511.jpg 768w, https:\/\/digital58.com.ve\/site\/wp-content\/uploads\/2020\/04\/chile-720x480.jpg 720w, https:\/\/digital58.com.ve\/site\/wp-content\/uploads\/2020\/04\/chile-480x320.jpg 480w\" sizes=\"auto, (max-width: 800px) 100vw, 800px\" \/><\/a><\/p>\n<p>Los casos de COVID-19 llegar\u00e1n a su punto m\u00e1ximo en el cono sur a medida que se acerca el invierno, que trae consigo no solo el fr\u00edo sino tambi\u00e9n una mayor contaminaci\u00f3n que podr\u00eda multiplicar la mortalidad, seg\u00fan expertos en calidad del aire y m\u00e9dicos.<\/p>\n<p><strong>Santiago, Chile, 30 de abril de 2020 (ND58).-<\/strong> En Chile, con parte la poblaci\u00f3n confinada en sus hogares y la temperatura cayendo, el uso de le\u00f1a barata para calefacci\u00f3n podr\u00eda provocar una \u00abtormenta perfecta\u00bb en las fr\u00edas ciudades del sur del pa\u00eds.<\/p>\n<p>Estudios publicados a inicios de este mes, que incluyen uno de la Universidad de Harvard, han informado que las personas que viven en \u00e1reas con altos niveles de contaminaci\u00f3n del aire tienen un mayor riesgo de morir por COVID-19.<\/p>\n<p>Un estudio de la Universidad Mart\u00edn Lutero de Halle-Wittenberg de Alemania, tambi\u00e9n publicado este mes, mostr\u00f3 que el 78 % de las muertes por el virus en Francia, Espa\u00f1a, Alemania e Italia ocurrieron en las cinco \u00e1reas m\u00e1s contaminadas.<\/p>\n<p>Chile registra m\u00e1s de 16.000 casos y m\u00e1s de 200 muertos. Recientemente, el presidente Sebasti\u00e1n Pi\u00f1era habl\u00f3 del reinicio de clases, la reapertura de centros comerciales, reprogramaci\u00f3n de cirug\u00edas y el regreso al trabajo de funcionarios p\u00fablicos para evitar una segunda crisis econ\u00f3mica.<\/p>\n<p>Pero existe el temor de que a medida que el virus se propaga hacia las populosas zonas m\u00e1s pobres y contaminadas del pa\u00eds, el escenario podr\u00eda agravarse y los presionados hospitales p\u00fablicos en invierno podr\u00edan colapsar.<\/p>\n<p>Con la cordillera de Los Andes como tel\u00f3n de fondo, Chile tiene ocho de las 10 ciudades m\u00e1s contaminadas del continente, seg\u00fan un informe mundial de 2019 sobre calidad del aire.<\/p>\n<p>Una ca\u00edda en el tr\u00e1fico de autos ha despejado los cielos notoriamente contaminados de la capital, Santiago, pero en el sur, el 95 % de la poluci\u00f3n es causada por la le\u00f1a.<\/p>\n<p>Dos ciudades gravemente contaminadas, Padre Las Casas y Temuco, est\u00e1n en la regi\u00f3n de la Araucan\u00eda, a unos 600 kil\u00f3metros al sur de Santiago, que tiene la segunda tasa m\u00e1s alta de casos de coronavirus despu\u00e9s de la Regi\u00f3n Metropolitana, seg\u00fan cifras del Ministerio de Salud.<\/p>\n<p>En la Araucan\u00eda se concentran los ind\u00edgenas Mapuche y es una zona con niveles relativamente altos de pobreza. Su tasa de mortalidad es del 2,2 %, frente al 1,3 % de la regi\u00f3n capital.<\/p>\n<p>El doctor Luis D\u00edaz-Robles de la Universidad de Santiago de Chile, uno de los principales expertos locales en contaminaci\u00f3n, dijo que con m\u00e1s personas recluidas en sus hogares, muchas que han perdido sus empleos y un pron\u00f3stico de invierno particularmente fr\u00edo, el uso de madera como combustible barato probablemente aumentar\u00eda.<\/p>\n<p>\u00abPor lo tanto es una tormenta perfecta en este invierno\u00bb, dijo a Reuters.<\/p>\n<p><strong>\u00abFR\u00cdO O COVID\u00bb<\/strong><\/p>\n<p>En los \u00faltimos seis a\u00f1os han entrado en vigor medidas m\u00e1s estrictas que proh\u00edben la quema de le\u00f1a en d\u00edas de alta contaminaci\u00f3n y un plan gubernamental para convertir los calentadores dom\u00e9sticos al uso de combustibles m\u00e1s limpios.<\/p>\n<p>Hasta ahora, el gobierno se ha resistido al llamado a intensificar sus esfuerzos de mitigaci\u00f3n de la contaminaci\u00f3n con la llegada del coronavirus. Un portavoz del Ministerio de Medio Ambiente no respondi\u00f3 a una solicitud de comentarios de Reuters.<\/p>\n<p>Marcelo Fern\u00e1ndez, jefe de calidad del aire del ministerio, dijo en un bolet\u00edn oficial este mes que ser\u00edan firmes en hacer cumplir las reglas para evitar picos de contaminaci\u00f3n.<\/p>\n<p>Marcelo Mena, ministro de Medio Ambiente de la expresidenta Michelle Bachelet que impuls\u00f3 una campa\u00f1a contra la contaminaci\u00f3n, dijo que pese a las presiones relacionadas con la pandemia en el presupuesto del gobierno, el gasto en mitigaci\u00f3n de la contaminaci\u00f3n debe considerarse \u00abesencial\u00bb para proteger la salud ya precaria de los chilenos.<\/p>\n<p>\u00abDeber\u00edamos estar muy preocupados por esto\u00bb, dijo a Reuters. El art\u00edculo de Harvard muestra que cada microgramo por metro c\u00fabico de part\u00edculas causa un aumento del 15 % en las tasas de mortalidad de COVID-19, refiri\u00f3.<\/p>\n<p>\u00abSi extrapolamos esos n\u00fameros a Chile, considerando que muchas de nuestras ciudades tienen el doble de concentraci\u00f3n considerada en ese estudio, podr\u00edamos ver algunos aumentos bruscos\u00bb, acot\u00f3.<\/p>\n<p>Los m\u00e9dicos est\u00e1n de acuerdo, pero se\u00f1alan el riesgo de prohibir la le\u00f1a sin que se ofrezca algo en su lugar.<\/p>\n<p>Mauricio Ilabaca, jefe del equipo del Colegio Nacional de Cirujanos que revisa el tema, dijo que el fr\u00edo matar\u00eda m\u00e1s r\u00e1pido que la contaminaci\u00f3n y que la mezcla con el virus podr\u00eda colapsar los hospitales.<\/p>\n<p>Mena dijo que pa\u00edses como; Per\u00fa, Ecuador, Costa Rica, Argentina y Paraguay no reportaron cabalmente datos de contaminaci\u00f3n atmosf\u00e9rica a la Organizaci\u00f3n Mundial de la Salud, pero cifras de calidad del aire en tiempo real de IQAir muestran que Lima, La Paz y Bogot\u00e1 regularmente exced\u00edan los niveles de multa que el estudio de Harvard identific\u00f3.<\/p>\n<p>\u00abEste fen\u00f3meno de aumento de la mortalidad, asociado con la contaminaci\u00f3n del aire debido al coronavirus, es algo que podemos prever\u00bb, declar\u00f3.<\/p>\n<p>En Temuco, donde las temperatura invernal se sit\u00faa habitualmente en cuatro grados cent\u00edgrados, se espera menos lluvia este a\u00f1o, lo que aumentar\u00e1 el nivel de part\u00edculas en el aire y traer\u00e1 m\u00e1s prohibiciones sobre la quema de madera.<\/p>\n<p>Alejandro Mondaca, jefe del consejo regional, dijo que la poblaci\u00f3n jubilada, mucha de la cual vive en casas precarias y mal aisladas, estaba asustada por los informes de una \u00abmala mezcla\u00bb de contaminaci\u00f3n y COVID-19, pero tambi\u00e9n molesta por la expectativa de que se les pida apagar el fuego por las noches.<\/p>\n<p>El consejero espera que el gobierno acelere las conversiones de los calentadores y lo haga gratuitamente para los ancianos.<\/p><div class=\"zdjts69f08df136009\" ><p style=\"text-align: center;\"><a href=\"https:\/\/t.me\/noticiasdigital58\" target=\"_blank\" rel=\"noopener\"><img class=\"aligncenter size-full wp-image-125363\" src=\"https:\/\/digital58.com.ve\/site\/wp-content\/uploads\/2021\/04\/banner-telegram-web-2021.png\" alt=\"\" width=\"600\" height=\"90\" \/><\/a><\/p><\/div><style type=\"text\/css\">\r\n@media screen and (min-width: 1201px) {\r\n.zdjts69f08df136009 {\r\ndisplay: block;\r\n}\r\n}\r\n@media screen and (min-width: 993px) and (max-width: 1200px) {\r\n.zdjts69f08df136009 {\r\ndisplay: block;\r\n}\r\n}\r\n@media screen and (min-width: 769px) and (max-width: 992px) {\r\n.zdjts69f08df136009 {\r\ndisplay: block;\r\n}\r\n}\r\n@media screen and (min-width: 768px) and (max-width: 768px) {\r\n.zdjts69f08df136009 {\r\ndisplay: block;\r\n}\r\n}\r\n@media screen and (max-width: 767px) {\r\n.zdjts69f08df136009 {\r\ndisplay: block;\r\n}\r\n}\r\n<\/style>\r\n\n<p><strong>Fuente: Aislinn Laing \/ Reuters<\/strong><br \/>\n<strong>Edici\u00f3n: Villasmil, Henry<\/strong><br \/>\n<strong>Gr\u00e1fica: Reuters<\/strong><\/p>\n<div style=\"margin-top: 0px; margin-bottom: 0px;\" class=\"sharethis-inline-share-buttons\" ><\/div>","protected":false},"excerpt":{"rendered":"<p>Los casos de COVID-19 llegar\u00e1n a su punto m\u00e1ximo en el cono sur a medida que se acerca el invierno,<\/p>\n","protected":false},"author":1,"featured_media":96517,"comment_status":"open","ping_status":"closed","sticky":false,"template":"","format":"standard","meta":{"colormag_page_container_layout":"default_layout","colormag_page_sidebar_layout":"default_layout","_uag_custom_page_level_css":"","footnotes":""},"categories":[5405],"tags":[109,13352,13648,8,13723],"class_list":["post-96516","post","type-post","status-publish","format-standard","has-post-thumbnail","hentry","category-salud","tag-chile","tag-coronavirus","tag-covid-19","tag-internacionales","tag-pandemia"],"yoast_head":"<!-- This site is optimized with the Yoast SEO plugin v27.4 - https:\/\/yoast.com\/product\/yoast-seo-wordpress\/ -->\n<title>Contaminaci\u00f3n invernal aumenta amenaza de coronavirus en ciudades chilenas<\/title>\n<meta name=\"description\" content=\"Salud\" \/>\n<meta name=\"robots\" content=\"index, follow, max-snippet:-1, max-image-preview:large, max-video-preview:-1\" \/>\n<link rel=\"canonical\" href=\"https:\/\/digital58.com.ve\/site\/2020\/04\/30\/contaminacion-invernal-aumenta-amenaza-de-coronavirus-en-ciudades-chilenas\/\" \/>\n<meta property=\"og:locale\" content=\"es_ES\" \/>\n<meta property=\"og:type\" content=\"article\" \/>\n<meta property=\"og:title\" content=\"Contaminaci\u00f3n invernal aumenta amenaza de coronavirus en ciudades chilenas\" \/>\n<meta property=\"og:description\" content=\"Salud\" \/>\n<meta property=\"og:url\" content=\"https:\/\/digital58.com.ve\/site\/2020\/04\/30\/contaminacion-invernal-aumenta-amenaza-de-coronavirus-en-ciudades-chilenas\/\" \/>\n<meta property=\"og:site_name\" content=\"Noticias Digital58\" \/>\n<meta property=\"article:published_time\" content=\"2020-04-30T23:20:41+00:00\" \/>\n<meta property=\"og:image\" content=\"https:\/\/digital58.com.ve\/site\/wp-content\/uploads\/2020\/04\/chile.jpg\" \/>\n\t<meta property=\"og:image:width\" content=\"800\" \/>\n\t<meta property=\"og:image:height\" content=\"532\" \/>\n\t<meta property=\"og:image:type\" content=\"image\/jpeg\" \/>\n<meta name=\"author\" content=\"Villasmil Henry\" \/>\n<meta name=\"twitter:card\" content=\"summary_large_image\" \/>\n<meta name=\"twitter:creator\" content=\"@https:\/\/twitter.com\/villasmilhfoto\" \/>\n<meta name=\"twitter:site\" content=\"@villasmilhfoto\" \/>\n<meta name=\"twitter:label1\" content=\"Escrito por\" \/>\n\t<meta name=\"twitter:data1\" content=\"Villasmil Henry\" \/>\n\t<meta name=\"twitter:label2\" content=\"Tiempo estimado de lectura\" \/>\n\t<meta name=\"twitter:data2\" content=\"5 minutos\" \/>\n<script type=\"application\/ld+json\" class=\"yoast-schema-graph\">{\"@context\":\"https:\\\/\\\/schema.org\",\"@graph\":[{\"@type\":\"Article\",\"@id\":\"https:\\\/\\\/digital58.com.ve\\\/site\\\/2020\\\/04\\\/30\\\/contaminacion-invernal-aumenta-amenaza-de-coronavirus-en-ciudades-chilenas\\\/#article\",\"isPartOf\":{\"@id\":\"https:\\\/\\\/digital58.com.ve\\\/site\\\/2020\\\/04\\\/30\\\/contaminacion-invernal-aumenta-amenaza-de-coronavirus-en-ciudades-chilenas\\\/\"},\"author\":{\"name\":\"Villasmil Henry\",\"@id\":\"https:\\\/\\\/digital58.com.ve\\\/site\\\/#\\\/schema\\\/person\\\/64d1c2e4d0d4fd1b849980c4331c2951\"},\"headline\":\"Contaminaci\u00f3n invernal aumenta amenaza de coronavirus en ciudades chilenas\",\"datePublished\":\"2020-04-30T23:20:41+00:00\",\"mainEntityOfPage\":{\"@id\":\"https:\\\/\\\/digital58.com.ve\\\/site\\\/2020\\\/04\\\/30\\\/contaminacion-invernal-aumenta-amenaza-de-coronavirus-en-ciudades-chilenas\\\/\"},\"wordCount\":1029,\"commentCount\":0,\"publisher\":{\"@id\":\"https:\\\/\\\/digital58.com.ve\\\/site\\\/#\\\/schema\\\/person\\\/64d1c2e4d0d4fd1b849980c4331c2951\"},\"image\":{\"@id\":\"https:\\\/\\\/digital58.com.ve\\\/site\\\/2020\\\/04\\\/30\\\/contaminacion-invernal-aumenta-amenaza-de-coronavirus-en-ciudades-chilenas\\\/#primaryimage\"},\"thumbnailUrl\":\"https:\\\/\\\/digital58.com.ve\\\/site\\\/wp-content\\\/uploads\\\/2020\\\/04\\\/chile.jpg\",\"keywords\":[\"Chile\",\"Coronavirus\",\"COVID-19\",\"Internacionales\",\"Pandemia\"],\"articleSection\":[\"Salud\"],\"inLanguage\":\"es\",\"potentialAction\":[{\"@type\":\"CommentAction\",\"name\":\"Comment\",\"target\":[\"https:\\\/\\\/digital58.com.ve\\\/site\\\/2020\\\/04\\\/30\\\/contaminacion-invernal-aumenta-amenaza-de-coronavirus-en-ciudades-chilenas\\\/#respond\"]}]},{\"@type\":\"WebPage\",\"@id\":\"https:\\\/\\\/digital58.com.ve\\\/site\\\/2020\\\/04\\\/30\\\/contaminacion-invernal-aumenta-amenaza-de-coronavirus-en-ciudades-chilenas\\\/\",\"url\":\"https:\\\/\\\/digital58.com.ve\\\/site\\\/2020\\\/04\\\/30\\\/contaminacion-invernal-aumenta-amenaza-de-coronavirus-en-ciudades-chilenas\\\/\",\"name\":\"Contaminaci\u00f3n invernal aumenta amenaza de coronavirus en ciudades chilenas\",\"isPartOf\":{\"@id\":\"https:\\\/\\\/digital58.com.ve\\\/site\\\/#website\"},\"primaryImageOfPage\":{\"@id\":\"https:\\\/\\\/digital58.com.ve\\\/site\\\/2020\\\/04\\\/30\\\/contaminacion-invernal-aumenta-amenaza-de-coronavirus-en-ciudades-chilenas\\\/#primaryimage\"},\"image\":{\"@id\":\"https:\\\/\\\/digital58.com.ve\\\/site\\\/2020\\\/04\\\/30\\\/contaminacion-invernal-aumenta-amenaza-de-coronavirus-en-ciudades-chilenas\\\/#primaryimage\"},\"thumbnailUrl\":\"https:\\\/\\\/digital58.com.ve\\\/site\\\/wp-content\\\/uploads\\\/2020\\\/04\\\/chile.jpg\",\"datePublished\":\"2020-04-30T23:20:41+00:00\",\"description\":\"Salud\",\"breadcrumb\":{\"@id\":\"https:\\\/\\\/digital58.com.ve\\\/site\\\/2020\\\/04\\\/30\\\/contaminacion-invernal-aumenta-amenaza-de-coronavirus-en-ciudades-chilenas\\\/#breadcrumb\"},\"inLanguage\":\"es\",\"potentialAction\":[{\"@type\":\"ReadAction\",\"target\":[\"https:\\\/\\\/digital58.com.ve\\\/site\\\/2020\\\/04\\\/30\\\/contaminacion-invernal-aumenta-amenaza-de-coronavirus-en-ciudades-chilenas\\\/\"]}]},{\"@type\":\"ImageObject\",\"inLanguage\":\"es\",\"@id\":\"https:\\\/\\\/digital58.com.ve\\\/site\\\/2020\\\/04\\\/30\\\/contaminacion-invernal-aumenta-amenaza-de-coronavirus-en-ciudades-chilenas\\\/#primaryimage\",\"url\":\"https:\\\/\\\/digital58.com.ve\\\/site\\\/wp-content\\\/uploads\\\/2020\\\/04\\\/chile.jpg\",\"contentUrl\":\"https:\\\/\\\/digital58.com.ve\\\/site\\\/wp-content\\\/uploads\\\/2020\\\/04\\\/chile.jpg\",\"width\":800,\"height\":532},{\"@type\":\"BreadcrumbList\",\"@id\":\"https:\\\/\\\/digital58.com.ve\\\/site\\\/2020\\\/04\\\/30\\\/contaminacion-invernal-aumenta-amenaza-de-coronavirus-en-ciudades-chilenas\\\/#breadcrumb\",\"itemListElement\":[{\"@type\":\"ListItem\",\"position\":1,\"name\":\"Home\",\"item\":\"https:\\\/\\\/digital58.com.ve\\\/site\\\/\"},{\"@type\":\"ListItem\",\"position\":2,\"name\":\"Contaminaci\u00f3n invernal aumenta amenaza de coronavirus en ciudades chilenas\"}]},{\"@type\":\"WebSite\",\"@id\":\"https:\\\/\\\/digital58.com.ve\\\/site\\\/#website\",\"url\":\"https:\\\/\\\/digital58.com.ve\\\/site\\\/\",\"name\":\"Noticias Digital58\",\"description\":\"Portal de Noticias \u00a1Periodismo web de verdad! Lanzamiento web 22.11.2005 \\\/ Maracaibo, Venezuela\",\"publisher\":{\"@id\":\"https:\\\/\\\/digital58.com.ve\\\/site\\\/#\\\/schema\\\/person\\\/64d1c2e4d0d4fd1b849980c4331c2951\"},\"alternateName\":\"ND58\",\"potentialAction\":[{\"@type\":\"SearchAction\",\"target\":{\"@type\":\"EntryPoint\",\"urlTemplate\":\"https:\\\/\\\/digital58.com.ve\\\/site\\\/?s={search_term_string}\"},\"query-input\":{\"@type\":\"PropertyValueSpecification\",\"valueRequired\":true,\"valueName\":\"search_term_string\"}}],\"inLanguage\":\"es\"},{\"@type\":[\"Person\",\"Organization\"],\"@id\":\"https:\\\/\\\/digital58.com.ve\\\/site\\\/#\\\/schema\\\/person\\\/64d1c2e4d0d4fd1b849980c4331c2951\",\"name\":\"Villasmil Henry\",\"image\":{\"@type\":\"ImageObject\",\"inLanguage\":\"es\",\"@id\":\"https:\\\/\\\/secure.gravatar.com\\\/avatar\\\/bb0c4a2fcb7970138239f7e404ea75757b1b507b28b5ce4c53fbd62d797c5a7c?s=96&d=mm&r=g\",\"url\":\"https:\\\/\\\/secure.gravatar.com\\\/avatar\\\/bb0c4a2fcb7970138239f7e404ea75757b1b507b28b5ce4c53fbd62d797c5a7c?s=96&d=mm&r=g\",\"contentUrl\":\"https:\\\/\\\/secure.gravatar.com\\\/avatar\\\/bb0c4a2fcb7970138239f7e404ea75757b1b507b28b5ce4c53fbd62d797c5a7c?s=96&d=mm&r=g\",\"caption\":\"Villasmil Henry\"},\"logo\":{\"@id\":\"https:\\\/\\\/secure.gravatar.com\\\/avatar\\\/bb0c4a2fcb7970138239f7e404ea75757b1b507b28b5ce4c53fbd62d797c5a7c?s=96&d=mm&r=g\"},\"sameAs\":[\"http:\\\/\\\/www.henryvillasmil.com.ve\",\"https:\\\/\\\/www.instagram.com\\\/villasmilhfoto\\\/\",\"https:\\\/\\\/x.com\\\/https:\\\/\\\/twitter.com\\\/villasmilhfoto\"],\"url\":\"https:\\\/\\\/digital58.com.ve\\\/site\\\/author\\\/droopy_68\\\/\"}]}<\/script>\n<!-- \/ Yoast SEO plugin. -->","yoast_head_json":{"title":"Contaminaci\u00f3n invernal aumenta amenaza de coronavirus en ciudades chilenas","description":"Salud","robots":{"index":"index","follow":"follow","max-snippet":"max-snippet:-1","max-image-preview":"max-image-preview:large","max-video-preview":"max-video-preview:-1"},"canonical":"https:\/\/digital58.com.ve\/site\/2020\/04\/30\/contaminacion-invernal-aumenta-amenaza-de-coronavirus-en-ciudades-chilenas\/","og_locale":"es_ES","og_type":"article","og_title":"Contaminaci\u00f3n invernal aumenta amenaza de coronavirus en ciudades chilenas","og_description":"Salud","og_url":"https:\/\/digital58.com.ve\/site\/2020\/04\/30\/contaminacion-invernal-aumenta-amenaza-de-coronavirus-en-ciudades-chilenas\/","og_site_name":"Noticias Digital58","article_published_time":"2020-04-30T23:20:41+00:00","og_image":[{"width":800,"height":532,"url":"https:\/\/digital58.com.ve\/site\/wp-content\/uploads\/2020\/04\/chile.jpg","type":"image\/jpeg"}],"author":"Villasmil Henry","twitter_card":"summary_large_image","twitter_creator":"@https:\/\/twitter.com\/villasmilhfoto","twitter_site":"@villasmilhfoto","twitter_misc":{"Escrito por":"Villasmil Henry","Tiempo estimado de lectura":"5 minutos"},"schema":{"@context":"https:\/\/schema.org","@graph":[{"@type":"Article","@id":"https:\/\/digital58.com.ve\/site\/2020\/04\/30\/contaminacion-invernal-aumenta-amenaza-de-coronavirus-en-ciudades-chilenas\/#article","isPartOf":{"@id":"https:\/\/digital58.com.ve\/site\/2020\/04\/30\/contaminacion-invernal-aumenta-amenaza-de-coronavirus-en-ciudades-chilenas\/"},"author":{"name":"Villasmil Henry","@id":"https:\/\/digital58.com.ve\/site\/#\/schema\/person\/64d1c2e4d0d4fd1b849980c4331c2951"},"headline":"Contaminaci\u00f3n invernal aumenta amenaza de coronavirus en ciudades chilenas","datePublished":"2020-04-30T23:20:41+00:00","mainEntityOfPage":{"@id":"https:\/\/digital58.com.ve\/site\/2020\/04\/30\/contaminacion-invernal-aumenta-amenaza-de-coronavirus-en-ciudades-chilenas\/"},"wordCount":1029,"commentCount":0,"publisher":{"@id":"https:\/\/digital58.com.ve\/site\/#\/schema\/person\/64d1c2e4d0d4fd1b849980c4331c2951"},"image":{"@id":"https:\/\/digital58.com.ve\/site\/2020\/04\/30\/contaminacion-invernal-aumenta-amenaza-de-coronavirus-en-ciudades-chilenas\/#primaryimage"},"thumbnailUrl":"https:\/\/digital58.com.ve\/site\/wp-content\/uploads\/2020\/04\/chile.jpg","keywords":["Chile","Coronavirus","COVID-19","Internacionales","Pandemia"],"articleSection":["Salud"],"inLanguage":"es","potentialAction":[{"@type":"CommentAction","name":"Comment","target":["https:\/\/digital58.com.ve\/site\/2020\/04\/30\/contaminacion-invernal-aumenta-amenaza-de-coronavirus-en-ciudades-chilenas\/#respond"]}]},{"@type":"WebPage","@id":"https:\/\/digital58.com.ve\/site\/2020\/04\/30\/contaminacion-invernal-aumenta-amenaza-de-coronavirus-en-ciudades-chilenas\/","url":"https:\/\/digital58.com.ve\/site\/2020\/04\/30\/contaminacion-invernal-aumenta-amenaza-de-coronavirus-en-ciudades-chilenas\/","name":"Contaminaci\u00f3n invernal aumenta amenaza de coronavirus en ciudades chilenas","isPartOf":{"@id":"https:\/\/digital58.com.ve\/site\/#website"},"primaryImageOfPage":{"@id":"https:\/\/digital58.com.ve\/site\/2020\/04\/30\/contaminacion-invernal-aumenta-amenaza-de-coronavirus-en-ciudades-chilenas\/#primaryimage"},"image":{"@id":"https:\/\/digital58.com.ve\/site\/2020\/04\/30\/contaminacion-invernal-aumenta-amenaza-de-coronavirus-en-ciudades-chilenas\/#primaryimage"},"thumbnailUrl":"https:\/\/digital58.com.ve\/site\/wp-content\/uploads\/2020\/04\/chile.jpg","datePublished":"2020-04-30T23:20:41+00:00","description":"Salud","breadcrumb":{"@id":"https:\/\/digital58.com.ve\/site\/2020\/04\/30\/contaminacion-invernal-aumenta-amenaza-de-coronavirus-en-ciudades-chilenas\/#breadcrumb"},"inLanguage":"es","potentialAction":[{"@type":"ReadAction","target":["https:\/\/digital58.com.ve\/site\/2020\/04\/30\/contaminacion-invernal-aumenta-amenaza-de-coronavirus-en-ciudades-chilenas\/"]}]},{"@type":"ImageObject","inLanguage":"es","@id":"https:\/\/digital58.com.ve\/site\/2020\/04\/30\/contaminacion-invernal-aumenta-amenaza-de-coronavirus-en-ciudades-chilenas\/#primaryimage","url":"https:\/\/digital58.com.ve\/site\/wp-content\/uploads\/2020\/04\/chile.jpg","contentUrl":"https:\/\/digital58.com.ve\/site\/wp-content\/uploads\/2020\/04\/chile.jpg","width":800,"height":532},{"@type":"BreadcrumbList","@id":"https:\/\/digital58.com.ve\/site\/2020\/04\/30\/contaminacion-invernal-aumenta-amenaza-de-coronavirus-en-ciudades-chilenas\/#breadcrumb","itemListElement":[{"@type":"ListItem","position":1,"name":"Home","item":"https:\/\/digital58.com.ve\/site\/"},{"@type":"ListItem","position":2,"name":"Contaminaci\u00f3n invernal aumenta amenaza de coronavirus en ciudades chilenas"}]},{"@type":"WebSite","@id":"https:\/\/digital58.com.ve\/site\/#website","url":"https:\/\/digital58.com.ve\/site\/","name":"Noticias Digital58","description":"Portal de Noticias \u00a1Periodismo web de verdad! Lanzamiento web 22.11.2005 \/ Maracaibo, Venezuela","publisher":{"@id":"https:\/\/digital58.com.ve\/site\/#\/schema\/person\/64d1c2e4d0d4fd1b849980c4331c2951"},"alternateName":"ND58","potentialAction":[{"@type":"SearchAction","target":{"@type":"EntryPoint","urlTemplate":"https:\/\/digital58.com.ve\/site\/?s={search_term_string}"},"query-input":{"@type":"PropertyValueSpecification","valueRequired":true,"valueName":"search_term_string"}}],"inLanguage":"es"},{"@type":["Person","Organization"],"@id":"https:\/\/digital58.com.ve\/site\/#\/schema\/person\/64d1c2e4d0d4fd1b849980c4331c2951","name":"Villasmil Henry","image":{"@type":"ImageObject","inLanguage":"es","@id":"https:\/\/secure.gravatar.com\/avatar\/bb0c4a2fcb7970138239f7e404ea75757b1b507b28b5ce4c53fbd62d797c5a7c?s=96&d=mm&r=g","url":"https:\/\/secure.gravatar.com\/avatar\/bb0c4a2fcb7970138239f7e404ea75757b1b507b28b5ce4c53fbd62d797c5a7c?s=96&d=mm&r=g","contentUrl":"https:\/\/secure.gravatar.com\/avatar\/bb0c4a2fcb7970138239f7e404ea75757b1b507b28b5ce4c53fbd62d797c5a7c?s=96&d=mm&r=g","caption":"Villasmil Henry"},"logo":{"@id":"https:\/\/secure.gravatar.com\/avatar\/bb0c4a2fcb7970138239f7e404ea75757b1b507b28b5ce4c53fbd62d797c5a7c?s=96&d=mm&r=g"},"sameAs":["http:\/\/www.henryvillasmil.com.ve","https:\/\/www.instagram.com\/villasmilhfoto\/","https:\/\/x.com\/https:\/\/twitter.com\/villasmilhfoto"],"url":"https:\/\/digital58.com.ve\/site\/author\/droopy_68\/"}]}},"uagb_featured_image_src":{"full":["https:\/\/digital58.com.ve\/site\/wp-content\/uploads\/2020\/04\/chile.jpg",800,532,false],"thumbnail":["https:\/\/digital58.com.ve\/site\/wp-content\/uploads\/2020\/04\/chile-150x150.jpg",150,150,true],"medium":["https:\/\/digital58.com.ve\/site\/wp-content\/uploads\/2020\/04\/chile-300x200.jpg",300,200,true],"medium_large":["https:\/\/digital58.com.ve\/site\/wp-content\/uploads\/2020\/04\/chile-768x511.jpg",768,511,true],"large":["https:\/\/digital58.com.ve\/site\/wp-content\/uploads\/2020\/04\/chile.jpg",800,532,false],"1536x1536":["https:\/\/digital58.com.ve\/site\/wp-content\/uploads\/2020\/04\/chile.jpg",800,532,false],"2048x2048":["https:\/\/digital58.com.ve\/site\/wp-content\/uploads\/2020\/04\/chile.jpg",800,532,false],"colormag-highlighted-post":["https:\/\/digital58.com.ve\/site\/wp-content\/uploads\/2020\/04\/chile.jpg",392,261,false],"colormag-featured-post-medium":["https:\/\/digital58.com.ve\/site\/wp-content\/uploads\/2020\/04\/chile.jpg",308,205,false],"colormag-featured-post-small":["https:\/\/digital58.com.ve\/site\/wp-content\/uploads\/2020\/04\/chile.jpg",130,86,false],"colormag-featured-image":["https:\/\/digital58.com.ve\/site\/wp-content\/uploads\/2020\/04\/chile.jpg",669,445,false],"colormag-default-news":["https:\/\/digital58.com.ve\/site\/wp-content\/uploads\/2020\/04\/chile.jpg",150,100,false],"colormag-featured-image-large":["https:\/\/digital58.com.ve\/site\/wp-content\/uploads\/2020\/04\/chile.jpg",800,532,false]},"uagb_author_info":{"display_name":"Villasmil Henry","author_link":"https:\/\/digital58.com.ve\/site\/author\/droopy_68\/"},"uagb_comment_info":0,"uagb_excerpt":"Los casos de COVID-19 llegar\u00e1n a su punto m\u00e1ximo en el cono sur a medida que se acerca el invierno,","_links":{"self":[{"href":"https:\/\/digital58.com.ve\/site\/wp-json\/wp\/v2\/posts\/96516","targetHints":{"allow":["GET"]}}],"collection":[{"href":"https:\/\/digital58.com.ve\/site\/wp-json\/wp\/v2\/posts"}],"about":[{"href":"https:\/\/digital58.com.ve\/site\/wp-json\/wp\/v2\/types\/post"}],"author":[{"embeddable":true,"href":"https:\/\/digital58.com.ve\/site\/wp-json\/wp\/v2\/users\/1"}],"replies":[{"embeddable":true,"href":"https:\/\/digital58.com.ve\/site\/wp-json\/wp\/v2\/comments?post=96516"}],"version-history":[{"count":0,"href":"https:\/\/digital58.com.ve\/site\/wp-json\/wp\/v2\/posts\/96516\/revisions"}],"wp:featuredmedia":[{"embeddable":true,"href":"https:\/\/digital58.com.ve\/site\/wp-json\/wp\/v2\/media\/96517"}],"wp:attachment":[{"href":"https:\/\/digital58.com.ve\/site\/wp-json\/wp\/v2\/media?parent=96516"}],"wp:term":[{"taxonomy":"category","embeddable":true,"href":"https:\/\/digital58.com.ve\/site\/wp-json\/wp\/v2\/categories?post=96516"},{"taxonomy":"post_tag","embeddable":true,"href":"https:\/\/digital58.com.ve\/site\/wp-json\/wp\/v2\/tags?post=96516"}],"curies":[{"name":"wp","href":"https:\/\/api.w.org\/{rel}","templated":true}]}}