{"id":96707,"date":"2020-05-02T13:42:36","date_gmt":"2020-05-02T17:42:36","guid":{"rendered":"https:\/\/digital58.com.ve\/site\/?p=96707"},"modified":"2020-05-02T13:45:37","modified_gmt":"2020-05-02T17:45:37","slug":"los-espanoles-salen-a-ejercitarse-despues-de-49-dias-de-confinamiento","status":"publish","type":"post","link":"https:\/\/digital58.com.ve\/site\/2020\/05\/02\/los-espanoles-salen-a-ejercitarse-despues-de-49-dias-de-confinamiento\/","title":{"rendered":"Los espa\u00f1oles salen a ejercitarse despu\u00e9s de 49 d\u00edas de confinamiento"},"content":{"rendered":"<p><a href=\"https:\/\/digital58.com.ve\/site\/wp-content\/uploads\/2020\/05\/espa\u00f1a.jpg\"><img loading=\"lazy\" decoding=\"async\" class=\"aligncenter size-full wp-image-96708\" src=\"https:\/\/digital58.com.ve\/site\/wp-content\/uploads\/2020\/05\/espa\u00f1a.jpg\" alt=\"\" width=\"800\" height=\"550\" srcset=\"https:\/\/digital58.com.ve\/site\/wp-content\/uploads\/2020\/05\/espa\u00f1a.jpg 800w, https:\/\/digital58.com.ve\/site\/wp-content\/uploads\/2020\/05\/espa\u00f1a-300x206.jpg 300w, https:\/\/digital58.com.ve\/site\/wp-content\/uploads\/2020\/05\/espa\u00f1a-768x528.jpg 768w\" sizes=\"auto, (max-width: 800px) 100vw, 800px\" \/><\/a><\/p>\n<p>Los corredores y ciclistas de toda Espa\u00f1a pudieron salir de sus casas el s\u00e1bado por la ma\u00f1ana y los adultos est\u00e1n autorizados a practicar deporte individual por primera vez en siete semanas despu\u00e9s de que el Gobierno empezara a relajar las medidas de confinamiento para frenar el coronavirus.<\/p>\n<p><strong>Madrid, Espa\u00f1a, 02 de mayo de 2020 (ND58).-<\/strong> En Barcelona, los corredores y ciclistas abarrotaron los caminos cerca de la playa, mientras que los surfistas disfrutaban de las olas.<\/p>\n<p>En Madrid, las personas practicaban deporte por los amplios bulevares de la ciudad, pasando por debajo de la cinta policial instalada para evitar que la gente se congregara en las zonas comunes.<\/p>\n<p>Golpeada por uno de los peores brotes de COVID-19 del mundo, Espa\u00f1a impuso estrictas medidas de encierro en marzo, confinando a la mayor\u00eda de la poblaci\u00f3n a sus hogares y permitiendo s\u00f3lo las salidas por motivos esenciales.<\/p>\n<p>Se prohibieron los deportes al aire libre y los paseos recreativos mientras las autoridades se esforzaban por detener la propagaci\u00f3n de la enfermedad y aliviar la carga del sistema sanitario.<\/p>\n<p>A medida que la tasa de infecci\u00f3n ha disminuido y se ha descongestionado el sistema sanitario, el Gobierno ha cambiado su enfoque hacia la reapertura gradual del pa\u00eds y la reactivaci\u00f3n de la econom\u00eda.<\/p>\n<p>El fin de semana pasado, se permiti\u00f3 a los ni\u00f1os menores de 14 a\u00f1os salir una vez al d\u00eda para realizar actividades supervisadas.<\/p>\n<p>El martes, el presidente del Gobierno Pedro S\u00e1nchez anunci\u00f3 un plan de cuatro fases para devolver al pa\u00eds a lo que denomin\u00f3 \u201cla nueva normalidad\u201d a finales de junio.<\/p>\n<p>Para evitar aglomeraciones el Gobierno ha puesto en marcha un sistema de turnos, asignando diferentes franjas horarias a los distintos grupos de edad.<\/p>\n<p>Los establecimientos que operan con cita previa, como las peluquer\u00edas, podr\u00e1n abrir a partir del lunes. Los bares y restaurantes permanecer\u00e1n cerrados por lo menos una semana m\u00e1s.<\/p>\n<p>Espa\u00f1a ha registrado una cifra de 25.100 muertos por la enfermedad, y de 216,582 casos el s\u00e1bado, seg\u00fan inform\u00f3 el Ministerio de Sanidad.<\/p>\n<p>El confinamiento ha golpeado la econom\u00eda y el Gobierno espera que el producto interior bruto (PIB) se contraiga un 9,2 % en 2020.<\/p><div class=\"ratwg69f4916489cfe\" ><p style=\"text-align: center;\"><a href=\"https:\/\/t.me\/noticiasdigital58\" target=\"_blank\" rel=\"noopener\"><img class=\"aligncenter size-full wp-image-125363\" src=\"https:\/\/digital58.com.ve\/site\/wp-content\/uploads\/2021\/04\/banner-telegram-web-2021.png\" alt=\"\" width=\"600\" height=\"90\" \/><\/a><\/p><\/div><style type=\"text\/css\">\r\n@media screen and (min-width: 1201px) {\r\n.ratwg69f4916489cfe {\r\ndisplay: block;\r\n}\r\n}\r\n@media screen and (min-width: 993px) and (max-width: 1200px) {\r\n.ratwg69f4916489cfe {\r\ndisplay: block;\r\n}\r\n}\r\n@media screen and (min-width: 769px) and (max-width: 992px) {\r\n.ratwg69f4916489cfe {\r\ndisplay: block;\r\n}\r\n}\r\n@media screen and (min-width: 768px) and (max-width: 768px) {\r\n.ratwg69f4916489cfe {\r\ndisplay: block;\r\n}\r\n}\r\n@media screen and (max-width: 767px) {\r\n.ratwg69f4916489cfe {\r\ndisplay: block;\r\n}\r\n}\r\n<\/style>\r\n\n<p><strong>Fuente:\u00a0 Graham Keeley, Michael Gore y Julien Hennequin \/ Reuters<\/strong><br \/>\n<strong>Edici\u00f3n: Villasmil, Henry<\/strong><br \/>\n<strong>Gr\u00e1ficas: Reuters<\/strong><\/p>\n<div style=\"margin-top: 0px; margin-bottom: 0px;\" class=\"sharethis-inline-share-buttons\" ><\/div>","protected":false},"excerpt":{"rendered":"<p>Los corredores y ciclistas de toda Espa\u00f1a pudieron salir de sus casas el s\u00e1bado por la ma\u00f1ana y los adultos<\/p>\n","protected":false},"author":1,"featured_media":96708,"comment_status":"open","ping_status":"closed","sticky":false,"template":"","format":"standard","meta":{"colormag_page_container_layout":"default_layout","colormag_page_sidebar_layout":"default_layout","_uag_custom_page_level_css":"","footnotes":""},"categories":[5403,8608],"tags":[13352,13648,13786,115,8,5863,13723],"class_list":["post-96707","post","type-post","status-publish","format-standard","has-post-thumbnail","hentry","category-otros","category-reportajes-especiales","tag-coronavirus","tag-covid-19","tag-cuarentena","tag-espana","tag-internacionales","tag-madrid","tag-pandemia"],"yoast_head":"<!-- This site is optimized with the Yoast SEO plugin v27.5 - https:\/\/yoast.com\/product\/yoast-seo-wordpress\/ -->\n<title>Los espa\u00f1oles salen a ejercitarse despu\u00e9s de 49 d\u00edas de confinamiento<\/title>\n<meta name=\"description\" content=\"Otros\" \/>\n<meta name=\"robots\" content=\"index, follow, max-snippet:-1, max-image-preview:large, max-video-preview:-1\" \/>\n<link rel=\"canonical\" href=\"https:\/\/digital58.com.ve\/site\/2020\/05\/02\/los-espanoles-salen-a-ejercitarse-despues-de-49-dias-de-confinamiento\/\" \/>\n<meta property=\"og:locale\" content=\"es_ES\" \/>\n<meta property=\"og:type\" content=\"article\" \/>\n<meta property=\"og:title\" content=\"Los espa\u00f1oles salen a ejercitarse despu\u00e9s de 49 d\u00edas de confinamiento\" \/>\n<meta property=\"og:description\" content=\"Otros\" \/>\n<meta property=\"og:url\" content=\"https:\/\/digital58.com.ve\/site\/2020\/05\/02\/los-espanoles-salen-a-ejercitarse-despues-de-49-dias-de-confinamiento\/\" \/>\n<meta property=\"og:site_name\" content=\"Noticias Digital58\" \/>\n<meta property=\"article:published_time\" content=\"2020-05-02T17:42:36+00:00\" \/>\n<meta property=\"article:modified_time\" content=\"2020-05-02T17:45:37+00:00\" \/>\n<meta property=\"og:image\" content=\"https:\/\/digital58.com.ve\/site\/wp-content\/uploads\/2020\/05\/espa\u00f1a.jpg\" \/>\n\t<meta property=\"og:image:width\" content=\"800\" \/>\n\t<meta property=\"og:image:height\" content=\"550\" \/>\n\t<meta property=\"og:image:type\" content=\"image\/jpeg\" \/>\n<meta name=\"author\" content=\"Villasmil Henry\" \/>\n<meta name=\"twitter:card\" content=\"summary_large_image\" \/>\n<meta name=\"twitter:creator\" content=\"@https:\/\/twitter.com\/villasmilhfoto\" \/>\n<meta name=\"twitter:site\" content=\"@villasmilhfoto\" \/>\n<meta name=\"twitter:label1\" content=\"Escrito por\" \/>\n\t<meta name=\"twitter:data1\" content=\"Villasmil Henry\" \/>\n\t<meta name=\"twitter:label2\" content=\"Tiempo estimado de lectura\" \/>\n\t<meta name=\"twitter:data2\" content=\"2 minutos\" \/>\n<script type=\"application\/ld+json\" class=\"yoast-schema-graph\">{\"@context\":\"https:\\\/\\\/schema.org\",\"@graph\":[{\"@type\":\"Article\",\"@id\":\"https:\\\/\\\/digital58.com.ve\\\/site\\\/2020\\\/05\\\/02\\\/los-espanoles-salen-a-ejercitarse-despues-de-49-dias-de-confinamiento\\\/#article\",\"isPartOf\":{\"@id\":\"https:\\\/\\\/digital58.com.ve\\\/site\\\/2020\\\/05\\\/02\\\/los-espanoles-salen-a-ejercitarse-despues-de-49-dias-de-confinamiento\\\/\"},\"author\":{\"name\":\"Villasmil Henry\",\"@id\":\"https:\\\/\\\/digital58.com.ve\\\/site\\\/#\\\/schema\\\/person\\\/64d1c2e4d0d4fd1b849980c4331c2951\"},\"headline\":\"Los espa\u00f1oles salen a ejercitarse despu\u00e9s de 49 d\u00edas de confinamiento\",\"datePublished\":\"2020-05-02T17:42:36+00:00\",\"dateModified\":\"2020-05-02T17:45:37+00:00\",\"mainEntityOfPage\":{\"@id\":\"https:\\\/\\\/digital58.com.ve\\\/site\\\/2020\\\/05\\\/02\\\/los-espanoles-salen-a-ejercitarse-despues-de-49-dias-de-confinamiento\\\/\"},\"wordCount\":409,\"commentCount\":0,\"publisher\":{\"@id\":\"https:\\\/\\\/digital58.com.ve\\\/site\\\/#\\\/schema\\\/person\\\/64d1c2e4d0d4fd1b849980c4331c2951\"},\"image\":{\"@id\":\"https:\\\/\\\/digital58.com.ve\\\/site\\\/2020\\\/05\\\/02\\\/los-espanoles-salen-a-ejercitarse-despues-de-49-dias-de-confinamiento\\\/#primaryimage\"},\"thumbnailUrl\":\"https:\\\/\\\/digital58.com.ve\\\/site\\\/wp-content\\\/uploads\\\/2020\\\/05\\\/espa\u00f1a.jpg\",\"keywords\":[\"Coronavirus\",\"COVID-19\",\"Cuarentena\",\"Espa\u00f1a\",\"Internacionales\",\"Madrid\",\"Pandemia\"],\"articleSection\":[\"Otros\",\"Reportajes Especiales\"],\"inLanguage\":\"es\",\"potentialAction\":[{\"@type\":\"CommentAction\",\"name\":\"Comment\",\"target\":[\"https:\\\/\\\/digital58.com.ve\\\/site\\\/2020\\\/05\\\/02\\\/los-espanoles-salen-a-ejercitarse-despues-de-49-dias-de-confinamiento\\\/#respond\"]}]},{\"@type\":\"WebPage\",\"@id\":\"https:\\\/\\\/digital58.com.ve\\\/site\\\/2020\\\/05\\\/02\\\/los-espanoles-salen-a-ejercitarse-despues-de-49-dias-de-confinamiento\\\/\",\"url\":\"https:\\\/\\\/digital58.com.ve\\\/site\\\/2020\\\/05\\\/02\\\/los-espanoles-salen-a-ejercitarse-despues-de-49-dias-de-confinamiento\\\/\",\"name\":\"Los espa\u00f1oles salen a ejercitarse despu\u00e9s de 49 d\u00edas de confinamiento\",\"isPartOf\":{\"@id\":\"https:\\\/\\\/digital58.com.ve\\\/site\\\/#website\"},\"primaryImageOfPage\":{\"@id\":\"https:\\\/\\\/digital58.com.ve\\\/site\\\/2020\\\/05\\\/02\\\/los-espanoles-salen-a-ejercitarse-despues-de-49-dias-de-confinamiento\\\/#primaryimage\"},\"image\":{\"@id\":\"https:\\\/\\\/digital58.com.ve\\\/site\\\/2020\\\/05\\\/02\\\/los-espanoles-salen-a-ejercitarse-despues-de-49-dias-de-confinamiento\\\/#primaryimage\"},\"thumbnailUrl\":\"https:\\\/\\\/digital58.com.ve\\\/site\\\/wp-content\\\/uploads\\\/2020\\\/05\\\/espa\u00f1a.jpg\",\"datePublished\":\"2020-05-02T17:42:36+00:00\",\"dateModified\":\"2020-05-02T17:45:37+00:00\",\"description\":\"Otros\",\"breadcrumb\":{\"@id\":\"https:\\\/\\\/digital58.com.ve\\\/site\\\/2020\\\/05\\\/02\\\/los-espanoles-salen-a-ejercitarse-despues-de-49-dias-de-confinamiento\\\/#breadcrumb\"},\"inLanguage\":\"es\",\"potentialAction\":[{\"@type\":\"ReadAction\",\"target\":[\"https:\\\/\\\/digital58.com.ve\\\/site\\\/2020\\\/05\\\/02\\\/los-espanoles-salen-a-ejercitarse-despues-de-49-dias-de-confinamiento\\\/\"]}]},{\"@type\":\"ImageObject\",\"inLanguage\":\"es\",\"@id\":\"https:\\\/\\\/digital58.com.ve\\\/site\\\/2020\\\/05\\\/02\\\/los-espanoles-salen-a-ejercitarse-despues-de-49-dias-de-confinamiento\\\/#primaryimage\",\"url\":\"https:\\\/\\\/digital58.com.ve\\\/site\\\/wp-content\\\/uploads\\\/2020\\\/05\\\/espa\u00f1a.jpg\",\"contentUrl\":\"https:\\\/\\\/digital58.com.ve\\\/site\\\/wp-content\\\/uploads\\\/2020\\\/05\\\/espa\u00f1a.jpg\",\"width\":800,\"height\":550},{\"@type\":\"BreadcrumbList\",\"@id\":\"https:\\\/\\\/digital58.com.ve\\\/site\\\/2020\\\/05\\\/02\\\/los-espanoles-salen-a-ejercitarse-despues-de-49-dias-de-confinamiento\\\/#breadcrumb\",\"itemListElement\":[{\"@type\":\"ListItem\",\"position\":1,\"name\":\"Home\",\"item\":\"https:\\\/\\\/digital58.com.ve\\\/site\\\/\"},{\"@type\":\"ListItem\",\"position\":2,\"name\":\"Los espa\u00f1oles salen a ejercitarse despu\u00e9s de 49 d\u00edas de confinamiento\"}]},{\"@type\":\"WebSite\",\"@id\":\"https:\\\/\\\/digital58.com.ve\\\/site\\\/#website\",\"url\":\"https:\\\/\\\/digital58.com.ve\\\/site\\\/\",\"name\":\"Noticias Digital58\",\"description\":\"Portal de Noticias \u00a1Periodismo web de verdad! Lanzamiento web 22.11.2005 \\\/ Maracaibo, Venezuela\",\"publisher\":{\"@id\":\"https:\\\/\\\/digital58.com.ve\\\/site\\\/#\\\/schema\\\/person\\\/64d1c2e4d0d4fd1b849980c4331c2951\"},\"alternateName\":\"ND58\",\"potentialAction\":[{\"@type\":\"SearchAction\",\"target\":{\"@type\":\"EntryPoint\",\"urlTemplate\":\"https:\\\/\\\/digital58.com.ve\\\/site\\\/?s={search_term_string}\"},\"query-input\":{\"@type\":\"PropertyValueSpecification\",\"valueRequired\":true,\"valueName\":\"search_term_string\"}}],\"inLanguage\":\"es\"},{\"@type\":[\"Person\",\"Organization\"],\"@id\":\"https:\\\/\\\/digital58.com.ve\\\/site\\\/#\\\/schema\\\/person\\\/64d1c2e4d0d4fd1b849980c4331c2951\",\"name\":\"Villasmil Henry\",\"image\":{\"@type\":\"ImageObject\",\"inLanguage\":\"es\",\"@id\":\"https:\\\/\\\/secure.gravatar.com\\\/avatar\\\/bb0c4a2fcb7970138239f7e404ea75757b1b507b28b5ce4c53fbd62d797c5a7c?s=96&d=mm&r=g\",\"url\":\"https:\\\/\\\/secure.gravatar.com\\\/avatar\\\/bb0c4a2fcb7970138239f7e404ea75757b1b507b28b5ce4c53fbd62d797c5a7c?s=96&d=mm&r=g\",\"contentUrl\":\"https:\\\/\\\/secure.gravatar.com\\\/avatar\\\/bb0c4a2fcb7970138239f7e404ea75757b1b507b28b5ce4c53fbd62d797c5a7c?s=96&d=mm&r=g\",\"caption\":\"Villasmil Henry\"},\"logo\":{\"@id\":\"https:\\\/\\\/secure.gravatar.com\\\/avatar\\\/bb0c4a2fcb7970138239f7e404ea75757b1b507b28b5ce4c53fbd62d797c5a7c?s=96&d=mm&r=g\"},\"sameAs\":[\"http:\\\/\\\/www.henryvillasmil.com.ve\",\"https:\\\/\\\/www.instagram.com\\\/villasmilhfoto\\\/\",\"https:\\\/\\\/x.com\\\/https:\\\/\\\/twitter.com\\\/villasmilhfoto\"],\"url\":\"https:\\\/\\\/digital58.com.ve\\\/site\\\/author\\\/droopy_68\\\/\"}]}<\/script>\n<!-- \/ Yoast SEO plugin. -->","yoast_head_json":{"title":"Los espa\u00f1oles salen a ejercitarse despu\u00e9s de 49 d\u00edas de confinamiento","description":"Otros","robots":{"index":"index","follow":"follow","max-snippet":"max-snippet:-1","max-image-preview":"max-image-preview:large","max-video-preview":"max-video-preview:-1"},"canonical":"https:\/\/digital58.com.ve\/site\/2020\/05\/02\/los-espanoles-salen-a-ejercitarse-despues-de-49-dias-de-confinamiento\/","og_locale":"es_ES","og_type":"article","og_title":"Los espa\u00f1oles salen a ejercitarse despu\u00e9s de 49 d\u00edas de confinamiento","og_description":"Otros","og_url":"https:\/\/digital58.com.ve\/site\/2020\/05\/02\/los-espanoles-salen-a-ejercitarse-despues-de-49-dias-de-confinamiento\/","og_site_name":"Noticias Digital58","article_published_time":"2020-05-02T17:42:36+00:00","article_modified_time":"2020-05-02T17:45:37+00:00","og_image":[{"width":800,"height":550,"url":"https:\/\/digital58.com.ve\/site\/wp-content\/uploads\/2020\/05\/espa\u00f1a.jpg","type":"image\/jpeg"}],"author":"Villasmil Henry","twitter_card":"summary_large_image","twitter_creator":"@https:\/\/twitter.com\/villasmilhfoto","twitter_site":"@villasmilhfoto","twitter_misc":{"Escrito por":"Villasmil Henry","Tiempo estimado de lectura":"2 minutos"},"schema":{"@context":"https:\/\/schema.org","@graph":[{"@type":"Article","@id":"https:\/\/digital58.com.ve\/site\/2020\/05\/02\/los-espanoles-salen-a-ejercitarse-despues-de-49-dias-de-confinamiento\/#article","isPartOf":{"@id":"https:\/\/digital58.com.ve\/site\/2020\/05\/02\/los-espanoles-salen-a-ejercitarse-despues-de-49-dias-de-confinamiento\/"},"author":{"name":"Villasmil Henry","@id":"https:\/\/digital58.com.ve\/site\/#\/schema\/person\/64d1c2e4d0d4fd1b849980c4331c2951"},"headline":"Los espa\u00f1oles salen a ejercitarse despu\u00e9s de 49 d\u00edas de confinamiento","datePublished":"2020-05-02T17:42:36+00:00","dateModified":"2020-05-02T17:45:37+00:00","mainEntityOfPage":{"@id":"https:\/\/digital58.com.ve\/site\/2020\/05\/02\/los-espanoles-salen-a-ejercitarse-despues-de-49-dias-de-confinamiento\/"},"wordCount":409,"commentCount":0,"publisher":{"@id":"https:\/\/digital58.com.ve\/site\/#\/schema\/person\/64d1c2e4d0d4fd1b849980c4331c2951"},"image":{"@id":"https:\/\/digital58.com.ve\/site\/2020\/05\/02\/los-espanoles-salen-a-ejercitarse-despues-de-49-dias-de-confinamiento\/#primaryimage"},"thumbnailUrl":"https:\/\/digital58.com.ve\/site\/wp-content\/uploads\/2020\/05\/espa\u00f1a.jpg","keywords":["Coronavirus","COVID-19","Cuarentena","Espa\u00f1a","Internacionales","Madrid","Pandemia"],"articleSection":["Otros","Reportajes Especiales"],"inLanguage":"es","potentialAction":[{"@type":"CommentAction","name":"Comment","target":["https:\/\/digital58.com.ve\/site\/2020\/05\/02\/los-espanoles-salen-a-ejercitarse-despues-de-49-dias-de-confinamiento\/#respond"]}]},{"@type":"WebPage","@id":"https:\/\/digital58.com.ve\/site\/2020\/05\/02\/los-espanoles-salen-a-ejercitarse-despues-de-49-dias-de-confinamiento\/","url":"https:\/\/digital58.com.ve\/site\/2020\/05\/02\/los-espanoles-salen-a-ejercitarse-despues-de-49-dias-de-confinamiento\/","name":"Los espa\u00f1oles salen a ejercitarse despu\u00e9s de 49 d\u00edas de confinamiento","isPartOf":{"@id":"https:\/\/digital58.com.ve\/site\/#website"},"primaryImageOfPage":{"@id":"https:\/\/digital58.com.ve\/site\/2020\/05\/02\/los-espanoles-salen-a-ejercitarse-despues-de-49-dias-de-confinamiento\/#primaryimage"},"image":{"@id":"https:\/\/digital58.com.ve\/site\/2020\/05\/02\/los-espanoles-salen-a-ejercitarse-despues-de-49-dias-de-confinamiento\/#primaryimage"},"thumbnailUrl":"https:\/\/digital58.com.ve\/site\/wp-content\/uploads\/2020\/05\/espa\u00f1a.jpg","datePublished":"2020-05-02T17:42:36+00:00","dateModified":"2020-05-02T17:45:37+00:00","description":"Otros","breadcrumb":{"@id":"https:\/\/digital58.com.ve\/site\/2020\/05\/02\/los-espanoles-salen-a-ejercitarse-despues-de-49-dias-de-confinamiento\/#breadcrumb"},"inLanguage":"es","potentialAction":[{"@type":"ReadAction","target":["https:\/\/digital58.com.ve\/site\/2020\/05\/02\/los-espanoles-salen-a-ejercitarse-despues-de-49-dias-de-confinamiento\/"]}]},{"@type":"ImageObject","inLanguage":"es","@id":"https:\/\/digital58.com.ve\/site\/2020\/05\/02\/los-espanoles-salen-a-ejercitarse-despues-de-49-dias-de-confinamiento\/#primaryimage","url":"https:\/\/digital58.com.ve\/site\/wp-content\/uploads\/2020\/05\/espa\u00f1a.jpg","contentUrl":"https:\/\/digital58.com.ve\/site\/wp-content\/uploads\/2020\/05\/espa\u00f1a.jpg","width":800,"height":550},{"@type":"BreadcrumbList","@id":"https:\/\/digital58.com.ve\/site\/2020\/05\/02\/los-espanoles-salen-a-ejercitarse-despues-de-49-dias-de-confinamiento\/#breadcrumb","itemListElement":[{"@type":"ListItem","position":1,"name":"Home","item":"https:\/\/digital58.com.ve\/site\/"},{"@type":"ListItem","position":2,"name":"Los espa\u00f1oles salen a ejercitarse despu\u00e9s de 49 d\u00edas de confinamiento"}]},{"@type":"WebSite","@id":"https:\/\/digital58.com.ve\/site\/#website","url":"https:\/\/digital58.com.ve\/site\/","name":"Noticias Digital58","description":"Portal de Noticias \u00a1Periodismo web de verdad! Lanzamiento web 22.11.2005 \/ Maracaibo, Venezuela","publisher":{"@id":"https:\/\/digital58.com.ve\/site\/#\/schema\/person\/64d1c2e4d0d4fd1b849980c4331c2951"},"alternateName":"ND58","potentialAction":[{"@type":"SearchAction","target":{"@type":"EntryPoint","urlTemplate":"https:\/\/digital58.com.ve\/site\/?s={search_term_string}"},"query-input":{"@type":"PropertyValueSpecification","valueRequired":true,"valueName":"search_term_string"}}],"inLanguage":"es"},{"@type":["Person","Organization"],"@id":"https:\/\/digital58.com.ve\/site\/#\/schema\/person\/64d1c2e4d0d4fd1b849980c4331c2951","name":"Villasmil Henry","image":{"@type":"ImageObject","inLanguage":"es","@id":"https:\/\/secure.gravatar.com\/avatar\/bb0c4a2fcb7970138239f7e404ea75757b1b507b28b5ce4c53fbd62d797c5a7c?s=96&d=mm&r=g","url":"https:\/\/secure.gravatar.com\/avatar\/bb0c4a2fcb7970138239f7e404ea75757b1b507b28b5ce4c53fbd62d797c5a7c?s=96&d=mm&r=g","contentUrl":"https:\/\/secure.gravatar.com\/avatar\/bb0c4a2fcb7970138239f7e404ea75757b1b507b28b5ce4c53fbd62d797c5a7c?s=96&d=mm&r=g","caption":"Villasmil Henry"},"logo":{"@id":"https:\/\/secure.gravatar.com\/avatar\/bb0c4a2fcb7970138239f7e404ea75757b1b507b28b5ce4c53fbd62d797c5a7c?s=96&d=mm&r=g"},"sameAs":["http:\/\/www.henryvillasmil.com.ve","https:\/\/www.instagram.com\/villasmilhfoto\/","https:\/\/x.com\/https:\/\/twitter.com\/villasmilhfoto"],"url":"https:\/\/digital58.com.ve\/site\/author\/droopy_68\/"}]}},"uagb_featured_image_src":{"full":["https:\/\/digital58.com.ve\/site\/wp-content\/uploads\/2020\/05\/espa\u00f1a.jpg",800,550,false],"thumbnail":["https:\/\/digital58.com.ve\/site\/wp-content\/uploads\/2020\/05\/espa\u00f1a-150x150.jpg",150,150,true],"medium":["https:\/\/digital58.com.ve\/site\/wp-content\/uploads\/2020\/05\/espa\u00f1a-300x206.jpg",300,206,true],"medium_large":["https:\/\/digital58.com.ve\/site\/wp-content\/uploads\/2020\/05\/espa\u00f1a-768x528.jpg",768,528,true],"large":["https:\/\/digital58.com.ve\/site\/wp-content\/uploads\/2020\/05\/espa\u00f1a.jpg",800,550,false],"1536x1536":["https:\/\/digital58.com.ve\/site\/wp-content\/uploads\/2020\/05\/espa\u00f1a.jpg",800,550,false],"2048x2048":["https:\/\/digital58.com.ve\/site\/wp-content\/uploads\/2020\/05\/espa\u00f1a.jpg",800,550,false],"colormag-highlighted-post":["https:\/\/digital58.com.ve\/site\/wp-content\/uploads\/2020\/05\/espa\u00f1a.jpg",392,270,false],"colormag-featured-post-medium":["https:\/\/digital58.com.ve\/site\/wp-content\/uploads\/2020\/05\/espa\u00f1a.jpg",298,205,false],"colormag-featured-post-small":["https:\/\/digital58.com.ve\/site\/wp-content\/uploads\/2020\/05\/espa\u00f1a.jpg",130,90,false],"colormag-featured-image":["https:\/\/digital58.com.ve\/site\/wp-content\/uploads\/2020\/05\/espa\u00f1a.jpg",647,445,false],"colormag-default-news":["https:\/\/digital58.com.ve\/site\/wp-content\/uploads\/2020\/05\/espa\u00f1a.jpg",150,103,false],"colormag-featured-image-large":["https:\/\/digital58.com.ve\/site\/wp-content\/uploads\/2020\/05\/espa\u00f1a.jpg",800,550,false]},"uagb_author_info":{"display_name":"Villasmil Henry","author_link":"https:\/\/digital58.com.ve\/site\/author\/droopy_68\/"},"uagb_comment_info":0,"uagb_excerpt":"Los corredores y ciclistas de toda Espa\u00f1a pudieron salir de sus casas el s\u00e1bado por la ma\u00f1ana y los adultos","_links":{"self":[{"href":"https:\/\/digital58.com.ve\/site\/wp-json\/wp\/v2\/posts\/96707","targetHints":{"allow":["GET"]}}],"collection":[{"href":"https:\/\/digital58.com.ve\/site\/wp-json\/wp\/v2\/posts"}],"about":[{"href":"https:\/\/digital58.com.ve\/site\/wp-json\/wp\/v2\/types\/post"}],"author":[{"embeddable":true,"href":"https:\/\/digital58.com.ve\/site\/wp-json\/wp\/v2\/users\/1"}],"replies":[{"embeddable":true,"href":"https:\/\/digital58.com.ve\/site\/wp-json\/wp\/v2\/comments?post=96707"}],"version-history":[{"count":0,"href":"https:\/\/digital58.com.ve\/site\/wp-json\/wp\/v2\/posts\/96707\/revisions"}],"wp:featuredmedia":[{"embeddable":true,"href":"https:\/\/digital58.com.ve\/site\/wp-json\/wp\/v2\/media\/96708"}],"wp:attachment":[{"href":"https:\/\/digital58.com.ve\/site\/wp-json\/wp\/v2\/media?parent=96707"}],"wp:term":[{"taxonomy":"category","embeddable":true,"href":"https:\/\/digital58.com.ve\/site\/wp-json\/wp\/v2\/categories?post=96707"},{"taxonomy":"post_tag","embeddable":true,"href":"https:\/\/digital58.com.ve\/site\/wp-json\/wp\/v2\/tags?post=96707"}],"curies":[{"name":"wp","href":"https:\/\/api.w.org\/{rel}","templated":true}]}}