{"id":96756,"date":"2020-05-02T19:15:05","date_gmt":"2020-05-02T23:15:05","guid":{"rendered":"https:\/\/digital58.com.ve\/site\/?p=96756"},"modified":"2020-05-02T19:15:05","modified_gmt":"2020-05-02T23:15:05","slug":"futbol-colombiano-podria-volver-en-septiembre-o-agosto","status":"publish","type":"post","link":"https:\/\/digital58.com.ve\/site\/2020\/05\/02\/futbol-colombiano-podria-volver-en-septiembre-o-agosto\/","title":{"rendered":"F\u00fatbol colombiano podr\u00eda volver en septiembre o agosto"},"content":{"rendered":"<p><a href=\"https:\/\/digital58.com.ve\/site\/wp-content\/uploads\/2020\/05\/futbol-colombiano.jpg\"><img loading=\"lazy\" decoding=\"async\" class=\"aligncenter size-full wp-image-96757\" src=\"https:\/\/digital58.com.ve\/site\/wp-content\/uploads\/2020\/05\/futbol-colombiano.jpg\" alt=\"\" width=\"950\" height=\"475\" srcset=\"https:\/\/digital58.com.ve\/site\/wp-content\/uploads\/2020\/05\/futbol-colombiano.jpg 800w, https:\/\/digital58.com.ve\/site\/wp-content\/uploads\/2020\/05\/futbol-colombiano-300x150.jpg 300w, https:\/\/digital58.com.ve\/site\/wp-content\/uploads\/2020\/05\/futbol-colombiano-768x384.jpg 768w\" sizes=\"auto, (max-width: 950px) 100vw, 950px\" \/><\/a><br \/>\nErnesto Lucena, Ministro del Deporte de Colombia, plante\u00f3 ante el Congreso del pa\u00eds cafetalero un plan para que la Liga Colombiana de F\u00fatbol retornara a los campos con las grader\u00edas vac\u00edas ante el peligro que supone el COVID-19. Colombia es el primer pa\u00eds miembro de la CONMEBOL que se plantea la reanudaci\u00f3n de su liga de f\u00fatbol.<\/p>\n<p><strong>Colombia, 02 de mayo de 2020 (ND58).-<\/strong> La actividad en el f\u00fatbol profesional colombiano se reiniciar\u00eda, seg\u00fan el plan de Lucena, entre agosto y septiembre, una vez que el gobierno y las autoridades sanitarias aprueben el protocolo de seguridad que se ha sometido a su consideraci\u00f3n.<\/p>\n<p>\u00abPodemos pensar en el mes de agosto o septiembre de este a\u00f1o para el regreso del f\u00fatbol a puerta cerrada en el pa\u00eds\u00bb, recalc\u00f3 Lucena en su intervenci\u00f3n en la sesi\u00f3n virtual del congreso.<\/p>\n<p>El protocolo, que consta de un documento de 71 p\u00e1ginas, fue elaborado por profesionales m\u00e9dicos de la Federaci\u00f3n Colombiana de Futbol y de la Dimayor (primera divisi\u00f3n).<\/p>\n<p>Con este plan se espera reanudar la acci\u00f3n en el balompi\u00e9 neogranadino, suspendido en marzo debido a la pandemia del coronavirus.<\/p>\n<p>El plan y los protocolos de seguridad ya han sido examinados por el propio Lucena en conjunto con el Presidente Ivan Duque y el Ministro de Salud Fernando Ruiz, de quien se espera una pronunciaci\u00f3n el pr\u00f3ximo 11 de mayo donde dar\u00e1 a conocer la decisi\u00f3n emanada de las autoridades.<\/p>\n<p>Colombia es el primer pa\u00eds miembro de la CONMEBOL que se plantea la reanudaci\u00f3n de su liga de f\u00fatbol.<\/p><div class=\"oayfb69edbce6bbbe6\" ><p style=\"text-align: center;\"><a href=\"https:\/\/t.me\/noticiasdigital58\" target=\"_blank\" rel=\"noopener\"><img class=\"aligncenter size-full wp-image-125363\" src=\"https:\/\/digital58.com.ve\/site\/wp-content\/uploads\/2021\/04\/banner-telegram-web-2021.png\" alt=\"\" width=\"600\" height=\"90\" \/><\/a><\/p><\/div><style type=\"text\/css\">\r\n@media screen and (min-width: 1201px) {\r\n.oayfb69edbce6bbbe6 {\r\ndisplay: block;\r\n}\r\n}\r\n@media screen and (min-width: 993px) and (max-width: 1200px) {\r\n.oayfb69edbce6bbbe6 {\r\ndisplay: block;\r\n}\r\n}\r\n@media screen and (min-width: 769px) and (max-width: 992px) {\r\n.oayfb69edbce6bbbe6 {\r\ndisplay: block;\r\n}\r\n}\r\n@media screen and (min-width: 768px) and (max-width: 768px) {\r\n.oayfb69edbce6bbbe6 {\r\ndisplay: block;\r\n}\r\n}\r\n@media screen and (max-width: 767px) {\r\n.oayfb69edbce6bbbe6 {\r\ndisplay: block;\r\n}\r\n}\r\n<\/style>\r\n\n<p><strong>Redacci\u00f3n: Morales, Joel | Fuente: Agencias<\/strong><br \/>\n<strong>Edici\u00f3n: Villasmil, Henry<\/strong><br \/>\n<strong>Gr\u00e1fica: cortes\u00eda<\/strong><\/p>\n<div style=\"margin-top: 0px; margin-bottom: 0px;\" class=\"sharethis-inline-share-buttons\" ><\/div>","protected":false},"excerpt":{"rendered":"<p>Ernesto Lucena, Ministro del Deporte de Colombia, plante\u00f3 ante el Congreso del pa\u00eds cafetalero un plan para que la Liga<\/p>\n","protected":false},"author":1,"featured_media":96757,"comment_status":"open","ping_status":"closed","sticky":false,"template":"","format":"standard","meta":{"colormag_page_container_layout":"default_layout","colormag_page_sidebar_layout":"default_layout","_uag_custom_page_level_css":"","footnotes":""},"categories":[5402],"tags":[125,13352,13786,13,11227,8,13723],"class_list":["post-96756","post","type-post","status-publish","format-standard","has-post-thumbnail","hentry","category-deportes","tag-conmebol","tag-coronavirus","tag-cuarentena","tag-futbol","tag-futbol-colombiano","tag-internacionales","tag-pandemia"],"yoast_head":"<!-- This site is optimized with the Yoast SEO plugin v27.4 - https:\/\/yoast.com\/product\/yoast-seo-wordpress\/ -->\n<title>F\u00fatbol colombiano podr\u00eda volver en septiembre o agosto<\/title>\n<meta name=\"description\" content=\"Deportes\" \/>\n<meta name=\"robots\" content=\"index, follow, max-snippet:-1, max-image-preview:large, max-video-preview:-1\" \/>\n<link rel=\"canonical\" href=\"https:\/\/digital58.com.ve\/site\/2020\/05\/02\/futbol-colombiano-podria-volver-en-septiembre-o-agosto\/\" \/>\n<meta property=\"og:locale\" content=\"es_ES\" \/>\n<meta property=\"og:type\" content=\"article\" \/>\n<meta property=\"og:title\" content=\"F\u00fatbol colombiano podr\u00eda volver en septiembre o agosto\" \/>\n<meta property=\"og:description\" content=\"Deportes\" \/>\n<meta property=\"og:url\" content=\"https:\/\/digital58.com.ve\/site\/2020\/05\/02\/futbol-colombiano-podria-volver-en-septiembre-o-agosto\/\" \/>\n<meta property=\"og:site_name\" content=\"Noticias Digital58\" \/>\n<meta property=\"article:published_time\" content=\"2020-05-02T23:15:05+00:00\" \/>\n<meta property=\"og:image\" content=\"https:\/\/digital58.com.ve\/site\/wp-content\/uploads\/2020\/05\/futbol-colombiano.jpg\" \/>\n\t<meta property=\"og:image:width\" content=\"950\" \/>\n\t<meta property=\"og:image:height\" content=\"475\" \/>\n\t<meta property=\"og:image:type\" content=\"image\/jpeg\" \/>\n<meta name=\"author\" content=\"Villasmil Henry\" \/>\n<meta name=\"twitter:card\" content=\"summary_large_image\" \/>\n<meta name=\"twitter:creator\" content=\"@https:\/\/twitter.com\/villasmilhfoto\" \/>\n<meta name=\"twitter:site\" content=\"@villasmilhfoto\" \/>\n<meta name=\"twitter:label1\" content=\"Escrito por\" \/>\n\t<meta name=\"twitter:data1\" content=\"Villasmil Henry\" \/>\n\t<meta name=\"twitter:label2\" content=\"Tiempo estimado de lectura\" \/>\n\t<meta name=\"twitter:data2\" content=\"1 minuto\" \/>\n<script type=\"application\/ld+json\" class=\"yoast-schema-graph\">{\"@context\":\"https:\\\/\\\/schema.org\",\"@graph\":[{\"@type\":\"Article\",\"@id\":\"https:\\\/\\\/digital58.com.ve\\\/site\\\/2020\\\/05\\\/02\\\/futbol-colombiano-podria-volver-en-septiembre-o-agosto\\\/#article\",\"isPartOf\":{\"@id\":\"https:\\\/\\\/digital58.com.ve\\\/site\\\/2020\\\/05\\\/02\\\/futbol-colombiano-podria-volver-en-septiembre-o-agosto\\\/\"},\"author\":{\"name\":\"Villasmil Henry\",\"@id\":\"https:\\\/\\\/digital58.com.ve\\\/site\\\/#\\\/schema\\\/person\\\/64d1c2e4d0d4fd1b849980c4331c2951\"},\"headline\":\"F\u00fatbol colombiano podr\u00eda volver en septiembre o agosto\",\"datePublished\":\"2020-05-02T23:15:05+00:00\",\"mainEntityOfPage\":{\"@id\":\"https:\\\/\\\/digital58.com.ve\\\/site\\\/2020\\\/05\\\/02\\\/futbol-colombiano-podria-volver-en-septiembre-o-agosto\\\/\"},\"wordCount\":302,\"commentCount\":0,\"publisher\":{\"@id\":\"https:\\\/\\\/digital58.com.ve\\\/site\\\/#\\\/schema\\\/person\\\/64d1c2e4d0d4fd1b849980c4331c2951\"},\"image\":{\"@id\":\"https:\\\/\\\/digital58.com.ve\\\/site\\\/2020\\\/05\\\/02\\\/futbol-colombiano-podria-volver-en-septiembre-o-agosto\\\/#primaryimage\"},\"thumbnailUrl\":\"https:\\\/\\\/digital58.com.ve\\\/site\\\/wp-content\\\/uploads\\\/2020\\\/05\\\/futbol-colombiano.jpg\",\"keywords\":[\"Conmebol\",\"Coronavirus\",\"Cuarentena\",\"F\u00fatbol\",\"F\u00fatbol Colombiano\",\"Internacionales\",\"Pandemia\"],\"articleSection\":[\"Deportes\"],\"inLanguage\":\"es\",\"potentialAction\":[{\"@type\":\"CommentAction\",\"name\":\"Comment\",\"target\":[\"https:\\\/\\\/digital58.com.ve\\\/site\\\/2020\\\/05\\\/02\\\/futbol-colombiano-podria-volver-en-septiembre-o-agosto\\\/#respond\"]}]},{\"@type\":\"WebPage\",\"@id\":\"https:\\\/\\\/digital58.com.ve\\\/site\\\/2020\\\/05\\\/02\\\/futbol-colombiano-podria-volver-en-septiembre-o-agosto\\\/\",\"url\":\"https:\\\/\\\/digital58.com.ve\\\/site\\\/2020\\\/05\\\/02\\\/futbol-colombiano-podria-volver-en-septiembre-o-agosto\\\/\",\"name\":\"F\u00fatbol colombiano podr\u00eda volver en septiembre o agosto\",\"isPartOf\":{\"@id\":\"https:\\\/\\\/digital58.com.ve\\\/site\\\/#website\"},\"primaryImageOfPage\":{\"@id\":\"https:\\\/\\\/digital58.com.ve\\\/site\\\/2020\\\/05\\\/02\\\/futbol-colombiano-podria-volver-en-septiembre-o-agosto\\\/#primaryimage\"},\"image\":{\"@id\":\"https:\\\/\\\/digital58.com.ve\\\/site\\\/2020\\\/05\\\/02\\\/futbol-colombiano-podria-volver-en-septiembre-o-agosto\\\/#primaryimage\"},\"thumbnailUrl\":\"https:\\\/\\\/digital58.com.ve\\\/site\\\/wp-content\\\/uploads\\\/2020\\\/05\\\/futbol-colombiano.jpg\",\"datePublished\":\"2020-05-02T23:15:05+00:00\",\"description\":\"Deportes\",\"breadcrumb\":{\"@id\":\"https:\\\/\\\/digital58.com.ve\\\/site\\\/2020\\\/05\\\/02\\\/futbol-colombiano-podria-volver-en-septiembre-o-agosto\\\/#breadcrumb\"},\"inLanguage\":\"es\",\"potentialAction\":[{\"@type\":\"ReadAction\",\"target\":[\"https:\\\/\\\/digital58.com.ve\\\/site\\\/2020\\\/05\\\/02\\\/futbol-colombiano-podria-volver-en-septiembre-o-agosto\\\/\"]}]},{\"@type\":\"ImageObject\",\"inLanguage\":\"es\",\"@id\":\"https:\\\/\\\/digital58.com.ve\\\/site\\\/2020\\\/05\\\/02\\\/futbol-colombiano-podria-volver-en-septiembre-o-agosto\\\/#primaryimage\",\"url\":\"https:\\\/\\\/digital58.com.ve\\\/site\\\/wp-content\\\/uploads\\\/2020\\\/05\\\/futbol-colombiano.jpg\",\"contentUrl\":\"https:\\\/\\\/digital58.com.ve\\\/site\\\/wp-content\\\/uploads\\\/2020\\\/05\\\/futbol-colombiano.jpg\",\"width\":800,\"height\":400},{\"@type\":\"BreadcrumbList\",\"@id\":\"https:\\\/\\\/digital58.com.ve\\\/site\\\/2020\\\/05\\\/02\\\/futbol-colombiano-podria-volver-en-septiembre-o-agosto\\\/#breadcrumb\",\"itemListElement\":[{\"@type\":\"ListItem\",\"position\":1,\"name\":\"Home\",\"item\":\"https:\\\/\\\/digital58.com.ve\\\/site\\\/\"},{\"@type\":\"ListItem\",\"position\":2,\"name\":\"F\u00fatbol colombiano podr\u00eda volver en septiembre o agosto\"}]},{\"@type\":\"WebSite\",\"@id\":\"https:\\\/\\\/digital58.com.ve\\\/site\\\/#website\",\"url\":\"https:\\\/\\\/digital58.com.ve\\\/site\\\/\",\"name\":\"Noticias Digital58\",\"description\":\"Portal de Noticias \u00a1Periodismo web de verdad! Lanzamiento web 22.11.2005 \\\/ Maracaibo, Venezuela\",\"publisher\":{\"@id\":\"https:\\\/\\\/digital58.com.ve\\\/site\\\/#\\\/schema\\\/person\\\/64d1c2e4d0d4fd1b849980c4331c2951\"},\"alternateName\":\"ND58\",\"potentialAction\":[{\"@type\":\"SearchAction\",\"target\":{\"@type\":\"EntryPoint\",\"urlTemplate\":\"https:\\\/\\\/digital58.com.ve\\\/site\\\/?s={search_term_string}\"},\"query-input\":{\"@type\":\"PropertyValueSpecification\",\"valueRequired\":true,\"valueName\":\"search_term_string\"}}],\"inLanguage\":\"es\"},{\"@type\":[\"Person\",\"Organization\"],\"@id\":\"https:\\\/\\\/digital58.com.ve\\\/site\\\/#\\\/schema\\\/person\\\/64d1c2e4d0d4fd1b849980c4331c2951\",\"name\":\"Villasmil Henry\",\"image\":{\"@type\":\"ImageObject\",\"inLanguage\":\"es\",\"@id\":\"https:\\\/\\\/secure.gravatar.com\\\/avatar\\\/bb0c4a2fcb7970138239f7e404ea75757b1b507b28b5ce4c53fbd62d797c5a7c?s=96&d=mm&r=g\",\"url\":\"https:\\\/\\\/secure.gravatar.com\\\/avatar\\\/bb0c4a2fcb7970138239f7e404ea75757b1b507b28b5ce4c53fbd62d797c5a7c?s=96&d=mm&r=g\",\"contentUrl\":\"https:\\\/\\\/secure.gravatar.com\\\/avatar\\\/bb0c4a2fcb7970138239f7e404ea75757b1b507b28b5ce4c53fbd62d797c5a7c?s=96&d=mm&r=g\",\"caption\":\"Villasmil Henry\"},\"logo\":{\"@id\":\"https:\\\/\\\/secure.gravatar.com\\\/avatar\\\/bb0c4a2fcb7970138239f7e404ea75757b1b507b28b5ce4c53fbd62d797c5a7c?s=96&d=mm&r=g\"},\"sameAs\":[\"http:\\\/\\\/www.henryvillasmil.com.ve\",\"https:\\\/\\\/www.instagram.com\\\/villasmilhfoto\\\/\",\"https:\\\/\\\/x.com\\\/https:\\\/\\\/twitter.com\\\/villasmilhfoto\"],\"url\":\"https:\\\/\\\/digital58.com.ve\\\/site\\\/author\\\/droopy_68\\\/\"}]}<\/script>\n<!-- \/ Yoast SEO plugin. -->","yoast_head_json":{"title":"F\u00fatbol colombiano podr\u00eda volver en septiembre o agosto","description":"Deportes","robots":{"index":"index","follow":"follow","max-snippet":"max-snippet:-1","max-image-preview":"max-image-preview:large","max-video-preview":"max-video-preview:-1"},"canonical":"https:\/\/digital58.com.ve\/site\/2020\/05\/02\/futbol-colombiano-podria-volver-en-septiembre-o-agosto\/","og_locale":"es_ES","og_type":"article","og_title":"F\u00fatbol colombiano podr\u00eda volver en septiembre o agosto","og_description":"Deportes","og_url":"https:\/\/digital58.com.ve\/site\/2020\/05\/02\/futbol-colombiano-podria-volver-en-septiembre-o-agosto\/","og_site_name":"Noticias Digital58","article_published_time":"2020-05-02T23:15:05+00:00","og_image":[{"width":950,"height":475,"url":"https:\/\/digital58.com.ve\/site\/wp-content\/uploads\/2020\/05\/futbol-colombiano.jpg","type":"image\/jpeg"}],"author":"Villasmil Henry","twitter_card":"summary_large_image","twitter_creator":"@https:\/\/twitter.com\/villasmilhfoto","twitter_site":"@villasmilhfoto","twitter_misc":{"Escrito por":"Villasmil Henry","Tiempo estimado de lectura":"1 minuto"},"schema":{"@context":"https:\/\/schema.org","@graph":[{"@type":"Article","@id":"https:\/\/digital58.com.ve\/site\/2020\/05\/02\/futbol-colombiano-podria-volver-en-septiembre-o-agosto\/#article","isPartOf":{"@id":"https:\/\/digital58.com.ve\/site\/2020\/05\/02\/futbol-colombiano-podria-volver-en-septiembre-o-agosto\/"},"author":{"name":"Villasmil Henry","@id":"https:\/\/digital58.com.ve\/site\/#\/schema\/person\/64d1c2e4d0d4fd1b849980c4331c2951"},"headline":"F\u00fatbol colombiano podr\u00eda volver en septiembre o agosto","datePublished":"2020-05-02T23:15:05+00:00","mainEntityOfPage":{"@id":"https:\/\/digital58.com.ve\/site\/2020\/05\/02\/futbol-colombiano-podria-volver-en-septiembre-o-agosto\/"},"wordCount":302,"commentCount":0,"publisher":{"@id":"https:\/\/digital58.com.ve\/site\/#\/schema\/person\/64d1c2e4d0d4fd1b849980c4331c2951"},"image":{"@id":"https:\/\/digital58.com.ve\/site\/2020\/05\/02\/futbol-colombiano-podria-volver-en-septiembre-o-agosto\/#primaryimage"},"thumbnailUrl":"https:\/\/digital58.com.ve\/site\/wp-content\/uploads\/2020\/05\/futbol-colombiano.jpg","keywords":["Conmebol","Coronavirus","Cuarentena","F\u00fatbol","F\u00fatbol Colombiano","Internacionales","Pandemia"],"articleSection":["Deportes"],"inLanguage":"es","potentialAction":[{"@type":"CommentAction","name":"Comment","target":["https:\/\/digital58.com.ve\/site\/2020\/05\/02\/futbol-colombiano-podria-volver-en-septiembre-o-agosto\/#respond"]}]},{"@type":"WebPage","@id":"https:\/\/digital58.com.ve\/site\/2020\/05\/02\/futbol-colombiano-podria-volver-en-septiembre-o-agosto\/","url":"https:\/\/digital58.com.ve\/site\/2020\/05\/02\/futbol-colombiano-podria-volver-en-septiembre-o-agosto\/","name":"F\u00fatbol colombiano podr\u00eda volver en septiembre o agosto","isPartOf":{"@id":"https:\/\/digital58.com.ve\/site\/#website"},"primaryImageOfPage":{"@id":"https:\/\/digital58.com.ve\/site\/2020\/05\/02\/futbol-colombiano-podria-volver-en-septiembre-o-agosto\/#primaryimage"},"image":{"@id":"https:\/\/digital58.com.ve\/site\/2020\/05\/02\/futbol-colombiano-podria-volver-en-septiembre-o-agosto\/#primaryimage"},"thumbnailUrl":"https:\/\/digital58.com.ve\/site\/wp-content\/uploads\/2020\/05\/futbol-colombiano.jpg","datePublished":"2020-05-02T23:15:05+00:00","description":"Deportes","breadcrumb":{"@id":"https:\/\/digital58.com.ve\/site\/2020\/05\/02\/futbol-colombiano-podria-volver-en-septiembre-o-agosto\/#breadcrumb"},"inLanguage":"es","potentialAction":[{"@type":"ReadAction","target":["https:\/\/digital58.com.ve\/site\/2020\/05\/02\/futbol-colombiano-podria-volver-en-septiembre-o-agosto\/"]}]},{"@type":"ImageObject","inLanguage":"es","@id":"https:\/\/digital58.com.ve\/site\/2020\/05\/02\/futbol-colombiano-podria-volver-en-septiembre-o-agosto\/#primaryimage","url":"https:\/\/digital58.com.ve\/site\/wp-content\/uploads\/2020\/05\/futbol-colombiano.jpg","contentUrl":"https:\/\/digital58.com.ve\/site\/wp-content\/uploads\/2020\/05\/futbol-colombiano.jpg","width":800,"height":400},{"@type":"BreadcrumbList","@id":"https:\/\/digital58.com.ve\/site\/2020\/05\/02\/futbol-colombiano-podria-volver-en-septiembre-o-agosto\/#breadcrumb","itemListElement":[{"@type":"ListItem","position":1,"name":"Home","item":"https:\/\/digital58.com.ve\/site\/"},{"@type":"ListItem","position":2,"name":"F\u00fatbol colombiano podr\u00eda volver en septiembre o agosto"}]},{"@type":"WebSite","@id":"https:\/\/digital58.com.ve\/site\/#website","url":"https:\/\/digital58.com.ve\/site\/","name":"Noticias Digital58","description":"Portal de Noticias \u00a1Periodismo web de verdad! Lanzamiento web 22.11.2005 \/ Maracaibo, Venezuela","publisher":{"@id":"https:\/\/digital58.com.ve\/site\/#\/schema\/person\/64d1c2e4d0d4fd1b849980c4331c2951"},"alternateName":"ND58","potentialAction":[{"@type":"SearchAction","target":{"@type":"EntryPoint","urlTemplate":"https:\/\/digital58.com.ve\/site\/?s={search_term_string}"},"query-input":{"@type":"PropertyValueSpecification","valueRequired":true,"valueName":"search_term_string"}}],"inLanguage":"es"},{"@type":["Person","Organization"],"@id":"https:\/\/digital58.com.ve\/site\/#\/schema\/person\/64d1c2e4d0d4fd1b849980c4331c2951","name":"Villasmil Henry","image":{"@type":"ImageObject","inLanguage":"es","@id":"https:\/\/secure.gravatar.com\/avatar\/bb0c4a2fcb7970138239f7e404ea75757b1b507b28b5ce4c53fbd62d797c5a7c?s=96&d=mm&r=g","url":"https:\/\/secure.gravatar.com\/avatar\/bb0c4a2fcb7970138239f7e404ea75757b1b507b28b5ce4c53fbd62d797c5a7c?s=96&d=mm&r=g","contentUrl":"https:\/\/secure.gravatar.com\/avatar\/bb0c4a2fcb7970138239f7e404ea75757b1b507b28b5ce4c53fbd62d797c5a7c?s=96&d=mm&r=g","caption":"Villasmil Henry"},"logo":{"@id":"https:\/\/secure.gravatar.com\/avatar\/bb0c4a2fcb7970138239f7e404ea75757b1b507b28b5ce4c53fbd62d797c5a7c?s=96&d=mm&r=g"},"sameAs":["http:\/\/www.henryvillasmil.com.ve","https:\/\/www.instagram.com\/villasmilhfoto\/","https:\/\/x.com\/https:\/\/twitter.com\/villasmilhfoto"],"url":"https:\/\/digital58.com.ve\/site\/author\/droopy_68\/"}]}},"uagb_featured_image_src":{"full":["https:\/\/digital58.com.ve\/site\/wp-content\/uploads\/2020\/05\/futbol-colombiano.jpg",800,400,false],"thumbnail":["https:\/\/digital58.com.ve\/site\/wp-content\/uploads\/2020\/05\/futbol-colombiano-150x150.jpg",150,150,true],"medium":["https:\/\/digital58.com.ve\/site\/wp-content\/uploads\/2020\/05\/futbol-colombiano-300x150.jpg",300,150,true],"medium_large":["https:\/\/digital58.com.ve\/site\/wp-content\/uploads\/2020\/05\/futbol-colombiano-768x384.jpg",768,384,true],"large":["https:\/\/digital58.com.ve\/site\/wp-content\/uploads\/2020\/05\/futbol-colombiano.jpg",800,400,false],"1536x1536":["https:\/\/digital58.com.ve\/site\/wp-content\/uploads\/2020\/05\/futbol-colombiano.jpg",800,400,false],"2048x2048":["https:\/\/digital58.com.ve\/site\/wp-content\/uploads\/2020\/05\/futbol-colombiano.jpg",800,400,false],"colormag-highlighted-post":["https:\/\/digital58.com.ve\/site\/wp-content\/uploads\/2020\/05\/futbol-colombiano.jpg",392,196,false],"colormag-featured-post-medium":["https:\/\/digital58.com.ve\/site\/wp-content\/uploads\/2020\/05\/futbol-colombiano.jpg",390,195,false],"colormag-featured-post-small":["https:\/\/digital58.com.ve\/site\/wp-content\/uploads\/2020\/05\/futbol-colombiano.jpg",130,65,false],"colormag-featured-image":["https:\/\/digital58.com.ve\/site\/wp-content\/uploads\/2020\/05\/futbol-colombiano.jpg",800,400,false],"colormag-default-news":["https:\/\/digital58.com.ve\/site\/wp-content\/uploads\/2020\/05\/futbol-colombiano.jpg",150,75,false],"colormag-featured-image-large":["https:\/\/digital58.com.ve\/site\/wp-content\/uploads\/2020\/05\/futbol-colombiano.jpg",800,400,false]},"uagb_author_info":{"display_name":"Villasmil Henry","author_link":"https:\/\/digital58.com.ve\/site\/author\/droopy_68\/"},"uagb_comment_info":0,"uagb_excerpt":"Ernesto Lucena, Ministro del Deporte de Colombia, plante\u00f3 ante el Congreso del pa\u00eds cafetalero un plan para que la Liga","_links":{"self":[{"href":"https:\/\/digital58.com.ve\/site\/wp-json\/wp\/v2\/posts\/96756","targetHints":{"allow":["GET"]}}],"collection":[{"href":"https:\/\/digital58.com.ve\/site\/wp-json\/wp\/v2\/posts"}],"about":[{"href":"https:\/\/digital58.com.ve\/site\/wp-json\/wp\/v2\/types\/post"}],"author":[{"embeddable":true,"href":"https:\/\/digital58.com.ve\/site\/wp-json\/wp\/v2\/users\/1"}],"replies":[{"embeddable":true,"href":"https:\/\/digital58.com.ve\/site\/wp-json\/wp\/v2\/comments?post=96756"}],"version-history":[{"count":0,"href":"https:\/\/digital58.com.ve\/site\/wp-json\/wp\/v2\/posts\/96756\/revisions"}],"wp:featuredmedia":[{"embeddable":true,"href":"https:\/\/digital58.com.ve\/site\/wp-json\/wp\/v2\/media\/96757"}],"wp:attachment":[{"href":"https:\/\/digital58.com.ve\/site\/wp-json\/wp\/v2\/media?parent=96756"}],"wp:term":[{"taxonomy":"category","embeddable":true,"href":"https:\/\/digital58.com.ve\/site\/wp-json\/wp\/v2\/categories?post=96756"},{"taxonomy":"post_tag","embeddable":true,"href":"https:\/\/digital58.com.ve\/site\/wp-json\/wp\/v2\/tags?post=96756"}],"curies":[{"name":"wp","href":"https:\/\/api.w.org\/{rel}","templated":true}]}}