{"id":96944,"date":"2020-05-03T18:16:31","date_gmt":"2020-05-03T22:16:31","guid":{"rendered":"https:\/\/digital58.com.ve\/site\/?p=96944"},"modified":"2020-05-03T18:17:29","modified_gmt":"2020-05-03T22:17:29","slug":"en-la-actualidad-la-libertad-de-prensa-se-tine-de-ausente","status":"publish","type":"post","link":"https:\/\/digital58.com.ve\/site\/2020\/05\/03\/en-la-actualidad-la-libertad-de-prensa-se-tine-de-ausente\/","title":{"rendered":"En la actualidad la libertad de prensa se ti\u00f1e de ausente"},"content":{"rendered":"<p><img loading=\"lazy\" decoding=\"async\" class=\"aligncenter wp-image-96945 size-full\" src=\"https:\/\/digital58.com.ve\/site\/wp-content\/uploads\/2020\/05\/Sociedad-Interamericana-Prensa-2.jpg\" alt=\"\" width=\"1140\" height=\"760\" srcset=\"https:\/\/digital58.com.ve\/site\/wp-content\/uploads\/2020\/05\/Sociedad-Interamericana-Prensa-2.jpg 800w, https:\/\/digital58.com.ve\/site\/wp-content\/uploads\/2020\/05\/Sociedad-Interamericana-Prensa-2-300x200.jpg 300w, https:\/\/digital58.com.ve\/site\/wp-content\/uploads\/2020\/05\/Sociedad-Interamericana-Prensa-2-768x512.jpg 768w, https:\/\/digital58.com.ve\/site\/wp-content\/uploads\/2020\/05\/Sociedad-Interamericana-Prensa-2-720x480.jpg 720w, https:\/\/digital58.com.ve\/site\/wp-content\/uploads\/2020\/05\/Sociedad-Interamericana-Prensa-2-480x320.jpg 480w\" sizes=\"auto, (max-width: 1140px) 100vw, 1140px\" \/><\/p>\n<p>Hoy 3 de mayo, D\u00eda Mundial de la Libertad de Prensa, esta se ti\u00f1e ausente, por lo tanto la Sociedad Interamericana de Prensa (SIP) afirm\u00f3 que no hay que celebrar. A la SIP, con sede en Miami, le preocupa que \u00aben casi todos los pa\u00edses existen campa\u00f1as de estigmatizaci\u00f3n, enarboladas por l\u00edderes democr\u00e1ticos, que buscan restar credibilidad a la prensa para gobernar con mayores comodidades\u00bb.<\/p>\n<p><strong>Maracaibo, Zulia, Venezuela, 03 de mayo de 2020 (ND58).-<\/strong>\u00a0La Sociedad Interamericana de Prensa (SIP) afirm\u00f3 que no se puede celebrar el D\u00eda Mundial de la Libertad de Prensa, \u00abla mejor aliada de la democracia\u00bb, en un continente en el que los periodistas son asesinados, agredidos o apresados y hay represi\u00f3n y censura.<\/p>\n<p><img loading=\"lazy\" decoding=\"async\" class=\"aligncenter wp-image-96946 size-full\" src=\"https:\/\/digital58.com.ve\/site\/wp-content\/uploads\/2020\/05\/Periodistas-en-acci\u00f3n.jpg\" alt=\"\" width=\"640\" height=\"426\" srcset=\"https:\/\/digital58.com.ve\/site\/wp-content\/uploads\/2020\/05\/Periodistas-en-acci\u00f3n.jpg 640w, https:\/\/digital58.com.ve\/site\/wp-content\/uploads\/2020\/05\/Periodistas-en-acci\u00f3n-300x200.jpg 300w, https:\/\/digital58.com.ve\/site\/wp-content\/uploads\/2020\/05\/Periodistas-en-acci\u00f3n-480x320.jpg 480w\" sizes=\"auto, (max-width: 640px) 100vw, 640px\" \/><\/p>\n<p>\u00abEste 3 de mayo, D\u00eda Mundial de la Libertad de Prensa, no es un d\u00eda para celebrar en nuestras Am\u00e9ricas\u00bb, afirm\u00f3 la presidenta de la SIP, Mar\u00eda Elvira Dom\u00ednguez, directora del diario colombiano El Pa\u00eds de Cali.<\/p>\n<p>\u00abNo podemos celebrar cuando los reg\u00edmenes autoritarios de Daniel Ortega (Nicaragua), Nicol\u00e1s Maduro (Venezuela) y Miguel D\u00edaz-Canel (Cuba), reprimen, censuran la libertad de prensa, la libertad de expresi\u00f3n y el derecho de los ciudadanos a la libertad de reuni\u00f3n y a manifestarse de forma pac\u00edfica\u00bb, agrega.<\/p>\n<p>\u00abDom\u00ednguez dice que \u201cmucho menos\u201d se puede olvidar en este d\u00eda que desde mayo de 2018 han sido asesinados 26 periodistas en M\u00e9xico, Brasil, Colombia, Honduras y Estados Unidos, \u201ccr\u00edmenes perpetrados por funcionarios corruptos, bandas del crimen organizado y delincuentes que han querido silenciar sus denuncias\u00bb.<\/p>\n<p>A la SIP, con sede en Miami, le preocupa que en casi todos los pa\u00edses existen campa\u00f1as de \u00abestigmatizaci\u00f3n, enarboladas por l\u00edderes democr\u00e1ticos, que buscan restar credibilidad a la prensa para gobernar con mayores comodidades\u00bb.<\/p><div class=\"bddvg6a9bf6371a429\" ><p style=\"text-align: center;\"><a href=\"https:\/\/t.me\/noticiasdigital58\" target=\"_blank\" rel=\"noopener\"><img class=\"aligncenter size-full wp-image-125363\" src=\"https:\/\/digital58.com.ve\/site\/wp-content\/uploads\/2021\/04\/banner-telegram-web-2021.png\" alt=\"\" width=\"600\" height=\"90\" \/><\/a><\/p><\/div><style type=\"text\/css\">\r\n@media screen and (min-width: 1201px) {\r\n.bddvg6a9bf6371a429 {\r\ndisplay: block;\r\n}\r\n}\r\n@media screen and (min-width: 993px) and (max-width: 1200px) {\r\n.bddvg6a9bf6371a429 {\r\ndisplay: block;\r\n}\r\n}\r\n@media screen and (min-width: 769px) and (max-width: 992px) {\r\n.bddvg6a9bf6371a429 {\r\ndisplay: block;\r\n}\r\n}\r\n@media screen and (min-width: 768px) and (max-width: 768px) {\r\n.bddvg6a9bf6371a429 {\r\ndisplay: block;\r\n}\r\n}\r\n@media screen and (max-width: 767px) {\r\n.bddvg6a9bf6371a429 {\r\ndisplay: block;\r\n}\r\n}\r\n<\/style>\r\n\n<p><strong>Redacci\u00f3n: Molero, Luis \/ Fuente: EFE<\/strong><br \/>\n<strong>Edici\u00f3n: Villasmil, Henry<\/strong><br \/>\n<strong>Gr\u00e1ficas: cortes\u00eda<\/strong><\/p>\n<div style=\"margin-top: 0px; margin-bottom: 0px;\" class=\"sharethis-inline-share-buttons\" ><\/div>","protected":false},"excerpt":{"rendered":"<p>Hoy 3 de mayo, D\u00eda Mundial de la Libertad de Prensa, esta se ti\u00f1e ausente, por lo tanto la Sociedad<\/p>\n","protected":false},"author":26,"featured_media":96946,"comment_status":"open","ping_status":"closed","sticky":false,"template":"","format":"standard","meta":{"colormag_page_container_layout":"default_layout","colormag_page_sidebar_layout":"default_layout","_uag_custom_page_level_css":"","footnotes":""},"categories":[8608],"tags":[10949,14300,8,131,3232,14299,14298,32],"class_list":["post-96944","post","type-post","status-publish","format-standard","has-post-thumbnail","hentry","category-reportajes-especiales","tag-dia-mundial-de-la-libertad-de-prensa","tag-estado-unidos","tag-internacionales","tag-miami","tag-periodismo","tag-sip","tag-sociedad-interamericana-de-prensa","tag-venezuela"],"yoast_head":"<!-- This site is optimized with the Yoast SEO plugin v28.4 - https:\/\/yoast.com\/product\/yoast-seo-wordpress\/ -->\n<title>En la actualidad la libertad de prensa se ti\u00f1e de ausente<\/title>\n<meta name=\"robots\" content=\"index, follow, max-snippet:-1, max-image-preview:large, max-video-preview:-1\" \/>\n<link rel=\"canonical\" href=\"https:\/\/digital58.com.ve\/site\/2020\/05\/03\/en-la-actualidad-la-libertad-de-prensa-se-tine-de-ausente\/\" \/>\n<meta property=\"og:locale\" content=\"es_ES\" \/>\n<meta property=\"og:type\" content=\"article\" \/>\n<meta property=\"og:title\" content=\"En la actualidad la libertad de prensa se ti\u00f1e de ausente\" \/>\n<meta property=\"og:url\" content=\"https:\/\/digital58.com.ve\/site\/2020\/05\/03\/en-la-actualidad-la-libertad-de-prensa-se-tine-de-ausente\/\" \/>\n<meta property=\"og:site_name\" content=\"Noticias Digital58\" \/>\n<meta property=\"article:published_time\" content=\"2020-05-03T22:16:31+00:00\" \/>\n<meta property=\"article:modified_time\" content=\"2020-05-03T22:17:29+00:00\" \/>\n<meta property=\"og:image\" content=\"https:\/\/digital58.com.ve\/site\/wp-content\/uploads\/2020\/05\/Periodistas-en-acci\u00f3n.jpg\" \/>\n\t<meta property=\"og:image:width\" content=\"640\" \/>\n\t<meta property=\"og:image:height\" content=\"426\" \/>\n\t<meta property=\"og:image:type\" content=\"image\/jpeg\" \/>\n<meta name=\"author\" content=\"Molero Luis\" \/>\n<meta name=\"twitter:card\" content=\"summary_large_image\" \/>\n<meta name=\"twitter:creator\" content=\"@Digital_58\" \/>\n<meta name=\"twitter:site\" content=\"@villasmilhfoto\" \/>\n<meta name=\"twitter:label1\" content=\"Escrito por\" \/>\n\t<meta name=\"twitter:data1\" content=\"Molero Luis\" \/>\n\t<meta name=\"twitter:label2\" content=\"Tiempo estimado de lectura\" \/>\n\t<meta name=\"twitter:data2\" content=\"2 minutos\" \/>\n<script type=\"application\/ld+json\" class=\"yoast-schema-graph\">{\"@context\":\"https:\\\/\\\/schema.org\",\"@graph\":[{\"@type\":\"Article\",\"@id\":\"https:\\\/\\\/digital58.com.ve\\\/site\\\/2020\\\/05\\\/03\\\/en-la-actualidad-la-libertad-de-prensa-se-tine-de-ausente\\\/#article\",\"isPartOf\":{\"@id\":\"https:\\\/\\\/digital58.com.ve\\\/site\\\/2020\\\/05\\\/03\\\/en-la-actualidad-la-libertad-de-prensa-se-tine-de-ausente\\\/\"},\"author\":{\"name\":\"Molero Luis\",\"@id\":\"https:\\\/\\\/digital58.com.ve\\\/site\\\/#\\\/schema\\\/person\\\/c61667ce6845137620ee3f0aaabade17\"},\"headline\":\"En la actualidad la libertad de prensa se ti\u00f1e de ausente\",\"datePublished\":\"2020-05-03T22:16:31+00:00\",\"dateModified\":\"2020-05-03T22:17:29+00:00\",\"mainEntityOfPage\":{\"@id\":\"https:\\\/\\\/digital58.com.ve\\\/site\\\/2020\\\/05\\\/03\\\/en-la-actualidad-la-libertad-de-prensa-se-tine-de-ausente\\\/\"},\"wordCount\":333,\"commentCount\":0,\"publisher\":{\"@id\":\"https:\\\/\\\/digital58.com.ve\\\/site\\\/#\\\/schema\\\/person\\\/64d1c2e4d0d4fd1b849980c4331c2951\"},\"image\":{\"@id\":\"https:\\\/\\\/digital58.com.ve\\\/site\\\/2020\\\/05\\\/03\\\/en-la-actualidad-la-libertad-de-prensa-se-tine-de-ausente\\\/#primaryimage\"},\"thumbnailUrl\":\"https:\\\/\\\/digital58.com.ve\\\/site\\\/wp-content\\\/uploads\\\/2020\\\/05\\\/Periodistas-en-acci\u00f3n.jpg\",\"keywords\":[\"D\u00eda Mundial de la Libertad de Prensa\",\"Estado Unidos\",\"Internacionales\",\"Miami\",\"Periodismo\",\"SIP\",\"Sociedad Interamericana de Prensa\",\"Venezuela\"],\"articleSection\":[\"Reportajes Especiales\"],\"inLanguage\":\"es\",\"potentialAction\":[{\"@type\":\"CommentAction\",\"name\":\"Comment\",\"target\":[\"https:\\\/\\\/digital58.com.ve\\\/site\\\/2020\\\/05\\\/03\\\/en-la-actualidad-la-libertad-de-prensa-se-tine-de-ausente\\\/#respond\"]}]},{\"@type\":\"WebPage\",\"@id\":\"https:\\\/\\\/digital58.com.ve\\\/site\\\/2020\\\/05\\\/03\\\/en-la-actualidad-la-libertad-de-prensa-se-tine-de-ausente\\\/\",\"url\":\"https:\\\/\\\/digital58.com.ve\\\/site\\\/2020\\\/05\\\/03\\\/en-la-actualidad-la-libertad-de-prensa-se-tine-de-ausente\\\/\",\"name\":\"En la actualidad la libertad de prensa se ti\u00f1e de ausente\",\"isPartOf\":{\"@id\":\"https:\\\/\\\/digital58.com.ve\\\/site\\\/#website\"},\"primaryImageOfPage\":{\"@id\":\"https:\\\/\\\/digital58.com.ve\\\/site\\\/2020\\\/05\\\/03\\\/en-la-actualidad-la-libertad-de-prensa-se-tine-de-ausente\\\/#primaryimage\"},\"image\":{\"@id\":\"https:\\\/\\\/digital58.com.ve\\\/site\\\/2020\\\/05\\\/03\\\/en-la-actualidad-la-libertad-de-prensa-se-tine-de-ausente\\\/#primaryimage\"},\"thumbnailUrl\":\"https:\\\/\\\/digital58.com.ve\\\/site\\\/wp-content\\\/uploads\\\/2020\\\/05\\\/Periodistas-en-acci\u00f3n.jpg\",\"datePublished\":\"2020-05-03T22:16:31+00:00\",\"dateModified\":\"2020-05-03T22:17:29+00:00\",\"breadcrumb\":{\"@id\":\"https:\\\/\\\/digital58.com.ve\\\/site\\\/2020\\\/05\\\/03\\\/en-la-actualidad-la-libertad-de-prensa-se-tine-de-ausente\\\/#breadcrumb\"},\"inLanguage\":\"es\",\"potentialAction\":[{\"@type\":\"ReadAction\",\"target\":[\"https:\\\/\\\/digital58.com.ve\\\/site\\\/2020\\\/05\\\/03\\\/en-la-actualidad-la-libertad-de-prensa-se-tine-de-ausente\\\/\"]}]},{\"@type\":\"ImageObject\",\"inLanguage\":\"es\",\"@id\":\"https:\\\/\\\/digital58.com.ve\\\/site\\\/2020\\\/05\\\/03\\\/en-la-actualidad-la-libertad-de-prensa-se-tine-de-ausente\\\/#primaryimage\",\"url\":\"https:\\\/\\\/digital58.com.ve\\\/site\\\/wp-content\\\/uploads\\\/2020\\\/05\\\/Periodistas-en-acci\u00f3n.jpg\",\"contentUrl\":\"https:\\\/\\\/digital58.com.ve\\\/site\\\/wp-content\\\/uploads\\\/2020\\\/05\\\/Periodistas-en-acci\u00f3n.jpg\",\"width\":640,\"height\":426},{\"@type\":\"BreadcrumbList\",\"@id\":\"https:\\\/\\\/digital58.com.ve\\\/site\\\/2020\\\/05\\\/03\\\/en-la-actualidad-la-libertad-de-prensa-se-tine-de-ausente\\\/#breadcrumb\",\"itemListElement\":[{\"@type\":\"ListItem\",\"position\":1,\"name\":\"Home\",\"item\":\"https:\\\/\\\/digital58.com.ve\\\/site\\\/\"},{\"@type\":\"ListItem\",\"position\":2,\"name\":\"En la actualidad la libertad de prensa se ti\u00f1e de ausente\"}]},{\"@type\":\"WebSite\",\"@id\":\"https:\\\/\\\/digital58.com.ve\\\/site\\\/#website\",\"url\":\"https:\\\/\\\/digital58.com.ve\\\/site\\\/\",\"name\":\"Noticias Digital58\",\"description\":\"Portal de Noticias \u00a1Periodismo web de verdad! Lanzamiento web 22.11.2005 \\\/ Maracaibo, Venezuela\",\"publisher\":{\"@id\":\"https:\\\/\\\/digital58.com.ve\\\/site\\\/#\\\/schema\\\/person\\\/64d1c2e4d0d4fd1b849980c4331c2951\"},\"alternateName\":\"ND58\",\"potentialAction\":[{\"@type\":\"SearchAction\",\"target\":{\"@type\":\"EntryPoint\",\"urlTemplate\":\"https:\\\/\\\/digital58.com.ve\\\/site\\\/?s={search_term_string}\"},\"query-input\":{\"@type\":\"PropertyValueSpecification\",\"valueRequired\":true,\"valueName\":\"search_term_string\"}}],\"inLanguage\":\"es\"},{\"@type\":[\"Person\",\"Organization\"],\"@id\":\"https:\\\/\\\/digital58.com.ve\\\/site\\\/#\\\/schema\\\/person\\\/64d1c2e4d0d4fd1b849980c4331c2951\",\"name\":\"Villasmil Henry\",\"image\":{\"@type\":\"ImageObject\",\"inLanguage\":\"es\",\"@id\":\"https:\\\/\\\/secure.gravatar.com\\\/avatar\\\/bb0c4a2fcb7970138239f7e404ea75757b1b507b28b5ce4c53fbd62d797c5a7c?s=96&d=mm&r=g\",\"url\":\"https:\\\/\\\/secure.gravatar.com\\\/avatar\\\/bb0c4a2fcb7970138239f7e404ea75757b1b507b28b5ce4c53fbd62d797c5a7c?s=96&d=mm&r=g\",\"contentUrl\":\"https:\\\/\\\/secure.gravatar.com\\\/avatar\\\/bb0c4a2fcb7970138239f7e404ea75757b1b507b28b5ce4c53fbd62d797c5a7c?s=96&d=mm&r=g\",\"caption\":\"Villasmil Henry\"},\"logo\":{\"@id\":\"https:\\\/\\\/secure.gravatar.com\\\/avatar\\\/bb0c4a2fcb7970138239f7e404ea75757b1b507b28b5ce4c53fbd62d797c5a7c?s=96&d=mm&r=g\"},\"sameAs\":[\"http:\\\/\\\/www.henryvillasmil.com.ve\",\"https:\\\/\\\/www.instagram.com\\\/villasmilhfoto\\\/\",\"https:\\\/\\\/x.com\\\/https:\\\/\\\/twitter.com\\\/villasmilhfoto\"]},{\"@type\":\"Person\",\"@id\":\"https:\\\/\\\/digital58.com.ve\\\/site\\\/#\\\/schema\\\/person\\\/c61667ce6845137620ee3f0aaabade17\",\"name\":\"Molero Luis\",\"image\":{\"@type\":\"ImageObject\",\"inLanguage\":\"es\",\"@id\":\"https:\\\/\\\/secure.gravatar.com\\\/avatar\\\/bf041ec637e3e7405449807deb2f7cf3d2de7c6fa755dd56e985201de9863f2b?s=96&d=mm&r=g\",\"url\":\"https:\\\/\\\/secure.gravatar.com\\\/avatar\\\/bf041ec637e3e7405449807deb2f7cf3d2de7c6fa755dd56e985201de9863f2b?s=96&d=mm&r=g\",\"contentUrl\":\"https:\\\/\\\/secure.gravatar.com\\\/avatar\\\/bf041ec637e3e7405449807deb2f7cf3d2de7c6fa755dd56e985201de9863f2b?s=96&d=mm&r=g\",\"caption\":\"Molero Luis\"},\"url\":\"https:\\\/\\\/digital58.com.ve\\\/site\\\/author\\\/luismolero\\\/\"}]}<\/script>\n<!-- \/ Yoast SEO plugin. -->","yoast_head_json":{"title":"En la actualidad la libertad de prensa se ti\u00f1e de ausente","robots":{"index":"index","follow":"follow","max-snippet":"max-snippet:-1","max-image-preview":"max-image-preview:large","max-video-preview":"max-video-preview:-1"},"canonical":"https:\/\/digital58.com.ve\/site\/2020\/05\/03\/en-la-actualidad-la-libertad-de-prensa-se-tine-de-ausente\/","og_locale":"es_ES","og_type":"article","og_title":"En la actualidad la libertad de prensa se ti\u00f1e de ausente","og_url":"https:\/\/digital58.com.ve\/site\/2020\/05\/03\/en-la-actualidad-la-libertad-de-prensa-se-tine-de-ausente\/","og_site_name":"Noticias Digital58","article_published_time":"2020-05-03T22:16:31+00:00","article_modified_time":"2020-05-03T22:17:29+00:00","og_image":[{"width":640,"height":426,"url":"https:\/\/digital58.com.ve\/site\/wp-content\/uploads\/2020\/05\/Periodistas-en-acci\u00f3n.jpg","type":"image\/jpeg"}],"author":"Molero Luis","twitter_card":"summary_large_image","twitter_creator":"@Digital_58","twitter_site":"@villasmilhfoto","twitter_misc":{"Escrito por":"Molero Luis","Tiempo estimado de lectura":"2 minutos"},"schema":{"@context":"https:\/\/schema.org","@graph":[{"@type":"Article","@id":"https:\/\/digital58.com.ve\/site\/2020\/05\/03\/en-la-actualidad-la-libertad-de-prensa-se-tine-de-ausente\/#article","isPartOf":{"@id":"https:\/\/digital58.com.ve\/site\/2020\/05\/03\/en-la-actualidad-la-libertad-de-prensa-se-tine-de-ausente\/"},"author":{"name":"Molero Luis","@id":"https:\/\/digital58.com.ve\/site\/#\/schema\/person\/c61667ce6845137620ee3f0aaabade17"},"headline":"En la actualidad la libertad de prensa se ti\u00f1e de ausente","datePublished":"2020-05-03T22:16:31+00:00","dateModified":"2020-05-03T22:17:29+00:00","mainEntityOfPage":{"@id":"https:\/\/digital58.com.ve\/site\/2020\/05\/03\/en-la-actualidad-la-libertad-de-prensa-se-tine-de-ausente\/"},"wordCount":333,"commentCount":0,"publisher":{"@id":"https:\/\/digital58.com.ve\/site\/#\/schema\/person\/64d1c2e4d0d4fd1b849980c4331c2951"},"image":{"@id":"https:\/\/digital58.com.ve\/site\/2020\/05\/03\/en-la-actualidad-la-libertad-de-prensa-se-tine-de-ausente\/#primaryimage"},"thumbnailUrl":"https:\/\/digital58.com.ve\/site\/wp-content\/uploads\/2020\/05\/Periodistas-en-acci\u00f3n.jpg","keywords":["D\u00eda Mundial de la Libertad de Prensa","Estado Unidos","Internacionales","Miami","Periodismo","SIP","Sociedad Interamericana de Prensa","Venezuela"],"articleSection":["Reportajes Especiales"],"inLanguage":"es","potentialAction":[{"@type":"CommentAction","name":"Comment","target":["https:\/\/digital58.com.ve\/site\/2020\/05\/03\/en-la-actualidad-la-libertad-de-prensa-se-tine-de-ausente\/#respond"]}]},{"@type":"WebPage","@id":"https:\/\/digital58.com.ve\/site\/2020\/05\/03\/en-la-actualidad-la-libertad-de-prensa-se-tine-de-ausente\/","url":"https:\/\/digital58.com.ve\/site\/2020\/05\/03\/en-la-actualidad-la-libertad-de-prensa-se-tine-de-ausente\/","name":"En la actualidad la libertad de prensa se ti\u00f1e de ausente","isPartOf":{"@id":"https:\/\/digital58.com.ve\/site\/#website"},"primaryImageOfPage":{"@id":"https:\/\/digital58.com.ve\/site\/2020\/05\/03\/en-la-actualidad-la-libertad-de-prensa-se-tine-de-ausente\/#primaryimage"},"image":{"@id":"https:\/\/digital58.com.ve\/site\/2020\/05\/03\/en-la-actualidad-la-libertad-de-prensa-se-tine-de-ausente\/#primaryimage"},"thumbnailUrl":"https:\/\/digital58.com.ve\/site\/wp-content\/uploads\/2020\/05\/Periodistas-en-acci\u00f3n.jpg","datePublished":"2020-05-03T22:16:31+00:00","dateModified":"2020-05-03T22:17:29+00:00","breadcrumb":{"@id":"https:\/\/digital58.com.ve\/site\/2020\/05\/03\/en-la-actualidad-la-libertad-de-prensa-se-tine-de-ausente\/#breadcrumb"},"inLanguage":"es","potentialAction":[{"@type":"ReadAction","target":["https:\/\/digital58.com.ve\/site\/2020\/05\/03\/en-la-actualidad-la-libertad-de-prensa-se-tine-de-ausente\/"]}]},{"@type":"ImageObject","inLanguage":"es","@id":"https:\/\/digital58.com.ve\/site\/2020\/05\/03\/en-la-actualidad-la-libertad-de-prensa-se-tine-de-ausente\/#primaryimage","url":"https:\/\/digital58.com.ve\/site\/wp-content\/uploads\/2020\/05\/Periodistas-en-acci\u00f3n.jpg","contentUrl":"https:\/\/digital58.com.ve\/site\/wp-content\/uploads\/2020\/05\/Periodistas-en-acci\u00f3n.jpg","width":640,"height":426},{"@type":"BreadcrumbList","@id":"https:\/\/digital58.com.ve\/site\/2020\/05\/03\/en-la-actualidad-la-libertad-de-prensa-se-tine-de-ausente\/#breadcrumb","itemListElement":[{"@type":"ListItem","position":1,"name":"Home","item":"https:\/\/digital58.com.ve\/site\/"},{"@type":"ListItem","position":2,"name":"En la actualidad la libertad de prensa se ti\u00f1e de ausente"}]},{"@type":"WebSite","@id":"https:\/\/digital58.com.ve\/site\/#website","url":"https:\/\/digital58.com.ve\/site\/","name":"Noticias Digital58","description":"Portal de Noticias \u00a1Periodismo web de verdad! Lanzamiento web 22.11.2005 \/ Maracaibo, Venezuela","publisher":{"@id":"https:\/\/digital58.com.ve\/site\/#\/schema\/person\/64d1c2e4d0d4fd1b849980c4331c2951"},"alternateName":"ND58","potentialAction":[{"@type":"SearchAction","target":{"@type":"EntryPoint","urlTemplate":"https:\/\/digital58.com.ve\/site\/?s={search_term_string}"},"query-input":{"@type":"PropertyValueSpecification","valueRequired":true,"valueName":"search_term_string"}}],"inLanguage":"es"},{"@type":["Person","Organization"],"@id":"https:\/\/digital58.com.ve\/site\/#\/schema\/person\/64d1c2e4d0d4fd1b849980c4331c2951","name":"Villasmil Henry","image":{"@type":"ImageObject","inLanguage":"es","@id":"https:\/\/secure.gravatar.com\/avatar\/bb0c4a2fcb7970138239f7e404ea75757b1b507b28b5ce4c53fbd62d797c5a7c?s=96&d=mm&r=g","url":"https:\/\/secure.gravatar.com\/avatar\/bb0c4a2fcb7970138239f7e404ea75757b1b507b28b5ce4c53fbd62d797c5a7c?s=96&d=mm&r=g","contentUrl":"https:\/\/secure.gravatar.com\/avatar\/bb0c4a2fcb7970138239f7e404ea75757b1b507b28b5ce4c53fbd62d797c5a7c?s=96&d=mm&r=g","caption":"Villasmil Henry"},"logo":{"@id":"https:\/\/secure.gravatar.com\/avatar\/bb0c4a2fcb7970138239f7e404ea75757b1b507b28b5ce4c53fbd62d797c5a7c?s=96&d=mm&r=g"},"sameAs":["http:\/\/www.henryvillasmil.com.ve","https:\/\/www.instagram.com\/villasmilhfoto\/","https:\/\/x.com\/https:\/\/twitter.com\/villasmilhfoto"]},{"@type":"Person","@id":"https:\/\/digital58.com.ve\/site\/#\/schema\/person\/c61667ce6845137620ee3f0aaabade17","name":"Molero Luis","image":{"@type":"ImageObject","inLanguage":"es","@id":"https:\/\/secure.gravatar.com\/avatar\/bf041ec637e3e7405449807deb2f7cf3d2de7c6fa755dd56e985201de9863f2b?s=96&d=mm&r=g","url":"https:\/\/secure.gravatar.com\/avatar\/bf041ec637e3e7405449807deb2f7cf3d2de7c6fa755dd56e985201de9863f2b?s=96&d=mm&r=g","contentUrl":"https:\/\/secure.gravatar.com\/avatar\/bf041ec637e3e7405449807deb2f7cf3d2de7c6fa755dd56e985201de9863f2b?s=96&d=mm&r=g","caption":"Molero Luis"},"url":"https:\/\/digital58.com.ve\/site\/author\/luismolero\/"}]}},"uagb_featured_image_src":{"full":["https:\/\/digital58.com.ve\/site\/wp-content\/uploads\/2020\/05\/Periodistas-en-acci\u00f3n.jpg",640,426,false],"thumbnail":["https:\/\/digital58.com.ve\/site\/wp-content\/uploads\/2020\/05\/Periodistas-en-acci\u00f3n-150x150.jpg",150,150,true],"medium":["https:\/\/digital58.com.ve\/site\/wp-content\/uploads\/2020\/05\/Periodistas-en-acci\u00f3n-300x200.jpg",300,200,true],"medium_large":["https:\/\/digital58.com.ve\/site\/wp-content\/uploads\/2020\/05\/Periodistas-en-acci\u00f3n.jpg",640,426,false],"large":["https:\/\/digital58.com.ve\/site\/wp-content\/uploads\/2020\/05\/Periodistas-en-acci\u00f3n.jpg",640,426,false],"1536x1536":["https:\/\/digital58.com.ve\/site\/wp-content\/uploads\/2020\/05\/Periodistas-en-acci\u00f3n.jpg",640,426,false],"2048x2048":["https:\/\/digital58.com.ve\/site\/wp-content\/uploads\/2020\/05\/Periodistas-en-acci\u00f3n.jpg",640,426,false],"colormag-highlighted-post":["https:\/\/digital58.com.ve\/site\/wp-content\/uploads\/2020\/05\/Periodistas-en-acci\u00f3n.jpg",392,261,false],"colormag-featured-post-medium":["https:\/\/digital58.com.ve\/site\/wp-content\/uploads\/2020\/05\/Periodistas-en-acci\u00f3n.jpg",308,205,false],"colormag-featured-post-small":["https:\/\/digital58.com.ve\/site\/wp-content\/uploads\/2020\/05\/Periodistas-en-acci\u00f3n.jpg",130,87,false],"colormag-featured-image":["https:\/\/digital58.com.ve\/site\/wp-content\/uploads\/2020\/05\/Periodistas-en-acci\u00f3n.jpg",640,426,false],"colormag-default-news":["https:\/\/digital58.com.ve\/site\/wp-content\/uploads\/2020\/05\/Periodistas-en-acci\u00f3n.jpg",150,100,false],"colormag-featured-image-large":["https:\/\/digital58.com.ve\/site\/wp-content\/uploads\/2020\/05\/Periodistas-en-acci\u00f3n.jpg",640,426,false]},"uagb_author_info":{"display_name":"Molero Luis","author_link":"https:\/\/digital58.com.ve\/site\/author\/luismolero\/"},"uagb_comment_info":0,"uagb_excerpt":"Hoy 3 de mayo, D\u00eda Mundial de la Libertad de Prensa, esta se ti\u00f1e ausente, por lo tanto la Sociedad","_links":{"self":[{"href":"https:\/\/digital58.com.ve\/site\/wp-json\/wp\/v2\/posts\/96944","targetHints":{"allow":["GET"]}}],"collection":[{"href":"https:\/\/digital58.com.ve\/site\/wp-json\/wp\/v2\/posts"}],"about":[{"href":"https:\/\/digital58.com.ve\/site\/wp-json\/wp\/v2\/types\/post"}],"author":[{"embeddable":true,"href":"https:\/\/digital58.com.ve\/site\/wp-json\/wp\/v2\/users\/26"}],"replies":[{"embeddable":true,"href":"https:\/\/digital58.com.ve\/site\/wp-json\/wp\/v2\/comments?post=96944"}],"version-history":[{"count":0,"href":"https:\/\/digital58.com.ve\/site\/wp-json\/wp\/v2\/posts\/96944\/revisions"}],"wp:featuredmedia":[{"embeddable":true,"href":"https:\/\/digital58.com.ve\/site\/wp-json\/wp\/v2\/media\/96946"}],"wp:attachment":[{"href":"https:\/\/digital58.com.ve\/site\/wp-json\/wp\/v2\/media?parent=96944"}],"wp:term":[{"taxonomy":"category","embeddable":true,"href":"https:\/\/digital58.com.ve\/site\/wp-json\/wp\/v2\/categories?post=96944"},{"taxonomy":"post_tag","embeddable":true,"href":"https:\/\/digital58.com.ve\/site\/wp-json\/wp\/v2\/tags?post=96944"}],"curies":[{"name":"wp","href":"https:\/\/api.w.org\/{rel}","templated":true}]}}