{"id":97316,"date":"2020-05-06T08:59:05","date_gmt":"2020-05-06T12:59:05","guid":{"rendered":"https:\/\/digital58.com.ve\/site\/?p=97316"},"modified":"2020-05-06T08:59:05","modified_gmt":"2020-05-06T12:59:05","slug":"el-parlamento-espanol-debate-posible-prorroga-del-estado-de-alarma","status":"publish","type":"post","link":"https:\/\/digital58.com.ve\/site\/2020\/05\/06\/el-parlamento-espanol-debate-posible-prorroga-del-estado-de-alarma\/","title":{"rendered":"El Parlamento espa\u00f1ol debate posible pr\u00f3rroga del estado de alarma"},"content":{"rendered":"<p><a href=\"https:\/\/digital58.com.ve\/site\/wp-content\/uploads\/2020\/05\/espa\u00f1a-06.jpg\"><img loading=\"lazy\" decoding=\"async\" class=\"aligncenter size-full wp-image-97317\" src=\"https:\/\/digital58.com.ve\/site\/wp-content\/uploads\/2020\/05\/espa\u00f1a-06.jpg\" alt=\"\" width=\"1000\" height=\"541\" srcset=\"https:\/\/digital58.com.ve\/site\/wp-content\/uploads\/2020\/05\/espa\u00f1a-06.jpg 800w, https:\/\/digital58.com.ve\/site\/wp-content\/uploads\/2020\/05\/espa\u00f1a-06-300x162.jpg 300w, https:\/\/digital58.com.ve\/site\/wp-content\/uploads\/2020\/05\/espa\u00f1a-06-768x415.jpg 768w\" sizes=\"auto, (max-width: 1000px) 100vw, 1000px\" \/><\/a><\/p>\n<p>El Gobierno espa\u00f1ol solicita ante el Congreso de los Diputados la cuarta pr\u00f3rroga del estado de alarma. Para ser aprobada deber\u00e1 contar con la mayor\u00eda de los votos. \u00abLevantar el estado de alarma ahora ser\u00eda un error absoluto\u00bb dijo el mandatario espa\u00f1ol al iniciar su intervenci\u00f3n en esta sesi\u00f3n donde se decidir\u00e1 la posible extensi\u00f3n del estado de alarma hasta el pr\u00f3ximo 24 de mayo.<\/p>\n<p><strong>Madrid, Espa\u00f1a, 06 de mayo de 2020 (ND58).-<\/strong> El presidente tambi\u00e9n inform\u00f3 que cuando todo el pa\u00eds est\u00e9 en normalidad se decretar\u00e1 un luto oficial y se realizar\u00e1 un homenaje a las v\u00edctimas.<\/p>\n<p>Sobre la extensi\u00f3n del estado de alarma hizo un llamado a perseverar un poco m\u00e1s para garantizar la salud p\u00fablica y la vida de todos los ciudadanos del pa\u00eds.<\/p>\n<p>\u00abNecesitamos limitar a\u00fan m\u00e1s la propagaci\u00f3n del virus, y para ello necesitamos limitar dos semanas m\u00e1s los derechos fundamentales de la libre circulaci\u00f3n y de reuni\u00f3n\u00bb.<\/p>\n<p>Tambi\u00e9n asegur\u00f3 que en la etapa de desescalada las Comunidades Aut\u00f3nomas tendr\u00e1n un papel protagonista porque se ha establecido un mecanismo de cogobernanza<\/p>\n<p>Sobre Europa recalc\u00f3 que es una pieza clave en la salida de esta crisis.<\/p>\n<p>\u00abNo queremos f\u00f3rmulas f\u00e1ciles que suponen endeudarnos de forma perversa y enga\u00f1osa como ya sucedi\u00f3 en el pasado. Hemos optado por un camino m\u00e1s arduo que es el de reclamar esa respuesta europea que sea consecuente con la gravedad de la situaci\u00f3n. Ya saben, que los resultados a\u00fan insuficientes, van en la direcci\u00f3n correcta. Europa se compromete a esa reconstrucci\u00f3n, recuperaci\u00f3n de forma solidaria, generosa, trabajamos unidos. Europa es el principal pilar para la recuperaci\u00f3n econ\u00f3mica y social de nuestro pa\u00eds y de nuestro continente\u00bb.<\/p>\n<p>Los representantes de los distintos grupos parlamentarios dispondr\u00e1n de 15 minutos cada uno para sus intervenciones. El primero ha sido el presidente del Partido Popular, Pablo Casado, quien dijo que su grupo parlamentario se abstendr\u00e1 en la votaci\u00f3n. A su vez, acus\u00f3 al presidente S\u00e1nchez de mentir sobre las causas, consecuencias del coronavirus y \u00abmalversando instrumentos democr\u00e1ticos\u00bb para la gesti\u00f3n de la crisis.<\/p>\n<p>La solicitud de la cuarta pr\u00f3rroga del estado de alarma ha generado un nuevo debate pol\u00edtico en Espa\u00f1a. Desde el gobierno defienden la extensi\u00f3n de esta medida para poder garantizar la atenci\u00f3n sanitaria, econ\u00f3mica y social de los m\u00e1s afectados por el COVID-19 y para tener la capacidad de tomar medidas inmediatas ante un eventual rebrote. Sin embargo, Vox, ERC, JxCat, la CUP han manifestado su rechazo.<\/p>\n<p>El vocero de ERC en el Congreso, Gabriel Rufi\u00e1n, acus\u00f3 al Gobierno de preferir negociar con Ciudadanos que con su partido, que a inicios de enero permiti\u00f3 con su abstenci\u00f3n la investidura del presidente Pedro S\u00e1nchez. Aclar\u00f3 que ERC no vota contra el estado de alarma, sino contra este estado de alarma.<\/p>\n<p>\u00abHay alternativa a esta pr\u00f3rroga, hay alternativa a la recentralizaci\u00f3n, militarizaci\u00f3n y regresi\u00f3n de derechos civiles. Es una irresponsabilidad gestionar esta crisis como si fueran una mayor\u00eda parlamentaria. Sin di\u00e1logo no hay legislatura\u00bb, apunt\u00f3 Rufi\u00e1n durante su intervenci\u00f3n.<\/p>\n<p>Para que la pr\u00f3rroga sea aprobada, el Gobierno deber\u00e1 contar con la mayor\u00eda de votos, de lo contrario ser\u00eda suspendida y dejar\u00eda sin efecto las restricciones de movilidad y las medidas de protecci\u00f3n social, entre otras.<\/p>\n<p>La noche de este martes, Ciudadanos y el Partido Nacionalista Vasco informaron que votar\u00e1n a favor, una decisi\u00f3n que garantizar\u00eda la extensi\u00f3n de la pr\u00f3rroga.<\/p><div class=\"fogha69f235f1f11e7\" ><p style=\"text-align: center;\"><a href=\"https:\/\/t.me\/noticiasdigital58\" target=\"_blank\" rel=\"noopener\"><img class=\"aligncenter size-full wp-image-125363\" src=\"https:\/\/digital58.com.ve\/site\/wp-content\/uploads\/2021\/04\/banner-telegram-web-2021.png\" alt=\"\" width=\"600\" height=\"90\" \/><\/a><\/p><\/div><style type=\"text\/css\">\r\n@media screen and (min-width: 1201px) {\r\n.fogha69f235f1f11e7 {\r\ndisplay: block;\r\n}\r\n}\r\n@media screen and (min-width: 993px) and (max-width: 1200px) {\r\n.fogha69f235f1f11e7 {\r\ndisplay: block;\r\n}\r\n}\r\n@media screen and (min-width: 769px) and (max-width: 992px) {\r\n.fogha69f235f1f11e7 {\r\ndisplay: block;\r\n}\r\n}\r\n@media screen and (min-width: 768px) and (max-width: 768px) {\r\n.fogha69f235f1f11e7 {\r\ndisplay: block;\r\n}\r\n}\r\n@media screen and (max-width: 767px) {\r\n.fogha69f235f1f11e7 {\r\ndisplay: block;\r\n}\r\n}\r\n<\/style>\r\n\n<p><strong>Fuente: Sputnik<\/strong><br \/>\n<strong>Edici\u00f3n: Villasmil, Henry<\/strong><br \/>\n<strong>Gr\u00e1fica: AP<\/strong><\/p>\n<div style=\"margin-top: 0px; margin-bottom: 0px;\" class=\"sharethis-inline-share-buttons\" ><\/div>","protected":false},"excerpt":{"rendered":"<p>El Gobierno espa\u00f1ol solicita ante el Congreso de los Diputados la cuarta pr\u00f3rroga del estado de alarma. Para ser aprobada<\/p>\n","protected":false},"author":1,"featured_media":97317,"comment_status":"open","ping_status":"closed","sticky":false,"template":"","format":"standard","meta":{"colormag_page_container_layout":"default_layout","colormag_page_sidebar_layout":"default_layout","_uag_custom_page_level_css":"","footnotes":""},"categories":[5405],"tags":[13352,13648,13786,115,8,5863,13723],"class_list":["post-97316","post","type-post","status-publish","format-standard","has-post-thumbnail","hentry","category-salud","tag-coronavirus","tag-covid-19","tag-cuarentena","tag-espana","tag-internacionales","tag-madrid","tag-pandemia"],"yoast_head":"<!-- This site is optimized with the Yoast SEO plugin v27.5 - https:\/\/yoast.com\/product\/yoast-seo-wordpress\/ -->\n<title>El Parlamento espa\u00f1ol debate posible pr\u00f3rroga del estado de alarma<\/title>\n<meta name=\"description\" content=\"Salud\" \/>\n<meta name=\"robots\" content=\"index, follow, max-snippet:-1, max-image-preview:large, max-video-preview:-1\" \/>\n<link rel=\"canonical\" href=\"https:\/\/digital58.com.ve\/site\/2020\/05\/06\/el-parlamento-espanol-debate-posible-prorroga-del-estado-de-alarma\/\" \/>\n<meta property=\"og:locale\" content=\"es_ES\" \/>\n<meta property=\"og:type\" content=\"article\" \/>\n<meta property=\"og:title\" content=\"El Parlamento espa\u00f1ol debate posible pr\u00f3rroga del estado de alarma\" \/>\n<meta property=\"og:description\" content=\"Salud\" \/>\n<meta property=\"og:url\" content=\"https:\/\/digital58.com.ve\/site\/2020\/05\/06\/el-parlamento-espanol-debate-posible-prorroga-del-estado-de-alarma\/\" \/>\n<meta property=\"og:site_name\" content=\"Noticias Digital58\" \/>\n<meta property=\"article:published_time\" content=\"2020-05-06T12:59:05+00:00\" \/>\n<meta property=\"og:image\" content=\"https:\/\/digital58.com.ve\/site\/wp-content\/uploads\/2020\/05\/espa\u00f1a-06.jpg\" \/>\n\t<meta property=\"og:image:width\" content=\"1000\" \/>\n\t<meta property=\"og:image:height\" content=\"541\" \/>\n\t<meta property=\"og:image:type\" content=\"image\/jpeg\" \/>\n<meta name=\"author\" content=\"Villasmil Henry\" \/>\n<meta name=\"twitter:card\" content=\"summary_large_image\" \/>\n<meta name=\"twitter:creator\" content=\"@https:\/\/twitter.com\/villasmilhfoto\" \/>\n<meta name=\"twitter:site\" content=\"@villasmilhfoto\" \/>\n<meta name=\"twitter:label1\" content=\"Escrito por\" \/>\n\t<meta name=\"twitter:data1\" content=\"Villasmil Henry\" \/>\n\t<meta name=\"twitter:label2\" content=\"Tiempo estimado de lectura\" \/>\n\t<meta name=\"twitter:data2\" content=\"3 minutos\" \/>\n<script type=\"application\/ld+json\" class=\"yoast-schema-graph\">{\"@context\":\"https:\\\/\\\/schema.org\",\"@graph\":[{\"@type\":\"Article\",\"@id\":\"https:\\\/\\\/digital58.com.ve\\\/site\\\/2020\\\/05\\\/06\\\/el-parlamento-espanol-debate-posible-prorroga-del-estado-de-alarma\\\/#article\",\"isPartOf\":{\"@id\":\"https:\\\/\\\/digital58.com.ve\\\/site\\\/2020\\\/05\\\/06\\\/el-parlamento-espanol-debate-posible-prorroga-del-estado-de-alarma\\\/\"},\"author\":{\"name\":\"Villasmil Henry\",\"@id\":\"https:\\\/\\\/digital58.com.ve\\\/site\\\/#\\\/schema\\\/person\\\/64d1c2e4d0d4fd1b849980c4331c2951\"},\"headline\":\"El Parlamento espa\u00f1ol debate posible pr\u00f3rroga del estado de alarma\",\"datePublished\":\"2020-05-06T12:59:05+00:00\",\"mainEntityOfPage\":{\"@id\":\"https:\\\/\\\/digital58.com.ve\\\/site\\\/2020\\\/05\\\/06\\\/el-parlamento-espanol-debate-posible-prorroga-del-estado-de-alarma\\\/\"},\"wordCount\":645,\"commentCount\":0,\"publisher\":{\"@id\":\"https:\\\/\\\/digital58.com.ve\\\/site\\\/#\\\/schema\\\/person\\\/64d1c2e4d0d4fd1b849980c4331c2951\"},\"image\":{\"@id\":\"https:\\\/\\\/digital58.com.ve\\\/site\\\/2020\\\/05\\\/06\\\/el-parlamento-espanol-debate-posible-prorroga-del-estado-de-alarma\\\/#primaryimage\"},\"thumbnailUrl\":\"https:\\\/\\\/digital58.com.ve\\\/site\\\/wp-content\\\/uploads\\\/2020\\\/05\\\/espa\u00f1a-06.jpg\",\"keywords\":[\"Coronavirus\",\"COVID-19\",\"Cuarentena\",\"Espa\u00f1a\",\"Internacionales\",\"Madrid\",\"Pandemia\"],\"articleSection\":[\"Salud\"],\"inLanguage\":\"es\",\"potentialAction\":[{\"@type\":\"CommentAction\",\"name\":\"Comment\",\"target\":[\"https:\\\/\\\/digital58.com.ve\\\/site\\\/2020\\\/05\\\/06\\\/el-parlamento-espanol-debate-posible-prorroga-del-estado-de-alarma\\\/#respond\"]}]},{\"@type\":\"WebPage\",\"@id\":\"https:\\\/\\\/digital58.com.ve\\\/site\\\/2020\\\/05\\\/06\\\/el-parlamento-espanol-debate-posible-prorroga-del-estado-de-alarma\\\/\",\"url\":\"https:\\\/\\\/digital58.com.ve\\\/site\\\/2020\\\/05\\\/06\\\/el-parlamento-espanol-debate-posible-prorroga-del-estado-de-alarma\\\/\",\"name\":\"El Parlamento espa\u00f1ol debate posible pr\u00f3rroga del estado de alarma\",\"isPartOf\":{\"@id\":\"https:\\\/\\\/digital58.com.ve\\\/site\\\/#website\"},\"primaryImageOfPage\":{\"@id\":\"https:\\\/\\\/digital58.com.ve\\\/site\\\/2020\\\/05\\\/06\\\/el-parlamento-espanol-debate-posible-prorroga-del-estado-de-alarma\\\/#primaryimage\"},\"image\":{\"@id\":\"https:\\\/\\\/digital58.com.ve\\\/site\\\/2020\\\/05\\\/06\\\/el-parlamento-espanol-debate-posible-prorroga-del-estado-de-alarma\\\/#primaryimage\"},\"thumbnailUrl\":\"https:\\\/\\\/digital58.com.ve\\\/site\\\/wp-content\\\/uploads\\\/2020\\\/05\\\/espa\u00f1a-06.jpg\",\"datePublished\":\"2020-05-06T12:59:05+00:00\",\"description\":\"Salud\",\"breadcrumb\":{\"@id\":\"https:\\\/\\\/digital58.com.ve\\\/site\\\/2020\\\/05\\\/06\\\/el-parlamento-espanol-debate-posible-prorroga-del-estado-de-alarma\\\/#breadcrumb\"},\"inLanguage\":\"es\",\"potentialAction\":[{\"@type\":\"ReadAction\",\"target\":[\"https:\\\/\\\/digital58.com.ve\\\/site\\\/2020\\\/05\\\/06\\\/el-parlamento-espanol-debate-posible-prorroga-del-estado-de-alarma\\\/\"]}]},{\"@type\":\"ImageObject\",\"inLanguage\":\"es\",\"@id\":\"https:\\\/\\\/digital58.com.ve\\\/site\\\/2020\\\/05\\\/06\\\/el-parlamento-espanol-debate-posible-prorroga-del-estado-de-alarma\\\/#primaryimage\",\"url\":\"https:\\\/\\\/digital58.com.ve\\\/site\\\/wp-content\\\/uploads\\\/2020\\\/05\\\/espa\u00f1a-06.jpg\",\"contentUrl\":\"https:\\\/\\\/digital58.com.ve\\\/site\\\/wp-content\\\/uploads\\\/2020\\\/05\\\/espa\u00f1a-06.jpg\",\"width\":800,\"height\":433},{\"@type\":\"BreadcrumbList\",\"@id\":\"https:\\\/\\\/digital58.com.ve\\\/site\\\/2020\\\/05\\\/06\\\/el-parlamento-espanol-debate-posible-prorroga-del-estado-de-alarma\\\/#breadcrumb\",\"itemListElement\":[{\"@type\":\"ListItem\",\"position\":1,\"name\":\"Home\",\"item\":\"https:\\\/\\\/digital58.com.ve\\\/site\\\/\"},{\"@type\":\"ListItem\",\"position\":2,\"name\":\"El Parlamento espa\u00f1ol debate posible pr\u00f3rroga del estado de alarma\"}]},{\"@type\":\"WebSite\",\"@id\":\"https:\\\/\\\/digital58.com.ve\\\/site\\\/#website\",\"url\":\"https:\\\/\\\/digital58.com.ve\\\/site\\\/\",\"name\":\"Noticias Digital58\",\"description\":\"Portal de Noticias \u00a1Periodismo web de verdad! Lanzamiento web 22.11.2005 \\\/ Maracaibo, Venezuela\",\"publisher\":{\"@id\":\"https:\\\/\\\/digital58.com.ve\\\/site\\\/#\\\/schema\\\/person\\\/64d1c2e4d0d4fd1b849980c4331c2951\"},\"alternateName\":\"ND58\",\"potentialAction\":[{\"@type\":\"SearchAction\",\"target\":{\"@type\":\"EntryPoint\",\"urlTemplate\":\"https:\\\/\\\/digital58.com.ve\\\/site\\\/?s={search_term_string}\"},\"query-input\":{\"@type\":\"PropertyValueSpecification\",\"valueRequired\":true,\"valueName\":\"search_term_string\"}}],\"inLanguage\":\"es\"},{\"@type\":[\"Person\",\"Organization\"],\"@id\":\"https:\\\/\\\/digital58.com.ve\\\/site\\\/#\\\/schema\\\/person\\\/64d1c2e4d0d4fd1b849980c4331c2951\",\"name\":\"Villasmil Henry\",\"image\":{\"@type\":\"ImageObject\",\"inLanguage\":\"es\",\"@id\":\"https:\\\/\\\/secure.gravatar.com\\\/avatar\\\/bb0c4a2fcb7970138239f7e404ea75757b1b507b28b5ce4c53fbd62d797c5a7c?s=96&d=mm&r=g\",\"url\":\"https:\\\/\\\/secure.gravatar.com\\\/avatar\\\/bb0c4a2fcb7970138239f7e404ea75757b1b507b28b5ce4c53fbd62d797c5a7c?s=96&d=mm&r=g\",\"contentUrl\":\"https:\\\/\\\/secure.gravatar.com\\\/avatar\\\/bb0c4a2fcb7970138239f7e404ea75757b1b507b28b5ce4c53fbd62d797c5a7c?s=96&d=mm&r=g\",\"caption\":\"Villasmil Henry\"},\"logo\":{\"@id\":\"https:\\\/\\\/secure.gravatar.com\\\/avatar\\\/bb0c4a2fcb7970138239f7e404ea75757b1b507b28b5ce4c53fbd62d797c5a7c?s=96&d=mm&r=g\"},\"sameAs\":[\"http:\\\/\\\/www.henryvillasmil.com.ve\",\"https:\\\/\\\/www.instagram.com\\\/villasmilhfoto\\\/\",\"https:\\\/\\\/x.com\\\/https:\\\/\\\/twitter.com\\\/villasmilhfoto\"],\"url\":\"https:\\\/\\\/digital58.com.ve\\\/site\\\/author\\\/droopy_68\\\/\"}]}<\/script>\n<!-- \/ Yoast SEO plugin. -->","yoast_head_json":{"title":"El Parlamento espa\u00f1ol debate posible pr\u00f3rroga del estado de alarma","description":"Salud","robots":{"index":"index","follow":"follow","max-snippet":"max-snippet:-1","max-image-preview":"max-image-preview:large","max-video-preview":"max-video-preview:-1"},"canonical":"https:\/\/digital58.com.ve\/site\/2020\/05\/06\/el-parlamento-espanol-debate-posible-prorroga-del-estado-de-alarma\/","og_locale":"es_ES","og_type":"article","og_title":"El Parlamento espa\u00f1ol debate posible pr\u00f3rroga del estado de alarma","og_description":"Salud","og_url":"https:\/\/digital58.com.ve\/site\/2020\/05\/06\/el-parlamento-espanol-debate-posible-prorroga-del-estado-de-alarma\/","og_site_name":"Noticias Digital58","article_published_time":"2020-05-06T12:59:05+00:00","og_image":[{"width":1000,"height":541,"url":"https:\/\/digital58.com.ve\/site\/wp-content\/uploads\/2020\/05\/espa\u00f1a-06.jpg","type":"image\/jpeg"}],"author":"Villasmil Henry","twitter_card":"summary_large_image","twitter_creator":"@https:\/\/twitter.com\/villasmilhfoto","twitter_site":"@villasmilhfoto","twitter_misc":{"Escrito por":"Villasmil Henry","Tiempo estimado de lectura":"3 minutos"},"schema":{"@context":"https:\/\/schema.org","@graph":[{"@type":"Article","@id":"https:\/\/digital58.com.ve\/site\/2020\/05\/06\/el-parlamento-espanol-debate-posible-prorroga-del-estado-de-alarma\/#article","isPartOf":{"@id":"https:\/\/digital58.com.ve\/site\/2020\/05\/06\/el-parlamento-espanol-debate-posible-prorroga-del-estado-de-alarma\/"},"author":{"name":"Villasmil Henry","@id":"https:\/\/digital58.com.ve\/site\/#\/schema\/person\/64d1c2e4d0d4fd1b849980c4331c2951"},"headline":"El Parlamento espa\u00f1ol debate posible pr\u00f3rroga del estado de alarma","datePublished":"2020-05-06T12:59:05+00:00","mainEntityOfPage":{"@id":"https:\/\/digital58.com.ve\/site\/2020\/05\/06\/el-parlamento-espanol-debate-posible-prorroga-del-estado-de-alarma\/"},"wordCount":645,"commentCount":0,"publisher":{"@id":"https:\/\/digital58.com.ve\/site\/#\/schema\/person\/64d1c2e4d0d4fd1b849980c4331c2951"},"image":{"@id":"https:\/\/digital58.com.ve\/site\/2020\/05\/06\/el-parlamento-espanol-debate-posible-prorroga-del-estado-de-alarma\/#primaryimage"},"thumbnailUrl":"https:\/\/digital58.com.ve\/site\/wp-content\/uploads\/2020\/05\/espa\u00f1a-06.jpg","keywords":["Coronavirus","COVID-19","Cuarentena","Espa\u00f1a","Internacionales","Madrid","Pandemia"],"articleSection":["Salud"],"inLanguage":"es","potentialAction":[{"@type":"CommentAction","name":"Comment","target":["https:\/\/digital58.com.ve\/site\/2020\/05\/06\/el-parlamento-espanol-debate-posible-prorroga-del-estado-de-alarma\/#respond"]}]},{"@type":"WebPage","@id":"https:\/\/digital58.com.ve\/site\/2020\/05\/06\/el-parlamento-espanol-debate-posible-prorroga-del-estado-de-alarma\/","url":"https:\/\/digital58.com.ve\/site\/2020\/05\/06\/el-parlamento-espanol-debate-posible-prorroga-del-estado-de-alarma\/","name":"El Parlamento espa\u00f1ol debate posible pr\u00f3rroga del estado de alarma","isPartOf":{"@id":"https:\/\/digital58.com.ve\/site\/#website"},"primaryImageOfPage":{"@id":"https:\/\/digital58.com.ve\/site\/2020\/05\/06\/el-parlamento-espanol-debate-posible-prorroga-del-estado-de-alarma\/#primaryimage"},"image":{"@id":"https:\/\/digital58.com.ve\/site\/2020\/05\/06\/el-parlamento-espanol-debate-posible-prorroga-del-estado-de-alarma\/#primaryimage"},"thumbnailUrl":"https:\/\/digital58.com.ve\/site\/wp-content\/uploads\/2020\/05\/espa\u00f1a-06.jpg","datePublished":"2020-05-06T12:59:05+00:00","description":"Salud","breadcrumb":{"@id":"https:\/\/digital58.com.ve\/site\/2020\/05\/06\/el-parlamento-espanol-debate-posible-prorroga-del-estado-de-alarma\/#breadcrumb"},"inLanguage":"es","potentialAction":[{"@type":"ReadAction","target":["https:\/\/digital58.com.ve\/site\/2020\/05\/06\/el-parlamento-espanol-debate-posible-prorroga-del-estado-de-alarma\/"]}]},{"@type":"ImageObject","inLanguage":"es","@id":"https:\/\/digital58.com.ve\/site\/2020\/05\/06\/el-parlamento-espanol-debate-posible-prorroga-del-estado-de-alarma\/#primaryimage","url":"https:\/\/digital58.com.ve\/site\/wp-content\/uploads\/2020\/05\/espa\u00f1a-06.jpg","contentUrl":"https:\/\/digital58.com.ve\/site\/wp-content\/uploads\/2020\/05\/espa\u00f1a-06.jpg","width":800,"height":433},{"@type":"BreadcrumbList","@id":"https:\/\/digital58.com.ve\/site\/2020\/05\/06\/el-parlamento-espanol-debate-posible-prorroga-del-estado-de-alarma\/#breadcrumb","itemListElement":[{"@type":"ListItem","position":1,"name":"Home","item":"https:\/\/digital58.com.ve\/site\/"},{"@type":"ListItem","position":2,"name":"El Parlamento espa\u00f1ol debate posible pr\u00f3rroga del estado de alarma"}]},{"@type":"WebSite","@id":"https:\/\/digital58.com.ve\/site\/#website","url":"https:\/\/digital58.com.ve\/site\/","name":"Noticias Digital58","description":"Portal de Noticias \u00a1Periodismo web de verdad! Lanzamiento web 22.11.2005 \/ Maracaibo, Venezuela","publisher":{"@id":"https:\/\/digital58.com.ve\/site\/#\/schema\/person\/64d1c2e4d0d4fd1b849980c4331c2951"},"alternateName":"ND58","potentialAction":[{"@type":"SearchAction","target":{"@type":"EntryPoint","urlTemplate":"https:\/\/digital58.com.ve\/site\/?s={search_term_string}"},"query-input":{"@type":"PropertyValueSpecification","valueRequired":true,"valueName":"search_term_string"}}],"inLanguage":"es"},{"@type":["Person","Organization"],"@id":"https:\/\/digital58.com.ve\/site\/#\/schema\/person\/64d1c2e4d0d4fd1b849980c4331c2951","name":"Villasmil Henry","image":{"@type":"ImageObject","inLanguage":"es","@id":"https:\/\/secure.gravatar.com\/avatar\/bb0c4a2fcb7970138239f7e404ea75757b1b507b28b5ce4c53fbd62d797c5a7c?s=96&d=mm&r=g","url":"https:\/\/secure.gravatar.com\/avatar\/bb0c4a2fcb7970138239f7e404ea75757b1b507b28b5ce4c53fbd62d797c5a7c?s=96&d=mm&r=g","contentUrl":"https:\/\/secure.gravatar.com\/avatar\/bb0c4a2fcb7970138239f7e404ea75757b1b507b28b5ce4c53fbd62d797c5a7c?s=96&d=mm&r=g","caption":"Villasmil Henry"},"logo":{"@id":"https:\/\/secure.gravatar.com\/avatar\/bb0c4a2fcb7970138239f7e404ea75757b1b507b28b5ce4c53fbd62d797c5a7c?s=96&d=mm&r=g"},"sameAs":["http:\/\/www.henryvillasmil.com.ve","https:\/\/www.instagram.com\/villasmilhfoto\/","https:\/\/x.com\/https:\/\/twitter.com\/villasmilhfoto"],"url":"https:\/\/digital58.com.ve\/site\/author\/droopy_68\/"}]}},"uagb_featured_image_src":{"full":["https:\/\/digital58.com.ve\/site\/wp-content\/uploads\/2020\/05\/espa\u00f1a-06.jpg",800,433,false],"thumbnail":["https:\/\/digital58.com.ve\/site\/wp-content\/uploads\/2020\/05\/espa\u00f1a-06-150x150.jpg",150,150,true],"medium":["https:\/\/digital58.com.ve\/site\/wp-content\/uploads\/2020\/05\/espa\u00f1a-06-300x162.jpg",300,162,true],"medium_large":["https:\/\/digital58.com.ve\/site\/wp-content\/uploads\/2020\/05\/espa\u00f1a-06-768x415.jpg",768,415,true],"large":["https:\/\/digital58.com.ve\/site\/wp-content\/uploads\/2020\/05\/espa\u00f1a-06.jpg",800,433,false],"1536x1536":["https:\/\/digital58.com.ve\/site\/wp-content\/uploads\/2020\/05\/espa\u00f1a-06.jpg",800,433,false],"2048x2048":["https:\/\/digital58.com.ve\/site\/wp-content\/uploads\/2020\/05\/espa\u00f1a-06.jpg",800,433,false],"colormag-highlighted-post":["https:\/\/digital58.com.ve\/site\/wp-content\/uploads\/2020\/05\/espa\u00f1a-06.jpg",392,212,false],"colormag-featured-post-medium":["https:\/\/digital58.com.ve\/site\/wp-content\/uploads\/2020\/05\/espa\u00f1a-06.jpg",379,205,false],"colormag-featured-post-small":["https:\/\/digital58.com.ve\/site\/wp-content\/uploads\/2020\/05\/espa\u00f1a-06.jpg",130,70,false],"colormag-featured-image":["https:\/\/digital58.com.ve\/site\/wp-content\/uploads\/2020\/05\/espa\u00f1a-06.jpg",800,433,false],"colormag-default-news":["https:\/\/digital58.com.ve\/site\/wp-content\/uploads\/2020\/05\/espa\u00f1a-06.jpg",150,81,false],"colormag-featured-image-large":["https:\/\/digital58.com.ve\/site\/wp-content\/uploads\/2020\/05\/espa\u00f1a-06.jpg",800,433,false]},"uagb_author_info":{"display_name":"Villasmil Henry","author_link":"https:\/\/digital58.com.ve\/site\/author\/droopy_68\/"},"uagb_comment_info":0,"uagb_excerpt":"El Gobierno espa\u00f1ol solicita ante el Congreso de los Diputados la cuarta pr\u00f3rroga del estado de alarma. Para ser aprobada","_links":{"self":[{"href":"https:\/\/digital58.com.ve\/site\/wp-json\/wp\/v2\/posts\/97316","targetHints":{"allow":["GET"]}}],"collection":[{"href":"https:\/\/digital58.com.ve\/site\/wp-json\/wp\/v2\/posts"}],"about":[{"href":"https:\/\/digital58.com.ve\/site\/wp-json\/wp\/v2\/types\/post"}],"author":[{"embeddable":true,"href":"https:\/\/digital58.com.ve\/site\/wp-json\/wp\/v2\/users\/1"}],"replies":[{"embeddable":true,"href":"https:\/\/digital58.com.ve\/site\/wp-json\/wp\/v2\/comments?post=97316"}],"version-history":[{"count":0,"href":"https:\/\/digital58.com.ve\/site\/wp-json\/wp\/v2\/posts\/97316\/revisions"}],"wp:featuredmedia":[{"embeddable":true,"href":"https:\/\/digital58.com.ve\/site\/wp-json\/wp\/v2\/media\/97317"}],"wp:attachment":[{"href":"https:\/\/digital58.com.ve\/site\/wp-json\/wp\/v2\/media?parent=97316"}],"wp:term":[{"taxonomy":"category","embeddable":true,"href":"https:\/\/digital58.com.ve\/site\/wp-json\/wp\/v2\/categories?post=97316"},{"taxonomy":"post_tag","embeddable":true,"href":"https:\/\/digital58.com.ve\/site\/wp-json\/wp\/v2\/tags?post=97316"}],"curies":[{"name":"wp","href":"https:\/\/api.w.org\/{rel}","templated":true}]}}