{"id":97543,"date":"2020-05-07T16:58:03","date_gmt":"2020-05-07T20:58:03","guid":{"rendered":"https:\/\/digital58.com.ve\/site\/?p=97543"},"modified":"2020-05-12T12:12:19","modified_gmt":"2020-05-12T16:12:19","slug":"coronavirus-que-es-el-estancamiento-secular-de-la-economia-y-que-pueden-hacer-los-gobiernos-para-combatirlo","status":"publish","type":"post","link":"https:\/\/digital58.com.ve\/site\/2020\/05\/07\/coronavirus-que-es-el-estancamiento-secular-de-la-economia-y-que-pueden-hacer-los-gobiernos-para-combatirlo\/","title":{"rendered":"Coronavirus: \u00bfqu\u00e9 es el \u00abestancamiento secular\u00bb de la econom\u00eda y qu\u00e9 pueden hacer los gobiernos para combatirlo?"},"content":{"rendered":"<p><a href=\"https:\/\/digital58.com.ve\/site\/wp-content\/uploads\/2020\/05\/112179825_gettyimages-1197354468-1.jpg\"><img loading=\"lazy\" decoding=\"async\" class=\"aligncenter size-full wp-image-97549\" src=\"https:\/\/digital58.com.ve\/site\/wp-content\/uploads\/2020\/05\/112179825_gettyimages-1197354468-1.jpg\" alt=\"\" width=\"660\" height=\"371\" srcset=\"https:\/\/digital58.com.ve\/site\/wp-content\/uploads\/2020\/05\/112179825_gettyimages-1197354468-1.jpg 660w, https:\/\/digital58.com.ve\/site\/wp-content\/uploads\/2020\/05\/112179825_gettyimages-1197354468-1-300x169.jpg 300w\" sizes=\"auto, (max-width: 660px) 100vw, 660px\" \/><\/a><\/p>\n<p>Cuando la gran crisis financiera iniciada en 2008 devastaba pa\u00edses enteros, dos prominentes economistas se enzarzaban en un debate que hoy vuelve a cobrar sentido en medio de la emergencia por el coronavirus. \u00bfC\u00f3mo ser\u00e1 la recuperaci\u00f3n econ\u00f3mica tras el colapso?<\/p>\n<p><strong>Internacionales, 07 de mayo de 2020 (ND58).-<\/strong> En ese entonces, el exsecretario del Tesoro estadounidense Larry Summers, por un lado, y el Premio Nobel de Econom\u00eda Joseph Stiglitz, por el otro, se planteaban esa pregunta, pero llegaban a distintas conclusiones.<\/p>\n<p>Ahora, con el cierre de f\u00e1bricas y ciudades enteras debido al coronavirus y el consumo casi an\u00e9mico, los organismos internacionales auguran este a\u00f1o un desplome econ\u00f3mico sin precedentes y una p\u00e9rdida de empleo salvaje.<\/p>\n<p>En este contexto, muchos expertos creen que estamos cerca de un escenario de lo que se conoce como \u00abestancamiento secular\u00bb.<\/p>\n<p><a href=\"https:\/\/digital58.com.ve\/site\/wp-content\/uploads\/2020\/05\/111995575_ba88318e-2ace-420e-aea7-695adc1b298a.jpg\"><img loading=\"lazy\" decoding=\"async\" class=\"aligncenter size-full wp-image-97548\" src=\"https:\/\/digital58.com.ve\/site\/wp-content\/uploads\/2020\/05\/111995575_ba88318e-2ace-420e-aea7-695adc1b298a.jpg\" alt=\"\" width=\"624\" height=\"351\" srcset=\"https:\/\/digital58.com.ve\/site\/wp-content\/uploads\/2020\/05\/111995575_ba88318e-2ace-420e-aea7-695adc1b298a.jpg 624w, https:\/\/digital58.com.ve\/site\/wp-content\/uploads\/2020\/05\/111995575_ba88318e-2ace-420e-aea7-695adc1b298a-300x169.jpg 300w\" sizes=\"auto, (max-width: 624px) 100vw, 624px\" \/><\/a><\/p>\n<p>As\u00ed que esa pregunta es igual de v\u00e1lida hoy que entonces, y la respuesta gira en torno al papel que deben tener los gobiernos en la recuperaci\u00f3n econ\u00f3mica.<\/p>\n<p>\u00abLas respuestas econ\u00f3micas convencionales para una recesi\u00f3n no van a funcionar\u00bb: Paul Romer, nobel de econom\u00eda V, U, o W: los tres escenarios posibles para la recuperaci\u00f3n de la econom\u00eda tras la pandemia de COVID-19<\/p>\n<p>\u00abAnte una crisis sin precedentes, la respuesta pol\u00edtica necesita ser agresiva. Fue el caso en 2008 y lo es hoy tambi\u00e9n\u00bb, escribe en un informe de mercado Carol Zhang, estratega de Bank of America.<\/p>\n<p><strong>\u00bfQu\u00e9 significa?<\/strong><\/p>\n<p><a href=\"https:\/\/digital58.com.ve\/site\/wp-content\/uploads\/2020\/05\/111995488_gettyimages-890164502.jpg\"><img loading=\"lazy\" decoding=\"async\" class=\"aligncenter size-full wp-image-97547\" src=\"https:\/\/digital58.com.ve\/site\/wp-content\/uploads\/2020\/05\/111995488_gettyimages-890164502.jpg\" alt=\"\" width=\"624\" height=\"351\" srcset=\"https:\/\/digital58.com.ve\/site\/wp-content\/uploads\/2020\/05\/111995488_gettyimages-890164502.jpg 624w, https:\/\/digital58.com.ve\/site\/wp-content\/uploads\/2020\/05\/111995488_gettyimages-890164502-300x169.jpg 300w\" sizes=\"auto, (max-width: 624px) 100vw, 624px\" \/><\/a><\/p>\n<p>El \u00abestancamiento secular\u00bb es un t\u00e9rmino originalmente formulado en 1930 por el eminente economista Alvin Hansen, tras la Gran Depresi\u00f3n, y puesto de nuevo sobre la mesa por Summers en 2013.<\/p>\n<p>Supone un crecimiento econ\u00f3mico bajo y lento, y tasas de desempleo persistentes acompa\u00f1adas de tipos de inter\u00e9s cercanos a cero o negativos.<\/p>\n<p>El estancamiento puede darse provocado por una circunstancia temporal como la recesi\u00f3n del crecimiento o el impacto econ\u00f3mico causado por el coronavirus.<\/p>\n<p>Es adem\u00e1s un per\u00edodo de tiempo en el que el crecimiento solo se puede lograr con condiciones financieras insostenibles como d\u00e9ficit fiscal, deuda o inflaci\u00f3n.<\/p>\n<p>Y se traduce en que la depresi\u00f3n econ\u00f3mica es la norma, no la excepci\u00f3n.<\/p>\n<p><strong>Una desgracia para cualquier econom\u00eda<\/strong><\/p>\n<p>\u00abLa teor\u00eda del estancamiento secular sostiene que despu\u00e9s de una contracci\u00f3n pronunciada, puede ocurrir que el sector privado por s\u00ed solo no sea capaz de regresar al pleno empleo, lo que vuelve esencial a las pol\u00edticas p\u00fablicas\u00bb, explic\u00f3 el propio Summers en un art\u00edculo en Project Syndicate.<\/p>\n<p>En realidad ya existe un pa\u00eds importante cuya evoluci\u00f3n econ\u00f3mica se corresponde desde hace 20 a\u00f1os con este concepto de estancamiento secular: Jap\u00f3n.<\/p>\n<p>\u00abEste patr\u00f3n de bajo crecimiento con momentos de deflaci\u00f3n se viene observando en ese pa\u00eds desde principio de los a\u00f1os 90 y se dice que es en Europa donde hay m\u00e1s posibilidades de que este fen\u00f3meno cobre forma de un modo amenazador\u00bb, le explica a BBC Mundo Xos\u00e9 Carlos Arias, profesor de Econom\u00eda de la Universidad de Vigo, Espa\u00f1a.<\/p>\n<p>Y, aunque recesi\u00f3n es la palabra que todos los pa\u00edses quieren evitar, la verdadera cuesti\u00f3n es qu\u00e9 tipo de medidas se deben aplicar.<\/p>\n<p>En la batalla entre Stiglitz y Summers ambos coincid\u00edan en que el gasto p\u00fablico era la clave.<\/p>\n<p>\u00abEs el desaf\u00edo macroecon\u00f3mico de nuestro tiempo\u00bb, dec\u00eda ya en 2008 Summers, quien incluso hoy en d\u00eda defiende que el gasto de los Estados es la v\u00eda adecuada para estimular el crecimiento.<\/p>\n<p>Las diferencias entre los dos eminentes economistas llegaron a la hora de determinar c\u00f3mo se debe inyectar ese dinero p\u00fablico en la econom\u00eda.<\/p>\n<p>Summers, asesor del presidente Barack Obama durante la crisis, apost\u00f3 por regular el mercado financiero y meter en cintura a Wall Street, pero en mitad de la profunda recesi\u00f3n, a Stiglitz le parecieron pocas medidas.<\/p>\n<p>\u00abEl gobierno de Obama cometi\u00f3 un error crucial en 2009 al no aplicar un est\u00edmulo fiscal mayor, m\u00e1s prolongado, mejor estructurado y m\u00e1s flexible. Si lo hubiera hecho, la recuperaci\u00f3n de la econom\u00eda habr\u00eda sido m\u00e1s fuerte y no se hablar\u00eda de estancamiento secular\u00bb, escribi\u00f3 en un art\u00edculo.<\/p>\n<p><a href=\"https:\/\/digital58.com.ve\/site\/wp-content\/uploads\/2020\/05\/111995577_032965ac-b1eb-4b99-94fb-e802396a1f30.jpg\"><img loading=\"lazy\" decoding=\"async\" class=\"aligncenter size-full wp-image-97546\" src=\"https:\/\/digital58.com.ve\/site\/wp-content\/uploads\/2020\/05\/111995577_032965ac-b1eb-4b99-94fb-e802396a1f30.jpg\" alt=\"\" width=\"624\" height=\"351\" srcset=\"https:\/\/digital58.com.ve\/site\/wp-content\/uploads\/2020\/05\/111995577_032965ac-b1eb-4b99-94fb-e802396a1f30.jpg 624w, https:\/\/digital58.com.ve\/site\/wp-content\/uploads\/2020\/05\/111995577_032965ac-b1eb-4b99-94fb-e802396a1f30-300x169.jpg 300w\" sizes=\"auto, (max-width: 624px) 100vw, 624px\" \/><\/a><\/p>\n<p><strong>Dilema: \u00bfm\u00e1s deuda o m\u00e1s gasto?<\/strong><\/p>\n<p>En el contexto de la crisis econ\u00f3mica creada por el coronavirus, los expertos creen que los Estados van a volver al dilema que ya vieron muchas econom\u00edas desarrolladas en 2008: aumentar el gasto para reactivar la econom\u00eda o cuidar el d\u00e9ficit para tener las cuentas p\u00fablicas saneadas.<\/p>\n<p>\u00abDesactivar la bomba de la deuda supone poner restricciones al crecimiento\u00bb, explica Arias.<\/p>\n<p>Lo que queda claro, con el antecedente del cruce de argumentos entre Stiglitz y Summers, es que esta encrucijada no es nueva.<\/p>\n<p><a href=\"https:\/\/digital58.com.ve\/site\/wp-content\/uploads\/2020\/05\/111995578_03c26d8c-73ca-464d-bc83-485719f21e09.jpg\"><img loading=\"lazy\" decoding=\"async\" class=\"aligncenter size-full wp-image-97545\" src=\"https:\/\/digital58.com.ve\/site\/wp-content\/uploads\/2020\/05\/111995578_03c26d8c-73ca-464d-bc83-485719f21e09.jpg\" alt=\"\" width=\"624\" height=\"351\" srcset=\"https:\/\/digital58.com.ve\/site\/wp-content\/uploads\/2020\/05\/111995578_03c26d8c-73ca-464d-bc83-485719f21e09.jpg 624w, https:\/\/digital58.com.ve\/site\/wp-content\/uploads\/2020\/05\/111995578_03c26d8c-73ca-464d-bc83-485719f21e09-300x169.jpg 300w\" sizes=\"auto, (max-width: 624px) 100vw, 624px\" \/><\/a><\/p>\n<p>En un documento de trabajo, los profesores de Econom\u00eda Ant\u00f3n Costas y Xos\u00e9 Carlos Arias recordaron que si algo dej\u00f3 la crisis de 2008-2009 es que \u00abla amenaza de un derrumbe generalizado de la econom\u00eda qued\u00f3 desactivada a trav\u00e9s de los programas de est\u00edmulo que pr\u00e1cticamente todos los gobiernos, desarrollados o emergentes, pusieron en marcha\u00bb.<\/p>\n<p>Y todo parece indicar que en esta ocasi\u00f3n ese patr\u00f3n va a repetirse.<\/p>\n<p><strong>Primero deuda, despu\u00e9s soluciones<\/strong><\/p>\n<p>\u00abDentro de esta incertidumbre general que vivimos hay dos cosas que sabemos. Uno, hay que endeudarse para poner un cortafuegos cueste lo que cueste, y dos, que luego habr\u00e1 que ver c\u00f3mo se soluciona este problema\u00bb, dice Arias.<\/p>\n<p>Pero mientras Estados Unidos aprob\u00f3 recientemente el mayor paquete de ayudas de su historia, los l\u00edderes europeos contin\u00faan divididos sobre la estrategia comunitaria para la recuperaci\u00f3n econ\u00f3mica.<\/p>\n<p>\u00abEs alentador que los est\u00edmulos hayan llegado m\u00e1s r\u00e1pido que en crisis anteriores, pero no pueden garantizar que se vayan a evitar efectos secundarios (de la crisis) en t\u00e9rminos de bancarrotas y suspensiones de pagos\u00bb, explica Esty Dwek, estratega jefe de Mercados de Natixis IM Solutions.<\/p>\n<p><a href=\"https:\/\/digital58.com.ve\/site\/wp-content\/uploads\/2020\/05\/111995579_d62f9f6f-5ffc-42d0-a4e1-a8e62eeb1ffb.jpg\"><img loading=\"lazy\" decoding=\"async\" class=\"aligncenter size-full wp-image-97544\" src=\"https:\/\/digital58.com.ve\/site\/wp-content\/uploads\/2020\/05\/111995579_d62f9f6f-5ffc-42d0-a4e1-a8e62eeb1ffb.jpg\" alt=\"\" width=\"624\" height=\"351\" srcset=\"https:\/\/digital58.com.ve\/site\/wp-content\/uploads\/2020\/05\/111995579_d62f9f6f-5ffc-42d0-a4e1-a8e62eeb1ffb.jpg 624w, https:\/\/digital58.com.ve\/site\/wp-content\/uploads\/2020\/05\/111995579_d62f9f6f-5ffc-42d0-a4e1-a8e62eeb1ffb-300x169.jpg 300w\" sizes=\"auto, (max-width: 624px) 100vw, 624px\" \/><\/a><\/p>\n<p>Para Arias, \u00abla deuda va a crecer. De esto no hay ninguna duda\u00bb.<\/p>\n<p><strong>Orden de las tareas<\/strong><\/p>\n<p>Las implicaciones de esto es que no podemos hacer crecer la econom\u00eda y favorecer un desendeudamiento al mismo tiempo.<\/p>\n<p>Sin el cr\u00e9dito, las transacciones se secan.<\/p>\n<p>Pero con la deuda de las familias, empresas y entidades financieras ahora mismo en su m\u00e1ximo en toda la historia de la humanidad, los gobiernos tendr\u00e1n que enfrentarse al problema de la deuda m\u00e1s pronto que tarde.<\/p>\n<p>Luchar contra el COVID-19 y estimular la econom\u00eda ser\u00e1n las tareas m\u00e1s inmediatas.<\/p>\n<p>La tercera, creen economistas como Arias, ser\u00e1 como equilibrar de nuevo las cuentas de los pa\u00edses.<\/p><div class=\"khznz69f51f8172359\" ><p style=\"text-align: center;\"><a href=\"https:\/\/t.me\/noticiasdigital58\" target=\"_blank\" rel=\"noopener\"><img class=\"aligncenter size-full wp-image-125363\" src=\"https:\/\/digital58.com.ve\/site\/wp-content\/uploads\/2021\/04\/banner-telegram-web-2021.png\" alt=\"\" width=\"600\" height=\"90\" \/><\/a><\/p><\/div><style type=\"text\/css\">\r\n@media screen and (min-width: 1201px) {\r\n.khznz69f51f8172359 {\r\ndisplay: block;\r\n}\r\n}\r\n@media screen and (min-width: 993px) and (max-width: 1200px) {\r\n.khznz69f51f8172359 {\r\ndisplay: block;\r\n}\r\n}\r\n@media screen and (min-width: 769px) and (max-width: 992px) {\r\n.khznz69f51f8172359 {\r\ndisplay: block;\r\n}\r\n}\r\n@media screen and (min-width: 768px) and (max-width: 768px) {\r\n.khznz69f51f8172359 {\r\ndisplay: block;\r\n}\r\n}\r\n@media screen and (max-width: 767px) {\r\n.khznz69f51f8172359 {\r\ndisplay: block;\r\n}\r\n}\r\n<\/style>\r\n\n<p><strong>Fuente: Cristina J. Orgaz \/ BBC<\/strong><br \/>\n<strong>Edici\u00f3n: Villasmil, Henry<\/strong><br \/>\n<strong>Gr\u00e1ficas: Getty Images<\/strong><\/p>\n<div style=\"margin-top: 0px; margin-bottom: 0px;\" class=\"sharethis-inline-share-buttons\" ><\/div>","protected":false},"excerpt":{"rendered":"<p>Cuando la gran crisis financiera iniciada en 2008 devastaba pa\u00edses enteros, dos prominentes economistas se enzarzaban en un debate que<\/p>\n","protected":false},"author":1,"featured_media":97545,"comment_status":"open","ping_status":"closed","sticky":false,"template":"","format":"standard","meta":{"colormag_page_container_layout":"default_layout","colormag_page_sidebar_layout":"default_layout","_uag_custom_page_level_css":"","footnotes":""},"categories":[14499],"tags":[13352,13648,3144,14372,8,13723],"class_list":["post-97543","post","type-post","status-publish","format-standard","has-post-thumbnail","hentry","category-economia","tag-coronavirus","tag-covid-19","tag-economia","tag-estancamiento-secular","tag-internacionales","tag-pandemia"],"yoast_head":"<!-- This site is optimized with the Yoast SEO plugin v27.5 - https:\/\/yoast.com\/product\/yoast-seo-wordpress\/ -->\n<title>Coronavirus: \u00bfqu\u00e9 es el \u00abestancamiento secular\u00bb de la econom\u00eda y qu\u00e9 pueden hacer los gobiernos para combatirlo?<\/title>\n<meta name=\"robots\" content=\"index, follow, max-snippet:-1, max-image-preview:large, max-video-preview:-1\" \/>\n<link rel=\"canonical\" href=\"https:\/\/digital58.com.ve\/site\/2020\/05\/07\/coronavirus-que-es-el-estancamiento-secular-de-la-economia-y-que-pueden-hacer-los-gobiernos-para-combatirlo\/\" \/>\n<meta property=\"og:locale\" content=\"es_ES\" \/>\n<meta property=\"og:type\" content=\"article\" \/>\n<meta property=\"og:title\" content=\"Coronavirus: \u00bfqu\u00e9 es el \u00abestancamiento secular\u00bb de la econom\u00eda y qu\u00e9 pueden hacer los gobiernos para combatirlo?\" \/>\n<meta property=\"og:url\" content=\"https:\/\/digital58.com.ve\/site\/2020\/05\/07\/coronavirus-que-es-el-estancamiento-secular-de-la-economia-y-que-pueden-hacer-los-gobiernos-para-combatirlo\/\" \/>\n<meta property=\"og:site_name\" content=\"Noticias Digital58\" \/>\n<meta property=\"article:published_time\" content=\"2020-05-07T20:58:03+00:00\" \/>\n<meta property=\"article:modified_time\" content=\"2020-05-12T16:12:19+00:00\" \/>\n<meta property=\"og:image\" content=\"https:\/\/digital58.com.ve\/site\/wp-content\/uploads\/2020\/05\/111995578_03c26d8c-73ca-464d-bc83-485719f21e09.jpg\" \/>\n\t<meta property=\"og:image:width\" content=\"624\" \/>\n\t<meta property=\"og:image:height\" content=\"351\" \/>\n\t<meta property=\"og:image:type\" content=\"image\/jpeg\" \/>\n<meta name=\"author\" content=\"Villasmil Henry\" \/>\n<meta name=\"twitter:card\" content=\"summary_large_image\" \/>\n<meta name=\"twitter:creator\" content=\"@https:\/\/twitter.com\/villasmilhfoto\" \/>\n<meta name=\"twitter:site\" content=\"@villasmilhfoto\" \/>\n<meta name=\"twitter:label1\" content=\"Escrito por\" \/>\n\t<meta name=\"twitter:data1\" content=\"Villasmil Henry\" \/>\n\t<meta name=\"twitter:label2\" content=\"Tiempo estimado de lectura\" \/>\n\t<meta name=\"twitter:data2\" content=\"6 minutos\" \/>\n<script type=\"application\/ld+json\" class=\"yoast-schema-graph\">{\"@context\":\"https:\\\/\\\/schema.org\",\"@graph\":[{\"@type\":\"Article\",\"@id\":\"https:\\\/\\\/digital58.com.ve\\\/site\\\/2020\\\/05\\\/07\\\/coronavirus-que-es-el-estancamiento-secular-de-la-economia-y-que-pueden-hacer-los-gobiernos-para-combatirlo\\\/#article\",\"isPartOf\":{\"@id\":\"https:\\\/\\\/digital58.com.ve\\\/site\\\/2020\\\/05\\\/07\\\/coronavirus-que-es-el-estancamiento-secular-de-la-economia-y-que-pueden-hacer-los-gobiernos-para-combatirlo\\\/\"},\"author\":{\"name\":\"Villasmil Henry\",\"@id\":\"https:\\\/\\\/digital58.com.ve\\\/site\\\/#\\\/schema\\\/person\\\/64d1c2e4d0d4fd1b849980c4331c2951\"},\"headline\":\"Coronavirus: \u00bfqu\u00e9 es el \u00abestancamiento secular\u00bb de la econom\u00eda y qu\u00e9 pueden hacer los gobiernos para combatirlo?\",\"datePublished\":\"2020-05-07T20:58:03+00:00\",\"dateModified\":\"2020-05-12T16:12:19+00:00\",\"mainEntityOfPage\":{\"@id\":\"https:\\\/\\\/digital58.com.ve\\\/site\\\/2020\\\/05\\\/07\\\/coronavirus-que-es-el-estancamiento-secular-de-la-economia-y-que-pueden-hacer-los-gobiernos-para-combatirlo\\\/\"},\"wordCount\":1172,\"commentCount\":0,\"publisher\":{\"@id\":\"https:\\\/\\\/digital58.com.ve\\\/site\\\/#\\\/schema\\\/person\\\/64d1c2e4d0d4fd1b849980c4331c2951\"},\"image\":{\"@id\":\"https:\\\/\\\/digital58.com.ve\\\/site\\\/2020\\\/05\\\/07\\\/coronavirus-que-es-el-estancamiento-secular-de-la-economia-y-que-pueden-hacer-los-gobiernos-para-combatirlo\\\/#primaryimage\"},\"thumbnailUrl\":\"https:\\\/\\\/digital58.com.ve\\\/site\\\/wp-content\\\/uploads\\\/2020\\\/05\\\/111995578_03c26d8c-73ca-464d-bc83-485719f21e09.jpg\",\"keywords\":[\"Coronavirus\",\"COVID-19\",\"Econom\u00eda\",\"Estancamiento secular\",\"Internacionales\",\"Pandemia\"],\"articleSection\":[\"Econom\u00eda\"],\"inLanguage\":\"es\",\"potentialAction\":[{\"@type\":\"CommentAction\",\"name\":\"Comment\",\"target\":[\"https:\\\/\\\/digital58.com.ve\\\/site\\\/2020\\\/05\\\/07\\\/coronavirus-que-es-el-estancamiento-secular-de-la-economia-y-que-pueden-hacer-los-gobiernos-para-combatirlo\\\/#respond\"]}]},{\"@type\":\"WebPage\",\"@id\":\"https:\\\/\\\/digital58.com.ve\\\/site\\\/2020\\\/05\\\/07\\\/coronavirus-que-es-el-estancamiento-secular-de-la-economia-y-que-pueden-hacer-los-gobiernos-para-combatirlo\\\/\",\"url\":\"https:\\\/\\\/digital58.com.ve\\\/site\\\/2020\\\/05\\\/07\\\/coronavirus-que-es-el-estancamiento-secular-de-la-economia-y-que-pueden-hacer-los-gobiernos-para-combatirlo\\\/\",\"name\":\"Coronavirus: \u00bfqu\u00e9 es el \u00abestancamiento secular\u00bb de la econom\u00eda y qu\u00e9 pueden hacer los gobiernos para combatirlo?\",\"isPartOf\":{\"@id\":\"https:\\\/\\\/digital58.com.ve\\\/site\\\/#website\"},\"primaryImageOfPage\":{\"@id\":\"https:\\\/\\\/digital58.com.ve\\\/site\\\/2020\\\/05\\\/07\\\/coronavirus-que-es-el-estancamiento-secular-de-la-economia-y-que-pueden-hacer-los-gobiernos-para-combatirlo\\\/#primaryimage\"},\"image\":{\"@id\":\"https:\\\/\\\/digital58.com.ve\\\/site\\\/2020\\\/05\\\/07\\\/coronavirus-que-es-el-estancamiento-secular-de-la-economia-y-que-pueden-hacer-los-gobiernos-para-combatirlo\\\/#primaryimage\"},\"thumbnailUrl\":\"https:\\\/\\\/digital58.com.ve\\\/site\\\/wp-content\\\/uploads\\\/2020\\\/05\\\/111995578_03c26d8c-73ca-464d-bc83-485719f21e09.jpg\",\"datePublished\":\"2020-05-07T20:58:03+00:00\",\"dateModified\":\"2020-05-12T16:12:19+00:00\",\"breadcrumb\":{\"@id\":\"https:\\\/\\\/digital58.com.ve\\\/site\\\/2020\\\/05\\\/07\\\/coronavirus-que-es-el-estancamiento-secular-de-la-economia-y-que-pueden-hacer-los-gobiernos-para-combatirlo\\\/#breadcrumb\"},\"inLanguage\":\"es\",\"potentialAction\":[{\"@type\":\"ReadAction\",\"target\":[\"https:\\\/\\\/digital58.com.ve\\\/site\\\/2020\\\/05\\\/07\\\/coronavirus-que-es-el-estancamiento-secular-de-la-economia-y-que-pueden-hacer-los-gobiernos-para-combatirlo\\\/\"]}]},{\"@type\":\"ImageObject\",\"inLanguage\":\"es\",\"@id\":\"https:\\\/\\\/digital58.com.ve\\\/site\\\/2020\\\/05\\\/07\\\/coronavirus-que-es-el-estancamiento-secular-de-la-economia-y-que-pueden-hacer-los-gobiernos-para-combatirlo\\\/#primaryimage\",\"url\":\"https:\\\/\\\/digital58.com.ve\\\/site\\\/wp-content\\\/uploads\\\/2020\\\/05\\\/111995578_03c26d8c-73ca-464d-bc83-485719f21e09.jpg\",\"contentUrl\":\"https:\\\/\\\/digital58.com.ve\\\/site\\\/wp-content\\\/uploads\\\/2020\\\/05\\\/111995578_03c26d8c-73ca-464d-bc83-485719f21e09.jpg\",\"width\":624,\"height\":351},{\"@type\":\"BreadcrumbList\",\"@id\":\"https:\\\/\\\/digital58.com.ve\\\/site\\\/2020\\\/05\\\/07\\\/coronavirus-que-es-el-estancamiento-secular-de-la-economia-y-que-pueden-hacer-los-gobiernos-para-combatirlo\\\/#breadcrumb\",\"itemListElement\":[{\"@type\":\"ListItem\",\"position\":1,\"name\":\"Home\",\"item\":\"https:\\\/\\\/digital58.com.ve\\\/site\\\/\"},{\"@type\":\"ListItem\",\"position\":2,\"name\":\"Coronavirus: \u00bfqu\u00e9 es el \u00abestancamiento secular\u00bb de la econom\u00eda y qu\u00e9 pueden hacer los gobiernos para combatirlo?\"}]},{\"@type\":\"WebSite\",\"@id\":\"https:\\\/\\\/digital58.com.ve\\\/site\\\/#website\",\"url\":\"https:\\\/\\\/digital58.com.ve\\\/site\\\/\",\"name\":\"Noticias Digital58\",\"description\":\"Portal de Noticias \u00a1Periodismo web de verdad! Lanzamiento web 22.11.2005 \\\/ Maracaibo, Venezuela\",\"publisher\":{\"@id\":\"https:\\\/\\\/digital58.com.ve\\\/site\\\/#\\\/schema\\\/person\\\/64d1c2e4d0d4fd1b849980c4331c2951\"},\"alternateName\":\"ND58\",\"potentialAction\":[{\"@type\":\"SearchAction\",\"target\":{\"@type\":\"EntryPoint\",\"urlTemplate\":\"https:\\\/\\\/digital58.com.ve\\\/site\\\/?s={search_term_string}\"},\"query-input\":{\"@type\":\"PropertyValueSpecification\",\"valueRequired\":true,\"valueName\":\"search_term_string\"}}],\"inLanguage\":\"es\"},{\"@type\":[\"Person\",\"Organization\"],\"@id\":\"https:\\\/\\\/digital58.com.ve\\\/site\\\/#\\\/schema\\\/person\\\/64d1c2e4d0d4fd1b849980c4331c2951\",\"name\":\"Villasmil Henry\",\"image\":{\"@type\":\"ImageObject\",\"inLanguage\":\"es\",\"@id\":\"https:\\\/\\\/secure.gravatar.com\\\/avatar\\\/bb0c4a2fcb7970138239f7e404ea75757b1b507b28b5ce4c53fbd62d797c5a7c?s=96&d=mm&r=g\",\"url\":\"https:\\\/\\\/secure.gravatar.com\\\/avatar\\\/bb0c4a2fcb7970138239f7e404ea75757b1b507b28b5ce4c53fbd62d797c5a7c?s=96&d=mm&r=g\",\"contentUrl\":\"https:\\\/\\\/secure.gravatar.com\\\/avatar\\\/bb0c4a2fcb7970138239f7e404ea75757b1b507b28b5ce4c53fbd62d797c5a7c?s=96&d=mm&r=g\",\"caption\":\"Villasmil Henry\"},\"logo\":{\"@id\":\"https:\\\/\\\/secure.gravatar.com\\\/avatar\\\/bb0c4a2fcb7970138239f7e404ea75757b1b507b28b5ce4c53fbd62d797c5a7c?s=96&d=mm&r=g\"},\"sameAs\":[\"http:\\\/\\\/www.henryvillasmil.com.ve\",\"https:\\\/\\\/www.instagram.com\\\/villasmilhfoto\\\/\",\"https:\\\/\\\/x.com\\\/https:\\\/\\\/twitter.com\\\/villasmilhfoto\"],\"url\":\"https:\\\/\\\/digital58.com.ve\\\/site\\\/author\\\/droopy_68\\\/\"}]}<\/script>\n<!-- \/ Yoast SEO plugin. -->","yoast_head_json":{"title":"Coronavirus: \u00bfqu\u00e9 es el \u00abestancamiento secular\u00bb de la econom\u00eda y qu\u00e9 pueden hacer los gobiernos para combatirlo?","robots":{"index":"index","follow":"follow","max-snippet":"max-snippet:-1","max-image-preview":"max-image-preview:large","max-video-preview":"max-video-preview:-1"},"canonical":"https:\/\/digital58.com.ve\/site\/2020\/05\/07\/coronavirus-que-es-el-estancamiento-secular-de-la-economia-y-que-pueden-hacer-los-gobiernos-para-combatirlo\/","og_locale":"es_ES","og_type":"article","og_title":"Coronavirus: \u00bfqu\u00e9 es el \u00abestancamiento secular\u00bb de la econom\u00eda y qu\u00e9 pueden hacer los gobiernos para combatirlo?","og_url":"https:\/\/digital58.com.ve\/site\/2020\/05\/07\/coronavirus-que-es-el-estancamiento-secular-de-la-economia-y-que-pueden-hacer-los-gobiernos-para-combatirlo\/","og_site_name":"Noticias Digital58","article_published_time":"2020-05-07T20:58:03+00:00","article_modified_time":"2020-05-12T16:12:19+00:00","og_image":[{"width":624,"height":351,"url":"https:\/\/digital58.com.ve\/site\/wp-content\/uploads\/2020\/05\/111995578_03c26d8c-73ca-464d-bc83-485719f21e09.jpg","type":"image\/jpeg"}],"author":"Villasmil Henry","twitter_card":"summary_large_image","twitter_creator":"@https:\/\/twitter.com\/villasmilhfoto","twitter_site":"@villasmilhfoto","twitter_misc":{"Escrito por":"Villasmil Henry","Tiempo estimado de lectura":"6 minutos"},"schema":{"@context":"https:\/\/schema.org","@graph":[{"@type":"Article","@id":"https:\/\/digital58.com.ve\/site\/2020\/05\/07\/coronavirus-que-es-el-estancamiento-secular-de-la-economia-y-que-pueden-hacer-los-gobiernos-para-combatirlo\/#article","isPartOf":{"@id":"https:\/\/digital58.com.ve\/site\/2020\/05\/07\/coronavirus-que-es-el-estancamiento-secular-de-la-economia-y-que-pueden-hacer-los-gobiernos-para-combatirlo\/"},"author":{"name":"Villasmil Henry","@id":"https:\/\/digital58.com.ve\/site\/#\/schema\/person\/64d1c2e4d0d4fd1b849980c4331c2951"},"headline":"Coronavirus: \u00bfqu\u00e9 es el \u00abestancamiento secular\u00bb de la econom\u00eda y qu\u00e9 pueden hacer los gobiernos para combatirlo?","datePublished":"2020-05-07T20:58:03+00:00","dateModified":"2020-05-12T16:12:19+00:00","mainEntityOfPage":{"@id":"https:\/\/digital58.com.ve\/site\/2020\/05\/07\/coronavirus-que-es-el-estancamiento-secular-de-la-economia-y-que-pueden-hacer-los-gobiernos-para-combatirlo\/"},"wordCount":1172,"commentCount":0,"publisher":{"@id":"https:\/\/digital58.com.ve\/site\/#\/schema\/person\/64d1c2e4d0d4fd1b849980c4331c2951"},"image":{"@id":"https:\/\/digital58.com.ve\/site\/2020\/05\/07\/coronavirus-que-es-el-estancamiento-secular-de-la-economia-y-que-pueden-hacer-los-gobiernos-para-combatirlo\/#primaryimage"},"thumbnailUrl":"https:\/\/digital58.com.ve\/site\/wp-content\/uploads\/2020\/05\/111995578_03c26d8c-73ca-464d-bc83-485719f21e09.jpg","keywords":["Coronavirus","COVID-19","Econom\u00eda","Estancamiento secular","Internacionales","Pandemia"],"articleSection":["Econom\u00eda"],"inLanguage":"es","potentialAction":[{"@type":"CommentAction","name":"Comment","target":["https:\/\/digital58.com.ve\/site\/2020\/05\/07\/coronavirus-que-es-el-estancamiento-secular-de-la-economia-y-que-pueden-hacer-los-gobiernos-para-combatirlo\/#respond"]}]},{"@type":"WebPage","@id":"https:\/\/digital58.com.ve\/site\/2020\/05\/07\/coronavirus-que-es-el-estancamiento-secular-de-la-economia-y-que-pueden-hacer-los-gobiernos-para-combatirlo\/","url":"https:\/\/digital58.com.ve\/site\/2020\/05\/07\/coronavirus-que-es-el-estancamiento-secular-de-la-economia-y-que-pueden-hacer-los-gobiernos-para-combatirlo\/","name":"Coronavirus: \u00bfqu\u00e9 es el \u00abestancamiento secular\u00bb de la econom\u00eda y qu\u00e9 pueden hacer los gobiernos para combatirlo?","isPartOf":{"@id":"https:\/\/digital58.com.ve\/site\/#website"},"primaryImageOfPage":{"@id":"https:\/\/digital58.com.ve\/site\/2020\/05\/07\/coronavirus-que-es-el-estancamiento-secular-de-la-economia-y-que-pueden-hacer-los-gobiernos-para-combatirlo\/#primaryimage"},"image":{"@id":"https:\/\/digital58.com.ve\/site\/2020\/05\/07\/coronavirus-que-es-el-estancamiento-secular-de-la-economia-y-que-pueden-hacer-los-gobiernos-para-combatirlo\/#primaryimage"},"thumbnailUrl":"https:\/\/digital58.com.ve\/site\/wp-content\/uploads\/2020\/05\/111995578_03c26d8c-73ca-464d-bc83-485719f21e09.jpg","datePublished":"2020-05-07T20:58:03+00:00","dateModified":"2020-05-12T16:12:19+00:00","breadcrumb":{"@id":"https:\/\/digital58.com.ve\/site\/2020\/05\/07\/coronavirus-que-es-el-estancamiento-secular-de-la-economia-y-que-pueden-hacer-los-gobiernos-para-combatirlo\/#breadcrumb"},"inLanguage":"es","potentialAction":[{"@type":"ReadAction","target":["https:\/\/digital58.com.ve\/site\/2020\/05\/07\/coronavirus-que-es-el-estancamiento-secular-de-la-economia-y-que-pueden-hacer-los-gobiernos-para-combatirlo\/"]}]},{"@type":"ImageObject","inLanguage":"es","@id":"https:\/\/digital58.com.ve\/site\/2020\/05\/07\/coronavirus-que-es-el-estancamiento-secular-de-la-economia-y-que-pueden-hacer-los-gobiernos-para-combatirlo\/#primaryimage","url":"https:\/\/digital58.com.ve\/site\/wp-content\/uploads\/2020\/05\/111995578_03c26d8c-73ca-464d-bc83-485719f21e09.jpg","contentUrl":"https:\/\/digital58.com.ve\/site\/wp-content\/uploads\/2020\/05\/111995578_03c26d8c-73ca-464d-bc83-485719f21e09.jpg","width":624,"height":351},{"@type":"BreadcrumbList","@id":"https:\/\/digital58.com.ve\/site\/2020\/05\/07\/coronavirus-que-es-el-estancamiento-secular-de-la-economia-y-que-pueden-hacer-los-gobiernos-para-combatirlo\/#breadcrumb","itemListElement":[{"@type":"ListItem","position":1,"name":"Home","item":"https:\/\/digital58.com.ve\/site\/"},{"@type":"ListItem","position":2,"name":"Coronavirus: \u00bfqu\u00e9 es el \u00abestancamiento secular\u00bb de la econom\u00eda y qu\u00e9 pueden hacer los gobiernos para combatirlo?"}]},{"@type":"WebSite","@id":"https:\/\/digital58.com.ve\/site\/#website","url":"https:\/\/digital58.com.ve\/site\/","name":"Noticias Digital58","description":"Portal de Noticias \u00a1Periodismo web de verdad! Lanzamiento web 22.11.2005 \/ Maracaibo, Venezuela","publisher":{"@id":"https:\/\/digital58.com.ve\/site\/#\/schema\/person\/64d1c2e4d0d4fd1b849980c4331c2951"},"alternateName":"ND58","potentialAction":[{"@type":"SearchAction","target":{"@type":"EntryPoint","urlTemplate":"https:\/\/digital58.com.ve\/site\/?s={search_term_string}"},"query-input":{"@type":"PropertyValueSpecification","valueRequired":true,"valueName":"search_term_string"}}],"inLanguage":"es"},{"@type":["Person","Organization"],"@id":"https:\/\/digital58.com.ve\/site\/#\/schema\/person\/64d1c2e4d0d4fd1b849980c4331c2951","name":"Villasmil Henry","image":{"@type":"ImageObject","inLanguage":"es","@id":"https:\/\/secure.gravatar.com\/avatar\/bb0c4a2fcb7970138239f7e404ea75757b1b507b28b5ce4c53fbd62d797c5a7c?s=96&d=mm&r=g","url":"https:\/\/secure.gravatar.com\/avatar\/bb0c4a2fcb7970138239f7e404ea75757b1b507b28b5ce4c53fbd62d797c5a7c?s=96&d=mm&r=g","contentUrl":"https:\/\/secure.gravatar.com\/avatar\/bb0c4a2fcb7970138239f7e404ea75757b1b507b28b5ce4c53fbd62d797c5a7c?s=96&d=mm&r=g","caption":"Villasmil Henry"},"logo":{"@id":"https:\/\/secure.gravatar.com\/avatar\/bb0c4a2fcb7970138239f7e404ea75757b1b507b28b5ce4c53fbd62d797c5a7c?s=96&d=mm&r=g"},"sameAs":["http:\/\/www.henryvillasmil.com.ve","https:\/\/www.instagram.com\/villasmilhfoto\/","https:\/\/x.com\/https:\/\/twitter.com\/villasmilhfoto"],"url":"https:\/\/digital58.com.ve\/site\/author\/droopy_68\/"}]}},"uagb_featured_image_src":{"full":["https:\/\/digital58.com.ve\/site\/wp-content\/uploads\/2020\/05\/111995578_03c26d8c-73ca-464d-bc83-485719f21e09.jpg",624,351,false],"thumbnail":["https:\/\/digital58.com.ve\/site\/wp-content\/uploads\/2020\/05\/111995578_03c26d8c-73ca-464d-bc83-485719f21e09-150x150.jpg",150,150,true],"medium":["https:\/\/digital58.com.ve\/site\/wp-content\/uploads\/2020\/05\/111995578_03c26d8c-73ca-464d-bc83-485719f21e09-300x169.jpg",300,169,true],"medium_large":["https:\/\/digital58.com.ve\/site\/wp-content\/uploads\/2020\/05\/111995578_03c26d8c-73ca-464d-bc83-485719f21e09.jpg",624,351,false],"large":["https:\/\/digital58.com.ve\/site\/wp-content\/uploads\/2020\/05\/111995578_03c26d8c-73ca-464d-bc83-485719f21e09.jpg",624,351,false],"1536x1536":["https:\/\/digital58.com.ve\/site\/wp-content\/uploads\/2020\/05\/111995578_03c26d8c-73ca-464d-bc83-485719f21e09.jpg",624,351,false],"2048x2048":["https:\/\/digital58.com.ve\/site\/wp-content\/uploads\/2020\/05\/111995578_03c26d8c-73ca-464d-bc83-485719f21e09.jpg",624,351,false],"colormag-highlighted-post":["https:\/\/digital58.com.ve\/site\/wp-content\/uploads\/2020\/05\/111995578_03c26d8c-73ca-464d-bc83-485719f21e09.jpg",392,221,false],"colormag-featured-post-medium":["https:\/\/digital58.com.ve\/site\/wp-content\/uploads\/2020\/05\/111995578_03c26d8c-73ca-464d-bc83-485719f21e09.jpg",364,205,false],"colormag-featured-post-small":["https:\/\/digital58.com.ve\/site\/wp-content\/uploads\/2020\/05\/111995578_03c26d8c-73ca-464d-bc83-485719f21e09.jpg",130,73,false],"colormag-featured-image":["https:\/\/digital58.com.ve\/site\/wp-content\/uploads\/2020\/05\/111995578_03c26d8c-73ca-464d-bc83-485719f21e09.jpg",624,351,false],"colormag-default-news":["https:\/\/digital58.com.ve\/site\/wp-content\/uploads\/2020\/05\/111995578_03c26d8c-73ca-464d-bc83-485719f21e09.jpg",150,84,false],"colormag-featured-image-large":["https:\/\/digital58.com.ve\/site\/wp-content\/uploads\/2020\/05\/111995578_03c26d8c-73ca-464d-bc83-485719f21e09.jpg",624,351,false]},"uagb_author_info":{"display_name":"Villasmil Henry","author_link":"https:\/\/digital58.com.ve\/site\/author\/droopy_68\/"},"uagb_comment_info":0,"uagb_excerpt":"Cuando la gran crisis financiera iniciada en 2008 devastaba pa\u00edses enteros, dos prominentes economistas se enzarzaban en un debate que","_links":{"self":[{"href":"https:\/\/digital58.com.ve\/site\/wp-json\/wp\/v2\/posts\/97543","targetHints":{"allow":["GET"]}}],"collection":[{"href":"https:\/\/digital58.com.ve\/site\/wp-json\/wp\/v2\/posts"}],"about":[{"href":"https:\/\/digital58.com.ve\/site\/wp-json\/wp\/v2\/types\/post"}],"author":[{"embeddable":true,"href":"https:\/\/digital58.com.ve\/site\/wp-json\/wp\/v2\/users\/1"}],"replies":[{"embeddable":true,"href":"https:\/\/digital58.com.ve\/site\/wp-json\/wp\/v2\/comments?post=97543"}],"version-history":[{"count":0,"href":"https:\/\/digital58.com.ve\/site\/wp-json\/wp\/v2\/posts\/97543\/revisions"}],"wp:featuredmedia":[{"embeddable":true,"href":"https:\/\/digital58.com.ve\/site\/wp-json\/wp\/v2\/media\/97545"}],"wp:attachment":[{"href":"https:\/\/digital58.com.ve\/site\/wp-json\/wp\/v2\/media?parent=97543"}],"wp:term":[{"taxonomy":"category","embeddable":true,"href":"https:\/\/digital58.com.ve\/site\/wp-json\/wp\/v2\/categories?post=97543"},{"taxonomy":"post_tag","embeddable":true,"href":"https:\/\/digital58.com.ve\/site\/wp-json\/wp\/v2\/tags?post=97543"}],"curies":[{"name":"wp","href":"https:\/\/api.w.org\/{rel}","templated":true}]}}