{"id":97638,"date":"2020-05-07T22:05:54","date_gmt":"2020-05-08T02:05:54","guid":{"rendered":"https:\/\/digital58.com.ve\/site\/?p=97638"},"modified":"2020-05-07T22:07:45","modified_gmt":"2020-05-08T02:07:45","slug":"iris-varela-47-muertos-y-90-heridos-en-motin-de-guanare","status":"publish","type":"post","link":"https:\/\/digital58.com.ve\/site\/2020\/05\/07\/iris-varela-47-muertos-y-90-heridos-en-motin-de-guanare\/","title":{"rendered":"Iris Varela: vincul\u00f3 a la oposici\u00f3n venezolana con el mot\u00edn de Guanare"},"content":{"rendered":"<p><img loading=\"lazy\" decoding=\"async\" class=\"aligncenter wp-image-97639 size-full\" src=\"https:\/\/digital58.com.ve\/site\/wp-content\/uploads\/2020\/05\/Iris.jpg\" alt=\"\" width=\"696\" height=\"463\" srcset=\"https:\/\/digital58.com.ve\/site\/wp-content\/uploads\/2020\/05\/Iris.jpg 696w, https:\/\/digital58.com.ve\/site\/wp-content\/uploads\/2020\/05\/Iris-300x200.jpg 300w, https:\/\/digital58.com.ve\/site\/wp-content\/uploads\/2020\/05\/Iris-480x320.jpg 480w\" sizes=\"auto, (max-width: 696px) 100vw, 696px\" \/><\/p>\n<p>Iris Varela, ministra de Asuntos Penitenciarios, vincul\u00f3 a la oposici\u00f3n venezolana con el mot\u00edn que se registr\u00f3 el viernes 1 de mayo en el Centro Penitenciario de los Llanos, en Guanare, estado Portuguesa. Las declaraciones las ofreci\u00f3 Varela en una entrevista concedida a Uni\u00f3n Radio<\/p>\n<p><strong>Maracaibo, Zulia, Venezuela, 07 de mayo de 2020 (ND58).-<\/strong> \u00abEs un suceso que no desvinculo de toda esta locura en la que una oposici\u00f3n que no tiene escr\u00fapulos se ha paseado por todas las acciones m\u00e1s insospechadas, como quemar gente viva, como sabotear la electricidad, el sistema de bombeo de agua\u00bb, se\u00f1al\u00f3.<\/p>\n<p>Las declaraciones las ofreci\u00f3 Varela en una entrevista concedida a Uni\u00f3n Radio, en la que afirm\u00f3 que el tema penitenciario no es un problema en Venezuela y resalt\u00f3 que ha sido concebido y desarrollado como uno de los mejores sistemas en el mundo.<\/p>\n<p>El hecho dej\u00f3 47 reos muertos y alrededor de 90 heridos. Indic\u00f3 que el Cepella es uno de los centros de reclusi\u00f3n en el pa\u00eds en los que no se ha aplicado el nuevo r\u00e9gimen penitenciario. Sin embargo, asegur\u00f3 que han estado trabajando para ejecutar la transici\u00f3n.<\/p>\n<p>\u00abLa oposici\u00f3n debe tener elementos de conexi\u00f3n, delincuentes que se asocian con ellos y les compran el guion para participar una situaci\u00f3n que genere zozobra y malestar para acusar al Estado venezolano. No es una pol\u00edtica del Estado la violaci\u00f3n de los derechos humanos\u00bb, expres\u00f3.<\/p>\n<p><img loading=\"lazy\" decoding=\"async\" class=\"aligncenter wp-image-97640 size-full\" src=\"https:\/\/digital58.com.ve\/site\/wp-content\/uploads\/2020\/05\/iris-varela-aparecio-para-lamentar-masacre-de-reos-en-guanare-2may-730x524-1.jpg\" alt=\"\" width=\"730\" height=\"524\" srcset=\"https:\/\/digital58.com.ve\/site\/wp-content\/uploads\/2020\/05\/iris-varela-aparecio-para-lamentar-masacre-de-reos-en-guanare-2may-730x524-1.jpg 730w, https:\/\/digital58.com.ve\/site\/wp-content\/uploads\/2020\/05\/iris-varela-aparecio-para-lamentar-masacre-de-reos-en-guanare-2may-730x524-1-300x215.jpg 300w\" sizes=\"auto, (max-width: 730px) 100vw, 730px\" \/><\/p>\n<p>Varela garantiz\u00f3 que los reos no se encontraban protestando por comida, una versi\u00f3n que comenz\u00f3 a circular desde que ocurri\u00f3 el mot\u00edn.<\/p>\n<p>\u00abEs totalmente falso que protestaban por alimentos. En las c\u00e1rceles no hay protestas por alimentos, ha habido en meses pasados situaciones aisladas, pero en estos d\u00edas no. Hay una mano peluda conectada con sectores fascistas\u00ab, agreg\u00f3 la ministra de Maduro.<\/p>\n<p>Dijo que actualmente est\u00e1n prohibidas las visitas en los centros penitenciarios del pa\u00eds como medida para prevenir la propagaci\u00f3n de la pandemia de COVID-19.<\/p>\n<p>Dijo que actualmente est\u00e1n prohibidas las visitas en los centros penitenciarios del pa\u00eds como medida para prevenir la propagaci\u00f3n de la pandemia de COVID-19.<\/p>\n<p>\u00abY se ha llevado de una manera impecable la lucha contra el coronavirus. Aqu\u00ed hay control penitenciario, hay garant\u00edas de los derechos humanos. Estaban buscando algo para enlodar la gesti\u00f3n estupenda e impecable que tiene el presidente para contrarrestar los efectos del covid-19\u2033, expuso.<\/p><div class=\"mcgpp69f52194c45bc\" ><p style=\"text-align: center;\"><a href=\"https:\/\/t.me\/noticiasdigital58\" target=\"_blank\" rel=\"noopener\"><img class=\"aligncenter size-full wp-image-125363\" src=\"https:\/\/digital58.com.ve\/site\/wp-content\/uploads\/2021\/04\/banner-telegram-web-2021.png\" alt=\"\" width=\"600\" height=\"90\" \/><\/a><\/p><\/div><style type=\"text\/css\">\r\n@media screen and (min-width: 1201px) {\r\n.mcgpp69f52194c45bc {\r\ndisplay: block;\r\n}\r\n}\r\n@media screen and (min-width: 993px) and (max-width: 1200px) {\r\n.mcgpp69f52194c45bc {\r\ndisplay: block;\r\n}\r\n}\r\n@media screen and (min-width: 769px) and (max-width: 992px) {\r\n.mcgpp69f52194c45bc {\r\ndisplay: block;\r\n}\r\n}\r\n@media screen and (min-width: 768px) and (max-width: 768px) {\r\n.mcgpp69f52194c45bc {\r\ndisplay: block;\r\n}\r\n}\r\n@media screen and (max-width: 767px) {\r\n.mcgpp69f52194c45bc {\r\ndisplay: block;\r\n}\r\n}\r\n<\/style>\r\n\n<p><b>Redacci\u00f3n: Molero, Luis \/ Fuente: El Nacional<\/b><br \/>\n<b>Edici\u00f3n: Villasmil, Henry<\/b><br \/>\n<b>Gr\u00e1fica: Cortes\u00eda<\/b><\/p>\n<div style=\"margin-top: 0px; margin-bottom: 0px;\" class=\"sharethis-inline-share-buttons\" ><\/div>","protected":false},"excerpt":{"rendered":"<p>Iris Varela, ministra de Asuntos Penitenciarios, vincul\u00f3 a la oposici\u00f3n venezolana con el mot\u00edn que se registr\u00f3 el viernes 1<\/p>\n","protected":false},"author":26,"featured_media":97640,"comment_status":"open","ping_status":"closed","sticky":false,"template":"","format":"standard","meta":{"colormag_page_container_layout":"default_layout","colormag_page_sidebar_layout":"default_layout","_uag_custom_page_level_css":"","footnotes":""},"categories":[8610],"tags":[13352,13648,14385,14227,233,2716],"class_list":["post-97638","post","type-post","status-publish","format-standard","has-post-thumbnail","hentry","category-politica","tag-coronavirus","tag-covid-19","tag-iris-varela","tag-masacre-de-guanare","tag-nacionales","tag-politica"],"yoast_head":"<!-- This site is optimized with the Yoast SEO plugin v27.5 - https:\/\/yoast.com\/product\/yoast-seo-wordpress\/ -->\n<title>Iris Varela: vincul\u00f3 a la oposici\u00f3n venezolana con el mot\u00edn de Guanare<\/title>\n<meta name=\"description\" content=\"Pol\u00edtica\" \/>\n<meta name=\"robots\" content=\"index, follow, max-snippet:-1, max-image-preview:large, max-video-preview:-1\" \/>\n<link rel=\"canonical\" href=\"https:\/\/digital58.com.ve\/site\/2020\/05\/07\/iris-varela-47-muertos-y-90-heridos-en-motin-de-guanare\/\" \/>\n<meta property=\"og:locale\" content=\"es_ES\" \/>\n<meta property=\"og:type\" content=\"article\" \/>\n<meta property=\"og:title\" content=\"Iris Varela: vincul\u00f3 a la oposici\u00f3n venezolana con el mot\u00edn de Guanare\" \/>\n<meta property=\"og:description\" content=\"Pol\u00edtica\" \/>\n<meta property=\"og:url\" content=\"https:\/\/digital58.com.ve\/site\/2020\/05\/07\/iris-varela-47-muertos-y-90-heridos-en-motin-de-guanare\/\" \/>\n<meta property=\"og:site_name\" content=\"Noticias Digital58\" \/>\n<meta property=\"article:published_time\" content=\"2020-05-08T02:05:54+00:00\" \/>\n<meta property=\"article:modified_time\" content=\"2020-05-08T02:07:45+00:00\" \/>\n<meta property=\"og:image\" content=\"https:\/\/digital58.com.ve\/site\/wp-content\/uploads\/2020\/05\/iris-varela-aparecio-para-lamentar-masacre-de-reos-en-guanare-2may-730x524-1.jpg\" \/>\n\t<meta property=\"og:image:width\" content=\"730\" \/>\n\t<meta property=\"og:image:height\" content=\"524\" \/>\n\t<meta property=\"og:image:type\" content=\"image\/jpeg\" \/>\n<meta name=\"author\" content=\"Molero Luis\" \/>\n<meta name=\"twitter:card\" content=\"summary_large_image\" \/>\n<meta name=\"twitter:creator\" content=\"@Digital_58\" \/>\n<meta name=\"twitter:site\" content=\"@villasmilhfoto\" \/>\n<meta name=\"twitter:label1\" content=\"Escrito por\" \/>\n\t<meta name=\"twitter:data1\" content=\"Molero Luis\" \/>\n\t<meta name=\"twitter:label2\" content=\"Tiempo estimado de lectura\" \/>\n\t<meta name=\"twitter:data2\" content=\"2 minutos\" \/>\n<script type=\"application\/ld+json\" class=\"yoast-schema-graph\">{\"@context\":\"https:\\\/\\\/schema.org\",\"@graph\":[{\"@type\":\"Article\",\"@id\":\"https:\\\/\\\/digital58.com.ve\\\/site\\\/2020\\\/05\\\/07\\\/iris-varela-47-muertos-y-90-heridos-en-motin-de-guanare\\\/#article\",\"isPartOf\":{\"@id\":\"https:\\\/\\\/digital58.com.ve\\\/site\\\/2020\\\/05\\\/07\\\/iris-varela-47-muertos-y-90-heridos-en-motin-de-guanare\\\/\"},\"author\":{\"name\":\"Molero Luis\",\"@id\":\"https:\\\/\\\/digital58.com.ve\\\/site\\\/#\\\/schema\\\/person\\\/c61667ce6845137620ee3f0aaabade17\"},\"headline\":\"Iris Varela: vincul\u00f3 a la oposici\u00f3n venezolana con el mot\u00edn de Guanare\",\"datePublished\":\"2020-05-08T02:05:54+00:00\",\"dateModified\":\"2020-05-08T02:07:45+00:00\",\"mainEntityOfPage\":{\"@id\":\"https:\\\/\\\/digital58.com.ve\\\/site\\\/2020\\\/05\\\/07\\\/iris-varela-47-muertos-y-90-heridos-en-motin-de-guanare\\\/\"},\"wordCount\":440,\"commentCount\":0,\"publisher\":{\"@id\":\"https:\\\/\\\/digital58.com.ve\\\/site\\\/#\\\/schema\\\/person\\\/64d1c2e4d0d4fd1b849980c4331c2951\"},\"image\":{\"@id\":\"https:\\\/\\\/digital58.com.ve\\\/site\\\/2020\\\/05\\\/07\\\/iris-varela-47-muertos-y-90-heridos-en-motin-de-guanare\\\/#primaryimage\"},\"thumbnailUrl\":\"https:\\\/\\\/digital58.com.ve\\\/site\\\/wp-content\\\/uploads\\\/2020\\\/05\\\/iris-varela-aparecio-para-lamentar-masacre-de-reos-en-guanare-2may-730x524-1.jpg\",\"keywords\":[\"Coronavirus\",\"COVID-19\",\"Iris Varela\",\"Masacre de guanare\",\"Nacionales\",\"Pol\u00edtica\"],\"articleSection\":[\"Pol\u00edtica\"],\"inLanguage\":\"es\",\"potentialAction\":[{\"@type\":\"CommentAction\",\"name\":\"Comment\",\"target\":[\"https:\\\/\\\/digital58.com.ve\\\/site\\\/2020\\\/05\\\/07\\\/iris-varela-47-muertos-y-90-heridos-en-motin-de-guanare\\\/#respond\"]}]},{\"@type\":\"WebPage\",\"@id\":\"https:\\\/\\\/digital58.com.ve\\\/site\\\/2020\\\/05\\\/07\\\/iris-varela-47-muertos-y-90-heridos-en-motin-de-guanare\\\/\",\"url\":\"https:\\\/\\\/digital58.com.ve\\\/site\\\/2020\\\/05\\\/07\\\/iris-varela-47-muertos-y-90-heridos-en-motin-de-guanare\\\/\",\"name\":\"Iris Varela: vincul\u00f3 a la oposici\u00f3n venezolana con el mot\u00edn de Guanare\",\"isPartOf\":{\"@id\":\"https:\\\/\\\/digital58.com.ve\\\/site\\\/#website\"},\"primaryImageOfPage\":{\"@id\":\"https:\\\/\\\/digital58.com.ve\\\/site\\\/2020\\\/05\\\/07\\\/iris-varela-47-muertos-y-90-heridos-en-motin-de-guanare\\\/#primaryimage\"},\"image\":{\"@id\":\"https:\\\/\\\/digital58.com.ve\\\/site\\\/2020\\\/05\\\/07\\\/iris-varela-47-muertos-y-90-heridos-en-motin-de-guanare\\\/#primaryimage\"},\"thumbnailUrl\":\"https:\\\/\\\/digital58.com.ve\\\/site\\\/wp-content\\\/uploads\\\/2020\\\/05\\\/iris-varela-aparecio-para-lamentar-masacre-de-reos-en-guanare-2may-730x524-1.jpg\",\"datePublished\":\"2020-05-08T02:05:54+00:00\",\"dateModified\":\"2020-05-08T02:07:45+00:00\",\"description\":\"Pol\u00edtica\",\"breadcrumb\":{\"@id\":\"https:\\\/\\\/digital58.com.ve\\\/site\\\/2020\\\/05\\\/07\\\/iris-varela-47-muertos-y-90-heridos-en-motin-de-guanare\\\/#breadcrumb\"},\"inLanguage\":\"es\",\"potentialAction\":[{\"@type\":\"ReadAction\",\"target\":[\"https:\\\/\\\/digital58.com.ve\\\/site\\\/2020\\\/05\\\/07\\\/iris-varela-47-muertos-y-90-heridos-en-motin-de-guanare\\\/\"]}]},{\"@type\":\"ImageObject\",\"inLanguage\":\"es\",\"@id\":\"https:\\\/\\\/digital58.com.ve\\\/site\\\/2020\\\/05\\\/07\\\/iris-varela-47-muertos-y-90-heridos-en-motin-de-guanare\\\/#primaryimage\",\"url\":\"https:\\\/\\\/digital58.com.ve\\\/site\\\/wp-content\\\/uploads\\\/2020\\\/05\\\/iris-varela-aparecio-para-lamentar-masacre-de-reos-en-guanare-2may-730x524-1.jpg\",\"contentUrl\":\"https:\\\/\\\/digital58.com.ve\\\/site\\\/wp-content\\\/uploads\\\/2020\\\/05\\\/iris-varela-aparecio-para-lamentar-masacre-de-reos-en-guanare-2may-730x524-1.jpg\",\"width\":730,\"height\":524},{\"@type\":\"BreadcrumbList\",\"@id\":\"https:\\\/\\\/digital58.com.ve\\\/site\\\/2020\\\/05\\\/07\\\/iris-varela-47-muertos-y-90-heridos-en-motin-de-guanare\\\/#breadcrumb\",\"itemListElement\":[{\"@type\":\"ListItem\",\"position\":1,\"name\":\"Home\",\"item\":\"https:\\\/\\\/digital58.com.ve\\\/site\\\/\"},{\"@type\":\"ListItem\",\"position\":2,\"name\":\"Iris Varela: vincul\u00f3 a la oposici\u00f3n venezolana con el mot\u00edn de Guanare\"}]},{\"@type\":\"WebSite\",\"@id\":\"https:\\\/\\\/digital58.com.ve\\\/site\\\/#website\",\"url\":\"https:\\\/\\\/digital58.com.ve\\\/site\\\/\",\"name\":\"Noticias Digital58\",\"description\":\"Portal de Noticias \u00a1Periodismo web de verdad! Lanzamiento web 22.11.2005 \\\/ Maracaibo, Venezuela\",\"publisher\":{\"@id\":\"https:\\\/\\\/digital58.com.ve\\\/site\\\/#\\\/schema\\\/person\\\/64d1c2e4d0d4fd1b849980c4331c2951\"},\"alternateName\":\"ND58\",\"potentialAction\":[{\"@type\":\"SearchAction\",\"target\":{\"@type\":\"EntryPoint\",\"urlTemplate\":\"https:\\\/\\\/digital58.com.ve\\\/site\\\/?s={search_term_string}\"},\"query-input\":{\"@type\":\"PropertyValueSpecification\",\"valueRequired\":true,\"valueName\":\"search_term_string\"}}],\"inLanguage\":\"es\"},{\"@type\":[\"Person\",\"Organization\"],\"@id\":\"https:\\\/\\\/digital58.com.ve\\\/site\\\/#\\\/schema\\\/person\\\/64d1c2e4d0d4fd1b849980c4331c2951\",\"name\":\"Villasmil Henry\",\"image\":{\"@type\":\"ImageObject\",\"inLanguage\":\"es\",\"@id\":\"https:\\\/\\\/secure.gravatar.com\\\/avatar\\\/bb0c4a2fcb7970138239f7e404ea75757b1b507b28b5ce4c53fbd62d797c5a7c?s=96&d=mm&r=g\",\"url\":\"https:\\\/\\\/secure.gravatar.com\\\/avatar\\\/bb0c4a2fcb7970138239f7e404ea75757b1b507b28b5ce4c53fbd62d797c5a7c?s=96&d=mm&r=g\",\"contentUrl\":\"https:\\\/\\\/secure.gravatar.com\\\/avatar\\\/bb0c4a2fcb7970138239f7e404ea75757b1b507b28b5ce4c53fbd62d797c5a7c?s=96&d=mm&r=g\",\"caption\":\"Villasmil Henry\"},\"logo\":{\"@id\":\"https:\\\/\\\/secure.gravatar.com\\\/avatar\\\/bb0c4a2fcb7970138239f7e404ea75757b1b507b28b5ce4c53fbd62d797c5a7c?s=96&d=mm&r=g\"},\"sameAs\":[\"http:\\\/\\\/www.henryvillasmil.com.ve\",\"https:\\\/\\\/www.instagram.com\\\/villasmilhfoto\\\/\",\"https:\\\/\\\/x.com\\\/https:\\\/\\\/twitter.com\\\/villasmilhfoto\"]},{\"@type\":\"Person\",\"@id\":\"https:\\\/\\\/digital58.com.ve\\\/site\\\/#\\\/schema\\\/person\\\/c61667ce6845137620ee3f0aaabade17\",\"name\":\"Molero Luis\",\"image\":{\"@type\":\"ImageObject\",\"inLanguage\":\"es\",\"@id\":\"https:\\\/\\\/secure.gravatar.com\\\/avatar\\\/bf041ec637e3e7405449807deb2f7cf3d2de7c6fa755dd56e985201de9863f2b?s=96&d=mm&r=g\",\"url\":\"https:\\\/\\\/secure.gravatar.com\\\/avatar\\\/bf041ec637e3e7405449807deb2f7cf3d2de7c6fa755dd56e985201de9863f2b?s=96&d=mm&r=g\",\"contentUrl\":\"https:\\\/\\\/secure.gravatar.com\\\/avatar\\\/bf041ec637e3e7405449807deb2f7cf3d2de7c6fa755dd56e985201de9863f2b?s=96&d=mm&r=g\",\"caption\":\"Molero Luis\"},\"url\":\"https:\\\/\\\/digital58.com.ve\\\/site\\\/author\\\/luismolero\\\/\"}]}<\/script>\n<!-- \/ Yoast SEO plugin. -->","yoast_head_json":{"title":"Iris Varela: vincul\u00f3 a la oposici\u00f3n venezolana con el mot\u00edn de Guanare","description":"Pol\u00edtica","robots":{"index":"index","follow":"follow","max-snippet":"max-snippet:-1","max-image-preview":"max-image-preview:large","max-video-preview":"max-video-preview:-1"},"canonical":"https:\/\/digital58.com.ve\/site\/2020\/05\/07\/iris-varela-47-muertos-y-90-heridos-en-motin-de-guanare\/","og_locale":"es_ES","og_type":"article","og_title":"Iris Varela: vincul\u00f3 a la oposici\u00f3n venezolana con el mot\u00edn de Guanare","og_description":"Pol\u00edtica","og_url":"https:\/\/digital58.com.ve\/site\/2020\/05\/07\/iris-varela-47-muertos-y-90-heridos-en-motin-de-guanare\/","og_site_name":"Noticias Digital58","article_published_time":"2020-05-08T02:05:54+00:00","article_modified_time":"2020-05-08T02:07:45+00:00","og_image":[{"width":730,"height":524,"url":"https:\/\/digital58.com.ve\/site\/wp-content\/uploads\/2020\/05\/iris-varela-aparecio-para-lamentar-masacre-de-reos-en-guanare-2may-730x524-1.jpg","type":"image\/jpeg"}],"author":"Molero Luis","twitter_card":"summary_large_image","twitter_creator":"@Digital_58","twitter_site":"@villasmilhfoto","twitter_misc":{"Escrito por":"Molero Luis","Tiempo estimado de lectura":"2 minutos"},"schema":{"@context":"https:\/\/schema.org","@graph":[{"@type":"Article","@id":"https:\/\/digital58.com.ve\/site\/2020\/05\/07\/iris-varela-47-muertos-y-90-heridos-en-motin-de-guanare\/#article","isPartOf":{"@id":"https:\/\/digital58.com.ve\/site\/2020\/05\/07\/iris-varela-47-muertos-y-90-heridos-en-motin-de-guanare\/"},"author":{"name":"Molero Luis","@id":"https:\/\/digital58.com.ve\/site\/#\/schema\/person\/c61667ce6845137620ee3f0aaabade17"},"headline":"Iris Varela: vincul\u00f3 a la oposici\u00f3n venezolana con el mot\u00edn de Guanare","datePublished":"2020-05-08T02:05:54+00:00","dateModified":"2020-05-08T02:07:45+00:00","mainEntityOfPage":{"@id":"https:\/\/digital58.com.ve\/site\/2020\/05\/07\/iris-varela-47-muertos-y-90-heridos-en-motin-de-guanare\/"},"wordCount":440,"commentCount":0,"publisher":{"@id":"https:\/\/digital58.com.ve\/site\/#\/schema\/person\/64d1c2e4d0d4fd1b849980c4331c2951"},"image":{"@id":"https:\/\/digital58.com.ve\/site\/2020\/05\/07\/iris-varela-47-muertos-y-90-heridos-en-motin-de-guanare\/#primaryimage"},"thumbnailUrl":"https:\/\/digital58.com.ve\/site\/wp-content\/uploads\/2020\/05\/iris-varela-aparecio-para-lamentar-masacre-de-reos-en-guanare-2may-730x524-1.jpg","keywords":["Coronavirus","COVID-19","Iris Varela","Masacre de guanare","Nacionales","Pol\u00edtica"],"articleSection":["Pol\u00edtica"],"inLanguage":"es","potentialAction":[{"@type":"CommentAction","name":"Comment","target":["https:\/\/digital58.com.ve\/site\/2020\/05\/07\/iris-varela-47-muertos-y-90-heridos-en-motin-de-guanare\/#respond"]}]},{"@type":"WebPage","@id":"https:\/\/digital58.com.ve\/site\/2020\/05\/07\/iris-varela-47-muertos-y-90-heridos-en-motin-de-guanare\/","url":"https:\/\/digital58.com.ve\/site\/2020\/05\/07\/iris-varela-47-muertos-y-90-heridos-en-motin-de-guanare\/","name":"Iris Varela: vincul\u00f3 a la oposici\u00f3n venezolana con el mot\u00edn de Guanare","isPartOf":{"@id":"https:\/\/digital58.com.ve\/site\/#website"},"primaryImageOfPage":{"@id":"https:\/\/digital58.com.ve\/site\/2020\/05\/07\/iris-varela-47-muertos-y-90-heridos-en-motin-de-guanare\/#primaryimage"},"image":{"@id":"https:\/\/digital58.com.ve\/site\/2020\/05\/07\/iris-varela-47-muertos-y-90-heridos-en-motin-de-guanare\/#primaryimage"},"thumbnailUrl":"https:\/\/digital58.com.ve\/site\/wp-content\/uploads\/2020\/05\/iris-varela-aparecio-para-lamentar-masacre-de-reos-en-guanare-2may-730x524-1.jpg","datePublished":"2020-05-08T02:05:54+00:00","dateModified":"2020-05-08T02:07:45+00:00","description":"Pol\u00edtica","breadcrumb":{"@id":"https:\/\/digital58.com.ve\/site\/2020\/05\/07\/iris-varela-47-muertos-y-90-heridos-en-motin-de-guanare\/#breadcrumb"},"inLanguage":"es","potentialAction":[{"@type":"ReadAction","target":["https:\/\/digital58.com.ve\/site\/2020\/05\/07\/iris-varela-47-muertos-y-90-heridos-en-motin-de-guanare\/"]}]},{"@type":"ImageObject","inLanguage":"es","@id":"https:\/\/digital58.com.ve\/site\/2020\/05\/07\/iris-varela-47-muertos-y-90-heridos-en-motin-de-guanare\/#primaryimage","url":"https:\/\/digital58.com.ve\/site\/wp-content\/uploads\/2020\/05\/iris-varela-aparecio-para-lamentar-masacre-de-reos-en-guanare-2may-730x524-1.jpg","contentUrl":"https:\/\/digital58.com.ve\/site\/wp-content\/uploads\/2020\/05\/iris-varela-aparecio-para-lamentar-masacre-de-reos-en-guanare-2may-730x524-1.jpg","width":730,"height":524},{"@type":"BreadcrumbList","@id":"https:\/\/digital58.com.ve\/site\/2020\/05\/07\/iris-varela-47-muertos-y-90-heridos-en-motin-de-guanare\/#breadcrumb","itemListElement":[{"@type":"ListItem","position":1,"name":"Home","item":"https:\/\/digital58.com.ve\/site\/"},{"@type":"ListItem","position":2,"name":"Iris Varela: vincul\u00f3 a la oposici\u00f3n venezolana con el mot\u00edn de Guanare"}]},{"@type":"WebSite","@id":"https:\/\/digital58.com.ve\/site\/#website","url":"https:\/\/digital58.com.ve\/site\/","name":"Noticias Digital58","description":"Portal de Noticias \u00a1Periodismo web de verdad! Lanzamiento web 22.11.2005 \/ Maracaibo, Venezuela","publisher":{"@id":"https:\/\/digital58.com.ve\/site\/#\/schema\/person\/64d1c2e4d0d4fd1b849980c4331c2951"},"alternateName":"ND58","potentialAction":[{"@type":"SearchAction","target":{"@type":"EntryPoint","urlTemplate":"https:\/\/digital58.com.ve\/site\/?s={search_term_string}"},"query-input":{"@type":"PropertyValueSpecification","valueRequired":true,"valueName":"search_term_string"}}],"inLanguage":"es"},{"@type":["Person","Organization"],"@id":"https:\/\/digital58.com.ve\/site\/#\/schema\/person\/64d1c2e4d0d4fd1b849980c4331c2951","name":"Villasmil Henry","image":{"@type":"ImageObject","inLanguage":"es","@id":"https:\/\/secure.gravatar.com\/avatar\/bb0c4a2fcb7970138239f7e404ea75757b1b507b28b5ce4c53fbd62d797c5a7c?s=96&d=mm&r=g","url":"https:\/\/secure.gravatar.com\/avatar\/bb0c4a2fcb7970138239f7e404ea75757b1b507b28b5ce4c53fbd62d797c5a7c?s=96&d=mm&r=g","contentUrl":"https:\/\/secure.gravatar.com\/avatar\/bb0c4a2fcb7970138239f7e404ea75757b1b507b28b5ce4c53fbd62d797c5a7c?s=96&d=mm&r=g","caption":"Villasmil Henry"},"logo":{"@id":"https:\/\/secure.gravatar.com\/avatar\/bb0c4a2fcb7970138239f7e404ea75757b1b507b28b5ce4c53fbd62d797c5a7c?s=96&d=mm&r=g"},"sameAs":["http:\/\/www.henryvillasmil.com.ve","https:\/\/www.instagram.com\/villasmilhfoto\/","https:\/\/x.com\/https:\/\/twitter.com\/villasmilhfoto"]},{"@type":"Person","@id":"https:\/\/digital58.com.ve\/site\/#\/schema\/person\/c61667ce6845137620ee3f0aaabade17","name":"Molero Luis","image":{"@type":"ImageObject","inLanguage":"es","@id":"https:\/\/secure.gravatar.com\/avatar\/bf041ec637e3e7405449807deb2f7cf3d2de7c6fa755dd56e985201de9863f2b?s=96&d=mm&r=g","url":"https:\/\/secure.gravatar.com\/avatar\/bf041ec637e3e7405449807deb2f7cf3d2de7c6fa755dd56e985201de9863f2b?s=96&d=mm&r=g","contentUrl":"https:\/\/secure.gravatar.com\/avatar\/bf041ec637e3e7405449807deb2f7cf3d2de7c6fa755dd56e985201de9863f2b?s=96&d=mm&r=g","caption":"Molero Luis"},"url":"https:\/\/digital58.com.ve\/site\/author\/luismolero\/"}]}},"uagb_featured_image_src":{"full":["https:\/\/digital58.com.ve\/site\/wp-content\/uploads\/2020\/05\/iris-varela-aparecio-para-lamentar-masacre-de-reos-en-guanare-2may-730x524-1.jpg",730,524,false],"thumbnail":["https:\/\/digital58.com.ve\/site\/wp-content\/uploads\/2020\/05\/iris-varela-aparecio-para-lamentar-masacre-de-reos-en-guanare-2may-730x524-1-150x150.jpg",150,150,true],"medium":["https:\/\/digital58.com.ve\/site\/wp-content\/uploads\/2020\/05\/iris-varela-aparecio-para-lamentar-masacre-de-reos-en-guanare-2may-730x524-1-300x215.jpg",300,215,true],"medium_large":["https:\/\/digital58.com.ve\/site\/wp-content\/uploads\/2020\/05\/iris-varela-aparecio-para-lamentar-masacre-de-reos-en-guanare-2may-730x524-1.jpg",730,524,false],"large":["https:\/\/digital58.com.ve\/site\/wp-content\/uploads\/2020\/05\/iris-varela-aparecio-para-lamentar-masacre-de-reos-en-guanare-2may-730x524-1.jpg",730,524,false],"1536x1536":["https:\/\/digital58.com.ve\/site\/wp-content\/uploads\/2020\/05\/iris-varela-aparecio-para-lamentar-masacre-de-reos-en-guanare-2may-730x524-1.jpg",730,524,false],"2048x2048":["https:\/\/digital58.com.ve\/site\/wp-content\/uploads\/2020\/05\/iris-varela-aparecio-para-lamentar-masacre-de-reos-en-guanare-2may-730x524-1.jpg",730,524,false],"colormag-highlighted-post":["https:\/\/digital58.com.ve\/site\/wp-content\/uploads\/2020\/05\/iris-varela-aparecio-para-lamentar-masacre-de-reos-en-guanare-2may-730x524-1.jpg",379,272,false],"colormag-featured-post-medium":["https:\/\/digital58.com.ve\/site\/wp-content\/uploads\/2020\/05\/iris-varela-aparecio-para-lamentar-masacre-de-reos-en-guanare-2may-730x524-1.jpg",286,205,false],"colormag-featured-post-small":["https:\/\/digital58.com.ve\/site\/wp-content\/uploads\/2020\/05\/iris-varela-aparecio-para-lamentar-masacre-de-reos-en-guanare-2may-730x524-1.jpg",125,90,false],"colormag-featured-image":["https:\/\/digital58.com.ve\/site\/wp-content\/uploads\/2020\/05\/iris-varela-aparecio-para-lamentar-masacre-de-reos-en-guanare-2may-730x524-1.jpg",620,445,false],"colormag-default-news":["https:\/\/digital58.com.ve\/site\/wp-content\/uploads\/2020\/05\/iris-varela-aparecio-para-lamentar-masacre-de-reos-en-guanare-2may-730x524-1.jpg",150,108,false],"colormag-featured-image-large":["https:\/\/digital58.com.ve\/site\/wp-content\/uploads\/2020\/05\/iris-varela-aparecio-para-lamentar-masacre-de-reos-en-guanare-2may-730x524-1.jpg",730,524,false]},"uagb_author_info":{"display_name":"Molero Luis","author_link":"https:\/\/digital58.com.ve\/site\/author\/luismolero\/"},"uagb_comment_info":0,"uagb_excerpt":"Iris Varela, ministra de Asuntos Penitenciarios, vincul\u00f3 a la oposici\u00f3n venezolana con el mot\u00edn que se registr\u00f3 el viernes 1","_links":{"self":[{"href":"https:\/\/digital58.com.ve\/site\/wp-json\/wp\/v2\/posts\/97638","targetHints":{"allow":["GET"]}}],"collection":[{"href":"https:\/\/digital58.com.ve\/site\/wp-json\/wp\/v2\/posts"}],"about":[{"href":"https:\/\/digital58.com.ve\/site\/wp-json\/wp\/v2\/types\/post"}],"author":[{"embeddable":true,"href":"https:\/\/digital58.com.ve\/site\/wp-json\/wp\/v2\/users\/26"}],"replies":[{"embeddable":true,"href":"https:\/\/digital58.com.ve\/site\/wp-json\/wp\/v2\/comments?post=97638"}],"version-history":[{"count":0,"href":"https:\/\/digital58.com.ve\/site\/wp-json\/wp\/v2\/posts\/97638\/revisions"}],"wp:featuredmedia":[{"embeddable":true,"href":"https:\/\/digital58.com.ve\/site\/wp-json\/wp\/v2\/media\/97640"}],"wp:attachment":[{"href":"https:\/\/digital58.com.ve\/site\/wp-json\/wp\/v2\/media?parent=97638"}],"wp:term":[{"taxonomy":"category","embeddable":true,"href":"https:\/\/digital58.com.ve\/site\/wp-json\/wp\/v2\/categories?post=97638"},{"taxonomy":"post_tag","embeddable":true,"href":"https:\/\/digital58.com.ve\/site\/wp-json\/wp\/v2\/tags?post=97638"}],"curies":[{"name":"wp","href":"https:\/\/api.w.org\/{rel}","templated":true}]}}