{"id":97996,"date":"2020-05-09T21:25:22","date_gmt":"2020-05-10T01:25:22","guid":{"rendered":"https:\/\/digital58.com.ve\/site\/?p=97996"},"modified":"2020-05-09T21:26:08","modified_gmt":"2020-05-10T01:26:08","slug":"honduras-cierra-punto-fronterizo-con-guatemala-despues-de-un-caso-de-covid-19","status":"publish","type":"post","link":"https:\/\/digital58.com.ve\/site\/2020\/05\/09\/honduras-cierra-punto-fronterizo-con-guatemala-despues-de-un-caso-de-covid-19\/","title":{"rendered":"Honduras cierra punto fronterizo con Guatemala despu\u00e9s de un caso de COVID-19"},"content":{"rendered":"<p><a href=\"https:\/\/digital58.com.ve\/site\/wp-content\/uploads\/2020\/05\/honduras.jpg\"><img loading=\"lazy\" decoding=\"async\" class=\"aligncenter size-full wp-image-97997\" src=\"https:\/\/digital58.com.ve\/site\/wp-content\/uploads\/2020\/05\/honduras.jpg\" alt=\"\" width=\"1500\" height=\"1000\" srcset=\"https:\/\/digital58.com.ve\/site\/wp-content\/uploads\/2020\/05\/honduras.jpg 800w, https:\/\/digital58.com.ve\/site\/wp-content\/uploads\/2020\/05\/honduras-300x200.jpg 300w, https:\/\/digital58.com.ve\/site\/wp-content\/uploads\/2020\/05\/honduras-768x512.jpg 768w, https:\/\/digital58.com.ve\/site\/wp-content\/uploads\/2020\/05\/honduras-720x480.jpg 720w, https:\/\/digital58.com.ve\/site\/wp-content\/uploads\/2020\/05\/honduras-480x320.jpg 480w\" sizes=\"auto, (max-width: 1500px) 100vw, 1500px\" \/><\/a><\/p>\n<p>El Gobierno de Honduras inform\u00f3 este s\u00e1bado del cierre temporal del punto El Florido, fronterizo con Guatemala, despu\u00e9s de que un delegado de salud hondure\u00f1o dio positivo a la prueba de coronavirus.<\/p>\n<p><strong>Tegucigalpa, Honduras, 09 de mayo de 2020 (ND58).-<\/strong> \u00abTemporalmente se cierran las operaciones aduaneras y migratorias por la aduana \u00abEl Florido\u00bb\u00bb, en el departamento hondure\u00f1o de Cop\u00e1n, unos 420 kil\u00f3metros al occidente de Tegucigalpa, indic\u00f3 en un comunicado la Administraci\u00f3n Aduanera de Honduras.<\/p>\n<p>El paso fue cerrado despu\u00e9s de que el Sistema Nacional de Gesti\u00f3n de Riesgos (Sinager) confirm\u00f3 el contagio de un delegado de Salud asignado en El Florido y quien ha sido \u00abaislado bajo supervisi\u00f3n m\u00e9dica\u00bb, a\u00f1adi\u00f3.<\/p>\n<p>Tras conocer la noticia, la Administraci\u00f3n Aduanera de Honduras y la Superintendencia de Administraci\u00f3n Tributaria de Guatemala acordaron reforzar las medidas de bioseguridad aplicadas por el Gobierno hondure\u00f1o desde la activaci\u00f3n de la emergencia sanitaria, as\u00ed como desinfectar el punto aduanero.<\/p>\n<p>Todos los colabores de la Administraci\u00f3n Aduanera, la Administraci\u00f3n Tributaria de Guatemala y personal migratorio de El Florido entrar\u00e1n en \u00abun periodo de cuarentena bajo vigilancia m\u00e9dica\u00bb, se\u00f1al\u00f3 la instituci\u00f3n hondure\u00f1a.<\/p>\n<p>Para los medios de transporte, el Gobierno hondure\u00f1o puso a disposici\u00f3n rutas alternas como las aduanas de \u00abAgua Caliente\u00bb, en el departamento de Ocotepeque, y Corinto, en el departamento de Cort\u00e9s, ambos fronterizos con Guatemala, agreg\u00f3.<\/p>\n<p>La Administraci\u00f3n Aduanera de Honduras asegur\u00f3 \u00abla continuidad de sus operaciones de comercio exterior en este periodo de crisis\u00bb provocada por el coronavirus, poniendo en pr\u00e1ctica medidas de bioseguridad entre colaboradores y la poblaci\u00f3n general para \u00abgarantizar la sostenibilidad en el abastecimiento de alimentos y productos de primera necesidad para hacerle frente a la pandemia que afecta a nivel mundial\u00bb, seg\u00fan la informaci\u00f3n.<\/p>\n<p>Honduras, con 9,3 millones de habitantes, registra hasta la v\u00edspera 107 fallecidos por el coronavirus y 1.771 personas contagiadas, seg\u00fan cifras oficiales.<\/p>\n<p>Cort\u00e9s, en el norte del pa\u00eds, es la regi\u00f3n hondure\u00f1a con el mayor n\u00famero de casos en todo el pa\u00eds, al reportar 90 muertes y 1.272 personas contagiadas; seguido de Francisco Moraz\u00e1n, con cuatro fallecidos y 276 casos.<\/p>\n<p>En tanto, Guatemala reporta hasta este viernes un total de 900 contagios del virus, incluidos 24 fallecidos.<\/p><div class=\"jvddh69ec57d4ad1f0\" ><p style=\"text-align: center;\"><a href=\"https:\/\/t.me\/noticiasdigital58\" target=\"_blank\" rel=\"noopener\"><img class=\"aligncenter size-full wp-image-125363\" src=\"https:\/\/digital58.com.ve\/site\/wp-content\/uploads\/2021\/04\/banner-telegram-web-2021.png\" alt=\"\" width=\"600\" height=\"90\" \/><\/a><\/p><\/div><style type=\"text\/css\">\r\n@media screen and (min-width: 1201px) {\r\n.jvddh69ec57d4ad1f0 {\r\ndisplay: block;\r\n}\r\n}\r\n@media screen and (min-width: 993px) and (max-width: 1200px) {\r\n.jvddh69ec57d4ad1f0 {\r\ndisplay: block;\r\n}\r\n}\r\n@media screen and (min-width: 769px) and (max-width: 992px) {\r\n.jvddh69ec57d4ad1f0 {\r\ndisplay: block;\r\n}\r\n}\r\n@media screen and (min-width: 768px) and (max-width: 768px) {\r\n.jvddh69ec57d4ad1f0 {\r\ndisplay: block;\r\n}\r\n}\r\n@media screen and (max-width: 767px) {\r\n.jvddh69ec57d4ad1f0 {\r\ndisplay: block;\r\n}\r\n}\r\n<\/style>\r\n\n<p><strong>Fuente: EFE<\/strong><br \/>\n<strong>Edici\u00f3n: Villasmil, Henry<\/strong><br \/>\n<strong>Gr\u00e1fica: EFE<\/strong><\/p>\n<div style=\"margin-top: 0px; margin-bottom: 0px;\" class=\"sharethis-inline-share-buttons\" ><\/div>","protected":false},"excerpt":{"rendered":"<p>El Gobierno de Honduras inform\u00f3 este s\u00e1bado del cierre temporal del punto El Florido, fronterizo con Guatemala, despu\u00e9s de que<\/p>\n","protected":false},"author":1,"featured_media":97997,"comment_status":"open","ping_status":"closed","sticky":false,"template":"","format":"standard","meta":{"colormag_page_container_layout":"default_layout","colormag_page_sidebar_layout":"default_layout","_uag_custom_page_level_css":"","footnotes":""},"categories":[5405],"tags":[13352,13648,11231,4152,8,13723],"class_list":["post-97996","post","type-post","status-publish","format-standard","has-post-thumbnail","hentry","category-salud","tag-coronavirus","tag-covid-19","tag-guatemala","tag-honduras","tag-internacionales","tag-pandemia"],"yoast_head":"<!-- This site is optimized with the Yoast SEO plugin v27.4 - https:\/\/yoast.com\/product\/yoast-seo-wordpress\/ -->\n<title>Honduras cierra punto fronterizo con Guatemala despu\u00e9s de un caso de COVID-19<\/title>\n<meta name=\"description\" content=\"Salud\" \/>\n<meta name=\"robots\" content=\"index, follow, max-snippet:-1, max-image-preview:large, max-video-preview:-1\" \/>\n<link rel=\"canonical\" href=\"https:\/\/digital58.com.ve\/site\/2020\/05\/09\/honduras-cierra-punto-fronterizo-con-guatemala-despues-de-un-caso-de-covid-19\/\" \/>\n<meta property=\"og:locale\" content=\"es_ES\" \/>\n<meta property=\"og:type\" content=\"article\" \/>\n<meta property=\"og:title\" content=\"Honduras cierra punto fronterizo con Guatemala despu\u00e9s de un caso de COVID-19\" \/>\n<meta property=\"og:description\" content=\"Salud\" \/>\n<meta property=\"og:url\" content=\"https:\/\/digital58.com.ve\/site\/2020\/05\/09\/honduras-cierra-punto-fronterizo-con-guatemala-despues-de-un-caso-de-covid-19\/\" \/>\n<meta property=\"og:site_name\" content=\"Noticias Digital58\" \/>\n<meta property=\"article:published_time\" content=\"2020-05-10T01:25:22+00:00\" \/>\n<meta property=\"article:modified_time\" content=\"2020-05-10T01:26:08+00:00\" \/>\n<meta property=\"og:image\" content=\"https:\/\/digital58.com.ve\/site\/wp-content\/uploads\/2020\/05\/honduras.jpg\" \/>\n\t<meta property=\"og:image:width\" content=\"1500\" \/>\n\t<meta property=\"og:image:height\" content=\"1000\" \/>\n\t<meta property=\"og:image:type\" content=\"image\/jpeg\" \/>\n<meta name=\"author\" content=\"Villasmil Henry\" \/>\n<meta name=\"twitter:card\" content=\"summary_large_image\" \/>\n<meta name=\"twitter:creator\" content=\"@https:\/\/twitter.com\/villasmilhfoto\" \/>\n<meta name=\"twitter:site\" content=\"@villasmilhfoto\" \/>\n<meta name=\"twitter:label1\" content=\"Escrito por\" \/>\n\t<meta name=\"twitter:data1\" content=\"Villasmil Henry\" \/>\n\t<meta name=\"twitter:label2\" content=\"Tiempo estimado de lectura\" \/>\n\t<meta name=\"twitter:data2\" content=\"2 minutos\" \/>\n<script type=\"application\/ld+json\" class=\"yoast-schema-graph\">{\"@context\":\"https:\\\/\\\/schema.org\",\"@graph\":[{\"@type\":\"Article\",\"@id\":\"https:\\\/\\\/digital58.com.ve\\\/site\\\/2020\\\/05\\\/09\\\/honduras-cierra-punto-fronterizo-con-guatemala-despues-de-un-caso-de-covid-19\\\/#article\",\"isPartOf\":{\"@id\":\"https:\\\/\\\/digital58.com.ve\\\/site\\\/2020\\\/05\\\/09\\\/honduras-cierra-punto-fronterizo-con-guatemala-despues-de-un-caso-de-covid-19\\\/\"},\"author\":{\"name\":\"Villasmil Henry\",\"@id\":\"https:\\\/\\\/digital58.com.ve\\\/site\\\/#\\\/schema\\\/person\\\/64d1c2e4d0d4fd1b849980c4331c2951\"},\"headline\":\"Honduras cierra punto fronterizo con Guatemala despu\u00e9s de un caso de COVID-19\",\"datePublished\":\"2020-05-10T01:25:22+00:00\",\"dateModified\":\"2020-05-10T01:26:08+00:00\",\"mainEntityOfPage\":{\"@id\":\"https:\\\/\\\/digital58.com.ve\\\/site\\\/2020\\\/05\\\/09\\\/honduras-cierra-punto-fronterizo-con-guatemala-despues-de-un-caso-de-covid-19\\\/\"},\"wordCount\":411,\"commentCount\":0,\"publisher\":{\"@id\":\"https:\\\/\\\/digital58.com.ve\\\/site\\\/#\\\/schema\\\/person\\\/64d1c2e4d0d4fd1b849980c4331c2951\"},\"image\":{\"@id\":\"https:\\\/\\\/digital58.com.ve\\\/site\\\/2020\\\/05\\\/09\\\/honduras-cierra-punto-fronterizo-con-guatemala-despues-de-un-caso-de-covid-19\\\/#primaryimage\"},\"thumbnailUrl\":\"https:\\\/\\\/digital58.com.ve\\\/site\\\/wp-content\\\/uploads\\\/2020\\\/05\\\/honduras.jpg\",\"keywords\":[\"Coronavirus\",\"COVID-19\",\"Guatemala\",\"Honduras\",\"Internacionales\",\"Pandemia\"],\"articleSection\":[\"Salud\"],\"inLanguage\":\"es\",\"potentialAction\":[{\"@type\":\"CommentAction\",\"name\":\"Comment\",\"target\":[\"https:\\\/\\\/digital58.com.ve\\\/site\\\/2020\\\/05\\\/09\\\/honduras-cierra-punto-fronterizo-con-guatemala-despues-de-un-caso-de-covid-19\\\/#respond\"]}]},{\"@type\":\"WebPage\",\"@id\":\"https:\\\/\\\/digital58.com.ve\\\/site\\\/2020\\\/05\\\/09\\\/honduras-cierra-punto-fronterizo-con-guatemala-despues-de-un-caso-de-covid-19\\\/\",\"url\":\"https:\\\/\\\/digital58.com.ve\\\/site\\\/2020\\\/05\\\/09\\\/honduras-cierra-punto-fronterizo-con-guatemala-despues-de-un-caso-de-covid-19\\\/\",\"name\":\"Honduras cierra punto fronterizo con Guatemala despu\u00e9s de un caso de COVID-19\",\"isPartOf\":{\"@id\":\"https:\\\/\\\/digital58.com.ve\\\/site\\\/#website\"},\"primaryImageOfPage\":{\"@id\":\"https:\\\/\\\/digital58.com.ve\\\/site\\\/2020\\\/05\\\/09\\\/honduras-cierra-punto-fronterizo-con-guatemala-despues-de-un-caso-de-covid-19\\\/#primaryimage\"},\"image\":{\"@id\":\"https:\\\/\\\/digital58.com.ve\\\/site\\\/2020\\\/05\\\/09\\\/honduras-cierra-punto-fronterizo-con-guatemala-despues-de-un-caso-de-covid-19\\\/#primaryimage\"},\"thumbnailUrl\":\"https:\\\/\\\/digital58.com.ve\\\/site\\\/wp-content\\\/uploads\\\/2020\\\/05\\\/honduras.jpg\",\"datePublished\":\"2020-05-10T01:25:22+00:00\",\"dateModified\":\"2020-05-10T01:26:08+00:00\",\"description\":\"Salud\",\"breadcrumb\":{\"@id\":\"https:\\\/\\\/digital58.com.ve\\\/site\\\/2020\\\/05\\\/09\\\/honduras-cierra-punto-fronterizo-con-guatemala-despues-de-un-caso-de-covid-19\\\/#breadcrumb\"},\"inLanguage\":\"es\",\"potentialAction\":[{\"@type\":\"ReadAction\",\"target\":[\"https:\\\/\\\/digital58.com.ve\\\/site\\\/2020\\\/05\\\/09\\\/honduras-cierra-punto-fronterizo-con-guatemala-despues-de-un-caso-de-covid-19\\\/\"]}]},{\"@type\":\"ImageObject\",\"inLanguage\":\"es\",\"@id\":\"https:\\\/\\\/digital58.com.ve\\\/site\\\/2020\\\/05\\\/09\\\/honduras-cierra-punto-fronterizo-con-guatemala-despues-de-un-caso-de-covid-19\\\/#primaryimage\",\"url\":\"https:\\\/\\\/digital58.com.ve\\\/site\\\/wp-content\\\/uploads\\\/2020\\\/05\\\/honduras.jpg\",\"contentUrl\":\"https:\\\/\\\/digital58.com.ve\\\/site\\\/wp-content\\\/uploads\\\/2020\\\/05\\\/honduras.jpg\",\"width\":800,\"height\":533},{\"@type\":\"BreadcrumbList\",\"@id\":\"https:\\\/\\\/digital58.com.ve\\\/site\\\/2020\\\/05\\\/09\\\/honduras-cierra-punto-fronterizo-con-guatemala-despues-de-un-caso-de-covid-19\\\/#breadcrumb\",\"itemListElement\":[{\"@type\":\"ListItem\",\"position\":1,\"name\":\"Home\",\"item\":\"https:\\\/\\\/digital58.com.ve\\\/site\\\/\"},{\"@type\":\"ListItem\",\"position\":2,\"name\":\"Honduras cierra punto fronterizo con Guatemala despu\u00e9s de un caso de COVID-19\"}]},{\"@type\":\"WebSite\",\"@id\":\"https:\\\/\\\/digital58.com.ve\\\/site\\\/#website\",\"url\":\"https:\\\/\\\/digital58.com.ve\\\/site\\\/\",\"name\":\"Noticias Digital58\",\"description\":\"Portal de Noticias \u00a1Periodismo web de verdad! Lanzamiento web 22.11.2005 \\\/ Maracaibo, Venezuela\",\"publisher\":{\"@id\":\"https:\\\/\\\/digital58.com.ve\\\/site\\\/#\\\/schema\\\/person\\\/64d1c2e4d0d4fd1b849980c4331c2951\"},\"alternateName\":\"ND58\",\"potentialAction\":[{\"@type\":\"SearchAction\",\"target\":{\"@type\":\"EntryPoint\",\"urlTemplate\":\"https:\\\/\\\/digital58.com.ve\\\/site\\\/?s={search_term_string}\"},\"query-input\":{\"@type\":\"PropertyValueSpecification\",\"valueRequired\":true,\"valueName\":\"search_term_string\"}}],\"inLanguage\":\"es\"},{\"@type\":[\"Person\",\"Organization\"],\"@id\":\"https:\\\/\\\/digital58.com.ve\\\/site\\\/#\\\/schema\\\/person\\\/64d1c2e4d0d4fd1b849980c4331c2951\",\"name\":\"Villasmil Henry\",\"image\":{\"@type\":\"ImageObject\",\"inLanguage\":\"es\",\"@id\":\"https:\\\/\\\/secure.gravatar.com\\\/avatar\\\/bb0c4a2fcb7970138239f7e404ea75757b1b507b28b5ce4c53fbd62d797c5a7c?s=96&d=mm&r=g\",\"url\":\"https:\\\/\\\/secure.gravatar.com\\\/avatar\\\/bb0c4a2fcb7970138239f7e404ea75757b1b507b28b5ce4c53fbd62d797c5a7c?s=96&d=mm&r=g\",\"contentUrl\":\"https:\\\/\\\/secure.gravatar.com\\\/avatar\\\/bb0c4a2fcb7970138239f7e404ea75757b1b507b28b5ce4c53fbd62d797c5a7c?s=96&d=mm&r=g\",\"caption\":\"Villasmil Henry\"},\"logo\":{\"@id\":\"https:\\\/\\\/secure.gravatar.com\\\/avatar\\\/bb0c4a2fcb7970138239f7e404ea75757b1b507b28b5ce4c53fbd62d797c5a7c?s=96&d=mm&r=g\"},\"sameAs\":[\"http:\\\/\\\/www.henryvillasmil.com.ve\",\"https:\\\/\\\/www.instagram.com\\\/villasmilhfoto\\\/\",\"https:\\\/\\\/x.com\\\/https:\\\/\\\/twitter.com\\\/villasmilhfoto\"],\"url\":\"https:\\\/\\\/digital58.com.ve\\\/site\\\/author\\\/droopy_68\\\/\"}]}<\/script>\n<!-- \/ Yoast SEO plugin. -->","yoast_head_json":{"title":"Honduras cierra punto fronterizo con Guatemala despu\u00e9s de un caso de COVID-19","description":"Salud","robots":{"index":"index","follow":"follow","max-snippet":"max-snippet:-1","max-image-preview":"max-image-preview:large","max-video-preview":"max-video-preview:-1"},"canonical":"https:\/\/digital58.com.ve\/site\/2020\/05\/09\/honduras-cierra-punto-fronterizo-con-guatemala-despues-de-un-caso-de-covid-19\/","og_locale":"es_ES","og_type":"article","og_title":"Honduras cierra punto fronterizo con Guatemala despu\u00e9s de un caso de COVID-19","og_description":"Salud","og_url":"https:\/\/digital58.com.ve\/site\/2020\/05\/09\/honduras-cierra-punto-fronterizo-con-guatemala-despues-de-un-caso-de-covid-19\/","og_site_name":"Noticias Digital58","article_published_time":"2020-05-10T01:25:22+00:00","article_modified_time":"2020-05-10T01:26:08+00:00","og_image":[{"width":1500,"height":1000,"url":"https:\/\/digital58.com.ve\/site\/wp-content\/uploads\/2020\/05\/honduras.jpg","type":"image\/jpeg"}],"author":"Villasmil Henry","twitter_card":"summary_large_image","twitter_creator":"@https:\/\/twitter.com\/villasmilhfoto","twitter_site":"@villasmilhfoto","twitter_misc":{"Escrito por":"Villasmil Henry","Tiempo estimado de lectura":"2 minutos"},"schema":{"@context":"https:\/\/schema.org","@graph":[{"@type":"Article","@id":"https:\/\/digital58.com.ve\/site\/2020\/05\/09\/honduras-cierra-punto-fronterizo-con-guatemala-despues-de-un-caso-de-covid-19\/#article","isPartOf":{"@id":"https:\/\/digital58.com.ve\/site\/2020\/05\/09\/honduras-cierra-punto-fronterizo-con-guatemala-despues-de-un-caso-de-covid-19\/"},"author":{"name":"Villasmil Henry","@id":"https:\/\/digital58.com.ve\/site\/#\/schema\/person\/64d1c2e4d0d4fd1b849980c4331c2951"},"headline":"Honduras cierra punto fronterizo con Guatemala despu\u00e9s de un caso de COVID-19","datePublished":"2020-05-10T01:25:22+00:00","dateModified":"2020-05-10T01:26:08+00:00","mainEntityOfPage":{"@id":"https:\/\/digital58.com.ve\/site\/2020\/05\/09\/honduras-cierra-punto-fronterizo-con-guatemala-despues-de-un-caso-de-covid-19\/"},"wordCount":411,"commentCount":0,"publisher":{"@id":"https:\/\/digital58.com.ve\/site\/#\/schema\/person\/64d1c2e4d0d4fd1b849980c4331c2951"},"image":{"@id":"https:\/\/digital58.com.ve\/site\/2020\/05\/09\/honduras-cierra-punto-fronterizo-con-guatemala-despues-de-un-caso-de-covid-19\/#primaryimage"},"thumbnailUrl":"https:\/\/digital58.com.ve\/site\/wp-content\/uploads\/2020\/05\/honduras.jpg","keywords":["Coronavirus","COVID-19","Guatemala","Honduras","Internacionales","Pandemia"],"articleSection":["Salud"],"inLanguage":"es","potentialAction":[{"@type":"CommentAction","name":"Comment","target":["https:\/\/digital58.com.ve\/site\/2020\/05\/09\/honduras-cierra-punto-fronterizo-con-guatemala-despues-de-un-caso-de-covid-19\/#respond"]}]},{"@type":"WebPage","@id":"https:\/\/digital58.com.ve\/site\/2020\/05\/09\/honduras-cierra-punto-fronterizo-con-guatemala-despues-de-un-caso-de-covid-19\/","url":"https:\/\/digital58.com.ve\/site\/2020\/05\/09\/honduras-cierra-punto-fronterizo-con-guatemala-despues-de-un-caso-de-covid-19\/","name":"Honduras cierra punto fronterizo con Guatemala despu\u00e9s de un caso de COVID-19","isPartOf":{"@id":"https:\/\/digital58.com.ve\/site\/#website"},"primaryImageOfPage":{"@id":"https:\/\/digital58.com.ve\/site\/2020\/05\/09\/honduras-cierra-punto-fronterizo-con-guatemala-despues-de-un-caso-de-covid-19\/#primaryimage"},"image":{"@id":"https:\/\/digital58.com.ve\/site\/2020\/05\/09\/honduras-cierra-punto-fronterizo-con-guatemala-despues-de-un-caso-de-covid-19\/#primaryimage"},"thumbnailUrl":"https:\/\/digital58.com.ve\/site\/wp-content\/uploads\/2020\/05\/honduras.jpg","datePublished":"2020-05-10T01:25:22+00:00","dateModified":"2020-05-10T01:26:08+00:00","description":"Salud","breadcrumb":{"@id":"https:\/\/digital58.com.ve\/site\/2020\/05\/09\/honduras-cierra-punto-fronterizo-con-guatemala-despues-de-un-caso-de-covid-19\/#breadcrumb"},"inLanguage":"es","potentialAction":[{"@type":"ReadAction","target":["https:\/\/digital58.com.ve\/site\/2020\/05\/09\/honduras-cierra-punto-fronterizo-con-guatemala-despues-de-un-caso-de-covid-19\/"]}]},{"@type":"ImageObject","inLanguage":"es","@id":"https:\/\/digital58.com.ve\/site\/2020\/05\/09\/honduras-cierra-punto-fronterizo-con-guatemala-despues-de-un-caso-de-covid-19\/#primaryimage","url":"https:\/\/digital58.com.ve\/site\/wp-content\/uploads\/2020\/05\/honduras.jpg","contentUrl":"https:\/\/digital58.com.ve\/site\/wp-content\/uploads\/2020\/05\/honduras.jpg","width":800,"height":533},{"@type":"BreadcrumbList","@id":"https:\/\/digital58.com.ve\/site\/2020\/05\/09\/honduras-cierra-punto-fronterizo-con-guatemala-despues-de-un-caso-de-covid-19\/#breadcrumb","itemListElement":[{"@type":"ListItem","position":1,"name":"Home","item":"https:\/\/digital58.com.ve\/site\/"},{"@type":"ListItem","position":2,"name":"Honduras cierra punto fronterizo con Guatemala despu\u00e9s de un caso de COVID-19"}]},{"@type":"WebSite","@id":"https:\/\/digital58.com.ve\/site\/#website","url":"https:\/\/digital58.com.ve\/site\/","name":"Noticias Digital58","description":"Portal de Noticias \u00a1Periodismo web de verdad! Lanzamiento web 22.11.2005 \/ Maracaibo, Venezuela","publisher":{"@id":"https:\/\/digital58.com.ve\/site\/#\/schema\/person\/64d1c2e4d0d4fd1b849980c4331c2951"},"alternateName":"ND58","potentialAction":[{"@type":"SearchAction","target":{"@type":"EntryPoint","urlTemplate":"https:\/\/digital58.com.ve\/site\/?s={search_term_string}"},"query-input":{"@type":"PropertyValueSpecification","valueRequired":true,"valueName":"search_term_string"}}],"inLanguage":"es"},{"@type":["Person","Organization"],"@id":"https:\/\/digital58.com.ve\/site\/#\/schema\/person\/64d1c2e4d0d4fd1b849980c4331c2951","name":"Villasmil Henry","image":{"@type":"ImageObject","inLanguage":"es","@id":"https:\/\/secure.gravatar.com\/avatar\/bb0c4a2fcb7970138239f7e404ea75757b1b507b28b5ce4c53fbd62d797c5a7c?s=96&d=mm&r=g","url":"https:\/\/secure.gravatar.com\/avatar\/bb0c4a2fcb7970138239f7e404ea75757b1b507b28b5ce4c53fbd62d797c5a7c?s=96&d=mm&r=g","contentUrl":"https:\/\/secure.gravatar.com\/avatar\/bb0c4a2fcb7970138239f7e404ea75757b1b507b28b5ce4c53fbd62d797c5a7c?s=96&d=mm&r=g","caption":"Villasmil Henry"},"logo":{"@id":"https:\/\/secure.gravatar.com\/avatar\/bb0c4a2fcb7970138239f7e404ea75757b1b507b28b5ce4c53fbd62d797c5a7c?s=96&d=mm&r=g"},"sameAs":["http:\/\/www.henryvillasmil.com.ve","https:\/\/www.instagram.com\/villasmilhfoto\/","https:\/\/x.com\/https:\/\/twitter.com\/villasmilhfoto"],"url":"https:\/\/digital58.com.ve\/site\/author\/droopy_68\/"}]}},"uagb_featured_image_src":{"full":["https:\/\/digital58.com.ve\/site\/wp-content\/uploads\/2020\/05\/honduras.jpg",800,533,false],"thumbnail":["https:\/\/digital58.com.ve\/site\/wp-content\/uploads\/2020\/05\/honduras-150x150.jpg",150,150,true],"medium":["https:\/\/digital58.com.ve\/site\/wp-content\/uploads\/2020\/05\/honduras-300x200.jpg",300,200,true],"medium_large":["https:\/\/digital58.com.ve\/site\/wp-content\/uploads\/2020\/05\/honduras-768x512.jpg",768,512,true],"large":["https:\/\/digital58.com.ve\/site\/wp-content\/uploads\/2020\/05\/honduras.jpg",800,533,false],"1536x1536":["https:\/\/digital58.com.ve\/site\/wp-content\/uploads\/2020\/05\/honduras.jpg",800,533,false],"2048x2048":["https:\/\/digital58.com.ve\/site\/wp-content\/uploads\/2020\/05\/honduras.jpg",800,533,false],"colormag-highlighted-post":["https:\/\/digital58.com.ve\/site\/wp-content\/uploads\/2020\/05\/honduras.jpg",392,261,false],"colormag-featured-post-medium":["https:\/\/digital58.com.ve\/site\/wp-content\/uploads\/2020\/05\/honduras.jpg",308,205,false],"colormag-featured-post-small":["https:\/\/digital58.com.ve\/site\/wp-content\/uploads\/2020\/05\/honduras.jpg",130,87,false],"colormag-featured-image":["https:\/\/digital58.com.ve\/site\/wp-content\/uploads\/2020\/05\/honduras.jpg",668,445,false],"colormag-default-news":["https:\/\/digital58.com.ve\/site\/wp-content\/uploads\/2020\/05\/honduras.jpg",150,100,false],"colormag-featured-image-large":["https:\/\/digital58.com.ve\/site\/wp-content\/uploads\/2020\/05\/honduras.jpg",800,533,false]},"uagb_author_info":{"display_name":"Villasmil Henry","author_link":"https:\/\/digital58.com.ve\/site\/author\/droopy_68\/"},"uagb_comment_info":0,"uagb_excerpt":"El Gobierno de Honduras inform\u00f3 este s\u00e1bado del cierre temporal del punto El Florido, fronterizo con Guatemala, despu\u00e9s de que","_links":{"self":[{"href":"https:\/\/digital58.com.ve\/site\/wp-json\/wp\/v2\/posts\/97996","targetHints":{"allow":["GET"]}}],"collection":[{"href":"https:\/\/digital58.com.ve\/site\/wp-json\/wp\/v2\/posts"}],"about":[{"href":"https:\/\/digital58.com.ve\/site\/wp-json\/wp\/v2\/types\/post"}],"author":[{"embeddable":true,"href":"https:\/\/digital58.com.ve\/site\/wp-json\/wp\/v2\/users\/1"}],"replies":[{"embeddable":true,"href":"https:\/\/digital58.com.ve\/site\/wp-json\/wp\/v2\/comments?post=97996"}],"version-history":[{"count":0,"href":"https:\/\/digital58.com.ve\/site\/wp-json\/wp\/v2\/posts\/97996\/revisions"}],"wp:featuredmedia":[{"embeddable":true,"href":"https:\/\/digital58.com.ve\/site\/wp-json\/wp\/v2\/media\/97997"}],"wp:attachment":[{"href":"https:\/\/digital58.com.ve\/site\/wp-json\/wp\/v2\/media?parent=97996"}],"wp:term":[{"taxonomy":"category","embeddable":true,"href":"https:\/\/digital58.com.ve\/site\/wp-json\/wp\/v2\/categories?post=97996"},{"taxonomy":"post_tag","embeddable":true,"href":"https:\/\/digital58.com.ve\/site\/wp-json\/wp\/v2\/tags?post=97996"}],"curies":[{"name":"wp","href":"https:\/\/api.w.org\/{rel}","templated":true}]}}