{"id":98013,"date":"2020-05-09T22:23:44","date_gmt":"2020-05-10T02:23:44","guid":{"rendered":"https:\/\/digital58.com.ve\/site\/?p=98013"},"modified":"2020-05-09T23:43:09","modified_gmt":"2020-05-10T03:43:09","slug":"maduro-llamo-a-guaido-profugo-de-la-justicia","status":"publish","type":"post","link":"https:\/\/digital58.com.ve\/site\/2020\/05\/09\/maduro-llamo-a-guaido-profugo-de-la-justicia\/","title":{"rendered":"Maduro llam\u00f3 a Guaid\u00f3 \u00abpr\u00f3fugo de la justicia\u00bb"},"content":{"rendered":"<p><img loading=\"lazy\" decoding=\"async\" class=\"aligncenter wp-image-98016 size-full\" src=\"https:\/\/digital58.com.ve\/site\/wp-content\/uploads\/2020\/05\/Nicol\u00e1s-Maduro-1.jpg\" alt=\"\" width=\"800\" height=\"533\" srcset=\"https:\/\/digital58.com.ve\/site\/wp-content\/uploads\/2020\/05\/Nicol\u00e1s-Maduro-1.jpg 800w, https:\/\/digital58.com.ve\/site\/wp-content\/uploads\/2020\/05\/Nicol\u00e1s-Maduro-1-300x200.jpg 300w, https:\/\/digital58.com.ve\/site\/wp-content\/uploads\/2020\/05\/Nicol\u00e1s-Maduro-1-768x512.jpg 768w, https:\/\/digital58.com.ve\/site\/wp-content\/uploads\/2020\/05\/Nicol\u00e1s-Maduro-1-720x480.jpg 720w, https:\/\/digital58.com.ve\/site\/wp-content\/uploads\/2020\/05\/Nicol\u00e1s-Maduro-1-480x320.jpg 480w\" sizes=\"auto, (max-width: 800px) 100vw, 800px\" \/><\/p>\n<p>Nicol\u00e1s Maduro, arremeti\u00f3 de nuevo contra \u00a0el presidente de la Asamblea Nacional Juan Guaid\u00f3, lo llam\u00f3 este s\u00e1bado \u00abpr\u00f3fugo de la justicia\u00bb en televisi\u00f3n nacional<\/p>\n<p><strong>Maracaibo,Zulia, Venezuela 09 de mayo de 2020 (ND58).-<\/strong> \u00abHab\u00eda un contrato firmado por el (\u2026) fracasado Gobierno interino de Juan Guaid\u00f3. (\u2026) La firma de Juan Guaid\u00f3, diputado, pr\u00f3fugo de la justicia\u00bb, estas fueron las palabras de Maduro donde se\u00f1alaba el falso contrato de la empresa estadounidense SilverCorp firmado supuestamente por el presidente de la Asamblea Nacional, J.J. Rend\u00f3n, el diputado Sergio Vergara en con junto con el representa empresarial Jordan Goudreau.<\/p>\n<p>Seg\u00fan Maduro, el contrato comprometer\u00eda los intereses de la Rep\u00fablica privatizando autom\u00e1ticamente todos los organismos y recursos del Estado de Venezuela.<\/p>\n<p>Guaid\u00f3 neg\u00f3 \u00a0tal se\u00f1alamiento anteriormente el pasado viernes mediante un comunicado donde se recalc\u00f3 que se cre\u00f3 una comisi\u00f3n de estrategia y crisis con la empresa con la finalidad de \u00abevaluar diferentes escenarios y posibles planes para la liberaci\u00f3n y reconstrucci\u00f3n de Venezuela.<\/p>\n<p><img loading=\"lazy\" decoding=\"async\" class=\"wp-image-98017 size-full\" src=\"https:\/\/digital58.com.ve\/site\/wp-content\/uploads\/2020\/05\/EJWTA33RSRDBLFYOS36II7NOTA.jpg\" alt=\"\" width=\"1728\" height=\"1254\" srcset=\"https:\/\/digital58.com.ve\/site\/wp-content\/uploads\/2020\/05\/EJWTA33RSRDBLFYOS36II7NOTA.jpg 800w, https:\/\/digital58.com.ve\/site\/wp-content\/uploads\/2020\/05\/EJWTA33RSRDBLFYOS36II7NOTA-300x218.jpg 300w, https:\/\/digital58.com.ve\/site\/wp-content\/uploads\/2020\/05\/EJWTA33RSRDBLFYOS36II7NOTA-1411x1024.jpg 1411w, https:\/\/digital58.com.ve\/site\/wp-content\/uploads\/2020\/05\/EJWTA33RSRDBLFYOS36II7NOTA-768x557.jpg 768w, https:\/\/digital58.com.ve\/site\/wp-content\/uploads\/2020\/05\/EJWTA33RSRDBLFYOS36II7NOTA-1536x1115.jpg 1536w\" sizes=\"auto, (max-width: 1728px) 100vw, 1728px\" \/><\/p>\n<p>M\u00e1s adelante, Rend\u00f3n y Vergara mantuvieron contacto con la empresa SilverCrop en donde surgi\u00f3 una propuesta que fue rechazada por Guaid\u00f3 tras \u00abdiferencias en materia de visiones, estrategia, legalidad, confianza con la empresa, la vinculaci\u00f3n o penetraci\u00f3n por grupos vinculados a la dictadura y al ciudadano venezolano Cl\u00edver Alcal\u00e1, hoy en custodia de las autoridades judiciales de los Estados Unidos\u00bb.<\/p>\n<p>Debido a este escenario, la Comisi\u00f3n comunic\u00f3 en el mes de octubre de 2019 que no se trabajar\u00eda con la empresa y la \u00faltima vez que se mantuvo comunicaci\u00f3n entre las partes fue en el noviembre del mismo a\u00f1o.<\/p><div class=\"kzbld69f0c76754289\" ><p style=\"text-align: center;\"><a href=\"https:\/\/t.me\/noticiasdigital58\" target=\"_blank\" rel=\"noopener\"><img class=\"aligncenter size-full wp-image-125363\" src=\"https:\/\/digital58.com.ve\/site\/wp-content\/uploads\/2021\/04\/banner-telegram-web-2021.png\" alt=\"\" width=\"600\" height=\"90\" \/><\/a><\/p><\/div><style type=\"text\/css\">\r\n@media screen and (min-width: 1201px) {\r\n.kzbld69f0c76754289 {\r\ndisplay: block;\r\n}\r\n}\r\n@media screen and (min-width: 993px) and (max-width: 1200px) {\r\n.kzbld69f0c76754289 {\r\ndisplay: block;\r\n}\r\n}\r\n@media screen and (min-width: 769px) and (max-width: 992px) {\r\n.kzbld69f0c76754289 {\r\ndisplay: block;\r\n}\r\n}\r\n@media screen and (min-width: 768px) and (max-width: 768px) {\r\n.kzbld69f0c76754289 {\r\ndisplay: block;\r\n}\r\n}\r\n@media screen and (max-width: 767px) {\r\n.kzbld69f0c76754289 {\r\ndisplay: block;\r\n}\r\n}\r\n<\/style>\r\n\n<p><b>Redacci\u00f3n<\/b><strong>: Molero, Luis (@moleromarquez) | Fuente: VTV<\/strong><br \/>\n<strong>Edici\u00f3n: Villasmil, Henry<\/strong><br \/>\n<strong>Gr\u00e1ficas: cortes\u00eda\u00a0<\/strong><\/p>\n<div style=\"margin-top: 0px; margin-bottom: 0px;\" class=\"sharethis-inline-share-buttons\" ><\/div>","protected":false},"excerpt":{"rendered":"<p>Nicol\u00e1s Maduro, arremeti\u00f3 de nuevo contra \u00a0el presidente de la Asamblea Nacional Juan Guaid\u00f3, lo llam\u00f3 este s\u00e1bado \u00abpr\u00f3fugo de<\/p>\n","protected":false},"author":26,"featured_media":98017,"comment_status":"open","ping_status":"closed","sticky":false,"template":"","format":"standard","meta":{"colormag_page_container_layout":"default_layout","colormag_page_sidebar_layout":"default_layout","_uag_custom_page_level_css":"","footnotes":""},"categories":[8610],"tags":[14403,11949,233,2724,14363],"class_list":["post-98013","post","type-post","status-publish","format-standard","has-post-thumbnail","hentry","category-politica","tag-jordan-goudreau","tag-juan-guaido","tag-nacionales","tag-nicolas-maduro","tag-silvercorp"],"yoast_head":"<!-- This site is optimized with the Yoast SEO plugin v27.5 - https:\/\/yoast.com\/product\/yoast-seo-wordpress\/ -->\n<title>Maduro llam\u00f3 a Guaid\u00f3 \u00abpr\u00f3fugo de la justicia\u00bb<\/title>\n<meta name=\"robots\" content=\"index, follow, max-snippet:-1, max-image-preview:large, max-video-preview:-1\" \/>\n<link rel=\"canonical\" href=\"https:\/\/digital58.com.ve\/site\/2020\/05\/09\/maduro-llamo-a-guaido-profugo-de-la-justicia\/\" \/>\n<meta property=\"og:locale\" content=\"es_ES\" \/>\n<meta property=\"og:type\" content=\"article\" \/>\n<meta property=\"og:title\" content=\"Maduro llam\u00f3 a Guaid\u00f3 \u00abpr\u00f3fugo de la justicia\u00bb\" \/>\n<meta property=\"og:url\" content=\"https:\/\/digital58.com.ve\/site\/2020\/05\/09\/maduro-llamo-a-guaido-profugo-de-la-justicia\/\" \/>\n<meta property=\"og:site_name\" content=\"Noticias Digital58\" \/>\n<meta property=\"article:published_time\" content=\"2020-05-10T02:23:44+00:00\" \/>\n<meta property=\"article:modified_time\" content=\"2020-05-10T03:43:09+00:00\" \/>\n<meta property=\"og:image\" content=\"https:\/\/digital58.com.ve\/site\/wp-content\/uploads\/2020\/05\/EJWTA33RSRDBLFYOS36II7NOTA.jpg\" \/>\n\t<meta property=\"og:image:width\" content=\"1728\" \/>\n\t<meta property=\"og:image:height\" content=\"1254\" \/>\n\t<meta property=\"og:image:type\" content=\"image\/jpeg\" \/>\n<meta name=\"author\" content=\"Molero Luis\" \/>\n<meta name=\"twitter:card\" content=\"summary_large_image\" \/>\n<meta name=\"twitter:creator\" content=\"@Digital_58\" \/>\n<meta name=\"twitter:site\" content=\"@villasmilhfoto\" \/>\n<meta name=\"twitter:label1\" content=\"Escrito por\" \/>\n\t<meta name=\"twitter:data1\" content=\"Molero Luis\" \/>\n\t<meta name=\"twitter:label2\" content=\"Tiempo estimado de lectura\" \/>\n\t<meta name=\"twitter:data2\" content=\"1 minuto\" \/>\n<script type=\"application\/ld+json\" class=\"yoast-schema-graph\">{\"@context\":\"https:\\\/\\\/schema.org\",\"@graph\":[{\"@type\":\"Article\",\"@id\":\"https:\\\/\\\/digital58.com.ve\\\/site\\\/2020\\\/05\\\/09\\\/maduro-llamo-a-guaido-profugo-de-la-justicia\\\/#article\",\"isPartOf\":{\"@id\":\"https:\\\/\\\/digital58.com.ve\\\/site\\\/2020\\\/05\\\/09\\\/maduro-llamo-a-guaido-profugo-de-la-justicia\\\/\"},\"author\":{\"name\":\"Molero Luis\",\"@id\":\"https:\\\/\\\/digital58.com.ve\\\/site\\\/#\\\/schema\\\/person\\\/c61667ce6845137620ee3f0aaabade17\"},\"headline\":\"Maduro llam\u00f3 a Guaid\u00f3 \u00abpr\u00f3fugo de la justicia\u00bb\",\"datePublished\":\"2020-05-10T02:23:44+00:00\",\"dateModified\":\"2020-05-10T03:43:09+00:00\",\"mainEntityOfPage\":{\"@id\":\"https:\\\/\\\/digital58.com.ve\\\/site\\\/2020\\\/05\\\/09\\\/maduro-llamo-a-guaido-profugo-de-la-justicia\\\/\"},\"wordCount\":307,\"commentCount\":0,\"publisher\":{\"@id\":\"https:\\\/\\\/digital58.com.ve\\\/site\\\/#\\\/schema\\\/person\\\/64d1c2e4d0d4fd1b849980c4331c2951\"},\"image\":{\"@id\":\"https:\\\/\\\/digital58.com.ve\\\/site\\\/2020\\\/05\\\/09\\\/maduro-llamo-a-guaido-profugo-de-la-justicia\\\/#primaryimage\"},\"thumbnailUrl\":\"https:\\\/\\\/digital58.com.ve\\\/site\\\/wp-content\\\/uploads\\\/2020\\\/05\\\/EJWTA33RSRDBLFYOS36II7NOTA.jpg\",\"keywords\":[\"Jordan Goudreau\",\"Juan Guaid\u00f3\",\"Nacionales\",\"Nicol\u00e1s Maduro\",\"SilverCorp\"],\"articleSection\":[\"Pol\u00edtica\"],\"inLanguage\":\"es\",\"potentialAction\":[{\"@type\":\"CommentAction\",\"name\":\"Comment\",\"target\":[\"https:\\\/\\\/digital58.com.ve\\\/site\\\/2020\\\/05\\\/09\\\/maduro-llamo-a-guaido-profugo-de-la-justicia\\\/#respond\"]}]},{\"@type\":\"WebPage\",\"@id\":\"https:\\\/\\\/digital58.com.ve\\\/site\\\/2020\\\/05\\\/09\\\/maduro-llamo-a-guaido-profugo-de-la-justicia\\\/\",\"url\":\"https:\\\/\\\/digital58.com.ve\\\/site\\\/2020\\\/05\\\/09\\\/maduro-llamo-a-guaido-profugo-de-la-justicia\\\/\",\"name\":\"Maduro llam\u00f3 a Guaid\u00f3 \u00abpr\u00f3fugo de la justicia\u00bb\",\"isPartOf\":{\"@id\":\"https:\\\/\\\/digital58.com.ve\\\/site\\\/#website\"},\"primaryImageOfPage\":{\"@id\":\"https:\\\/\\\/digital58.com.ve\\\/site\\\/2020\\\/05\\\/09\\\/maduro-llamo-a-guaido-profugo-de-la-justicia\\\/#primaryimage\"},\"image\":{\"@id\":\"https:\\\/\\\/digital58.com.ve\\\/site\\\/2020\\\/05\\\/09\\\/maduro-llamo-a-guaido-profugo-de-la-justicia\\\/#primaryimage\"},\"thumbnailUrl\":\"https:\\\/\\\/digital58.com.ve\\\/site\\\/wp-content\\\/uploads\\\/2020\\\/05\\\/EJWTA33RSRDBLFYOS36II7NOTA.jpg\",\"datePublished\":\"2020-05-10T02:23:44+00:00\",\"dateModified\":\"2020-05-10T03:43:09+00:00\",\"breadcrumb\":{\"@id\":\"https:\\\/\\\/digital58.com.ve\\\/site\\\/2020\\\/05\\\/09\\\/maduro-llamo-a-guaido-profugo-de-la-justicia\\\/#breadcrumb\"},\"inLanguage\":\"es\",\"potentialAction\":[{\"@type\":\"ReadAction\",\"target\":[\"https:\\\/\\\/digital58.com.ve\\\/site\\\/2020\\\/05\\\/09\\\/maduro-llamo-a-guaido-profugo-de-la-justicia\\\/\"]}]},{\"@type\":\"ImageObject\",\"inLanguage\":\"es\",\"@id\":\"https:\\\/\\\/digital58.com.ve\\\/site\\\/2020\\\/05\\\/09\\\/maduro-llamo-a-guaido-profugo-de-la-justicia\\\/#primaryimage\",\"url\":\"https:\\\/\\\/digital58.com.ve\\\/site\\\/wp-content\\\/uploads\\\/2020\\\/05\\\/EJWTA33RSRDBLFYOS36II7NOTA.jpg\",\"contentUrl\":\"https:\\\/\\\/digital58.com.ve\\\/site\\\/wp-content\\\/uploads\\\/2020\\\/05\\\/EJWTA33RSRDBLFYOS36II7NOTA.jpg\",\"width\":800,\"height\":581,\"caption\":\"CAR010. CARACAS (VENEZUELA), 18\\\/09\\\/2018.- El presidente de Venezuela, Nicol\u00e1s Maduro, habla durante una rueda de prensa hoy, martes 18 de septiembre, en Caracas (Venezuela). Venezuela prev\u00e9 lanzar un \\\"ultramoderno\\\" sat\u00e9lite de comunicaciones -el segundo del pa\u00eds para estas actividades- con el apoyo de China, inform\u00f3 hoy el presidente, Nicol\u00e1s Maduro, que acaba de realizar una visita al pa\u00eds asi\u00e1tico. EFE\\\/Cristian Hern\u00e1ndez\"},{\"@type\":\"BreadcrumbList\",\"@id\":\"https:\\\/\\\/digital58.com.ve\\\/site\\\/2020\\\/05\\\/09\\\/maduro-llamo-a-guaido-profugo-de-la-justicia\\\/#breadcrumb\",\"itemListElement\":[{\"@type\":\"ListItem\",\"position\":1,\"name\":\"Home\",\"item\":\"https:\\\/\\\/digital58.com.ve\\\/site\\\/\"},{\"@type\":\"ListItem\",\"position\":2,\"name\":\"Maduro llam\u00f3 a Guaid\u00f3 \u00abpr\u00f3fugo de la justicia\u00bb\"}]},{\"@type\":\"WebSite\",\"@id\":\"https:\\\/\\\/digital58.com.ve\\\/site\\\/#website\",\"url\":\"https:\\\/\\\/digital58.com.ve\\\/site\\\/\",\"name\":\"Noticias Digital58\",\"description\":\"Portal de Noticias \u00a1Periodismo web de verdad! Lanzamiento web 22.11.2005 \\\/ Maracaibo, Venezuela\",\"publisher\":{\"@id\":\"https:\\\/\\\/digital58.com.ve\\\/site\\\/#\\\/schema\\\/person\\\/64d1c2e4d0d4fd1b849980c4331c2951\"},\"alternateName\":\"ND58\",\"potentialAction\":[{\"@type\":\"SearchAction\",\"target\":{\"@type\":\"EntryPoint\",\"urlTemplate\":\"https:\\\/\\\/digital58.com.ve\\\/site\\\/?s={search_term_string}\"},\"query-input\":{\"@type\":\"PropertyValueSpecification\",\"valueRequired\":true,\"valueName\":\"search_term_string\"}}],\"inLanguage\":\"es\"},{\"@type\":[\"Person\",\"Organization\"],\"@id\":\"https:\\\/\\\/digital58.com.ve\\\/site\\\/#\\\/schema\\\/person\\\/64d1c2e4d0d4fd1b849980c4331c2951\",\"name\":\"Villasmil Henry\",\"image\":{\"@type\":\"ImageObject\",\"inLanguage\":\"es\",\"@id\":\"https:\\\/\\\/secure.gravatar.com\\\/avatar\\\/bb0c4a2fcb7970138239f7e404ea75757b1b507b28b5ce4c53fbd62d797c5a7c?s=96&d=mm&r=g\",\"url\":\"https:\\\/\\\/secure.gravatar.com\\\/avatar\\\/bb0c4a2fcb7970138239f7e404ea75757b1b507b28b5ce4c53fbd62d797c5a7c?s=96&d=mm&r=g\",\"contentUrl\":\"https:\\\/\\\/secure.gravatar.com\\\/avatar\\\/bb0c4a2fcb7970138239f7e404ea75757b1b507b28b5ce4c53fbd62d797c5a7c?s=96&d=mm&r=g\",\"caption\":\"Villasmil Henry\"},\"logo\":{\"@id\":\"https:\\\/\\\/secure.gravatar.com\\\/avatar\\\/bb0c4a2fcb7970138239f7e404ea75757b1b507b28b5ce4c53fbd62d797c5a7c?s=96&d=mm&r=g\"},\"sameAs\":[\"http:\\\/\\\/www.henryvillasmil.com.ve\",\"https:\\\/\\\/www.instagram.com\\\/villasmilhfoto\\\/\",\"https:\\\/\\\/x.com\\\/https:\\\/\\\/twitter.com\\\/villasmilhfoto\"]},{\"@type\":\"Person\",\"@id\":\"https:\\\/\\\/digital58.com.ve\\\/site\\\/#\\\/schema\\\/person\\\/c61667ce6845137620ee3f0aaabade17\",\"name\":\"Molero Luis\",\"image\":{\"@type\":\"ImageObject\",\"inLanguage\":\"es\",\"@id\":\"https:\\\/\\\/secure.gravatar.com\\\/avatar\\\/bf041ec637e3e7405449807deb2f7cf3d2de7c6fa755dd56e985201de9863f2b?s=96&d=mm&r=g\",\"url\":\"https:\\\/\\\/secure.gravatar.com\\\/avatar\\\/bf041ec637e3e7405449807deb2f7cf3d2de7c6fa755dd56e985201de9863f2b?s=96&d=mm&r=g\",\"contentUrl\":\"https:\\\/\\\/secure.gravatar.com\\\/avatar\\\/bf041ec637e3e7405449807deb2f7cf3d2de7c6fa755dd56e985201de9863f2b?s=96&d=mm&r=g\",\"caption\":\"Molero Luis\"},\"url\":\"https:\\\/\\\/digital58.com.ve\\\/site\\\/author\\\/luismolero\\\/\"}]}<\/script>\n<!-- \/ Yoast SEO plugin. -->","yoast_head_json":{"title":"Maduro llam\u00f3 a Guaid\u00f3 \u00abpr\u00f3fugo de la justicia\u00bb","robots":{"index":"index","follow":"follow","max-snippet":"max-snippet:-1","max-image-preview":"max-image-preview:large","max-video-preview":"max-video-preview:-1"},"canonical":"https:\/\/digital58.com.ve\/site\/2020\/05\/09\/maduro-llamo-a-guaido-profugo-de-la-justicia\/","og_locale":"es_ES","og_type":"article","og_title":"Maduro llam\u00f3 a Guaid\u00f3 \u00abpr\u00f3fugo de la justicia\u00bb","og_url":"https:\/\/digital58.com.ve\/site\/2020\/05\/09\/maduro-llamo-a-guaido-profugo-de-la-justicia\/","og_site_name":"Noticias Digital58","article_published_time":"2020-05-10T02:23:44+00:00","article_modified_time":"2020-05-10T03:43:09+00:00","og_image":[{"width":1728,"height":1254,"url":"https:\/\/digital58.com.ve\/site\/wp-content\/uploads\/2020\/05\/EJWTA33RSRDBLFYOS36II7NOTA.jpg","type":"image\/jpeg"}],"author":"Molero Luis","twitter_card":"summary_large_image","twitter_creator":"@Digital_58","twitter_site":"@villasmilhfoto","twitter_misc":{"Escrito por":"Molero Luis","Tiempo estimado de lectura":"1 minuto"},"schema":{"@context":"https:\/\/schema.org","@graph":[{"@type":"Article","@id":"https:\/\/digital58.com.ve\/site\/2020\/05\/09\/maduro-llamo-a-guaido-profugo-de-la-justicia\/#article","isPartOf":{"@id":"https:\/\/digital58.com.ve\/site\/2020\/05\/09\/maduro-llamo-a-guaido-profugo-de-la-justicia\/"},"author":{"name":"Molero Luis","@id":"https:\/\/digital58.com.ve\/site\/#\/schema\/person\/c61667ce6845137620ee3f0aaabade17"},"headline":"Maduro llam\u00f3 a Guaid\u00f3 \u00abpr\u00f3fugo de la justicia\u00bb","datePublished":"2020-05-10T02:23:44+00:00","dateModified":"2020-05-10T03:43:09+00:00","mainEntityOfPage":{"@id":"https:\/\/digital58.com.ve\/site\/2020\/05\/09\/maduro-llamo-a-guaido-profugo-de-la-justicia\/"},"wordCount":307,"commentCount":0,"publisher":{"@id":"https:\/\/digital58.com.ve\/site\/#\/schema\/person\/64d1c2e4d0d4fd1b849980c4331c2951"},"image":{"@id":"https:\/\/digital58.com.ve\/site\/2020\/05\/09\/maduro-llamo-a-guaido-profugo-de-la-justicia\/#primaryimage"},"thumbnailUrl":"https:\/\/digital58.com.ve\/site\/wp-content\/uploads\/2020\/05\/EJWTA33RSRDBLFYOS36II7NOTA.jpg","keywords":["Jordan Goudreau","Juan Guaid\u00f3","Nacionales","Nicol\u00e1s Maduro","SilverCorp"],"articleSection":["Pol\u00edtica"],"inLanguage":"es","potentialAction":[{"@type":"CommentAction","name":"Comment","target":["https:\/\/digital58.com.ve\/site\/2020\/05\/09\/maduro-llamo-a-guaido-profugo-de-la-justicia\/#respond"]}]},{"@type":"WebPage","@id":"https:\/\/digital58.com.ve\/site\/2020\/05\/09\/maduro-llamo-a-guaido-profugo-de-la-justicia\/","url":"https:\/\/digital58.com.ve\/site\/2020\/05\/09\/maduro-llamo-a-guaido-profugo-de-la-justicia\/","name":"Maduro llam\u00f3 a Guaid\u00f3 \u00abpr\u00f3fugo de la justicia\u00bb","isPartOf":{"@id":"https:\/\/digital58.com.ve\/site\/#website"},"primaryImageOfPage":{"@id":"https:\/\/digital58.com.ve\/site\/2020\/05\/09\/maduro-llamo-a-guaido-profugo-de-la-justicia\/#primaryimage"},"image":{"@id":"https:\/\/digital58.com.ve\/site\/2020\/05\/09\/maduro-llamo-a-guaido-profugo-de-la-justicia\/#primaryimage"},"thumbnailUrl":"https:\/\/digital58.com.ve\/site\/wp-content\/uploads\/2020\/05\/EJWTA33RSRDBLFYOS36II7NOTA.jpg","datePublished":"2020-05-10T02:23:44+00:00","dateModified":"2020-05-10T03:43:09+00:00","breadcrumb":{"@id":"https:\/\/digital58.com.ve\/site\/2020\/05\/09\/maduro-llamo-a-guaido-profugo-de-la-justicia\/#breadcrumb"},"inLanguage":"es","potentialAction":[{"@type":"ReadAction","target":["https:\/\/digital58.com.ve\/site\/2020\/05\/09\/maduro-llamo-a-guaido-profugo-de-la-justicia\/"]}]},{"@type":"ImageObject","inLanguage":"es","@id":"https:\/\/digital58.com.ve\/site\/2020\/05\/09\/maduro-llamo-a-guaido-profugo-de-la-justicia\/#primaryimage","url":"https:\/\/digital58.com.ve\/site\/wp-content\/uploads\/2020\/05\/EJWTA33RSRDBLFYOS36II7NOTA.jpg","contentUrl":"https:\/\/digital58.com.ve\/site\/wp-content\/uploads\/2020\/05\/EJWTA33RSRDBLFYOS36II7NOTA.jpg","width":800,"height":581,"caption":"CAR010. CARACAS (VENEZUELA), 18\/09\/2018.- El presidente de Venezuela, Nicol\u00e1s Maduro, habla durante una rueda de prensa hoy, martes 18 de septiembre, en Caracas (Venezuela). Venezuela prev\u00e9 lanzar un \"ultramoderno\" sat\u00e9lite de comunicaciones -el segundo del pa\u00eds para estas actividades- con el apoyo de China, inform\u00f3 hoy el presidente, Nicol\u00e1s Maduro, que acaba de realizar una visita al pa\u00eds asi\u00e1tico. EFE\/Cristian Hern\u00e1ndez"},{"@type":"BreadcrumbList","@id":"https:\/\/digital58.com.ve\/site\/2020\/05\/09\/maduro-llamo-a-guaido-profugo-de-la-justicia\/#breadcrumb","itemListElement":[{"@type":"ListItem","position":1,"name":"Home","item":"https:\/\/digital58.com.ve\/site\/"},{"@type":"ListItem","position":2,"name":"Maduro llam\u00f3 a Guaid\u00f3 \u00abpr\u00f3fugo de la justicia\u00bb"}]},{"@type":"WebSite","@id":"https:\/\/digital58.com.ve\/site\/#website","url":"https:\/\/digital58.com.ve\/site\/","name":"Noticias Digital58","description":"Portal de Noticias \u00a1Periodismo web de verdad! Lanzamiento web 22.11.2005 \/ Maracaibo, Venezuela","publisher":{"@id":"https:\/\/digital58.com.ve\/site\/#\/schema\/person\/64d1c2e4d0d4fd1b849980c4331c2951"},"alternateName":"ND58","potentialAction":[{"@type":"SearchAction","target":{"@type":"EntryPoint","urlTemplate":"https:\/\/digital58.com.ve\/site\/?s={search_term_string}"},"query-input":{"@type":"PropertyValueSpecification","valueRequired":true,"valueName":"search_term_string"}}],"inLanguage":"es"},{"@type":["Person","Organization"],"@id":"https:\/\/digital58.com.ve\/site\/#\/schema\/person\/64d1c2e4d0d4fd1b849980c4331c2951","name":"Villasmil Henry","image":{"@type":"ImageObject","inLanguage":"es","@id":"https:\/\/secure.gravatar.com\/avatar\/bb0c4a2fcb7970138239f7e404ea75757b1b507b28b5ce4c53fbd62d797c5a7c?s=96&d=mm&r=g","url":"https:\/\/secure.gravatar.com\/avatar\/bb0c4a2fcb7970138239f7e404ea75757b1b507b28b5ce4c53fbd62d797c5a7c?s=96&d=mm&r=g","contentUrl":"https:\/\/secure.gravatar.com\/avatar\/bb0c4a2fcb7970138239f7e404ea75757b1b507b28b5ce4c53fbd62d797c5a7c?s=96&d=mm&r=g","caption":"Villasmil Henry"},"logo":{"@id":"https:\/\/secure.gravatar.com\/avatar\/bb0c4a2fcb7970138239f7e404ea75757b1b507b28b5ce4c53fbd62d797c5a7c?s=96&d=mm&r=g"},"sameAs":["http:\/\/www.henryvillasmil.com.ve","https:\/\/www.instagram.com\/villasmilhfoto\/","https:\/\/x.com\/https:\/\/twitter.com\/villasmilhfoto"]},{"@type":"Person","@id":"https:\/\/digital58.com.ve\/site\/#\/schema\/person\/c61667ce6845137620ee3f0aaabade17","name":"Molero Luis","image":{"@type":"ImageObject","inLanguage":"es","@id":"https:\/\/secure.gravatar.com\/avatar\/bf041ec637e3e7405449807deb2f7cf3d2de7c6fa755dd56e985201de9863f2b?s=96&d=mm&r=g","url":"https:\/\/secure.gravatar.com\/avatar\/bf041ec637e3e7405449807deb2f7cf3d2de7c6fa755dd56e985201de9863f2b?s=96&d=mm&r=g","contentUrl":"https:\/\/secure.gravatar.com\/avatar\/bf041ec637e3e7405449807deb2f7cf3d2de7c6fa755dd56e985201de9863f2b?s=96&d=mm&r=g","caption":"Molero Luis"},"url":"https:\/\/digital58.com.ve\/site\/author\/luismolero\/"}]}},"uagb_featured_image_src":{"full":["https:\/\/digital58.com.ve\/site\/wp-content\/uploads\/2020\/05\/EJWTA33RSRDBLFYOS36II7NOTA.jpg",800,581,false],"thumbnail":["https:\/\/digital58.com.ve\/site\/wp-content\/uploads\/2020\/05\/EJWTA33RSRDBLFYOS36II7NOTA-150x150.jpg",150,150,true],"medium":["https:\/\/digital58.com.ve\/site\/wp-content\/uploads\/2020\/05\/EJWTA33RSRDBLFYOS36II7NOTA-300x218.jpg",300,218,true],"medium_large":["https:\/\/digital58.com.ve\/site\/wp-content\/uploads\/2020\/05\/EJWTA33RSRDBLFYOS36II7NOTA-768x557.jpg",768,557,true],"large":["https:\/\/digital58.com.ve\/site\/wp-content\/uploads\/2020\/05\/EJWTA33RSRDBLFYOS36II7NOTA-1411x1024.jpg",800,581,true],"1536x1536":["https:\/\/digital58.com.ve\/site\/wp-content\/uploads\/2020\/05\/EJWTA33RSRDBLFYOS36II7NOTA-1536x1115.jpg",1536,1115,true],"2048x2048":["https:\/\/digital58.com.ve\/site\/wp-content\/uploads\/2020\/05\/EJWTA33RSRDBLFYOS36II7NOTA.jpg",800,581,false],"colormag-highlighted-post":["https:\/\/digital58.com.ve\/site\/wp-content\/uploads\/2020\/05\/EJWTA33RSRDBLFYOS36II7NOTA.jpg",375,272,false],"colormag-featured-post-medium":["https:\/\/digital58.com.ve\/site\/wp-content\/uploads\/2020\/05\/EJWTA33RSRDBLFYOS36II7NOTA.jpg",282,205,false],"colormag-featured-post-small":["https:\/\/digital58.com.ve\/site\/wp-content\/uploads\/2020\/05\/EJWTA33RSRDBLFYOS36II7NOTA.jpg",124,90,false],"colormag-featured-image":["https:\/\/digital58.com.ve\/site\/wp-content\/uploads\/2020\/05\/EJWTA33RSRDBLFYOS36II7NOTA.jpg",613,445,false],"colormag-default-news":["https:\/\/digital58.com.ve\/site\/wp-content\/uploads\/2020\/05\/EJWTA33RSRDBLFYOS36II7NOTA.jpg",150,109,false],"colormag-featured-image-large":["https:\/\/digital58.com.ve\/site\/wp-content\/uploads\/2020\/05\/EJWTA33RSRDBLFYOS36II7NOTA.jpg",800,581,false]},"uagb_author_info":{"display_name":"Molero Luis","author_link":"https:\/\/digital58.com.ve\/site\/author\/luismolero\/"},"uagb_comment_info":0,"uagb_excerpt":"Nicol\u00e1s Maduro, arremeti\u00f3 de nuevo contra \u00a0el presidente de la Asamblea Nacional Juan Guaid\u00f3, lo llam\u00f3 este s\u00e1bado \u00abpr\u00f3fugo de","_links":{"self":[{"href":"https:\/\/digital58.com.ve\/site\/wp-json\/wp\/v2\/posts\/98013","targetHints":{"allow":["GET"]}}],"collection":[{"href":"https:\/\/digital58.com.ve\/site\/wp-json\/wp\/v2\/posts"}],"about":[{"href":"https:\/\/digital58.com.ve\/site\/wp-json\/wp\/v2\/types\/post"}],"author":[{"embeddable":true,"href":"https:\/\/digital58.com.ve\/site\/wp-json\/wp\/v2\/users\/26"}],"replies":[{"embeddable":true,"href":"https:\/\/digital58.com.ve\/site\/wp-json\/wp\/v2\/comments?post=98013"}],"version-history":[{"count":0,"href":"https:\/\/digital58.com.ve\/site\/wp-json\/wp\/v2\/posts\/98013\/revisions"}],"wp:featuredmedia":[{"embeddable":true,"href":"https:\/\/digital58.com.ve\/site\/wp-json\/wp\/v2\/media\/98017"}],"wp:attachment":[{"href":"https:\/\/digital58.com.ve\/site\/wp-json\/wp\/v2\/media?parent=98013"}],"wp:term":[{"taxonomy":"category","embeddable":true,"href":"https:\/\/digital58.com.ve\/site\/wp-json\/wp\/v2\/categories?post=98013"},{"taxonomy":"post_tag","embeddable":true,"href":"https:\/\/digital58.com.ve\/site\/wp-json\/wp\/v2\/tags?post=98013"}],"curies":[{"name":"wp","href":"https:\/\/api.w.org\/{rel}","templated":true}]}}