{"id":98082,"date":"2020-05-10T10:53:11","date_gmt":"2020-05-10T14:53:11","guid":{"rendered":"https:\/\/digital58.com.ve\/site\/?p=98082"},"modified":"2020-05-12T12:10:47","modified_gmt":"2020-05-12T16:10:47","slug":"la-corte-suprema-de-eeuu-ante-los-impuestos-y-la-inmunidad-de-trump","status":"publish","type":"post","link":"https:\/\/digital58.com.ve\/site\/2020\/05\/10\/la-corte-suprema-de-eeuu-ante-los-impuestos-y-la-inmunidad-de-trump\/","title":{"rendered":"La Corte Suprema de EEUU, ante los impuestos y la inmunidad de Trump"},"content":{"rendered":"<p><a href=\"https:\/\/digital58.com.ve\/site\/wp-content\/uploads\/2020\/05\/f50bc99db40fa76f7af5283a72bdccec01c87f7f.jpg\"><img loading=\"lazy\" decoding=\"async\" class=\"aligncenter size-full wp-image-98083\" src=\"https:\/\/digital58.com.ve\/site\/wp-content\/uploads\/2020\/05\/f50bc99db40fa76f7af5283a72bdccec01c87f7f.jpg\" alt=\"\" width=\"768\" height=\"525\" srcset=\"https:\/\/digital58.com.ve\/site\/wp-content\/uploads\/2020\/05\/f50bc99db40fa76f7af5283a72bdccec01c87f7f.jpg 768w, https:\/\/digital58.com.ve\/site\/wp-content\/uploads\/2020\/05\/f50bc99db40fa76f7af5283a72bdccec01c87f7f-300x205.jpg 300w\" sizes=\"auto, (max-width: 768px) 100vw, 768px\" \/><\/a><\/p>\n<p>\u00bfPuede Donald Trump negarse a entregar sus declaraciones de impuestos y registros financieros a los fiscales del Congreso y de Nueva York? La Corte Suprema de Estados Unidos aborda el martes esta cuesti\u00f3n con claros tintes pol\u00edticos, una ocasi\u00f3n para definir mejor los l\u00edmites de la inmunidad presidencial.<\/p>\n<p><strong>Estados Unidos, 10 de mayo de 2020 (ND58).-<\/strong> Los nueve jueces del alto tribunal, confinados en casa por la pandemia del nuevo coronavirus, interrogar\u00e1n a los abogados de ambas partes por tel\u00e9fono en una sesi\u00f3n muy esperada que se emitir\u00e1 en directo.<\/p>\n<p>La audiencia, programada inicialmente para fines de marzo, se celebra ahora para dar tiempo a que los jueces tomen una decisi\u00f3n antes de las elecciones presidenciales de noviembre, en las que Trump busca un segundo mandato.<\/p>\n<p>El exmagnate inmobiliario, que alarde\u00f3 de su fortuna en la campa\u00f1a electoral de 2016, es el primer presidente desde Richard Nixon en la d\u00e9cada de 1970 en negarse a entregar sus declaraciones de impuestos, lo que desat\u00f3 rumores sobre su patrimonio y sus posibles problemas financieros.<\/p>\n<p>\u00abClaramente, hay algo en estos documentos que el presidente no quiere que veamos\u00bb, dijo Steven Mazie, escritor y profesor, durante un seminario en l\u00ednea.<\/p>\n<p>Desde que retom\u00f3 el control de la C\u00e1mara de Representantes en las elecciones de mitad de mandato en 2018, la oposici\u00f3n dem\u00f3crata ha estado ansiosa por descubrir qu\u00e9 podr\u00eda ser ese \u00abalgo\u00bb.<\/p>\n<p>Varios comit\u00e9s del Congreso han pedido a la firma de contabilidad Mazars desde hace mucho tiempo, as\u00ed como a Deutsche Bank y Capital One, los registros financieros de Trump entre 2011 y 2018.<\/p>\n<p>El fiscal dem\u00f3crata de Manhattan, Cyrus Vance, hizo una demanda similar a Mazars como parte de una investigaci\u00f3n sobre los pagos que recibi\u00f3 la actriz porno Stormy Daniels para que no airease nada sobre un supuesta relaci\u00f3n con el mandatario.<\/p>\n<p>Trump inmediatamente demand\u00f3 para bloquear la entrega de los documentos.<\/p>\n<p>\u00abLo que est\u00e1n haciendo no es legal\u00bb, dijo el presidente en Twitter, y agreg\u00f3 que \u00abla caza de brujas contin\u00faa\u00bb.<\/p>\n<p>Y tras haber perdido en los tribunales inferiores, Trump recurri\u00f3 al m\u00e1s alto tribunal del pa\u00eds. Despu\u00e9s de que el presidente nombrara a dos jueces conservadores de los nueve que la componen, la Corte Suprema ha dado un claro giro a la derecha.<\/p>\n<p><strong>\u00abAtormentar al presidente\u00bb<\/strong><\/p>\n<p>Los jueces dedicar\u00e1n la primera hora de exposici\u00f3n de argumentos orales del martes a las citaciones del Congreso, que tendr\u00e1 como tel\u00f3n de fondo la feroz batalla sobre los poderes de investigaci\u00f3n del Legislativo.<\/p>\n<p>\u00abAprovechar todos y cada uno de los comit\u00e9s de la C\u00e1mara de Representantes para atormentar al presidente con una citaci\u00f3n legislativa tras otra es una receta para la crisis constitucional\u00bb, dijeron los abogados de Trump en un informe al tribunal.<\/p>\n<p>Los abogados de la C\u00e1mara de Representantes respondieron en su informe que estas solicitudes no son nada nuevo y pusieron como ejemplo otras realizadas en el pasado a los presidentes Richard Nixon, un republicano, y Jimmy Carter, un dem\u00f3crata.<\/p>\n<p>\u00abLo que no tiene precedentes\u00bb, agregaron, \u00abes el extraordinario abanico de argumentos que el presidente Trump y el procurador general hacen sobre el supuesto poder de un presidente para frustrar investigaciones\u00bb.<\/p>\n<p>El Tribunal Supremo puede verse tentado a eludir el tema central. A finales de abril, solicit\u00f3 a ambas partes que respondieran por escrito a la pregunta de si el asunto era de naturaleza pol\u00edtica y no legal. Si lo primero es cierto, los jueces pueden cerrar el archivo sin tomar una decisi\u00f3n.<\/p>\n<p>Ambas partes dijeron el viernes que \u00abno\u00bb, un gesto claro para que la corte tome una resoluci\u00f3n.<\/p>\n<p><strong>Asesinato en la Quinta Avenida<\/strong><\/p>\n<p>En una segunda fase de la sesi\u00f3n del martes, los jueces abordar\u00e1n el caso que involucra al fiscal de Manhattan, lo que plantea la cuesti\u00f3n sobre el alcance de la inmunidad presidencial ante la ley.<\/p>\n<p>Los abogados de Trump argumentaron ante un tribunal de apelaciones que el presidente incluso podr\u00eda matar a tiros a alguien en la Quinta Avenida de Nueva York y no enfrentar\u00eda ninguna sanci\u00f3n legal, mientras est\u00e9 en el cargo.<\/p>\n<p>\u00ab\u00bfNo se podr\u00eda hacer nada?\u00bb, pregunt\u00f3 un juez esc\u00e9ptico. \u00abCorrecto\u00bb, respondi\u00f3 el abogado del presidente.<\/p>\n<p>Para el equipo legal de Trump, la necesidad de inmunidad es \u00abparticularmente aguda cuando se trata de fiscales estatales y locales\u00bb.<\/p>\n<p>\u00abSe debe permitir que el presidente ejecute sus funciones oficiales sin temor a que un estado o localidad utilice un proceso criminal para manifestar su insatisfacci\u00f3n con su desempe\u00f1o\u00bb, escribieron en su informe.<\/p>\n<p>Pero los profesoras de derecho Claire Finkelstein y Richard Painter dicen que esta visi\u00f3n contradice otras decisiones tomadas por la Corte Suprema. Este tribunal requiri\u00f3 a Nixon que entregara grabaciones secretas de la Casa Blanca al fiscal especial que investigaba el esc\u00e1ndalo del Watergate.<\/p>\n<p>Los dos profesores agregaron en un escrito <em>amicus curae<\/em> presentado ante el supremo que una interpretaci\u00f3n expansiva de la inmunidad presidencial representar\u00eda una \u00abgrave amenaza para el Estado de derecho\u00bb.<\/p>\n<p>Si la Corte Suprema acepta los argumentos del equipo de Trump, agregaron, \u00abalterar\u00e1 los principios b\u00e1sicos de responsabilidad de los que depende\u00bb la democracia estadounidense.<\/p><div class=\"unees69f0cdfe2e7c1\" ><p style=\"text-align: center;\"><a href=\"https:\/\/t.me\/noticiasdigital58\" target=\"_blank\" rel=\"noopener\"><img class=\"aligncenter size-full wp-image-125363\" src=\"https:\/\/digital58.com.ve\/site\/wp-content\/uploads\/2021\/04\/banner-telegram-web-2021.png\" alt=\"\" width=\"600\" height=\"90\" \/><\/a><\/p><\/div><style type=\"text\/css\">\r\n@media screen and (min-width: 1201px) {\r\n.unees69f0cdfe2e7c1 {\r\ndisplay: block;\r\n}\r\n}\r\n@media screen and (min-width: 993px) and (max-width: 1200px) {\r\n.unees69f0cdfe2e7c1 {\r\ndisplay: block;\r\n}\r\n}\r\n@media screen and (min-width: 769px) and (max-width: 992px) {\r\n.unees69f0cdfe2e7c1 {\r\ndisplay: block;\r\n}\r\n}\r\n@media screen and (min-width: 768px) and (max-width: 768px) {\r\n.unees69f0cdfe2e7c1 {\r\ndisplay: block;\r\n}\r\n}\r\n@media screen and (max-width: 767px) {\r\n.unees69f0cdfe2e7c1 {\r\ndisplay: block;\r\n}\r\n}\r\n<\/style>\r\n\n<p><strong>Fuente: AFP<\/strong><br \/>\n<strong>Edici\u00f3n: Villasmil, Henry<\/strong><br \/>\n<strong>Gr\u00e1fica: AFP<\/strong><\/p>\n<div style=\"margin-top: 0px; margin-bottom: 0px;\" class=\"sharethis-inline-share-buttons\" ><\/div>","protected":false},"excerpt":{"rendered":"<p>\u00bfPuede Donald Trump negarse a entregar sus declaraciones de impuestos y registros financieros a los fiscales del Congreso y de<\/p>\n","protected":false},"author":1,"featured_media":98083,"comment_status":"open","ping_status":"closed","sticky":false,"template":"","format":"standard","meta":{"colormag_page_container_layout":"default_layout","colormag_page_sidebar_layout":"default_layout","_uag_custom_page_level_css":"","footnotes":""},"categories":[14499,8610],"tags":[1558,3144,1304,14434,8],"class_list":["post-98082","post","type-post","status-publish","format-standard","has-post-thumbnail","hentry","category-economia","category-politica","tag-donald-trump","tag-economia","tag-estados-unidos","tag-impuestos","tag-internacionales"],"yoast_head":"<!-- This site is optimized with the Yoast SEO plugin v27.5 - https:\/\/yoast.com\/product\/yoast-seo-wordpress\/ -->\n<title>La Corte Suprema de EEUU, ante los impuestos y la inmunidad de Trump<\/title>\n<meta name=\"description\" content=\"Pol\u00edtica\" \/>\n<meta name=\"robots\" content=\"index, follow, max-snippet:-1, max-image-preview:large, max-video-preview:-1\" \/>\n<link rel=\"canonical\" href=\"https:\/\/digital58.com.ve\/site\/2020\/05\/10\/la-corte-suprema-de-eeuu-ante-los-impuestos-y-la-inmunidad-de-trump\/\" \/>\n<meta property=\"og:locale\" content=\"es_ES\" \/>\n<meta property=\"og:type\" content=\"article\" \/>\n<meta property=\"og:title\" content=\"La Corte Suprema de EEUU, ante los impuestos y la inmunidad de Trump\" \/>\n<meta property=\"og:description\" content=\"Pol\u00edtica\" \/>\n<meta property=\"og:url\" content=\"https:\/\/digital58.com.ve\/site\/2020\/05\/10\/la-corte-suprema-de-eeuu-ante-los-impuestos-y-la-inmunidad-de-trump\/\" \/>\n<meta property=\"og:site_name\" content=\"Noticias Digital58\" \/>\n<meta property=\"article:published_time\" content=\"2020-05-10T14:53:11+00:00\" \/>\n<meta property=\"article:modified_time\" content=\"2020-05-12T16:10:47+00:00\" \/>\n<meta property=\"og:image\" content=\"https:\/\/digital58.com.ve\/site\/wp-content\/uploads\/2020\/05\/f50bc99db40fa76f7af5283a72bdccec01c87f7f.jpg\" \/>\n\t<meta property=\"og:image:width\" content=\"768\" \/>\n\t<meta property=\"og:image:height\" content=\"525\" \/>\n\t<meta property=\"og:image:type\" content=\"image\/jpeg\" \/>\n<meta name=\"author\" content=\"Villasmil Henry\" \/>\n<meta name=\"twitter:card\" content=\"summary_large_image\" \/>\n<meta name=\"twitter:creator\" content=\"@https:\/\/twitter.com\/villasmilhfoto\" \/>\n<meta name=\"twitter:site\" content=\"@villasmilhfoto\" \/>\n<meta name=\"twitter:label1\" content=\"Escrito por\" \/>\n\t<meta name=\"twitter:data1\" content=\"Villasmil Henry\" \/>\n\t<meta name=\"twitter:label2\" content=\"Tiempo estimado de lectura\" \/>\n\t<meta name=\"twitter:data2\" content=\"4 minutos\" \/>\n<script type=\"application\/ld+json\" class=\"yoast-schema-graph\">{\"@context\":\"https:\\\/\\\/schema.org\",\"@graph\":[{\"@type\":\"Article\",\"@id\":\"https:\\\/\\\/digital58.com.ve\\\/site\\\/2020\\\/05\\\/10\\\/la-corte-suprema-de-eeuu-ante-los-impuestos-y-la-inmunidad-de-trump\\\/#article\",\"isPartOf\":{\"@id\":\"https:\\\/\\\/digital58.com.ve\\\/site\\\/2020\\\/05\\\/10\\\/la-corte-suprema-de-eeuu-ante-los-impuestos-y-la-inmunidad-de-trump\\\/\"},\"author\":{\"name\":\"Villasmil Henry\",\"@id\":\"https:\\\/\\\/digital58.com.ve\\\/site\\\/#\\\/schema\\\/person\\\/64d1c2e4d0d4fd1b849980c4331c2951\"},\"headline\":\"La Corte Suprema de EEUU, ante los impuestos y la inmunidad de Trump\",\"datePublished\":\"2020-05-10T14:53:11+00:00\",\"dateModified\":\"2020-05-12T16:10:47+00:00\",\"mainEntityOfPage\":{\"@id\":\"https:\\\/\\\/digital58.com.ve\\\/site\\\/2020\\\/05\\\/10\\\/la-corte-suprema-de-eeuu-ante-los-impuestos-y-la-inmunidad-de-trump\\\/\"},\"wordCount\":903,\"commentCount\":0,\"publisher\":{\"@id\":\"https:\\\/\\\/digital58.com.ve\\\/site\\\/#\\\/schema\\\/person\\\/64d1c2e4d0d4fd1b849980c4331c2951\"},\"image\":{\"@id\":\"https:\\\/\\\/digital58.com.ve\\\/site\\\/2020\\\/05\\\/10\\\/la-corte-suprema-de-eeuu-ante-los-impuestos-y-la-inmunidad-de-trump\\\/#primaryimage\"},\"thumbnailUrl\":\"https:\\\/\\\/digital58.com.ve\\\/site\\\/wp-content\\\/uploads\\\/2020\\\/05\\\/f50bc99db40fa76f7af5283a72bdccec01c87f7f.jpg\",\"keywords\":[\"Donald Trump\",\"Econom\u00eda\",\"Estados Unidos\",\"Impuestos\",\"Internacionales\"],\"articleSection\":[\"Econom\u00eda\",\"Pol\u00edtica\"],\"inLanguage\":\"es\",\"potentialAction\":[{\"@type\":\"CommentAction\",\"name\":\"Comment\",\"target\":[\"https:\\\/\\\/digital58.com.ve\\\/site\\\/2020\\\/05\\\/10\\\/la-corte-suprema-de-eeuu-ante-los-impuestos-y-la-inmunidad-de-trump\\\/#respond\"]}]},{\"@type\":\"WebPage\",\"@id\":\"https:\\\/\\\/digital58.com.ve\\\/site\\\/2020\\\/05\\\/10\\\/la-corte-suprema-de-eeuu-ante-los-impuestos-y-la-inmunidad-de-trump\\\/\",\"url\":\"https:\\\/\\\/digital58.com.ve\\\/site\\\/2020\\\/05\\\/10\\\/la-corte-suprema-de-eeuu-ante-los-impuestos-y-la-inmunidad-de-trump\\\/\",\"name\":\"La Corte Suprema de EEUU, ante los impuestos y la inmunidad de Trump\",\"isPartOf\":{\"@id\":\"https:\\\/\\\/digital58.com.ve\\\/site\\\/#website\"},\"primaryImageOfPage\":{\"@id\":\"https:\\\/\\\/digital58.com.ve\\\/site\\\/2020\\\/05\\\/10\\\/la-corte-suprema-de-eeuu-ante-los-impuestos-y-la-inmunidad-de-trump\\\/#primaryimage\"},\"image\":{\"@id\":\"https:\\\/\\\/digital58.com.ve\\\/site\\\/2020\\\/05\\\/10\\\/la-corte-suprema-de-eeuu-ante-los-impuestos-y-la-inmunidad-de-trump\\\/#primaryimage\"},\"thumbnailUrl\":\"https:\\\/\\\/digital58.com.ve\\\/site\\\/wp-content\\\/uploads\\\/2020\\\/05\\\/f50bc99db40fa76f7af5283a72bdccec01c87f7f.jpg\",\"datePublished\":\"2020-05-10T14:53:11+00:00\",\"dateModified\":\"2020-05-12T16:10:47+00:00\",\"description\":\"Pol\u00edtica\",\"breadcrumb\":{\"@id\":\"https:\\\/\\\/digital58.com.ve\\\/site\\\/2020\\\/05\\\/10\\\/la-corte-suprema-de-eeuu-ante-los-impuestos-y-la-inmunidad-de-trump\\\/#breadcrumb\"},\"inLanguage\":\"es\",\"potentialAction\":[{\"@type\":\"ReadAction\",\"target\":[\"https:\\\/\\\/digital58.com.ve\\\/site\\\/2020\\\/05\\\/10\\\/la-corte-suprema-de-eeuu-ante-los-impuestos-y-la-inmunidad-de-trump\\\/\"]}]},{\"@type\":\"ImageObject\",\"inLanguage\":\"es\",\"@id\":\"https:\\\/\\\/digital58.com.ve\\\/site\\\/2020\\\/05\\\/10\\\/la-corte-suprema-de-eeuu-ante-los-impuestos-y-la-inmunidad-de-trump\\\/#primaryimage\",\"url\":\"https:\\\/\\\/digital58.com.ve\\\/site\\\/wp-content\\\/uploads\\\/2020\\\/05\\\/f50bc99db40fa76f7af5283a72bdccec01c87f7f.jpg\",\"contentUrl\":\"https:\\\/\\\/digital58.com.ve\\\/site\\\/wp-content\\\/uploads\\\/2020\\\/05\\\/f50bc99db40fa76f7af5283a72bdccec01c87f7f.jpg\",\"width\":768,\"height\":525},{\"@type\":\"BreadcrumbList\",\"@id\":\"https:\\\/\\\/digital58.com.ve\\\/site\\\/2020\\\/05\\\/10\\\/la-corte-suprema-de-eeuu-ante-los-impuestos-y-la-inmunidad-de-trump\\\/#breadcrumb\",\"itemListElement\":[{\"@type\":\"ListItem\",\"position\":1,\"name\":\"Home\",\"item\":\"https:\\\/\\\/digital58.com.ve\\\/site\\\/\"},{\"@type\":\"ListItem\",\"position\":2,\"name\":\"La Corte Suprema de EEUU, ante los impuestos y la inmunidad de Trump\"}]},{\"@type\":\"WebSite\",\"@id\":\"https:\\\/\\\/digital58.com.ve\\\/site\\\/#website\",\"url\":\"https:\\\/\\\/digital58.com.ve\\\/site\\\/\",\"name\":\"Noticias Digital58\",\"description\":\"Portal de Noticias \u00a1Periodismo web de verdad! Lanzamiento web 22.11.2005 \\\/ Maracaibo, Venezuela\",\"publisher\":{\"@id\":\"https:\\\/\\\/digital58.com.ve\\\/site\\\/#\\\/schema\\\/person\\\/64d1c2e4d0d4fd1b849980c4331c2951\"},\"alternateName\":\"ND58\",\"potentialAction\":[{\"@type\":\"SearchAction\",\"target\":{\"@type\":\"EntryPoint\",\"urlTemplate\":\"https:\\\/\\\/digital58.com.ve\\\/site\\\/?s={search_term_string}\"},\"query-input\":{\"@type\":\"PropertyValueSpecification\",\"valueRequired\":true,\"valueName\":\"search_term_string\"}}],\"inLanguage\":\"es\"},{\"@type\":[\"Person\",\"Organization\"],\"@id\":\"https:\\\/\\\/digital58.com.ve\\\/site\\\/#\\\/schema\\\/person\\\/64d1c2e4d0d4fd1b849980c4331c2951\",\"name\":\"Villasmil Henry\",\"image\":{\"@type\":\"ImageObject\",\"inLanguage\":\"es\",\"@id\":\"https:\\\/\\\/secure.gravatar.com\\\/avatar\\\/bb0c4a2fcb7970138239f7e404ea75757b1b507b28b5ce4c53fbd62d797c5a7c?s=96&d=mm&r=g\",\"url\":\"https:\\\/\\\/secure.gravatar.com\\\/avatar\\\/bb0c4a2fcb7970138239f7e404ea75757b1b507b28b5ce4c53fbd62d797c5a7c?s=96&d=mm&r=g\",\"contentUrl\":\"https:\\\/\\\/secure.gravatar.com\\\/avatar\\\/bb0c4a2fcb7970138239f7e404ea75757b1b507b28b5ce4c53fbd62d797c5a7c?s=96&d=mm&r=g\",\"caption\":\"Villasmil Henry\"},\"logo\":{\"@id\":\"https:\\\/\\\/secure.gravatar.com\\\/avatar\\\/bb0c4a2fcb7970138239f7e404ea75757b1b507b28b5ce4c53fbd62d797c5a7c?s=96&d=mm&r=g\"},\"sameAs\":[\"http:\\\/\\\/www.henryvillasmil.com.ve\",\"https:\\\/\\\/www.instagram.com\\\/villasmilhfoto\\\/\",\"https:\\\/\\\/x.com\\\/https:\\\/\\\/twitter.com\\\/villasmilhfoto\"],\"url\":\"https:\\\/\\\/digital58.com.ve\\\/site\\\/author\\\/droopy_68\\\/\"}]}<\/script>\n<!-- \/ Yoast SEO plugin. -->","yoast_head_json":{"title":"La Corte Suprema de EEUU, ante los impuestos y la inmunidad de Trump","description":"Pol\u00edtica","robots":{"index":"index","follow":"follow","max-snippet":"max-snippet:-1","max-image-preview":"max-image-preview:large","max-video-preview":"max-video-preview:-1"},"canonical":"https:\/\/digital58.com.ve\/site\/2020\/05\/10\/la-corte-suprema-de-eeuu-ante-los-impuestos-y-la-inmunidad-de-trump\/","og_locale":"es_ES","og_type":"article","og_title":"La Corte Suprema de EEUU, ante los impuestos y la inmunidad de Trump","og_description":"Pol\u00edtica","og_url":"https:\/\/digital58.com.ve\/site\/2020\/05\/10\/la-corte-suprema-de-eeuu-ante-los-impuestos-y-la-inmunidad-de-trump\/","og_site_name":"Noticias Digital58","article_published_time":"2020-05-10T14:53:11+00:00","article_modified_time":"2020-05-12T16:10:47+00:00","og_image":[{"width":768,"height":525,"url":"https:\/\/digital58.com.ve\/site\/wp-content\/uploads\/2020\/05\/f50bc99db40fa76f7af5283a72bdccec01c87f7f.jpg","type":"image\/jpeg"}],"author":"Villasmil Henry","twitter_card":"summary_large_image","twitter_creator":"@https:\/\/twitter.com\/villasmilhfoto","twitter_site":"@villasmilhfoto","twitter_misc":{"Escrito por":"Villasmil Henry","Tiempo estimado de lectura":"4 minutos"},"schema":{"@context":"https:\/\/schema.org","@graph":[{"@type":"Article","@id":"https:\/\/digital58.com.ve\/site\/2020\/05\/10\/la-corte-suprema-de-eeuu-ante-los-impuestos-y-la-inmunidad-de-trump\/#article","isPartOf":{"@id":"https:\/\/digital58.com.ve\/site\/2020\/05\/10\/la-corte-suprema-de-eeuu-ante-los-impuestos-y-la-inmunidad-de-trump\/"},"author":{"name":"Villasmil Henry","@id":"https:\/\/digital58.com.ve\/site\/#\/schema\/person\/64d1c2e4d0d4fd1b849980c4331c2951"},"headline":"La Corte Suprema de EEUU, ante los impuestos y la inmunidad de Trump","datePublished":"2020-05-10T14:53:11+00:00","dateModified":"2020-05-12T16:10:47+00:00","mainEntityOfPage":{"@id":"https:\/\/digital58.com.ve\/site\/2020\/05\/10\/la-corte-suprema-de-eeuu-ante-los-impuestos-y-la-inmunidad-de-trump\/"},"wordCount":903,"commentCount":0,"publisher":{"@id":"https:\/\/digital58.com.ve\/site\/#\/schema\/person\/64d1c2e4d0d4fd1b849980c4331c2951"},"image":{"@id":"https:\/\/digital58.com.ve\/site\/2020\/05\/10\/la-corte-suprema-de-eeuu-ante-los-impuestos-y-la-inmunidad-de-trump\/#primaryimage"},"thumbnailUrl":"https:\/\/digital58.com.ve\/site\/wp-content\/uploads\/2020\/05\/f50bc99db40fa76f7af5283a72bdccec01c87f7f.jpg","keywords":["Donald Trump","Econom\u00eda","Estados Unidos","Impuestos","Internacionales"],"articleSection":["Econom\u00eda","Pol\u00edtica"],"inLanguage":"es","potentialAction":[{"@type":"CommentAction","name":"Comment","target":["https:\/\/digital58.com.ve\/site\/2020\/05\/10\/la-corte-suprema-de-eeuu-ante-los-impuestos-y-la-inmunidad-de-trump\/#respond"]}]},{"@type":"WebPage","@id":"https:\/\/digital58.com.ve\/site\/2020\/05\/10\/la-corte-suprema-de-eeuu-ante-los-impuestos-y-la-inmunidad-de-trump\/","url":"https:\/\/digital58.com.ve\/site\/2020\/05\/10\/la-corte-suprema-de-eeuu-ante-los-impuestos-y-la-inmunidad-de-trump\/","name":"La Corte Suprema de EEUU, ante los impuestos y la inmunidad de Trump","isPartOf":{"@id":"https:\/\/digital58.com.ve\/site\/#website"},"primaryImageOfPage":{"@id":"https:\/\/digital58.com.ve\/site\/2020\/05\/10\/la-corte-suprema-de-eeuu-ante-los-impuestos-y-la-inmunidad-de-trump\/#primaryimage"},"image":{"@id":"https:\/\/digital58.com.ve\/site\/2020\/05\/10\/la-corte-suprema-de-eeuu-ante-los-impuestos-y-la-inmunidad-de-trump\/#primaryimage"},"thumbnailUrl":"https:\/\/digital58.com.ve\/site\/wp-content\/uploads\/2020\/05\/f50bc99db40fa76f7af5283a72bdccec01c87f7f.jpg","datePublished":"2020-05-10T14:53:11+00:00","dateModified":"2020-05-12T16:10:47+00:00","description":"Pol\u00edtica","breadcrumb":{"@id":"https:\/\/digital58.com.ve\/site\/2020\/05\/10\/la-corte-suprema-de-eeuu-ante-los-impuestos-y-la-inmunidad-de-trump\/#breadcrumb"},"inLanguage":"es","potentialAction":[{"@type":"ReadAction","target":["https:\/\/digital58.com.ve\/site\/2020\/05\/10\/la-corte-suprema-de-eeuu-ante-los-impuestos-y-la-inmunidad-de-trump\/"]}]},{"@type":"ImageObject","inLanguage":"es","@id":"https:\/\/digital58.com.ve\/site\/2020\/05\/10\/la-corte-suprema-de-eeuu-ante-los-impuestos-y-la-inmunidad-de-trump\/#primaryimage","url":"https:\/\/digital58.com.ve\/site\/wp-content\/uploads\/2020\/05\/f50bc99db40fa76f7af5283a72bdccec01c87f7f.jpg","contentUrl":"https:\/\/digital58.com.ve\/site\/wp-content\/uploads\/2020\/05\/f50bc99db40fa76f7af5283a72bdccec01c87f7f.jpg","width":768,"height":525},{"@type":"BreadcrumbList","@id":"https:\/\/digital58.com.ve\/site\/2020\/05\/10\/la-corte-suprema-de-eeuu-ante-los-impuestos-y-la-inmunidad-de-trump\/#breadcrumb","itemListElement":[{"@type":"ListItem","position":1,"name":"Home","item":"https:\/\/digital58.com.ve\/site\/"},{"@type":"ListItem","position":2,"name":"La Corte Suprema de EEUU, ante los impuestos y la inmunidad de Trump"}]},{"@type":"WebSite","@id":"https:\/\/digital58.com.ve\/site\/#website","url":"https:\/\/digital58.com.ve\/site\/","name":"Noticias Digital58","description":"Portal de Noticias \u00a1Periodismo web de verdad! Lanzamiento web 22.11.2005 \/ Maracaibo, Venezuela","publisher":{"@id":"https:\/\/digital58.com.ve\/site\/#\/schema\/person\/64d1c2e4d0d4fd1b849980c4331c2951"},"alternateName":"ND58","potentialAction":[{"@type":"SearchAction","target":{"@type":"EntryPoint","urlTemplate":"https:\/\/digital58.com.ve\/site\/?s={search_term_string}"},"query-input":{"@type":"PropertyValueSpecification","valueRequired":true,"valueName":"search_term_string"}}],"inLanguage":"es"},{"@type":["Person","Organization"],"@id":"https:\/\/digital58.com.ve\/site\/#\/schema\/person\/64d1c2e4d0d4fd1b849980c4331c2951","name":"Villasmil Henry","image":{"@type":"ImageObject","inLanguage":"es","@id":"https:\/\/secure.gravatar.com\/avatar\/bb0c4a2fcb7970138239f7e404ea75757b1b507b28b5ce4c53fbd62d797c5a7c?s=96&d=mm&r=g","url":"https:\/\/secure.gravatar.com\/avatar\/bb0c4a2fcb7970138239f7e404ea75757b1b507b28b5ce4c53fbd62d797c5a7c?s=96&d=mm&r=g","contentUrl":"https:\/\/secure.gravatar.com\/avatar\/bb0c4a2fcb7970138239f7e404ea75757b1b507b28b5ce4c53fbd62d797c5a7c?s=96&d=mm&r=g","caption":"Villasmil Henry"},"logo":{"@id":"https:\/\/secure.gravatar.com\/avatar\/bb0c4a2fcb7970138239f7e404ea75757b1b507b28b5ce4c53fbd62d797c5a7c?s=96&d=mm&r=g"},"sameAs":["http:\/\/www.henryvillasmil.com.ve","https:\/\/www.instagram.com\/villasmilhfoto\/","https:\/\/x.com\/https:\/\/twitter.com\/villasmilhfoto"],"url":"https:\/\/digital58.com.ve\/site\/author\/droopy_68\/"}]}},"uagb_featured_image_src":{"full":["https:\/\/digital58.com.ve\/site\/wp-content\/uploads\/2020\/05\/f50bc99db40fa76f7af5283a72bdccec01c87f7f.jpg",768,525,false],"thumbnail":["https:\/\/digital58.com.ve\/site\/wp-content\/uploads\/2020\/05\/f50bc99db40fa76f7af5283a72bdccec01c87f7f-150x150.jpg",150,150,true],"medium":["https:\/\/digital58.com.ve\/site\/wp-content\/uploads\/2020\/05\/f50bc99db40fa76f7af5283a72bdccec01c87f7f-300x205.jpg",300,205,true],"medium_large":["https:\/\/digital58.com.ve\/site\/wp-content\/uploads\/2020\/05\/f50bc99db40fa76f7af5283a72bdccec01c87f7f.jpg",768,525,false],"large":["https:\/\/digital58.com.ve\/site\/wp-content\/uploads\/2020\/05\/f50bc99db40fa76f7af5283a72bdccec01c87f7f.jpg",768,525,false],"1536x1536":["https:\/\/digital58.com.ve\/site\/wp-content\/uploads\/2020\/05\/f50bc99db40fa76f7af5283a72bdccec01c87f7f.jpg",768,525,false],"2048x2048":["https:\/\/digital58.com.ve\/site\/wp-content\/uploads\/2020\/05\/f50bc99db40fa76f7af5283a72bdccec01c87f7f.jpg",768,525,false],"colormag-highlighted-post":["https:\/\/digital58.com.ve\/site\/wp-content\/uploads\/2020\/05\/f50bc99db40fa76f7af5283a72bdccec01c87f7f.jpg",392,268,false],"colormag-featured-post-medium":["https:\/\/digital58.com.ve\/site\/wp-content\/uploads\/2020\/05\/f50bc99db40fa76f7af5283a72bdccec01c87f7f.jpg",300,205,false],"colormag-featured-post-small":["https:\/\/digital58.com.ve\/site\/wp-content\/uploads\/2020\/05\/f50bc99db40fa76f7af5283a72bdccec01c87f7f.jpg",130,90,false],"colormag-featured-image":["https:\/\/digital58.com.ve\/site\/wp-content\/uploads\/2020\/05\/f50bc99db40fa76f7af5283a72bdccec01c87f7f.jpg",651,445,false],"colormag-default-news":["https:\/\/digital58.com.ve\/site\/wp-content\/uploads\/2020\/05\/f50bc99db40fa76f7af5283a72bdccec01c87f7f.jpg",150,103,false],"colormag-featured-image-large":["https:\/\/digital58.com.ve\/site\/wp-content\/uploads\/2020\/05\/f50bc99db40fa76f7af5283a72bdccec01c87f7f.jpg",768,525,false]},"uagb_author_info":{"display_name":"Villasmil Henry","author_link":"https:\/\/digital58.com.ve\/site\/author\/droopy_68\/"},"uagb_comment_info":0,"uagb_excerpt":"\u00bfPuede Donald Trump negarse a entregar sus declaraciones de impuestos y registros financieros a los fiscales del Congreso y de","_links":{"self":[{"href":"https:\/\/digital58.com.ve\/site\/wp-json\/wp\/v2\/posts\/98082","targetHints":{"allow":["GET"]}}],"collection":[{"href":"https:\/\/digital58.com.ve\/site\/wp-json\/wp\/v2\/posts"}],"about":[{"href":"https:\/\/digital58.com.ve\/site\/wp-json\/wp\/v2\/types\/post"}],"author":[{"embeddable":true,"href":"https:\/\/digital58.com.ve\/site\/wp-json\/wp\/v2\/users\/1"}],"replies":[{"embeddable":true,"href":"https:\/\/digital58.com.ve\/site\/wp-json\/wp\/v2\/comments?post=98082"}],"version-history":[{"count":0,"href":"https:\/\/digital58.com.ve\/site\/wp-json\/wp\/v2\/posts\/98082\/revisions"}],"wp:featuredmedia":[{"embeddable":true,"href":"https:\/\/digital58.com.ve\/site\/wp-json\/wp\/v2\/media\/98083"}],"wp:attachment":[{"href":"https:\/\/digital58.com.ve\/site\/wp-json\/wp\/v2\/media?parent=98082"}],"wp:term":[{"taxonomy":"category","embeddable":true,"href":"https:\/\/digital58.com.ve\/site\/wp-json\/wp\/v2\/categories?post=98082"},{"taxonomy":"post_tag","embeddable":true,"href":"https:\/\/digital58.com.ve\/site\/wp-json\/wp\/v2\/tags?post=98082"}],"curies":[{"name":"wp","href":"https:\/\/api.w.org\/{rel}","templated":true}]}}