{"id":98085,"date":"2020-05-10T11:01:05","date_gmt":"2020-05-10T15:01:05","guid":{"rendered":"https:\/\/digital58.com.ve\/site\/?p=98085"},"modified":"2020-05-10T11:01:05","modified_gmt":"2020-05-10T15:01:05","slug":"vanessa-bryant-presenta-reclamo-en-contra-del-alguacil-por-fotos-de-kobe-bryant-en-el-lugar-del-accidente","status":"publish","type":"post","link":"https:\/\/digital58.com.ve\/site\/2020\/05\/10\/vanessa-bryant-presenta-reclamo-en-contra-del-alguacil-por-fotos-de-kobe-bryant-en-el-lugar-del-accidente\/","title":{"rendered":"Vanessa Bryant presenta reclamo en contra del alguacil por fotos de Kobe Bryant en el lugar del accidente"},"content":{"rendered":"<p><a href=\"https:\/\/digital58.com.ve\/site\/wp-content\/uploads\/2020\/05\/ca-times.brightspotcdn.com_.jpeg\"><img loading=\"lazy\" decoding=\"async\" class=\"aligncenter size-full wp-image-98090\" src=\"https:\/\/digital58.com.ve\/site\/wp-content\/uploads\/2020\/05\/ca-times.brightspotcdn.com_.jpeg\" alt=\"\" width=\"840\" height=\"473\" srcset=\"https:\/\/digital58.com.ve\/site\/wp-content\/uploads\/2020\/05\/ca-times.brightspotcdn.com_.jpeg 800w, https:\/\/digital58.com.ve\/site\/wp-content\/uploads\/2020\/05\/ca-times.brightspotcdn.com_-300x169.jpeg 300w, https:\/\/digital58.com.ve\/site\/wp-content\/uploads\/2020\/05\/ca-times.brightspotcdn.com_-768x432.jpeg 768w\" sizes=\"auto, (max-width: 840px) 100vw, 840px\" \/><\/a><\/p>\n<p>Vanessa Bryant ha presentado un reclamo contra el Departamento del Alguacil del Condado de Los \u00c1ngeles despu\u00e9s de que los agentes compartieron fotos \u00abno autorizadas\u00bb de la escena del accidente de helic\u00f3ptero que caus\u00f3 la muerte de su esposo, Kobe Bryant, su hija y otras siete personas.<\/p>\n<p><strong>Estados Unidos, 10 de mayo de 2020 (ND58).-<\/strong> Seg\u00fan el reclamo presentado el viernes, el alguacil Alex Villanueva \u00able asegur\u00f3 personalmente\u00bb que los agentes iban a asegurar el lugar del accidente para garantizar su privacidad.<\/p>\n<p>\u00abSin embargo, en realidad, por lo menos ocho agentes del alguacil estaban en la escena tomando fotos con tel\u00e9fonos celulares de los ni\u00f1os, padres y entrenadores muertos\u00bb, mencion\u00f3 el reclamo, que es el precursor de una demanda legal. \u00abComo el departamento admitir\u00eda m\u00e1s tarde, no exist\u00eda ning\u00fan prop\u00f3sito de investigaci\u00f3n para que los oficiales tomaran fotograf\u00edas en el lugar del accidente. M\u00e1s bien, los oficiales tomaron fotos para sus propios fines personales\u00bb.<\/p>\n<p>El reclamo tambi\u00e9n establece que la respuesta del departamento al esc\u00e1ndalo ha sido \u00abextremadamente insuficiente\u00bb.<\/p>\n<p>\u00abLa se\u00f1ora Bryant sufri\u00f3 de mucha angustia al enterarse de que el departamento no inici\u00f3 una investigaci\u00f3n formal hasta despu\u00e9s de que Los Angeles Times revelara la historia\u00bb, declar\u00f3 el documento, el cual mencion\u00f3 que cinco oficiales y tres aprendices o agentes de reserva tomaron o compartieron fotos de la escena.<\/p>\n<p>El reclamo alega que los agentes que tomaron y compartieron las fotos son responsables por negligencia, imposici\u00f3n intencional de angustia emocional e invasi\u00f3n de su derecho de privacidad.<\/p>\n<p>El Departamento del Sheriff dijo que no hab\u00eda recibido el reclamo y declin\u00f3 hacer comentarios. Villanueva no respondi\u00f3 a las solicitudes de comentarios.<\/p>\n<p>Los otros que perecieron en el accidente fueron Gianna, la hija de Bryant de 13 a\u00f1os; Christina Mauser; Payton y Sarah Chester; John, Keri y Alyssa Altobelli; y el piloto Ara Zobayan.<\/p>\n<p>Los Angeles Times fue el primero en revelar que los agentes compartieron fotos tomadas en el lugar del accidente cerca de Calabasas despu\u00e9s de que alguien present\u00f3 una queja por escrito al Departamento del Alguacil tres d\u00edas despu\u00e9s del accidente del 26 de enero.<\/p>\n<p>Un joven agente mostr\u00f3 fotos horrendas tomadas en la escena de la tragedia en el Baja California Bar &amp; Grill en Norwalk, seg\u00fan la denuncia.<\/p>\n<p>Durante semanas, los l\u00edderes del Departamento del Sheriff trataron de controlar lo acontecido en lugar de seguir los protocolos de investigaci\u00f3n normales, incluso despu\u00e9s de determinar que varios oficiales m\u00e1s hab\u00edan obtenido fotos.<\/p>\n<p>Villanueva orden\u00f3 a los agentes a eliminar las fotos sin decir nada a nadie, una medida que algunos expertos del departamento y expertos legales elegaron que podr\u00eda representarse destrucci\u00f3n de evidencia.<\/p>\n<p>Despu\u00e9s de las revelaciones, un abogado de Vanessa Bryant dijo que hab\u00eda ido a la oficina del alguacil despu\u00e9s del accidente y solicit\u00f3 que el \u00e1rea fuera designada como \u00abzona de exclusi\u00f3n a\u00e9rea\u00bb y protegida de fot\u00f3grafos.<\/p>\n<p>\u00abEn ese momento, el alguacil Alex Villanueva nos asegur\u00f3 que se tomar\u00edan todas las medidas para proteger la privacidad de las familias, y entendemos que han trabajado duro para cumplir con esas solicitudes\u00bb, dijo el abogado Gary C. Robb, quien exigi\u00f3 que los agentes sean identificados \u00abpara garantizar que las fotos no se difundan m\u00e1s\u00bb.<\/p>\n<p>Robb solicit\u00f3 una investigaci\u00f3n de asuntos internos sobre las acusaciones y la \u00abdisciplina m\u00e1s dura posible\u00bb para los responsables. Llam\u00f3 a la supuesta conducta \u00abinexcusable y deplorable\u00bb.<\/p>\n<p>\u00abEsta es una violaci\u00f3n indescriptible de la decencia humana, el respeto y los derechos de privacidad de las v\u00edctimas y sus familias\u00bb, dijo.<\/p>\n<p>Despu\u00e9s de que Los Angeles Times informara sobre el esc\u00e1ndalo, Villanueva dijo que lanz\u00f3 una investigaci\u00f3n, y le pidi\u00f3 a la Oficina del Inspector General que la supervisara.<\/p>\n<p>El inspector general Max Huntsman se ofreci\u00f3 a hacerse cargo de la investigaci\u00f3n, como lo hizo su oficina en el pasado cuando surgieron conflictos de intereses.<\/p>\n<p>\u00abComo saben, estamos llevando a cabo una investigaci\u00f3n sobre las acusaciones p\u00fablicas de que el personal del departamento del alguacil del condado de Los \u00c1ngeles orden\u00f3 la destrucci\u00f3n de evidencia de fotograf\u00edas de la escena del accidente y suprimi\u00f3 la investigaci\u00f3n antes de que el asunto se informara p\u00fablicamente\u00bb, dijo Huntsman en la carta.<\/p>\n<p>El Departamento del Alguacil dijo el viernes que el caso de estos asuntos internos \u00aba\u00fan est\u00e1 bajo investigaci\u00f3n y est\u00e1 en condici\u00f3n de pendiente\u00bb.<\/p>\n<p>A principios de esta semana, un legislador de California indignado por el esc\u00e1ndalo dijo que quer\u00eda convertir en un delito el hecho que los agentes de la ley tomen fotograf\u00edas no autorizadas de los fallecidos en accidentes y crimenes.<\/p>\n<p>El asamble\u00edsta estatal Mike Gipson (D-Carson) ha presentado una legislaci\u00f3n que convertir\u00eda esas acciones en un delito menor, el cual podr\u00eda ser castigado hasta con un a\u00f1o de c\u00e1rcel y $5,000 en multas cuando un agente de primeros auxilios use un tel\u00e9fono inteligente u otro dispositivo para fotografiar a una persona fallecida para cualquier prop\u00f3sito aparte del asunto oficial de aplicaci\u00f3n de la ley.<\/p><div class=\"zgjbt69f0e53a6ae8f\" ><p style=\"text-align: center;\"><a href=\"https:\/\/t.me\/noticiasdigital58\" target=\"_blank\" rel=\"noopener\"><img class=\"aligncenter size-full wp-image-125363\" src=\"https:\/\/digital58.com.ve\/site\/wp-content\/uploads\/2021\/04\/banner-telegram-web-2021.png\" alt=\"\" width=\"600\" height=\"90\" \/><\/a><\/p><\/div><style type=\"text\/css\">\r\n@media screen and (min-width: 1201px) {\r\n.zgjbt69f0e53a6ae8f {\r\ndisplay: block;\r\n}\r\n}\r\n@media screen and (min-width: 993px) and (max-width: 1200px) {\r\n.zgjbt69f0e53a6ae8f {\r\ndisplay: block;\r\n}\r\n}\r\n@media screen and (min-width: 769px) and (max-width: 992px) {\r\n.zgjbt69f0e53a6ae8f {\r\ndisplay: block;\r\n}\r\n}\r\n@media screen and (min-width: 768px) and (max-width: 768px) {\r\n.zgjbt69f0e53a6ae8f {\r\ndisplay: block;\r\n}\r\n}\r\n@media screen and (max-width: 767px) {\r\n.zgjbt69f0e53a6ae8f {\r\ndisplay: block;\r\n}\r\n}\r\n<\/style>\r\n\n<p><strong>Fuente: Latimes<\/strong><br \/>\n<strong>Edici\u00f3n: Villasmil, Henry<\/strong><br \/>\n<strong>Gr\u00e1fica: AP<\/strong><\/p>\n<div style=\"margin-top: 0px; margin-bottom: 0px;\" class=\"sharethis-inline-share-buttons\" ><\/div>","protected":false},"excerpt":{"rendered":"<p>Vanessa Bryant ha presentado un reclamo contra el Departamento del Alguacil del Condado de Los \u00c1ngeles despu\u00e9s de que los<\/p>\n","protected":false},"author":1,"featured_media":98090,"comment_status":"open","ping_status":"closed","sticky":false,"template":"","format":"standard","meta":{"colormag_page_container_layout":"default_layout","colormag_page_sidebar_layout":"default_layout","_uag_custom_page_level_css":"","footnotes":""},"categories":[1],"tags":[14435,1304,273,8,13319,14237],"class_list":["post-98085","post","type-post","status-publish","format-standard","has-post-thumbnail","hentry","category-fama","tag-demandas","tag-estados-unidos","tag-farandula","tag-internacionales","tag-kobe-bryant","tag-vanessa-bryant"],"yoast_head":"<!-- This site is optimized with the Yoast SEO plugin v27.5 - https:\/\/yoast.com\/product\/yoast-seo-wordpress\/ -->\n<title>Vanessa Bryant presenta reclamo en contra del alguacil por fotos de Kobe Bryant en el lugar del accidente<\/title>\n<meta name=\"description\" content=\"Fama\" \/>\n<meta name=\"robots\" content=\"index, follow, max-snippet:-1, max-image-preview:large, max-video-preview:-1\" \/>\n<link rel=\"canonical\" href=\"https:\/\/digital58.com.ve\/site\/2020\/05\/10\/vanessa-bryant-presenta-reclamo-en-contra-del-alguacil-por-fotos-de-kobe-bryant-en-el-lugar-del-accidente\/\" \/>\n<meta property=\"og:locale\" content=\"es_ES\" \/>\n<meta property=\"og:type\" content=\"article\" \/>\n<meta property=\"og:title\" content=\"Vanessa Bryant presenta reclamo en contra del alguacil por fotos de Kobe Bryant en el lugar del accidente\" \/>\n<meta property=\"og:description\" content=\"Fama\" \/>\n<meta property=\"og:url\" content=\"https:\/\/digital58.com.ve\/site\/2020\/05\/10\/vanessa-bryant-presenta-reclamo-en-contra-del-alguacil-por-fotos-de-kobe-bryant-en-el-lugar-del-accidente\/\" \/>\n<meta property=\"og:site_name\" content=\"Noticias Digital58\" \/>\n<meta property=\"article:published_time\" content=\"2020-05-10T15:01:05+00:00\" \/>\n<meta property=\"og:image\" content=\"https:\/\/digital58.com.ve\/site\/wp-content\/uploads\/2020\/05\/ca-times.brightspotcdn.com_.jpeg\" \/>\n\t<meta property=\"og:image:width\" content=\"840\" \/>\n\t<meta property=\"og:image:height\" content=\"473\" \/>\n\t<meta property=\"og:image:type\" content=\"image\/jpeg\" \/>\n<meta name=\"author\" content=\"Villasmil Henry\" \/>\n<meta name=\"twitter:card\" content=\"summary_large_image\" \/>\n<meta name=\"twitter:creator\" content=\"@https:\/\/twitter.com\/villasmilhfoto\" \/>\n<meta name=\"twitter:site\" content=\"@villasmilhfoto\" \/>\n<meta name=\"twitter:label1\" content=\"Escrito por\" \/>\n\t<meta name=\"twitter:data1\" content=\"Villasmil Henry\" \/>\n\t<meta name=\"twitter:label2\" content=\"Tiempo estimado de lectura\" \/>\n\t<meta name=\"twitter:data2\" content=\"4 minutos\" \/>\n<script type=\"application\/ld+json\" class=\"yoast-schema-graph\">{\"@context\":\"https:\\\/\\\/schema.org\",\"@graph\":[{\"@type\":\"Article\",\"@id\":\"https:\\\/\\\/digital58.com.ve\\\/site\\\/2020\\\/05\\\/10\\\/vanessa-bryant-presenta-reclamo-en-contra-del-alguacil-por-fotos-de-kobe-bryant-en-el-lugar-del-accidente\\\/#article\",\"isPartOf\":{\"@id\":\"https:\\\/\\\/digital58.com.ve\\\/site\\\/2020\\\/05\\\/10\\\/vanessa-bryant-presenta-reclamo-en-contra-del-alguacil-por-fotos-de-kobe-bryant-en-el-lugar-del-accidente\\\/\"},\"author\":{\"name\":\"Villasmil Henry\",\"@id\":\"https:\\\/\\\/digital58.com.ve\\\/site\\\/#\\\/schema\\\/person\\\/64d1c2e4d0d4fd1b849980c4331c2951\"},\"headline\":\"Vanessa Bryant presenta reclamo en contra del alguacil por fotos de Kobe Bryant en el lugar del accidente\",\"datePublished\":\"2020-05-10T15:01:05+00:00\",\"mainEntityOfPage\":{\"@id\":\"https:\\\/\\\/digital58.com.ve\\\/site\\\/2020\\\/05\\\/10\\\/vanessa-bryant-presenta-reclamo-en-contra-del-alguacil-por-fotos-de-kobe-bryant-en-el-lugar-del-accidente\\\/\"},\"wordCount\":906,\"commentCount\":0,\"publisher\":{\"@id\":\"https:\\\/\\\/digital58.com.ve\\\/site\\\/#\\\/schema\\\/person\\\/64d1c2e4d0d4fd1b849980c4331c2951\"},\"image\":{\"@id\":\"https:\\\/\\\/digital58.com.ve\\\/site\\\/2020\\\/05\\\/10\\\/vanessa-bryant-presenta-reclamo-en-contra-del-alguacil-por-fotos-de-kobe-bryant-en-el-lugar-del-accidente\\\/#primaryimage\"},\"thumbnailUrl\":\"https:\\\/\\\/digital58.com.ve\\\/site\\\/wp-content\\\/uploads\\\/2020\\\/05\\\/ca-times.brightspotcdn.com_.jpeg\",\"keywords\":[\"Demandas\",\"Estados Unidos\",\"Far\u00e1ndula\",\"Internacionales\",\"Kobe Bryant\",\"Vanessa Bryant\"],\"articleSection\":[\"Fama\"],\"inLanguage\":\"es\",\"potentialAction\":[{\"@type\":\"CommentAction\",\"name\":\"Comment\",\"target\":[\"https:\\\/\\\/digital58.com.ve\\\/site\\\/2020\\\/05\\\/10\\\/vanessa-bryant-presenta-reclamo-en-contra-del-alguacil-por-fotos-de-kobe-bryant-en-el-lugar-del-accidente\\\/#respond\"]}]},{\"@type\":\"WebPage\",\"@id\":\"https:\\\/\\\/digital58.com.ve\\\/site\\\/2020\\\/05\\\/10\\\/vanessa-bryant-presenta-reclamo-en-contra-del-alguacil-por-fotos-de-kobe-bryant-en-el-lugar-del-accidente\\\/\",\"url\":\"https:\\\/\\\/digital58.com.ve\\\/site\\\/2020\\\/05\\\/10\\\/vanessa-bryant-presenta-reclamo-en-contra-del-alguacil-por-fotos-de-kobe-bryant-en-el-lugar-del-accidente\\\/\",\"name\":\"Vanessa Bryant presenta reclamo en contra del alguacil por fotos de Kobe Bryant en el lugar del accidente\",\"isPartOf\":{\"@id\":\"https:\\\/\\\/digital58.com.ve\\\/site\\\/#website\"},\"primaryImageOfPage\":{\"@id\":\"https:\\\/\\\/digital58.com.ve\\\/site\\\/2020\\\/05\\\/10\\\/vanessa-bryant-presenta-reclamo-en-contra-del-alguacil-por-fotos-de-kobe-bryant-en-el-lugar-del-accidente\\\/#primaryimage\"},\"image\":{\"@id\":\"https:\\\/\\\/digital58.com.ve\\\/site\\\/2020\\\/05\\\/10\\\/vanessa-bryant-presenta-reclamo-en-contra-del-alguacil-por-fotos-de-kobe-bryant-en-el-lugar-del-accidente\\\/#primaryimage\"},\"thumbnailUrl\":\"https:\\\/\\\/digital58.com.ve\\\/site\\\/wp-content\\\/uploads\\\/2020\\\/05\\\/ca-times.brightspotcdn.com_.jpeg\",\"datePublished\":\"2020-05-10T15:01:05+00:00\",\"description\":\"Fama\",\"breadcrumb\":{\"@id\":\"https:\\\/\\\/digital58.com.ve\\\/site\\\/2020\\\/05\\\/10\\\/vanessa-bryant-presenta-reclamo-en-contra-del-alguacil-por-fotos-de-kobe-bryant-en-el-lugar-del-accidente\\\/#breadcrumb\"},\"inLanguage\":\"es\",\"potentialAction\":[{\"@type\":\"ReadAction\",\"target\":[\"https:\\\/\\\/digital58.com.ve\\\/site\\\/2020\\\/05\\\/10\\\/vanessa-bryant-presenta-reclamo-en-contra-del-alguacil-por-fotos-de-kobe-bryant-en-el-lugar-del-accidente\\\/\"]}]},{\"@type\":\"ImageObject\",\"inLanguage\":\"es\",\"@id\":\"https:\\\/\\\/digital58.com.ve\\\/site\\\/2020\\\/05\\\/10\\\/vanessa-bryant-presenta-reclamo-en-contra-del-alguacil-por-fotos-de-kobe-bryant-en-el-lugar-del-accidente\\\/#primaryimage\",\"url\":\"https:\\\/\\\/digital58.com.ve\\\/site\\\/wp-content\\\/uploads\\\/2020\\\/05\\\/ca-times.brightspotcdn.com_.jpeg\",\"contentUrl\":\"https:\\\/\\\/digital58.com.ve\\\/site\\\/wp-content\\\/uploads\\\/2020\\\/05\\\/ca-times.brightspotcdn.com_.jpeg\",\"width\":800,\"height\":450},{\"@type\":\"BreadcrumbList\",\"@id\":\"https:\\\/\\\/digital58.com.ve\\\/site\\\/2020\\\/05\\\/10\\\/vanessa-bryant-presenta-reclamo-en-contra-del-alguacil-por-fotos-de-kobe-bryant-en-el-lugar-del-accidente\\\/#breadcrumb\",\"itemListElement\":[{\"@type\":\"ListItem\",\"position\":1,\"name\":\"Home\",\"item\":\"https:\\\/\\\/digital58.com.ve\\\/site\\\/\"},{\"@type\":\"ListItem\",\"position\":2,\"name\":\"Vanessa Bryant presenta reclamo en contra del alguacil por fotos de Kobe Bryant en el lugar del accidente\"}]},{\"@type\":\"WebSite\",\"@id\":\"https:\\\/\\\/digital58.com.ve\\\/site\\\/#website\",\"url\":\"https:\\\/\\\/digital58.com.ve\\\/site\\\/\",\"name\":\"Noticias Digital58\",\"description\":\"Portal de Noticias \u00a1Periodismo web de verdad! Lanzamiento web 22.11.2005 \\\/ Maracaibo, Venezuela\",\"publisher\":{\"@id\":\"https:\\\/\\\/digital58.com.ve\\\/site\\\/#\\\/schema\\\/person\\\/64d1c2e4d0d4fd1b849980c4331c2951\"},\"alternateName\":\"ND58\",\"potentialAction\":[{\"@type\":\"SearchAction\",\"target\":{\"@type\":\"EntryPoint\",\"urlTemplate\":\"https:\\\/\\\/digital58.com.ve\\\/site\\\/?s={search_term_string}\"},\"query-input\":{\"@type\":\"PropertyValueSpecification\",\"valueRequired\":true,\"valueName\":\"search_term_string\"}}],\"inLanguage\":\"es\"},{\"@type\":[\"Person\",\"Organization\"],\"@id\":\"https:\\\/\\\/digital58.com.ve\\\/site\\\/#\\\/schema\\\/person\\\/64d1c2e4d0d4fd1b849980c4331c2951\",\"name\":\"Villasmil Henry\",\"image\":{\"@type\":\"ImageObject\",\"inLanguage\":\"es\",\"@id\":\"https:\\\/\\\/secure.gravatar.com\\\/avatar\\\/bb0c4a2fcb7970138239f7e404ea75757b1b507b28b5ce4c53fbd62d797c5a7c?s=96&d=mm&r=g\",\"url\":\"https:\\\/\\\/secure.gravatar.com\\\/avatar\\\/bb0c4a2fcb7970138239f7e404ea75757b1b507b28b5ce4c53fbd62d797c5a7c?s=96&d=mm&r=g\",\"contentUrl\":\"https:\\\/\\\/secure.gravatar.com\\\/avatar\\\/bb0c4a2fcb7970138239f7e404ea75757b1b507b28b5ce4c53fbd62d797c5a7c?s=96&d=mm&r=g\",\"caption\":\"Villasmil Henry\"},\"logo\":{\"@id\":\"https:\\\/\\\/secure.gravatar.com\\\/avatar\\\/bb0c4a2fcb7970138239f7e404ea75757b1b507b28b5ce4c53fbd62d797c5a7c?s=96&d=mm&r=g\"},\"sameAs\":[\"http:\\\/\\\/www.henryvillasmil.com.ve\",\"https:\\\/\\\/www.instagram.com\\\/villasmilhfoto\\\/\",\"https:\\\/\\\/x.com\\\/https:\\\/\\\/twitter.com\\\/villasmilhfoto\"],\"url\":\"https:\\\/\\\/digital58.com.ve\\\/site\\\/author\\\/droopy_68\\\/\"}]}<\/script>\n<!-- \/ Yoast SEO plugin. -->","yoast_head_json":{"title":"Vanessa Bryant presenta reclamo en contra del alguacil por fotos de Kobe Bryant en el lugar del accidente","description":"Fama","robots":{"index":"index","follow":"follow","max-snippet":"max-snippet:-1","max-image-preview":"max-image-preview:large","max-video-preview":"max-video-preview:-1"},"canonical":"https:\/\/digital58.com.ve\/site\/2020\/05\/10\/vanessa-bryant-presenta-reclamo-en-contra-del-alguacil-por-fotos-de-kobe-bryant-en-el-lugar-del-accidente\/","og_locale":"es_ES","og_type":"article","og_title":"Vanessa Bryant presenta reclamo en contra del alguacil por fotos de Kobe Bryant en el lugar del accidente","og_description":"Fama","og_url":"https:\/\/digital58.com.ve\/site\/2020\/05\/10\/vanessa-bryant-presenta-reclamo-en-contra-del-alguacil-por-fotos-de-kobe-bryant-en-el-lugar-del-accidente\/","og_site_name":"Noticias Digital58","article_published_time":"2020-05-10T15:01:05+00:00","og_image":[{"width":840,"height":473,"url":"https:\/\/digital58.com.ve\/site\/wp-content\/uploads\/2020\/05\/ca-times.brightspotcdn.com_.jpeg","type":"image\/jpeg"}],"author":"Villasmil Henry","twitter_card":"summary_large_image","twitter_creator":"@https:\/\/twitter.com\/villasmilhfoto","twitter_site":"@villasmilhfoto","twitter_misc":{"Escrito por":"Villasmil Henry","Tiempo estimado de lectura":"4 minutos"},"schema":{"@context":"https:\/\/schema.org","@graph":[{"@type":"Article","@id":"https:\/\/digital58.com.ve\/site\/2020\/05\/10\/vanessa-bryant-presenta-reclamo-en-contra-del-alguacil-por-fotos-de-kobe-bryant-en-el-lugar-del-accidente\/#article","isPartOf":{"@id":"https:\/\/digital58.com.ve\/site\/2020\/05\/10\/vanessa-bryant-presenta-reclamo-en-contra-del-alguacil-por-fotos-de-kobe-bryant-en-el-lugar-del-accidente\/"},"author":{"name":"Villasmil Henry","@id":"https:\/\/digital58.com.ve\/site\/#\/schema\/person\/64d1c2e4d0d4fd1b849980c4331c2951"},"headline":"Vanessa Bryant presenta reclamo en contra del alguacil por fotos de Kobe Bryant en el lugar del accidente","datePublished":"2020-05-10T15:01:05+00:00","mainEntityOfPage":{"@id":"https:\/\/digital58.com.ve\/site\/2020\/05\/10\/vanessa-bryant-presenta-reclamo-en-contra-del-alguacil-por-fotos-de-kobe-bryant-en-el-lugar-del-accidente\/"},"wordCount":906,"commentCount":0,"publisher":{"@id":"https:\/\/digital58.com.ve\/site\/#\/schema\/person\/64d1c2e4d0d4fd1b849980c4331c2951"},"image":{"@id":"https:\/\/digital58.com.ve\/site\/2020\/05\/10\/vanessa-bryant-presenta-reclamo-en-contra-del-alguacil-por-fotos-de-kobe-bryant-en-el-lugar-del-accidente\/#primaryimage"},"thumbnailUrl":"https:\/\/digital58.com.ve\/site\/wp-content\/uploads\/2020\/05\/ca-times.brightspotcdn.com_.jpeg","keywords":["Demandas","Estados Unidos","Far\u00e1ndula","Internacionales","Kobe Bryant","Vanessa Bryant"],"articleSection":["Fama"],"inLanguage":"es","potentialAction":[{"@type":"CommentAction","name":"Comment","target":["https:\/\/digital58.com.ve\/site\/2020\/05\/10\/vanessa-bryant-presenta-reclamo-en-contra-del-alguacil-por-fotos-de-kobe-bryant-en-el-lugar-del-accidente\/#respond"]}]},{"@type":"WebPage","@id":"https:\/\/digital58.com.ve\/site\/2020\/05\/10\/vanessa-bryant-presenta-reclamo-en-contra-del-alguacil-por-fotos-de-kobe-bryant-en-el-lugar-del-accidente\/","url":"https:\/\/digital58.com.ve\/site\/2020\/05\/10\/vanessa-bryant-presenta-reclamo-en-contra-del-alguacil-por-fotos-de-kobe-bryant-en-el-lugar-del-accidente\/","name":"Vanessa Bryant presenta reclamo en contra del alguacil por fotos de Kobe Bryant en el lugar del accidente","isPartOf":{"@id":"https:\/\/digital58.com.ve\/site\/#website"},"primaryImageOfPage":{"@id":"https:\/\/digital58.com.ve\/site\/2020\/05\/10\/vanessa-bryant-presenta-reclamo-en-contra-del-alguacil-por-fotos-de-kobe-bryant-en-el-lugar-del-accidente\/#primaryimage"},"image":{"@id":"https:\/\/digital58.com.ve\/site\/2020\/05\/10\/vanessa-bryant-presenta-reclamo-en-contra-del-alguacil-por-fotos-de-kobe-bryant-en-el-lugar-del-accidente\/#primaryimage"},"thumbnailUrl":"https:\/\/digital58.com.ve\/site\/wp-content\/uploads\/2020\/05\/ca-times.brightspotcdn.com_.jpeg","datePublished":"2020-05-10T15:01:05+00:00","description":"Fama","breadcrumb":{"@id":"https:\/\/digital58.com.ve\/site\/2020\/05\/10\/vanessa-bryant-presenta-reclamo-en-contra-del-alguacil-por-fotos-de-kobe-bryant-en-el-lugar-del-accidente\/#breadcrumb"},"inLanguage":"es","potentialAction":[{"@type":"ReadAction","target":["https:\/\/digital58.com.ve\/site\/2020\/05\/10\/vanessa-bryant-presenta-reclamo-en-contra-del-alguacil-por-fotos-de-kobe-bryant-en-el-lugar-del-accidente\/"]}]},{"@type":"ImageObject","inLanguage":"es","@id":"https:\/\/digital58.com.ve\/site\/2020\/05\/10\/vanessa-bryant-presenta-reclamo-en-contra-del-alguacil-por-fotos-de-kobe-bryant-en-el-lugar-del-accidente\/#primaryimage","url":"https:\/\/digital58.com.ve\/site\/wp-content\/uploads\/2020\/05\/ca-times.brightspotcdn.com_.jpeg","contentUrl":"https:\/\/digital58.com.ve\/site\/wp-content\/uploads\/2020\/05\/ca-times.brightspotcdn.com_.jpeg","width":800,"height":450},{"@type":"BreadcrumbList","@id":"https:\/\/digital58.com.ve\/site\/2020\/05\/10\/vanessa-bryant-presenta-reclamo-en-contra-del-alguacil-por-fotos-de-kobe-bryant-en-el-lugar-del-accidente\/#breadcrumb","itemListElement":[{"@type":"ListItem","position":1,"name":"Home","item":"https:\/\/digital58.com.ve\/site\/"},{"@type":"ListItem","position":2,"name":"Vanessa Bryant presenta reclamo en contra del alguacil por fotos de Kobe Bryant en el lugar del accidente"}]},{"@type":"WebSite","@id":"https:\/\/digital58.com.ve\/site\/#website","url":"https:\/\/digital58.com.ve\/site\/","name":"Noticias Digital58","description":"Portal de Noticias \u00a1Periodismo web de verdad! Lanzamiento web 22.11.2005 \/ Maracaibo, Venezuela","publisher":{"@id":"https:\/\/digital58.com.ve\/site\/#\/schema\/person\/64d1c2e4d0d4fd1b849980c4331c2951"},"alternateName":"ND58","potentialAction":[{"@type":"SearchAction","target":{"@type":"EntryPoint","urlTemplate":"https:\/\/digital58.com.ve\/site\/?s={search_term_string}"},"query-input":{"@type":"PropertyValueSpecification","valueRequired":true,"valueName":"search_term_string"}}],"inLanguage":"es"},{"@type":["Person","Organization"],"@id":"https:\/\/digital58.com.ve\/site\/#\/schema\/person\/64d1c2e4d0d4fd1b849980c4331c2951","name":"Villasmil Henry","image":{"@type":"ImageObject","inLanguage":"es","@id":"https:\/\/secure.gravatar.com\/avatar\/bb0c4a2fcb7970138239f7e404ea75757b1b507b28b5ce4c53fbd62d797c5a7c?s=96&d=mm&r=g","url":"https:\/\/secure.gravatar.com\/avatar\/bb0c4a2fcb7970138239f7e404ea75757b1b507b28b5ce4c53fbd62d797c5a7c?s=96&d=mm&r=g","contentUrl":"https:\/\/secure.gravatar.com\/avatar\/bb0c4a2fcb7970138239f7e404ea75757b1b507b28b5ce4c53fbd62d797c5a7c?s=96&d=mm&r=g","caption":"Villasmil Henry"},"logo":{"@id":"https:\/\/secure.gravatar.com\/avatar\/bb0c4a2fcb7970138239f7e404ea75757b1b507b28b5ce4c53fbd62d797c5a7c?s=96&d=mm&r=g"},"sameAs":["http:\/\/www.henryvillasmil.com.ve","https:\/\/www.instagram.com\/villasmilhfoto\/","https:\/\/x.com\/https:\/\/twitter.com\/villasmilhfoto"],"url":"https:\/\/digital58.com.ve\/site\/author\/droopy_68\/"}]}},"uagb_featured_image_src":{"full":["https:\/\/digital58.com.ve\/site\/wp-content\/uploads\/2020\/05\/ca-times.brightspotcdn.com_.jpeg",800,450,false],"thumbnail":["https:\/\/digital58.com.ve\/site\/wp-content\/uploads\/2020\/05\/ca-times.brightspotcdn.com_-150x150.jpeg",150,150,true],"medium":["https:\/\/digital58.com.ve\/site\/wp-content\/uploads\/2020\/05\/ca-times.brightspotcdn.com_-300x169.jpeg",300,169,true],"medium_large":["https:\/\/digital58.com.ve\/site\/wp-content\/uploads\/2020\/05\/ca-times.brightspotcdn.com_-768x432.jpeg",768,432,true],"large":["https:\/\/digital58.com.ve\/site\/wp-content\/uploads\/2020\/05\/ca-times.brightspotcdn.com_.jpeg",800,450,false],"1536x1536":["https:\/\/digital58.com.ve\/site\/wp-content\/uploads\/2020\/05\/ca-times.brightspotcdn.com_.jpeg",800,450,false],"2048x2048":["https:\/\/digital58.com.ve\/site\/wp-content\/uploads\/2020\/05\/ca-times.brightspotcdn.com_.jpeg",800,450,false],"colormag-highlighted-post":["https:\/\/digital58.com.ve\/site\/wp-content\/uploads\/2020\/05\/ca-times.brightspotcdn.com_.jpeg",392,221,false],"colormag-featured-post-medium":["https:\/\/digital58.com.ve\/site\/wp-content\/uploads\/2020\/05\/ca-times.brightspotcdn.com_.jpeg",364,205,false],"colormag-featured-post-small":["https:\/\/digital58.com.ve\/site\/wp-content\/uploads\/2020\/05\/ca-times.brightspotcdn.com_.jpeg",130,73,false],"colormag-featured-image":["https:\/\/digital58.com.ve\/site\/wp-content\/uploads\/2020\/05\/ca-times.brightspotcdn.com_.jpeg",791,445,false],"colormag-default-news":["https:\/\/digital58.com.ve\/site\/wp-content\/uploads\/2020\/05\/ca-times.brightspotcdn.com_.jpeg",150,84,false],"colormag-featured-image-large":["https:\/\/digital58.com.ve\/site\/wp-content\/uploads\/2020\/05\/ca-times.brightspotcdn.com_.jpeg",800,450,false]},"uagb_author_info":{"display_name":"Villasmil Henry","author_link":"https:\/\/digital58.com.ve\/site\/author\/droopy_68\/"},"uagb_comment_info":0,"uagb_excerpt":"Vanessa Bryant ha presentado un reclamo contra el Departamento del Alguacil del Condado de Los \u00c1ngeles despu\u00e9s de que los","_links":{"self":[{"href":"https:\/\/digital58.com.ve\/site\/wp-json\/wp\/v2\/posts\/98085","targetHints":{"allow":["GET"]}}],"collection":[{"href":"https:\/\/digital58.com.ve\/site\/wp-json\/wp\/v2\/posts"}],"about":[{"href":"https:\/\/digital58.com.ve\/site\/wp-json\/wp\/v2\/types\/post"}],"author":[{"embeddable":true,"href":"https:\/\/digital58.com.ve\/site\/wp-json\/wp\/v2\/users\/1"}],"replies":[{"embeddable":true,"href":"https:\/\/digital58.com.ve\/site\/wp-json\/wp\/v2\/comments?post=98085"}],"version-history":[{"count":0,"href":"https:\/\/digital58.com.ve\/site\/wp-json\/wp\/v2\/posts\/98085\/revisions"}],"wp:featuredmedia":[{"embeddable":true,"href":"https:\/\/digital58.com.ve\/site\/wp-json\/wp\/v2\/media\/98090"}],"wp:attachment":[{"href":"https:\/\/digital58.com.ve\/site\/wp-json\/wp\/v2\/media?parent=98085"}],"wp:term":[{"taxonomy":"category","embeddable":true,"href":"https:\/\/digital58.com.ve\/site\/wp-json\/wp\/v2\/categories?post=98085"},{"taxonomy":"post_tag","embeddable":true,"href":"https:\/\/digital58.com.ve\/site\/wp-json\/wp\/v2\/tags?post=98085"}],"curies":[{"name":"wp","href":"https:\/\/api.w.org\/{rel}","templated":true}]}}