{"id":98162,"date":"2020-05-10T14:03:25","date_gmt":"2020-05-10T18:03:25","guid":{"rendered":"https:\/\/digital58.com.ve\/site\/?p=98162"},"modified":"2020-05-10T14:03:25","modified_gmt":"2020-05-10T18:03:25","slug":"wuhan-registro-su-primer-caso-de-coronavirus-en-mas-de-un-mes","status":"publish","type":"post","link":"https:\/\/digital58.com.ve\/site\/2020\/05\/10\/wuhan-registro-su-primer-caso-de-coronavirus-en-mas-de-un-mes\/","title":{"rendered":"Wuhan registr\u00f3 su primer caso de coronavirus en m\u00e1s de un mes"},"content":{"rendered":"<p><img loading=\"lazy\" decoding=\"async\" class=\"aligncenter wp-image-98164 size-full\" src=\"https:\/\/digital58.com.ve\/site\/wp-content\/uploads\/2020\/05\/mercado_wuhan_wikimedia_660.jpg\" alt=\"\" width=\"660\" height=\"440\" srcset=\"https:\/\/digital58.com.ve\/site\/wp-content\/uploads\/2020\/05\/mercado_wuhan_wikimedia_660.jpg 660w, https:\/\/digital58.com.ve\/site\/wp-content\/uploads\/2020\/05\/mercado_wuhan_wikimedia_660-300x200.jpg 300w, https:\/\/digital58.com.ve\/site\/wp-content\/uploads\/2020\/05\/mercado_wuhan_wikimedia_660-480x320.jpg 480w\" sizes=\"auto, (max-width: 660px) 100vw, 660px\" \/><\/p>\n<p>La ciudad de Wuhan, origen de la epidemia de coronavirus, confirm\u00f3 su primer caso de covid-19 desde el 3 de abril, seg\u00fan informaci\u00f3n del Departamento de Salud de la provincia de Hubei, de la cual es capital Wuhan.<\/p>\n<p><strong>Maracaibo,Zulia, Venezuela 10 de mayo de 2020 (ND58)-<\/strong>El nuevo caso es de transmisi\u00f3n local, no importado, y el paciente estar\u00eda en estado cr\u00edtico, seg\u00fan medios con sede en Hong Kong. Su esposa tambi\u00e9n habr\u00eda dado positivo, pero se trata de un caso asintom\u00e1tico.<\/p>\n<p><img loading=\"lazy\" decoding=\"async\" class=\"aligncenter wp-image-98166 size-full\" src=\"https:\/\/digital58.com.ve\/site\/wp-content\/uploads\/2020\/05\/200428161813-china-wuhan-coronavirus-exlarge-169.jpg\" alt=\"\" width=\"780\" height=\"438\" srcset=\"https:\/\/digital58.com.ve\/site\/wp-content\/uploads\/2020\/05\/200428161813-china-wuhan-coronavirus-exlarge-169.jpg 780w, https:\/\/digital58.com.ve\/site\/wp-content\/uploads\/2020\/05\/200428161813-china-wuhan-coronavirus-exlarge-169-300x168.jpg 300w, https:\/\/digital58.com.ve\/site\/wp-content\/uploads\/2020\/05\/200428161813-china-wuhan-coronavirus-exlarge-169-768x431.jpg 768w\" sizes=\"auto, (max-width: 780px) 100vw, 780px\" \/><\/p>\n<p>La regi\u00f3n de Hubei suma ya un total de 68.130 casos confirmados, incluidos 50.334 en Wuhan. Adem\u00e1s hay contabilizados 4.512 muertos, 3.869 de ellos en la capital provincial.<\/p>\n<p>Hasta el s\u00e1bado se hab\u00eda rastreado a 283.074 personas que tuvieron contacto cercano con pacientes de covid-19 de las cuales 1.001 estaban a\u00fan bajo observaci\u00f3n m\u00e9dica.<\/p>\n<p>La provincia rebaj\u00f3 el pasado 2 de mayo su nivel de respuesta de emergencia al nuevo coronavirus del nivel I, el m\u00e1s alto, al nivel II. Las autoridades chinas autorizaron el 8 de abril el tr\u00e1nsito desde y hacia Wuhan tras 76 d\u00edas de confinamiento.<\/p><div class=\"kvcnm69ef25a0e3a37\" ><p style=\"text-align: center;\"><a href=\"https:\/\/t.me\/noticiasdigital58\" target=\"_blank\" rel=\"noopener\"><img class=\"aligncenter size-full wp-image-125363\" src=\"https:\/\/digital58.com.ve\/site\/wp-content\/uploads\/2021\/04\/banner-telegram-web-2021.png\" alt=\"\" width=\"600\" height=\"90\" \/><\/a><\/p><\/div><style type=\"text\/css\">\r\n@media screen and (min-width: 1201px) {\r\n.kvcnm69ef25a0e3a37 {\r\ndisplay: block;\r\n}\r\n}\r\n@media screen and (min-width: 993px) and (max-width: 1200px) {\r\n.kvcnm69ef25a0e3a37 {\r\ndisplay: block;\r\n}\r\n}\r\n@media screen and (min-width: 769px) and (max-width: 992px) {\r\n.kvcnm69ef25a0e3a37 {\r\ndisplay: block;\r\n}\r\n}\r\n@media screen and (min-width: 768px) and (max-width: 768px) {\r\n.kvcnm69ef25a0e3a37 {\r\ndisplay: block;\r\n}\r\n}\r\n@media screen and (max-width: 767px) {\r\n.kvcnm69ef25a0e3a37 {\r\ndisplay: block;\r\n}\r\n}\r\n<\/style>\r\n\n<p><b>Redacci\u00f3n<\/b><strong>: Molero, Luis (@moleromarquez) | Fuente: AFP<\/strong><br \/>\n<strong>Edici\u00f3n: Villasmil, Henry<\/strong><br \/>\n<strong>Gr\u00e1ficas: cortes\u00eda\u00a0<\/strong><\/p>\n<div style=\"margin-top: 0px; margin-bottom: 0px;\" class=\"sharethis-inline-share-buttons\" ><\/div>","protected":false},"excerpt":{"rendered":"<p>La ciudad de Wuhan, origen de la epidemia de coronavirus, confirm\u00f3 su primer caso de covid-19 desde el 3 de<\/p>\n","protected":false},"author":26,"featured_media":98166,"comment_status":"open","ping_status":"closed","sticky":false,"template":"","format":"standard","meta":{"colormag_page_container_layout":"default_layout","colormag_page_sidebar_layout":"default_layout","_uag_custom_page_level_css":"","footnotes":""},"categories":[5405],"tags":[13352,13648,8,13828],"class_list":["post-98162","post","type-post","status-publish","format-standard","has-post-thumbnail","hentry","category-salud","tag-coronavirus","tag-covid-19","tag-internacionales","tag-wuhan"],"yoast_head":"<!-- This site is optimized with the Yoast SEO plugin v27.4 - https:\/\/yoast.com\/product\/yoast-seo-wordpress\/ -->\n<title>Wuhan registr\u00f3 su primer caso de coronavirus en m\u00e1s de un mes<\/title>\n<meta name=\"description\" content=\"Salud\" \/>\n<meta name=\"robots\" content=\"index, follow, max-snippet:-1, max-image-preview:large, max-video-preview:-1\" \/>\n<link rel=\"canonical\" href=\"https:\/\/digital58.com.ve\/site\/2020\/05\/10\/wuhan-registro-su-primer-caso-de-coronavirus-en-mas-de-un-mes\/\" \/>\n<meta property=\"og:locale\" content=\"es_ES\" \/>\n<meta property=\"og:type\" content=\"article\" \/>\n<meta property=\"og:title\" content=\"Wuhan registr\u00f3 su primer caso de coronavirus en m\u00e1s de un mes\" \/>\n<meta property=\"og:description\" content=\"Salud\" \/>\n<meta property=\"og:url\" content=\"https:\/\/digital58.com.ve\/site\/2020\/05\/10\/wuhan-registro-su-primer-caso-de-coronavirus-en-mas-de-un-mes\/\" \/>\n<meta property=\"og:site_name\" content=\"Noticias Digital58\" \/>\n<meta property=\"article:published_time\" content=\"2020-05-10T18:03:25+00:00\" \/>\n<meta property=\"og:image\" content=\"https:\/\/digital58.com.ve\/site\/wp-content\/uploads\/2020\/05\/200428161813-china-wuhan-coronavirus-exlarge-169.jpg\" \/>\n\t<meta property=\"og:image:width\" content=\"780\" \/>\n\t<meta property=\"og:image:height\" content=\"438\" \/>\n\t<meta property=\"og:image:type\" content=\"image\/jpeg\" \/>\n<meta name=\"author\" content=\"Molero Luis\" \/>\n<meta name=\"twitter:card\" content=\"summary_large_image\" \/>\n<meta name=\"twitter:creator\" content=\"@Digital_58\" \/>\n<meta name=\"twitter:site\" content=\"@villasmilhfoto\" \/>\n<meta name=\"twitter:label1\" content=\"Escrito por\" \/>\n\t<meta name=\"twitter:data1\" content=\"Molero Luis\" \/>\n\t<meta name=\"twitter:label2\" content=\"Tiempo estimado de lectura\" \/>\n\t<meta name=\"twitter:data2\" content=\"1 minuto\" \/>\n<script type=\"application\/ld+json\" class=\"yoast-schema-graph\">{\"@context\":\"https:\\\/\\\/schema.org\",\"@graph\":[{\"@type\":\"Article\",\"@id\":\"https:\\\/\\\/digital58.com.ve\\\/site\\\/2020\\\/05\\\/10\\\/wuhan-registro-su-primer-caso-de-coronavirus-en-mas-de-un-mes\\\/#article\",\"isPartOf\":{\"@id\":\"https:\\\/\\\/digital58.com.ve\\\/site\\\/2020\\\/05\\\/10\\\/wuhan-registro-su-primer-caso-de-coronavirus-en-mas-de-un-mes\\\/\"},\"author\":{\"name\":\"Molero Luis\",\"@id\":\"https:\\\/\\\/digital58.com.ve\\\/site\\\/#\\\/schema\\\/person\\\/c61667ce6845137620ee3f0aaabade17\"},\"headline\":\"Wuhan registr\u00f3 su primer caso de coronavirus en m\u00e1s de un mes\",\"datePublished\":\"2020-05-10T18:03:25+00:00\",\"mainEntityOfPage\":{\"@id\":\"https:\\\/\\\/digital58.com.ve\\\/site\\\/2020\\\/05\\\/10\\\/wuhan-registro-su-primer-caso-de-coronavirus-en-mas-de-un-mes\\\/\"},\"wordCount\":217,\"commentCount\":0,\"publisher\":{\"@id\":\"https:\\\/\\\/digital58.com.ve\\\/site\\\/#\\\/schema\\\/person\\\/64d1c2e4d0d4fd1b849980c4331c2951\"},\"image\":{\"@id\":\"https:\\\/\\\/digital58.com.ve\\\/site\\\/2020\\\/05\\\/10\\\/wuhan-registro-su-primer-caso-de-coronavirus-en-mas-de-un-mes\\\/#primaryimage\"},\"thumbnailUrl\":\"https:\\\/\\\/digital58.com.ve\\\/site\\\/wp-content\\\/uploads\\\/2020\\\/05\\\/200428161813-china-wuhan-coronavirus-exlarge-169.jpg\",\"keywords\":[\"Coronavirus\",\"COVID-19\",\"Internacionales\",\"Wuhan\"],\"articleSection\":[\"Salud\"],\"inLanguage\":\"es\",\"potentialAction\":[{\"@type\":\"CommentAction\",\"name\":\"Comment\",\"target\":[\"https:\\\/\\\/digital58.com.ve\\\/site\\\/2020\\\/05\\\/10\\\/wuhan-registro-su-primer-caso-de-coronavirus-en-mas-de-un-mes\\\/#respond\"]}]},{\"@type\":\"WebPage\",\"@id\":\"https:\\\/\\\/digital58.com.ve\\\/site\\\/2020\\\/05\\\/10\\\/wuhan-registro-su-primer-caso-de-coronavirus-en-mas-de-un-mes\\\/\",\"url\":\"https:\\\/\\\/digital58.com.ve\\\/site\\\/2020\\\/05\\\/10\\\/wuhan-registro-su-primer-caso-de-coronavirus-en-mas-de-un-mes\\\/\",\"name\":\"Wuhan registr\u00f3 su primer caso de coronavirus en m\u00e1s de un mes\",\"isPartOf\":{\"@id\":\"https:\\\/\\\/digital58.com.ve\\\/site\\\/#website\"},\"primaryImageOfPage\":{\"@id\":\"https:\\\/\\\/digital58.com.ve\\\/site\\\/2020\\\/05\\\/10\\\/wuhan-registro-su-primer-caso-de-coronavirus-en-mas-de-un-mes\\\/#primaryimage\"},\"image\":{\"@id\":\"https:\\\/\\\/digital58.com.ve\\\/site\\\/2020\\\/05\\\/10\\\/wuhan-registro-su-primer-caso-de-coronavirus-en-mas-de-un-mes\\\/#primaryimage\"},\"thumbnailUrl\":\"https:\\\/\\\/digital58.com.ve\\\/site\\\/wp-content\\\/uploads\\\/2020\\\/05\\\/200428161813-china-wuhan-coronavirus-exlarge-169.jpg\",\"datePublished\":\"2020-05-10T18:03:25+00:00\",\"description\":\"Salud\",\"breadcrumb\":{\"@id\":\"https:\\\/\\\/digital58.com.ve\\\/site\\\/2020\\\/05\\\/10\\\/wuhan-registro-su-primer-caso-de-coronavirus-en-mas-de-un-mes\\\/#breadcrumb\"},\"inLanguage\":\"es\",\"potentialAction\":[{\"@type\":\"ReadAction\",\"target\":[\"https:\\\/\\\/digital58.com.ve\\\/site\\\/2020\\\/05\\\/10\\\/wuhan-registro-su-primer-caso-de-coronavirus-en-mas-de-un-mes\\\/\"]}]},{\"@type\":\"ImageObject\",\"inLanguage\":\"es\",\"@id\":\"https:\\\/\\\/digital58.com.ve\\\/site\\\/2020\\\/05\\\/10\\\/wuhan-registro-su-primer-caso-de-coronavirus-en-mas-de-un-mes\\\/#primaryimage\",\"url\":\"https:\\\/\\\/digital58.com.ve\\\/site\\\/wp-content\\\/uploads\\\/2020\\\/05\\\/200428161813-china-wuhan-coronavirus-exlarge-169.jpg\",\"contentUrl\":\"https:\\\/\\\/digital58.com.ve\\\/site\\\/wp-content\\\/uploads\\\/2020\\\/05\\\/200428161813-china-wuhan-coronavirus-exlarge-169.jpg\",\"width\":780,\"height\":438},{\"@type\":\"BreadcrumbList\",\"@id\":\"https:\\\/\\\/digital58.com.ve\\\/site\\\/2020\\\/05\\\/10\\\/wuhan-registro-su-primer-caso-de-coronavirus-en-mas-de-un-mes\\\/#breadcrumb\",\"itemListElement\":[{\"@type\":\"ListItem\",\"position\":1,\"name\":\"Home\",\"item\":\"https:\\\/\\\/digital58.com.ve\\\/site\\\/\"},{\"@type\":\"ListItem\",\"position\":2,\"name\":\"Wuhan registr\u00f3 su primer caso de coronavirus en m\u00e1s de un mes\"}]},{\"@type\":\"WebSite\",\"@id\":\"https:\\\/\\\/digital58.com.ve\\\/site\\\/#website\",\"url\":\"https:\\\/\\\/digital58.com.ve\\\/site\\\/\",\"name\":\"Noticias Digital58\",\"description\":\"Portal de Noticias \u00a1Periodismo web de verdad! Lanzamiento web 22.11.2005 \\\/ Maracaibo, Venezuela\",\"publisher\":{\"@id\":\"https:\\\/\\\/digital58.com.ve\\\/site\\\/#\\\/schema\\\/person\\\/64d1c2e4d0d4fd1b849980c4331c2951\"},\"alternateName\":\"ND58\",\"potentialAction\":[{\"@type\":\"SearchAction\",\"target\":{\"@type\":\"EntryPoint\",\"urlTemplate\":\"https:\\\/\\\/digital58.com.ve\\\/site\\\/?s={search_term_string}\"},\"query-input\":{\"@type\":\"PropertyValueSpecification\",\"valueRequired\":true,\"valueName\":\"search_term_string\"}}],\"inLanguage\":\"es\"},{\"@type\":[\"Person\",\"Organization\"],\"@id\":\"https:\\\/\\\/digital58.com.ve\\\/site\\\/#\\\/schema\\\/person\\\/64d1c2e4d0d4fd1b849980c4331c2951\",\"name\":\"Villasmil Henry\",\"image\":{\"@type\":\"ImageObject\",\"inLanguage\":\"es\",\"@id\":\"https:\\\/\\\/secure.gravatar.com\\\/avatar\\\/bb0c4a2fcb7970138239f7e404ea75757b1b507b28b5ce4c53fbd62d797c5a7c?s=96&d=mm&r=g\",\"url\":\"https:\\\/\\\/secure.gravatar.com\\\/avatar\\\/bb0c4a2fcb7970138239f7e404ea75757b1b507b28b5ce4c53fbd62d797c5a7c?s=96&d=mm&r=g\",\"contentUrl\":\"https:\\\/\\\/secure.gravatar.com\\\/avatar\\\/bb0c4a2fcb7970138239f7e404ea75757b1b507b28b5ce4c53fbd62d797c5a7c?s=96&d=mm&r=g\",\"caption\":\"Villasmil Henry\"},\"logo\":{\"@id\":\"https:\\\/\\\/secure.gravatar.com\\\/avatar\\\/bb0c4a2fcb7970138239f7e404ea75757b1b507b28b5ce4c53fbd62d797c5a7c?s=96&d=mm&r=g\"},\"sameAs\":[\"http:\\\/\\\/www.henryvillasmil.com.ve\",\"https:\\\/\\\/www.instagram.com\\\/villasmilhfoto\\\/\",\"https:\\\/\\\/x.com\\\/https:\\\/\\\/twitter.com\\\/villasmilhfoto\"]},{\"@type\":\"Person\",\"@id\":\"https:\\\/\\\/digital58.com.ve\\\/site\\\/#\\\/schema\\\/person\\\/c61667ce6845137620ee3f0aaabade17\",\"name\":\"Molero Luis\",\"image\":{\"@type\":\"ImageObject\",\"inLanguage\":\"es\",\"@id\":\"https:\\\/\\\/secure.gravatar.com\\\/avatar\\\/bf041ec637e3e7405449807deb2f7cf3d2de7c6fa755dd56e985201de9863f2b?s=96&d=mm&r=g\",\"url\":\"https:\\\/\\\/secure.gravatar.com\\\/avatar\\\/bf041ec637e3e7405449807deb2f7cf3d2de7c6fa755dd56e985201de9863f2b?s=96&d=mm&r=g\",\"contentUrl\":\"https:\\\/\\\/secure.gravatar.com\\\/avatar\\\/bf041ec637e3e7405449807deb2f7cf3d2de7c6fa755dd56e985201de9863f2b?s=96&d=mm&r=g\",\"caption\":\"Molero Luis\"},\"url\":\"https:\\\/\\\/digital58.com.ve\\\/site\\\/author\\\/luismolero\\\/\"}]}<\/script>\n<!-- \/ Yoast SEO plugin. -->","yoast_head_json":{"title":"Wuhan registr\u00f3 su primer caso de coronavirus en m\u00e1s de un mes","description":"Salud","robots":{"index":"index","follow":"follow","max-snippet":"max-snippet:-1","max-image-preview":"max-image-preview:large","max-video-preview":"max-video-preview:-1"},"canonical":"https:\/\/digital58.com.ve\/site\/2020\/05\/10\/wuhan-registro-su-primer-caso-de-coronavirus-en-mas-de-un-mes\/","og_locale":"es_ES","og_type":"article","og_title":"Wuhan registr\u00f3 su primer caso de coronavirus en m\u00e1s de un mes","og_description":"Salud","og_url":"https:\/\/digital58.com.ve\/site\/2020\/05\/10\/wuhan-registro-su-primer-caso-de-coronavirus-en-mas-de-un-mes\/","og_site_name":"Noticias Digital58","article_published_time":"2020-05-10T18:03:25+00:00","og_image":[{"width":780,"height":438,"url":"https:\/\/digital58.com.ve\/site\/wp-content\/uploads\/2020\/05\/200428161813-china-wuhan-coronavirus-exlarge-169.jpg","type":"image\/jpeg"}],"author":"Molero Luis","twitter_card":"summary_large_image","twitter_creator":"@Digital_58","twitter_site":"@villasmilhfoto","twitter_misc":{"Escrito por":"Molero Luis","Tiempo estimado de lectura":"1 minuto"},"schema":{"@context":"https:\/\/schema.org","@graph":[{"@type":"Article","@id":"https:\/\/digital58.com.ve\/site\/2020\/05\/10\/wuhan-registro-su-primer-caso-de-coronavirus-en-mas-de-un-mes\/#article","isPartOf":{"@id":"https:\/\/digital58.com.ve\/site\/2020\/05\/10\/wuhan-registro-su-primer-caso-de-coronavirus-en-mas-de-un-mes\/"},"author":{"name":"Molero Luis","@id":"https:\/\/digital58.com.ve\/site\/#\/schema\/person\/c61667ce6845137620ee3f0aaabade17"},"headline":"Wuhan registr\u00f3 su primer caso de coronavirus en m\u00e1s de un mes","datePublished":"2020-05-10T18:03:25+00:00","mainEntityOfPage":{"@id":"https:\/\/digital58.com.ve\/site\/2020\/05\/10\/wuhan-registro-su-primer-caso-de-coronavirus-en-mas-de-un-mes\/"},"wordCount":217,"commentCount":0,"publisher":{"@id":"https:\/\/digital58.com.ve\/site\/#\/schema\/person\/64d1c2e4d0d4fd1b849980c4331c2951"},"image":{"@id":"https:\/\/digital58.com.ve\/site\/2020\/05\/10\/wuhan-registro-su-primer-caso-de-coronavirus-en-mas-de-un-mes\/#primaryimage"},"thumbnailUrl":"https:\/\/digital58.com.ve\/site\/wp-content\/uploads\/2020\/05\/200428161813-china-wuhan-coronavirus-exlarge-169.jpg","keywords":["Coronavirus","COVID-19","Internacionales","Wuhan"],"articleSection":["Salud"],"inLanguage":"es","potentialAction":[{"@type":"CommentAction","name":"Comment","target":["https:\/\/digital58.com.ve\/site\/2020\/05\/10\/wuhan-registro-su-primer-caso-de-coronavirus-en-mas-de-un-mes\/#respond"]}]},{"@type":"WebPage","@id":"https:\/\/digital58.com.ve\/site\/2020\/05\/10\/wuhan-registro-su-primer-caso-de-coronavirus-en-mas-de-un-mes\/","url":"https:\/\/digital58.com.ve\/site\/2020\/05\/10\/wuhan-registro-su-primer-caso-de-coronavirus-en-mas-de-un-mes\/","name":"Wuhan registr\u00f3 su primer caso de coronavirus en m\u00e1s de un mes","isPartOf":{"@id":"https:\/\/digital58.com.ve\/site\/#website"},"primaryImageOfPage":{"@id":"https:\/\/digital58.com.ve\/site\/2020\/05\/10\/wuhan-registro-su-primer-caso-de-coronavirus-en-mas-de-un-mes\/#primaryimage"},"image":{"@id":"https:\/\/digital58.com.ve\/site\/2020\/05\/10\/wuhan-registro-su-primer-caso-de-coronavirus-en-mas-de-un-mes\/#primaryimage"},"thumbnailUrl":"https:\/\/digital58.com.ve\/site\/wp-content\/uploads\/2020\/05\/200428161813-china-wuhan-coronavirus-exlarge-169.jpg","datePublished":"2020-05-10T18:03:25+00:00","description":"Salud","breadcrumb":{"@id":"https:\/\/digital58.com.ve\/site\/2020\/05\/10\/wuhan-registro-su-primer-caso-de-coronavirus-en-mas-de-un-mes\/#breadcrumb"},"inLanguage":"es","potentialAction":[{"@type":"ReadAction","target":["https:\/\/digital58.com.ve\/site\/2020\/05\/10\/wuhan-registro-su-primer-caso-de-coronavirus-en-mas-de-un-mes\/"]}]},{"@type":"ImageObject","inLanguage":"es","@id":"https:\/\/digital58.com.ve\/site\/2020\/05\/10\/wuhan-registro-su-primer-caso-de-coronavirus-en-mas-de-un-mes\/#primaryimage","url":"https:\/\/digital58.com.ve\/site\/wp-content\/uploads\/2020\/05\/200428161813-china-wuhan-coronavirus-exlarge-169.jpg","contentUrl":"https:\/\/digital58.com.ve\/site\/wp-content\/uploads\/2020\/05\/200428161813-china-wuhan-coronavirus-exlarge-169.jpg","width":780,"height":438},{"@type":"BreadcrumbList","@id":"https:\/\/digital58.com.ve\/site\/2020\/05\/10\/wuhan-registro-su-primer-caso-de-coronavirus-en-mas-de-un-mes\/#breadcrumb","itemListElement":[{"@type":"ListItem","position":1,"name":"Home","item":"https:\/\/digital58.com.ve\/site\/"},{"@type":"ListItem","position":2,"name":"Wuhan registr\u00f3 su primer caso de coronavirus en m\u00e1s de un mes"}]},{"@type":"WebSite","@id":"https:\/\/digital58.com.ve\/site\/#website","url":"https:\/\/digital58.com.ve\/site\/","name":"Noticias Digital58","description":"Portal de Noticias \u00a1Periodismo web de verdad! Lanzamiento web 22.11.2005 \/ Maracaibo, Venezuela","publisher":{"@id":"https:\/\/digital58.com.ve\/site\/#\/schema\/person\/64d1c2e4d0d4fd1b849980c4331c2951"},"alternateName":"ND58","potentialAction":[{"@type":"SearchAction","target":{"@type":"EntryPoint","urlTemplate":"https:\/\/digital58.com.ve\/site\/?s={search_term_string}"},"query-input":{"@type":"PropertyValueSpecification","valueRequired":true,"valueName":"search_term_string"}}],"inLanguage":"es"},{"@type":["Person","Organization"],"@id":"https:\/\/digital58.com.ve\/site\/#\/schema\/person\/64d1c2e4d0d4fd1b849980c4331c2951","name":"Villasmil Henry","image":{"@type":"ImageObject","inLanguage":"es","@id":"https:\/\/secure.gravatar.com\/avatar\/bb0c4a2fcb7970138239f7e404ea75757b1b507b28b5ce4c53fbd62d797c5a7c?s=96&d=mm&r=g","url":"https:\/\/secure.gravatar.com\/avatar\/bb0c4a2fcb7970138239f7e404ea75757b1b507b28b5ce4c53fbd62d797c5a7c?s=96&d=mm&r=g","contentUrl":"https:\/\/secure.gravatar.com\/avatar\/bb0c4a2fcb7970138239f7e404ea75757b1b507b28b5ce4c53fbd62d797c5a7c?s=96&d=mm&r=g","caption":"Villasmil Henry"},"logo":{"@id":"https:\/\/secure.gravatar.com\/avatar\/bb0c4a2fcb7970138239f7e404ea75757b1b507b28b5ce4c53fbd62d797c5a7c?s=96&d=mm&r=g"},"sameAs":["http:\/\/www.henryvillasmil.com.ve","https:\/\/www.instagram.com\/villasmilhfoto\/","https:\/\/x.com\/https:\/\/twitter.com\/villasmilhfoto"]},{"@type":"Person","@id":"https:\/\/digital58.com.ve\/site\/#\/schema\/person\/c61667ce6845137620ee3f0aaabade17","name":"Molero Luis","image":{"@type":"ImageObject","inLanguage":"es","@id":"https:\/\/secure.gravatar.com\/avatar\/bf041ec637e3e7405449807deb2f7cf3d2de7c6fa755dd56e985201de9863f2b?s=96&d=mm&r=g","url":"https:\/\/secure.gravatar.com\/avatar\/bf041ec637e3e7405449807deb2f7cf3d2de7c6fa755dd56e985201de9863f2b?s=96&d=mm&r=g","contentUrl":"https:\/\/secure.gravatar.com\/avatar\/bf041ec637e3e7405449807deb2f7cf3d2de7c6fa755dd56e985201de9863f2b?s=96&d=mm&r=g","caption":"Molero Luis"},"url":"https:\/\/digital58.com.ve\/site\/author\/luismolero\/"}]}},"uagb_featured_image_src":{"full":["https:\/\/digital58.com.ve\/site\/wp-content\/uploads\/2020\/05\/200428161813-china-wuhan-coronavirus-exlarge-169.jpg",780,438,false],"thumbnail":["https:\/\/digital58.com.ve\/site\/wp-content\/uploads\/2020\/05\/200428161813-china-wuhan-coronavirus-exlarge-169-150x150.jpg",150,150,true],"medium":["https:\/\/digital58.com.ve\/site\/wp-content\/uploads\/2020\/05\/200428161813-china-wuhan-coronavirus-exlarge-169-300x168.jpg",300,168,true],"medium_large":["https:\/\/digital58.com.ve\/site\/wp-content\/uploads\/2020\/05\/200428161813-china-wuhan-coronavirus-exlarge-169-768x431.jpg",768,431,true],"large":["https:\/\/digital58.com.ve\/site\/wp-content\/uploads\/2020\/05\/200428161813-china-wuhan-coronavirus-exlarge-169.jpg",780,438,false],"1536x1536":["https:\/\/digital58.com.ve\/site\/wp-content\/uploads\/2020\/05\/200428161813-china-wuhan-coronavirus-exlarge-169.jpg",780,438,false],"2048x2048":["https:\/\/digital58.com.ve\/site\/wp-content\/uploads\/2020\/05\/200428161813-china-wuhan-coronavirus-exlarge-169.jpg",780,438,false],"colormag-highlighted-post":["https:\/\/digital58.com.ve\/site\/wp-content\/uploads\/2020\/05\/200428161813-china-wuhan-coronavirus-exlarge-169.jpg",392,220,false],"colormag-featured-post-medium":["https:\/\/digital58.com.ve\/site\/wp-content\/uploads\/2020\/05\/200428161813-china-wuhan-coronavirus-exlarge-169.jpg",365,205,false],"colormag-featured-post-small":["https:\/\/digital58.com.ve\/site\/wp-content\/uploads\/2020\/05\/200428161813-china-wuhan-coronavirus-exlarge-169.jpg",130,73,false],"colormag-featured-image":["https:\/\/digital58.com.ve\/site\/wp-content\/uploads\/2020\/05\/200428161813-china-wuhan-coronavirus-exlarge-169.jpg",780,438,false],"colormag-default-news":["https:\/\/digital58.com.ve\/site\/wp-content\/uploads\/2020\/05\/200428161813-china-wuhan-coronavirus-exlarge-169.jpg",150,84,false],"colormag-featured-image-large":["https:\/\/digital58.com.ve\/site\/wp-content\/uploads\/2020\/05\/200428161813-china-wuhan-coronavirus-exlarge-169.jpg",780,438,false]},"uagb_author_info":{"display_name":"Molero Luis","author_link":"https:\/\/digital58.com.ve\/site\/author\/luismolero\/"},"uagb_comment_info":0,"uagb_excerpt":"La ciudad de Wuhan, origen de la epidemia de coronavirus, confirm\u00f3 su primer caso de covid-19 desde el 3 de","_links":{"self":[{"href":"https:\/\/digital58.com.ve\/site\/wp-json\/wp\/v2\/posts\/98162","targetHints":{"allow":["GET"]}}],"collection":[{"href":"https:\/\/digital58.com.ve\/site\/wp-json\/wp\/v2\/posts"}],"about":[{"href":"https:\/\/digital58.com.ve\/site\/wp-json\/wp\/v2\/types\/post"}],"author":[{"embeddable":true,"href":"https:\/\/digital58.com.ve\/site\/wp-json\/wp\/v2\/users\/26"}],"replies":[{"embeddable":true,"href":"https:\/\/digital58.com.ve\/site\/wp-json\/wp\/v2\/comments?post=98162"}],"version-history":[{"count":0,"href":"https:\/\/digital58.com.ve\/site\/wp-json\/wp\/v2\/posts\/98162\/revisions"}],"wp:featuredmedia":[{"embeddable":true,"href":"https:\/\/digital58.com.ve\/site\/wp-json\/wp\/v2\/media\/98166"}],"wp:attachment":[{"href":"https:\/\/digital58.com.ve\/site\/wp-json\/wp\/v2\/media?parent=98162"}],"wp:term":[{"taxonomy":"category","embeddable":true,"href":"https:\/\/digital58.com.ve\/site\/wp-json\/wp\/v2\/categories?post=98162"},{"taxonomy":"post_tag","embeddable":true,"href":"https:\/\/digital58.com.ve\/site\/wp-json\/wp\/v2\/tags?post=98162"}],"curies":[{"name":"wp","href":"https:\/\/api.w.org\/{rel}","templated":true}]}}