{"id":98267,"date":"2020-05-11T11:41:21","date_gmt":"2020-05-11T15:41:21","guid":{"rendered":"https:\/\/digital58.com.ve\/site\/?p=98267"},"modified":"2020-05-11T20:27:30","modified_gmt":"2020-05-12T00:27:30","slug":"tamara-suju-aseguro-que-uno-de-los-detenidos-por-la-operacion-gedeon-es-amigo-personal-de-los-hijos-de-chavez","status":"publish","type":"post","link":"https:\/\/digital58.com.ve\/site\/2020\/05\/11\/tamara-suju-aseguro-que-uno-de-los-detenidos-por-la-operacion-gedeon-es-amigo-personal-de-los-hijos-de-chavez\/","title":{"rendered":"Tamara Suju asegur\u00f3 que uno de los detenidos por la Operaci\u00f3n Gede\u00f3n es amigo personal de los hijos de Ch\u00e1vez"},"content":{"rendered":"<p><img loading=\"lazy\" decoding=\"async\" class=\"aligncenter wp-image-98268 size-full\" src=\"https:\/\/digital58.com.ve\/site\/wp-content\/uploads\/2020\/05\/maxresdefault.jpg\" alt=\"\" width=\"1280\" height=\"720\" srcset=\"https:\/\/digital58.com.ve\/site\/wp-content\/uploads\/2020\/05\/maxresdefault.jpg 800w, https:\/\/digital58.com.ve\/site\/wp-content\/uploads\/2020\/05\/maxresdefault-300x169.jpg 300w, https:\/\/digital58.com.ve\/site\/wp-content\/uploads\/2020\/05\/maxresdefault-768x432.jpg 768w\" sizes=\"auto, (max-width: 1280px) 100vw, 1280px\" \/><\/p>\n<p>Mart\u00edn \u00c1lvarez Garc\u00eda fue detenido el domingo 3 de mayo en la localidad de Macuto, en el estado Vargas, cuando un grupo de hombres habr\u00eda pretendido hacer una incursi\u00f3n armada al pa\u00eds. El detenido resulto tener amistad con uno de los hijos de Hugo Ch\u00e1vez.<\/p>\n<p><strong>Caracas, Venezuela, 11 de mayo de 2020 (ND58).-<\/strong>\u00a0Mart\u00edn Eduardo \u00c1lvarez Garc\u00eda, uno de los detenidos por su presunta participaci\u00f3n en la Operaci\u00f3n Gede\u00f3n, result\u00f3 tener una amistad con los hijos del fallecido presidente Hugo Ch\u00e1vez. As\u00ed lo asegur\u00f3 este lunes Tamara Suju, abogada y defensora de los derechos humanos, en una publicaci\u00f3n en Twitter.<\/p>\n<p>Dijo que el detenido es hermano de Luis \u00c1lvarez Garc\u00eda, ambos supuestos socios de Atahualpa Fern\u00e1ndez Alburu, un empresario peruano que est\u00e1 al frente del Grupo Atahualpa y de Agua Tiuna, ambas empresas con contratos y alianzas con el Estado venezolano.<\/p>\n<p>Suju afirm\u00f3 que Garc\u00eda tambi\u00e9n tiene nexos con militares vinculados al r\u00e9gimen de Nicol\u00e1s Maduro.<\/p>\n<p><img loading=\"lazy\" decoding=\"async\" class=\"wp-image-98269 size-full\" src=\"https:\/\/digital58.com.ve\/site\/wp-content\/uploads\/2020\/05\/TAMA.jpg\" alt=\"\" width=\"1600\" height=\"1066\" srcset=\"https:\/\/digital58.com.ve\/site\/wp-content\/uploads\/2020\/05\/TAMA.jpg 800w, https:\/\/digital58.com.ve\/site\/wp-content\/uploads\/2020\/05\/TAMA-300x200.jpg 300w, https:\/\/digital58.com.ve\/site\/wp-content\/uploads\/2020\/05\/TAMA-1500x999.jpg 1500w, https:\/\/digital58.com.ve\/site\/wp-content\/uploads\/2020\/05\/TAMA-768x512.jpg 768w, https:\/\/digital58.com.ve\/site\/wp-content\/uploads\/2020\/05\/TAMA-1536x1023.jpg 1536w, https:\/\/digital58.com.ve\/site\/wp-content\/uploads\/2020\/05\/TAMA-720x480.jpg 720w, https:\/\/digital58.com.ve\/site\/wp-content\/uploads\/2020\/05\/TAMA-480x320.jpg 480w\" sizes=\"auto, (max-width: 1600px) 100vw, 1600px\" \/><\/p>\n<p>Garc\u00eda estuvo al frente de varios cargos dentro del Ministerio de Industrias. Fungi\u00f3 como director suplente de la Corporaci\u00f3n Socialista de Cemento; adem\u00e1s de haber estado a cargo de la Corporaci\u00f3n de Industrias Intermedias de Venezuela y de Venezolana de Vidrio.<\/p>\n<p>Saab, fiscal general de la Rep\u00fablica designado por la ileg\u00edtima asamblea nacional constituyente, inform\u00f3 el viernes 8 de mayo que Garc\u00eda result\u00f3 detenido el domingo 3 de mayo en la localidad de Macuto, en el estado Vargas, cuando un grupo de hombres habr\u00eda pretendido hacer una incursi\u00f3n armada al pa\u00eds.<\/p>\n<p>Al se\u00f1alado lo imputaron el s\u00e1bado 10 de mayo por la presunta comisi\u00f3n de los delitos de traici\u00f3n a la patria, rebeli\u00f3n y conspiraci\u00f3n con gobierno extranjero; adem\u00e1s, tr\u00e1fico il\u00edcito de armas de guerra, financiamiento al terrorismo y asociaci\u00f3n, en perjuicio del Estado venezolano.<\/p>\n<p><b>Redacci\u00f3n<\/b><strong>: Molero, Luis @Moleromarquez\u00a0 | Fuente: El Nacional<\/strong><br \/>\n<strong>Edici\u00f3n: Villasmil, Henry<\/strong><br \/>\n<strong>Gr\u00e1fica:\u00a0<\/strong><b>Cortes\u00eda<\/b><\/p>\n<p>&nbsp;<\/p><div class=\"vwics69f0c76682a08\" ><p style=\"text-align: center;\"><a href=\"https:\/\/t.me\/noticiasdigital58\" target=\"_blank\" rel=\"noopener\"><img class=\"aligncenter size-full wp-image-125363\" src=\"https:\/\/digital58.com.ve\/site\/wp-content\/uploads\/2021\/04\/banner-telegram-web-2021.png\" alt=\"\" width=\"600\" height=\"90\" \/><\/a><\/p><\/div><style type=\"text\/css\">\r\n@media screen and (min-width: 1201px) {\r\n.vwics69f0c76682a08 {\r\ndisplay: block;\r\n}\r\n}\r\n@media screen and (min-width: 993px) and (max-width: 1200px) {\r\n.vwics69f0c76682a08 {\r\ndisplay: block;\r\n}\r\n}\r\n@media screen and (min-width: 769px) and (max-width: 992px) {\r\n.vwics69f0c76682a08 {\r\ndisplay: block;\r\n}\r\n}\r\n@media screen and (min-width: 768px) and (max-width: 768px) {\r\n.vwics69f0c76682a08 {\r\ndisplay: block;\r\n}\r\n}\r\n@media screen and (max-width: 767px) {\r\n.vwics69f0c76682a08 {\r\ndisplay: block;\r\n}\r\n}\r\n<\/style>\r\n\n<p>&nbsp;<\/p>\n<div style=\"margin-top: 0px; margin-bottom: 0px;\" class=\"sharethis-inline-share-buttons\" ><\/div>","protected":false},"excerpt":{"rendered":"<p>Mart\u00edn \u00c1lvarez Garc\u00eda fue detenido el domingo 3 de mayo en la localidad de Macuto, en el estado Vargas, cuando<\/p>\n","protected":false},"author":26,"featured_media":98269,"comment_status":"open","ping_status":"closed","sticky":false,"template":"","format":"standard","meta":{"colormag_page_container_layout":"default_layout","colormag_page_sidebar_layout":"default_layout","_uag_custom_page_level_css":"","footnotes":""},"categories":[8610],"tags":[547,1818,233,14376,14463,32],"class_list":["post-98267","post","type-post","status-publish","format-standard","has-post-thumbnail","hentry","category-politica","tag-derechos-humanos","tag-gobierno-nacional","tag-nacionales","tag-operacion-gedeon","tag-tamara-suju","tag-venezuela"],"yoast_head":"<!-- This site is optimized with the Yoast SEO plugin v27.5 - https:\/\/yoast.com\/product\/yoast-seo-wordpress\/ -->\n<title>Tamara Suju asegur\u00f3 que uno de los detenidos por la Operaci\u00f3n Gede\u00f3n es amigo personal de los hijos de Ch\u00e1vez<\/title>\n<meta name=\"robots\" content=\"index, follow, max-snippet:-1, max-image-preview:large, max-video-preview:-1\" \/>\n<link rel=\"canonical\" href=\"https:\/\/digital58.com.ve\/site\/2020\/05\/11\/tamara-suju-aseguro-que-uno-de-los-detenidos-por-la-operacion-gedeon-es-amigo-personal-de-los-hijos-de-chavez\/\" \/>\n<meta property=\"og:locale\" content=\"es_ES\" \/>\n<meta property=\"og:type\" content=\"article\" \/>\n<meta property=\"og:title\" content=\"Tamara Suju asegur\u00f3 que uno de los detenidos por la Operaci\u00f3n Gede\u00f3n es amigo personal de los hijos de Ch\u00e1vez\" \/>\n<meta property=\"og:url\" content=\"https:\/\/digital58.com.ve\/site\/2020\/05\/11\/tamara-suju-aseguro-que-uno-de-los-detenidos-por-la-operacion-gedeon-es-amigo-personal-de-los-hijos-de-chavez\/\" \/>\n<meta property=\"og:site_name\" content=\"Noticias Digital58\" \/>\n<meta property=\"article:published_time\" content=\"2020-05-11T15:41:21+00:00\" \/>\n<meta property=\"article:modified_time\" content=\"2020-05-12T00:27:30+00:00\" \/>\n<meta property=\"og:image\" content=\"https:\/\/digital58.com.ve\/site\/wp-content\/uploads\/2020\/05\/TAMA.jpg\" \/>\n\t<meta property=\"og:image:width\" content=\"1600\" \/>\n\t<meta property=\"og:image:height\" content=\"1066\" \/>\n\t<meta property=\"og:image:type\" content=\"image\/jpeg\" \/>\n<meta name=\"author\" content=\"Molero Luis\" \/>\n<meta name=\"twitter:card\" content=\"summary_large_image\" \/>\n<meta name=\"twitter:creator\" content=\"@Digital_58\" \/>\n<meta name=\"twitter:site\" content=\"@villasmilhfoto\" \/>\n<meta name=\"twitter:label1\" content=\"Escrito por\" \/>\n\t<meta name=\"twitter:data1\" content=\"Molero Luis\" \/>\n\t<meta name=\"twitter:label2\" content=\"Tiempo estimado de lectura\" \/>\n\t<meta name=\"twitter:data2\" content=\"2 minutos\" \/>\n<script type=\"application\/ld+json\" class=\"yoast-schema-graph\">{\"@context\":\"https:\\\/\\\/schema.org\",\"@graph\":[{\"@type\":\"Article\",\"@id\":\"https:\\\/\\\/digital58.com.ve\\\/site\\\/2020\\\/05\\\/11\\\/tamara-suju-aseguro-que-uno-de-los-detenidos-por-la-operacion-gedeon-es-amigo-personal-de-los-hijos-de-chavez\\\/#article\",\"isPartOf\":{\"@id\":\"https:\\\/\\\/digital58.com.ve\\\/site\\\/2020\\\/05\\\/11\\\/tamara-suju-aseguro-que-uno-de-los-detenidos-por-la-operacion-gedeon-es-amigo-personal-de-los-hijos-de-chavez\\\/\"},\"author\":{\"name\":\"Molero Luis\",\"@id\":\"https:\\\/\\\/digital58.com.ve\\\/site\\\/#\\\/schema\\\/person\\\/c61667ce6845137620ee3f0aaabade17\"},\"headline\":\"Tamara Suju asegur\u00f3 que uno de los detenidos por la Operaci\u00f3n Gede\u00f3n es amigo personal de los hijos de Ch\u00e1vez\",\"datePublished\":\"2020-05-11T15:41:21+00:00\",\"dateModified\":\"2020-05-12T00:27:30+00:00\",\"mainEntityOfPage\":{\"@id\":\"https:\\\/\\\/digital58.com.ve\\\/site\\\/2020\\\/05\\\/11\\\/tamara-suju-aseguro-que-uno-de-los-detenidos-por-la-operacion-gedeon-es-amigo-personal-de-los-hijos-de-chavez\\\/\"},\"wordCount\":366,\"commentCount\":0,\"publisher\":{\"@id\":\"https:\\\/\\\/digital58.com.ve\\\/site\\\/#\\\/schema\\\/person\\\/64d1c2e4d0d4fd1b849980c4331c2951\"},\"image\":{\"@id\":\"https:\\\/\\\/digital58.com.ve\\\/site\\\/2020\\\/05\\\/11\\\/tamara-suju-aseguro-que-uno-de-los-detenidos-por-la-operacion-gedeon-es-amigo-personal-de-los-hijos-de-chavez\\\/#primaryimage\"},\"thumbnailUrl\":\"https:\\\/\\\/digital58.com.ve\\\/site\\\/wp-content\\\/uploads\\\/2020\\\/05\\\/TAMA.jpg\",\"keywords\":[\"Derechos Humanos\",\"Gobierno Nacional\",\"Nacionales\",\"Operaci\u00f3n Gede\u00f3n\",\"Tamara Suju\",\"Venezuela\"],\"articleSection\":[\"Pol\u00edtica\"],\"inLanguage\":\"es\",\"potentialAction\":[{\"@type\":\"CommentAction\",\"name\":\"Comment\",\"target\":[\"https:\\\/\\\/digital58.com.ve\\\/site\\\/2020\\\/05\\\/11\\\/tamara-suju-aseguro-que-uno-de-los-detenidos-por-la-operacion-gedeon-es-amigo-personal-de-los-hijos-de-chavez\\\/#respond\"]}]},{\"@type\":\"WebPage\",\"@id\":\"https:\\\/\\\/digital58.com.ve\\\/site\\\/2020\\\/05\\\/11\\\/tamara-suju-aseguro-que-uno-de-los-detenidos-por-la-operacion-gedeon-es-amigo-personal-de-los-hijos-de-chavez\\\/\",\"url\":\"https:\\\/\\\/digital58.com.ve\\\/site\\\/2020\\\/05\\\/11\\\/tamara-suju-aseguro-que-uno-de-los-detenidos-por-la-operacion-gedeon-es-amigo-personal-de-los-hijos-de-chavez\\\/\",\"name\":\"Tamara Suju asegur\u00f3 que uno de los detenidos por la Operaci\u00f3n Gede\u00f3n es amigo personal de los hijos de Ch\u00e1vez\",\"isPartOf\":{\"@id\":\"https:\\\/\\\/digital58.com.ve\\\/site\\\/#website\"},\"primaryImageOfPage\":{\"@id\":\"https:\\\/\\\/digital58.com.ve\\\/site\\\/2020\\\/05\\\/11\\\/tamara-suju-aseguro-que-uno-de-los-detenidos-por-la-operacion-gedeon-es-amigo-personal-de-los-hijos-de-chavez\\\/#primaryimage\"},\"image\":{\"@id\":\"https:\\\/\\\/digital58.com.ve\\\/site\\\/2020\\\/05\\\/11\\\/tamara-suju-aseguro-que-uno-de-los-detenidos-por-la-operacion-gedeon-es-amigo-personal-de-los-hijos-de-chavez\\\/#primaryimage\"},\"thumbnailUrl\":\"https:\\\/\\\/digital58.com.ve\\\/site\\\/wp-content\\\/uploads\\\/2020\\\/05\\\/TAMA.jpg\",\"datePublished\":\"2020-05-11T15:41:21+00:00\",\"dateModified\":\"2020-05-12T00:27:30+00:00\",\"breadcrumb\":{\"@id\":\"https:\\\/\\\/digital58.com.ve\\\/site\\\/2020\\\/05\\\/11\\\/tamara-suju-aseguro-que-uno-de-los-detenidos-por-la-operacion-gedeon-es-amigo-personal-de-los-hijos-de-chavez\\\/#breadcrumb\"},\"inLanguage\":\"es\",\"potentialAction\":[{\"@type\":\"ReadAction\",\"target\":[\"https:\\\/\\\/digital58.com.ve\\\/site\\\/2020\\\/05\\\/11\\\/tamara-suju-aseguro-que-uno-de-los-detenidos-por-la-operacion-gedeon-es-amigo-personal-de-los-hijos-de-chavez\\\/\"]}]},{\"@type\":\"ImageObject\",\"inLanguage\":\"es\",\"@id\":\"https:\\\/\\\/digital58.com.ve\\\/site\\\/2020\\\/05\\\/11\\\/tamara-suju-aseguro-que-uno-de-los-detenidos-por-la-operacion-gedeon-es-amigo-personal-de-los-hijos-de-chavez\\\/#primaryimage\",\"url\":\"https:\\\/\\\/digital58.com.ve\\\/site\\\/wp-content\\\/uploads\\\/2020\\\/05\\\/TAMA.jpg\",\"contentUrl\":\"https:\\\/\\\/digital58.com.ve\\\/site\\\/wp-content\\\/uploads\\\/2020\\\/05\\\/TAMA.jpg\",\"width\":800,\"height\":533,\"caption\":\"Date: September 14, 2017Place: Washington DCCredit: Juan Manuel Herrera\\\/OAS\"},{\"@type\":\"BreadcrumbList\",\"@id\":\"https:\\\/\\\/digital58.com.ve\\\/site\\\/2020\\\/05\\\/11\\\/tamara-suju-aseguro-que-uno-de-los-detenidos-por-la-operacion-gedeon-es-amigo-personal-de-los-hijos-de-chavez\\\/#breadcrumb\",\"itemListElement\":[{\"@type\":\"ListItem\",\"position\":1,\"name\":\"Home\",\"item\":\"https:\\\/\\\/digital58.com.ve\\\/site\\\/\"},{\"@type\":\"ListItem\",\"position\":2,\"name\":\"Tamara Suju asegur\u00f3 que uno de los detenidos por la Operaci\u00f3n Gede\u00f3n es amigo personal de los hijos de Ch\u00e1vez\"}]},{\"@type\":\"WebSite\",\"@id\":\"https:\\\/\\\/digital58.com.ve\\\/site\\\/#website\",\"url\":\"https:\\\/\\\/digital58.com.ve\\\/site\\\/\",\"name\":\"Noticias Digital58\",\"description\":\"Portal de Noticias \u00a1Periodismo web de verdad! Lanzamiento web 22.11.2005 \\\/ Maracaibo, Venezuela\",\"publisher\":{\"@id\":\"https:\\\/\\\/digital58.com.ve\\\/site\\\/#\\\/schema\\\/person\\\/64d1c2e4d0d4fd1b849980c4331c2951\"},\"alternateName\":\"ND58\",\"potentialAction\":[{\"@type\":\"SearchAction\",\"target\":{\"@type\":\"EntryPoint\",\"urlTemplate\":\"https:\\\/\\\/digital58.com.ve\\\/site\\\/?s={search_term_string}\"},\"query-input\":{\"@type\":\"PropertyValueSpecification\",\"valueRequired\":true,\"valueName\":\"search_term_string\"}}],\"inLanguage\":\"es\"},{\"@type\":[\"Person\",\"Organization\"],\"@id\":\"https:\\\/\\\/digital58.com.ve\\\/site\\\/#\\\/schema\\\/person\\\/64d1c2e4d0d4fd1b849980c4331c2951\",\"name\":\"Villasmil Henry\",\"image\":{\"@type\":\"ImageObject\",\"inLanguage\":\"es\",\"@id\":\"https:\\\/\\\/secure.gravatar.com\\\/avatar\\\/bb0c4a2fcb7970138239f7e404ea75757b1b507b28b5ce4c53fbd62d797c5a7c?s=96&d=mm&r=g\",\"url\":\"https:\\\/\\\/secure.gravatar.com\\\/avatar\\\/bb0c4a2fcb7970138239f7e404ea75757b1b507b28b5ce4c53fbd62d797c5a7c?s=96&d=mm&r=g\",\"contentUrl\":\"https:\\\/\\\/secure.gravatar.com\\\/avatar\\\/bb0c4a2fcb7970138239f7e404ea75757b1b507b28b5ce4c53fbd62d797c5a7c?s=96&d=mm&r=g\",\"caption\":\"Villasmil Henry\"},\"logo\":{\"@id\":\"https:\\\/\\\/secure.gravatar.com\\\/avatar\\\/bb0c4a2fcb7970138239f7e404ea75757b1b507b28b5ce4c53fbd62d797c5a7c?s=96&d=mm&r=g\"},\"sameAs\":[\"http:\\\/\\\/www.henryvillasmil.com.ve\",\"https:\\\/\\\/www.instagram.com\\\/villasmilhfoto\\\/\",\"https:\\\/\\\/x.com\\\/https:\\\/\\\/twitter.com\\\/villasmilhfoto\"]},{\"@type\":\"Person\",\"@id\":\"https:\\\/\\\/digital58.com.ve\\\/site\\\/#\\\/schema\\\/person\\\/c61667ce6845137620ee3f0aaabade17\",\"name\":\"Molero Luis\",\"image\":{\"@type\":\"ImageObject\",\"inLanguage\":\"es\",\"@id\":\"https:\\\/\\\/secure.gravatar.com\\\/avatar\\\/bf041ec637e3e7405449807deb2f7cf3d2de7c6fa755dd56e985201de9863f2b?s=96&d=mm&r=g\",\"url\":\"https:\\\/\\\/secure.gravatar.com\\\/avatar\\\/bf041ec637e3e7405449807deb2f7cf3d2de7c6fa755dd56e985201de9863f2b?s=96&d=mm&r=g\",\"contentUrl\":\"https:\\\/\\\/secure.gravatar.com\\\/avatar\\\/bf041ec637e3e7405449807deb2f7cf3d2de7c6fa755dd56e985201de9863f2b?s=96&d=mm&r=g\",\"caption\":\"Molero Luis\"},\"url\":\"https:\\\/\\\/digital58.com.ve\\\/site\\\/author\\\/luismolero\\\/\"}]}<\/script>\n<!-- \/ Yoast SEO plugin. -->","yoast_head_json":{"title":"Tamara Suju asegur\u00f3 que uno de los detenidos por la Operaci\u00f3n Gede\u00f3n es amigo personal de los hijos de Ch\u00e1vez","robots":{"index":"index","follow":"follow","max-snippet":"max-snippet:-1","max-image-preview":"max-image-preview:large","max-video-preview":"max-video-preview:-1"},"canonical":"https:\/\/digital58.com.ve\/site\/2020\/05\/11\/tamara-suju-aseguro-que-uno-de-los-detenidos-por-la-operacion-gedeon-es-amigo-personal-de-los-hijos-de-chavez\/","og_locale":"es_ES","og_type":"article","og_title":"Tamara Suju asegur\u00f3 que uno de los detenidos por la Operaci\u00f3n Gede\u00f3n es amigo personal de los hijos de Ch\u00e1vez","og_url":"https:\/\/digital58.com.ve\/site\/2020\/05\/11\/tamara-suju-aseguro-que-uno-de-los-detenidos-por-la-operacion-gedeon-es-amigo-personal-de-los-hijos-de-chavez\/","og_site_name":"Noticias Digital58","article_published_time":"2020-05-11T15:41:21+00:00","article_modified_time":"2020-05-12T00:27:30+00:00","og_image":[{"width":1600,"height":1066,"url":"https:\/\/digital58.com.ve\/site\/wp-content\/uploads\/2020\/05\/TAMA.jpg","type":"image\/jpeg"}],"author":"Molero Luis","twitter_card":"summary_large_image","twitter_creator":"@Digital_58","twitter_site":"@villasmilhfoto","twitter_misc":{"Escrito por":"Molero Luis","Tiempo estimado de lectura":"2 minutos"},"schema":{"@context":"https:\/\/schema.org","@graph":[{"@type":"Article","@id":"https:\/\/digital58.com.ve\/site\/2020\/05\/11\/tamara-suju-aseguro-que-uno-de-los-detenidos-por-la-operacion-gedeon-es-amigo-personal-de-los-hijos-de-chavez\/#article","isPartOf":{"@id":"https:\/\/digital58.com.ve\/site\/2020\/05\/11\/tamara-suju-aseguro-que-uno-de-los-detenidos-por-la-operacion-gedeon-es-amigo-personal-de-los-hijos-de-chavez\/"},"author":{"name":"Molero Luis","@id":"https:\/\/digital58.com.ve\/site\/#\/schema\/person\/c61667ce6845137620ee3f0aaabade17"},"headline":"Tamara Suju asegur\u00f3 que uno de los detenidos por la Operaci\u00f3n Gede\u00f3n es amigo personal de los hijos de Ch\u00e1vez","datePublished":"2020-05-11T15:41:21+00:00","dateModified":"2020-05-12T00:27:30+00:00","mainEntityOfPage":{"@id":"https:\/\/digital58.com.ve\/site\/2020\/05\/11\/tamara-suju-aseguro-que-uno-de-los-detenidos-por-la-operacion-gedeon-es-amigo-personal-de-los-hijos-de-chavez\/"},"wordCount":366,"commentCount":0,"publisher":{"@id":"https:\/\/digital58.com.ve\/site\/#\/schema\/person\/64d1c2e4d0d4fd1b849980c4331c2951"},"image":{"@id":"https:\/\/digital58.com.ve\/site\/2020\/05\/11\/tamara-suju-aseguro-que-uno-de-los-detenidos-por-la-operacion-gedeon-es-amigo-personal-de-los-hijos-de-chavez\/#primaryimage"},"thumbnailUrl":"https:\/\/digital58.com.ve\/site\/wp-content\/uploads\/2020\/05\/TAMA.jpg","keywords":["Derechos Humanos","Gobierno Nacional","Nacionales","Operaci\u00f3n Gede\u00f3n","Tamara Suju","Venezuela"],"articleSection":["Pol\u00edtica"],"inLanguage":"es","potentialAction":[{"@type":"CommentAction","name":"Comment","target":["https:\/\/digital58.com.ve\/site\/2020\/05\/11\/tamara-suju-aseguro-que-uno-de-los-detenidos-por-la-operacion-gedeon-es-amigo-personal-de-los-hijos-de-chavez\/#respond"]}]},{"@type":"WebPage","@id":"https:\/\/digital58.com.ve\/site\/2020\/05\/11\/tamara-suju-aseguro-que-uno-de-los-detenidos-por-la-operacion-gedeon-es-amigo-personal-de-los-hijos-de-chavez\/","url":"https:\/\/digital58.com.ve\/site\/2020\/05\/11\/tamara-suju-aseguro-que-uno-de-los-detenidos-por-la-operacion-gedeon-es-amigo-personal-de-los-hijos-de-chavez\/","name":"Tamara Suju asegur\u00f3 que uno de los detenidos por la Operaci\u00f3n Gede\u00f3n es amigo personal de los hijos de Ch\u00e1vez","isPartOf":{"@id":"https:\/\/digital58.com.ve\/site\/#website"},"primaryImageOfPage":{"@id":"https:\/\/digital58.com.ve\/site\/2020\/05\/11\/tamara-suju-aseguro-que-uno-de-los-detenidos-por-la-operacion-gedeon-es-amigo-personal-de-los-hijos-de-chavez\/#primaryimage"},"image":{"@id":"https:\/\/digital58.com.ve\/site\/2020\/05\/11\/tamara-suju-aseguro-que-uno-de-los-detenidos-por-la-operacion-gedeon-es-amigo-personal-de-los-hijos-de-chavez\/#primaryimage"},"thumbnailUrl":"https:\/\/digital58.com.ve\/site\/wp-content\/uploads\/2020\/05\/TAMA.jpg","datePublished":"2020-05-11T15:41:21+00:00","dateModified":"2020-05-12T00:27:30+00:00","breadcrumb":{"@id":"https:\/\/digital58.com.ve\/site\/2020\/05\/11\/tamara-suju-aseguro-que-uno-de-los-detenidos-por-la-operacion-gedeon-es-amigo-personal-de-los-hijos-de-chavez\/#breadcrumb"},"inLanguage":"es","potentialAction":[{"@type":"ReadAction","target":["https:\/\/digital58.com.ve\/site\/2020\/05\/11\/tamara-suju-aseguro-que-uno-de-los-detenidos-por-la-operacion-gedeon-es-amigo-personal-de-los-hijos-de-chavez\/"]}]},{"@type":"ImageObject","inLanguage":"es","@id":"https:\/\/digital58.com.ve\/site\/2020\/05\/11\/tamara-suju-aseguro-que-uno-de-los-detenidos-por-la-operacion-gedeon-es-amigo-personal-de-los-hijos-de-chavez\/#primaryimage","url":"https:\/\/digital58.com.ve\/site\/wp-content\/uploads\/2020\/05\/TAMA.jpg","contentUrl":"https:\/\/digital58.com.ve\/site\/wp-content\/uploads\/2020\/05\/TAMA.jpg","width":800,"height":533,"caption":"Date: September 14, 2017Place: Washington DCCredit: Juan Manuel Herrera\/OAS"},{"@type":"BreadcrumbList","@id":"https:\/\/digital58.com.ve\/site\/2020\/05\/11\/tamara-suju-aseguro-que-uno-de-los-detenidos-por-la-operacion-gedeon-es-amigo-personal-de-los-hijos-de-chavez\/#breadcrumb","itemListElement":[{"@type":"ListItem","position":1,"name":"Home","item":"https:\/\/digital58.com.ve\/site\/"},{"@type":"ListItem","position":2,"name":"Tamara Suju asegur\u00f3 que uno de los detenidos por la Operaci\u00f3n Gede\u00f3n es amigo personal de los hijos de Ch\u00e1vez"}]},{"@type":"WebSite","@id":"https:\/\/digital58.com.ve\/site\/#website","url":"https:\/\/digital58.com.ve\/site\/","name":"Noticias Digital58","description":"Portal de Noticias \u00a1Periodismo web de verdad! Lanzamiento web 22.11.2005 \/ Maracaibo, Venezuela","publisher":{"@id":"https:\/\/digital58.com.ve\/site\/#\/schema\/person\/64d1c2e4d0d4fd1b849980c4331c2951"},"alternateName":"ND58","potentialAction":[{"@type":"SearchAction","target":{"@type":"EntryPoint","urlTemplate":"https:\/\/digital58.com.ve\/site\/?s={search_term_string}"},"query-input":{"@type":"PropertyValueSpecification","valueRequired":true,"valueName":"search_term_string"}}],"inLanguage":"es"},{"@type":["Person","Organization"],"@id":"https:\/\/digital58.com.ve\/site\/#\/schema\/person\/64d1c2e4d0d4fd1b849980c4331c2951","name":"Villasmil Henry","image":{"@type":"ImageObject","inLanguage":"es","@id":"https:\/\/secure.gravatar.com\/avatar\/bb0c4a2fcb7970138239f7e404ea75757b1b507b28b5ce4c53fbd62d797c5a7c?s=96&d=mm&r=g","url":"https:\/\/secure.gravatar.com\/avatar\/bb0c4a2fcb7970138239f7e404ea75757b1b507b28b5ce4c53fbd62d797c5a7c?s=96&d=mm&r=g","contentUrl":"https:\/\/secure.gravatar.com\/avatar\/bb0c4a2fcb7970138239f7e404ea75757b1b507b28b5ce4c53fbd62d797c5a7c?s=96&d=mm&r=g","caption":"Villasmil Henry"},"logo":{"@id":"https:\/\/secure.gravatar.com\/avatar\/bb0c4a2fcb7970138239f7e404ea75757b1b507b28b5ce4c53fbd62d797c5a7c?s=96&d=mm&r=g"},"sameAs":["http:\/\/www.henryvillasmil.com.ve","https:\/\/www.instagram.com\/villasmilhfoto\/","https:\/\/x.com\/https:\/\/twitter.com\/villasmilhfoto"]},{"@type":"Person","@id":"https:\/\/digital58.com.ve\/site\/#\/schema\/person\/c61667ce6845137620ee3f0aaabade17","name":"Molero Luis","image":{"@type":"ImageObject","inLanguage":"es","@id":"https:\/\/secure.gravatar.com\/avatar\/bf041ec637e3e7405449807deb2f7cf3d2de7c6fa755dd56e985201de9863f2b?s=96&d=mm&r=g","url":"https:\/\/secure.gravatar.com\/avatar\/bf041ec637e3e7405449807deb2f7cf3d2de7c6fa755dd56e985201de9863f2b?s=96&d=mm&r=g","contentUrl":"https:\/\/secure.gravatar.com\/avatar\/bf041ec637e3e7405449807deb2f7cf3d2de7c6fa755dd56e985201de9863f2b?s=96&d=mm&r=g","caption":"Molero Luis"},"url":"https:\/\/digital58.com.ve\/site\/author\/luismolero\/"}]}},"uagb_featured_image_src":{"full":["https:\/\/digital58.com.ve\/site\/wp-content\/uploads\/2020\/05\/TAMA.jpg",800,533,false],"thumbnail":["https:\/\/digital58.com.ve\/site\/wp-content\/uploads\/2020\/05\/TAMA-150x150.jpg",150,150,true],"medium":["https:\/\/digital58.com.ve\/site\/wp-content\/uploads\/2020\/05\/TAMA-300x200.jpg",300,200,true],"medium_large":["https:\/\/digital58.com.ve\/site\/wp-content\/uploads\/2020\/05\/TAMA-768x512.jpg",768,512,true],"large":["https:\/\/digital58.com.ve\/site\/wp-content\/uploads\/2020\/05\/TAMA-1500x999.jpg",800,533,true],"1536x1536":["https:\/\/digital58.com.ve\/site\/wp-content\/uploads\/2020\/05\/TAMA-1536x1023.jpg",1536,1023,true],"2048x2048":["https:\/\/digital58.com.ve\/site\/wp-content\/uploads\/2020\/05\/TAMA.jpg",800,533,false],"colormag-highlighted-post":["https:\/\/digital58.com.ve\/site\/wp-content\/uploads\/2020\/05\/TAMA.jpg",392,261,false],"colormag-featured-post-medium":["https:\/\/digital58.com.ve\/site\/wp-content\/uploads\/2020\/05\/TAMA.jpg",308,205,false],"colormag-featured-post-small":["https:\/\/digital58.com.ve\/site\/wp-content\/uploads\/2020\/05\/TAMA.jpg",130,87,false],"colormag-featured-image":["https:\/\/digital58.com.ve\/site\/wp-content\/uploads\/2020\/05\/TAMA.jpg",668,445,false],"colormag-default-news":["https:\/\/digital58.com.ve\/site\/wp-content\/uploads\/2020\/05\/TAMA.jpg",150,100,false],"colormag-featured-image-large":["https:\/\/digital58.com.ve\/site\/wp-content\/uploads\/2020\/05\/TAMA.jpg",800,533,false]},"uagb_author_info":{"display_name":"Molero Luis","author_link":"https:\/\/digital58.com.ve\/site\/author\/luismolero\/"},"uagb_comment_info":0,"uagb_excerpt":"Mart\u00edn \u00c1lvarez Garc\u00eda fue detenido el domingo 3 de mayo en la localidad de Macuto, en el estado Vargas, cuando","_links":{"self":[{"href":"https:\/\/digital58.com.ve\/site\/wp-json\/wp\/v2\/posts\/98267","targetHints":{"allow":["GET"]}}],"collection":[{"href":"https:\/\/digital58.com.ve\/site\/wp-json\/wp\/v2\/posts"}],"about":[{"href":"https:\/\/digital58.com.ve\/site\/wp-json\/wp\/v2\/types\/post"}],"author":[{"embeddable":true,"href":"https:\/\/digital58.com.ve\/site\/wp-json\/wp\/v2\/users\/26"}],"replies":[{"embeddable":true,"href":"https:\/\/digital58.com.ve\/site\/wp-json\/wp\/v2\/comments?post=98267"}],"version-history":[{"count":0,"href":"https:\/\/digital58.com.ve\/site\/wp-json\/wp\/v2\/posts\/98267\/revisions"}],"wp:featuredmedia":[{"embeddable":true,"href":"https:\/\/digital58.com.ve\/site\/wp-json\/wp\/v2\/media\/98269"}],"wp:attachment":[{"href":"https:\/\/digital58.com.ve\/site\/wp-json\/wp\/v2\/media?parent=98267"}],"wp:term":[{"taxonomy":"category","embeddable":true,"href":"https:\/\/digital58.com.ve\/site\/wp-json\/wp\/v2\/categories?post=98267"},{"taxonomy":"post_tag","embeddable":true,"href":"https:\/\/digital58.com.ve\/site\/wp-json\/wp\/v2\/tags?post=98267"}],"curies":[{"name":"wp","href":"https:\/\/api.w.org\/{rel}","templated":true}]}}