{"id":98361,"date":"2020-05-11T18:17:36","date_gmt":"2020-05-11T22:17:36","guid":{"rendered":"https:\/\/digital58.com.ve\/site\/?p=98361"},"modified":"2020-05-11T20:56:54","modified_gmt":"2020-05-12T00:56:54","slug":"italia-conmocionada-por-la-muerte-prematura-de-un-futbolista-de-19-anos","status":"publish","type":"post","link":"https:\/\/digital58.com.ve\/site\/2020\/05\/11\/italia-conmocionada-por-la-muerte-prematura-de-un-futbolista-de-19-anos\/","title":{"rendered":"Italia conmocionada por la muerte prematura de un futbolista de 19 a\u00f1os"},"content":{"rendered":"<p><img loading=\"lazy\" decoding=\"async\" class=\"aligncenter wp-image-98362 size-full\" src=\"https:\/\/digital58.com.ve\/site\/wp-content\/uploads\/2020\/05\/Andrea-Rinaldi.jpg\" alt=\"\" width=\"640\" height=\"367\" srcset=\"https:\/\/digital58.com.ve\/site\/wp-content\/uploads\/2020\/05\/Andrea-Rinaldi.jpg 640w, https:\/\/digital58.com.ve\/site\/wp-content\/uploads\/2020\/05\/Andrea-Rinaldi-300x172.jpg 300w\" sizes=\"auto, (max-width: 640px) 100vw, 640px\" \/><\/p>\n<p>El Futbolista Andr\u00e9s Rinaldi, falleci\u00f3 a causa de una aneurisma, este lunes a los 19 a\u00f1os en un\u00a0 hospital de Varese al norte de Italia. \u00a0El futbolista partencia al Legnano de la serie D del F\u00fatbol Italiano.<\/p>\n<p><strong>Maracaibo, Zulia, Venezuela, 11 de mayo de 2020 (ND58).-<\/strong>\u00a0El italiano Andrea Rinaldi, crecido en la cantera del Atalanta y jugador del Legnano desde el pasado verano, falleci\u00f3 este lunes a los 19 a\u00f1os en un hospital de Varese (norte), en el que se encontraba desde el viernes a causa de un aneurisma sufrido mientras entrenaba en el jard\u00edn de su casa.<\/p>\n<p>\u00abEl AC Legnano, la ciudad y todo el universo del f\u00fatbol, de todos los niveles, hoy viven uno de los d\u00edas m\u00e1s duros. Andrea Rinaldi, nuestro guerrero, nos dej\u00f3. Un aneurisma le quit\u00f3 la vida cuando todav\u00eda no hab\u00eda cumplido los 20 a\u00f1os\u00bb, se lee en el comunicado publicado por el club italiano.<\/p>\n<p>\u00abTen\u00eda toda su vida y toda su carrera por delante, que promet\u00eda grandes logros. Una tragedia imposible de imaginar\u00bb, agrega la nota.<\/p>\n<p><img loading=\"lazy\" decoding=\"async\" class=\"aligncenter wp-image-98363 size-full\" src=\"https:\/\/digital58.com.ve\/site\/wp-content\/uploads\/2020\/05\/5ZAQVU5AUNF4FL6QPQF67637QQ.jpg\" alt=\"\" width=\"879\" height=\"1099\" srcset=\"https:\/\/digital58.com.ve\/site\/wp-content\/uploads\/2020\/05\/5ZAQVU5AUNF4FL6QPQF67637QQ.jpg 480w, https:\/\/digital58.com.ve\/site\/wp-content\/uploads\/2020\/05\/5ZAQVU5AUNF4FL6QPQF67637QQ-240x300.jpg 240w, https:\/\/digital58.com.ve\/site\/wp-content\/uploads\/2020\/05\/5ZAQVU5AUNF4FL6QPQF67637QQ-819x1024.jpg 819w, https:\/\/digital58.com.ve\/site\/wp-content\/uploads\/2020\/05\/5ZAQVU5AUNF4FL6QPQF67637QQ-768x960.jpg 768w\" sizes=\"auto, (max-width: 879px) 100vw, 879px\" \/><\/p>\n<p>Rinaldi, centrocampista que creci\u00f3 en el Atalanta y que acumul\u00f3 a continuaci\u00f3n una experiencia en el Imolese, jugaba desde el pasado verano en la Serie D (la cuarta categor\u00eda del f\u00fatbol italiano) con la camiseta del Legnano.<\/p>\n<p>Sufri\u00f3 un aneurisma el pasado viernes mientras se estaba entrenando en el jard\u00edn de su casa de Como (norte) y falleci\u00f3 en la ma\u00f1ana italiana de este lunes tras estar ingresado durante tres d\u00edas en un hospital de Varese.<\/p>\n<p><b>Redacci\u00f3n<\/b><strong>: Molero, Luis (Moleromarquez) | Fuente: EFE<\/strong><br \/>\n<strong>Edici\u00f3n: Villasmil, Henry<\/strong><br \/>\n<strong>Gr\u00e1fica:\u00a0<\/strong><b>Cortes\u00eda<\/b><\/p><div class=\"mkuoe69f4cbe3d07dc\" ><p style=\"text-align: center;\"><a href=\"https:\/\/t.me\/noticiasdigital58\" target=\"_blank\" rel=\"noopener\"><img class=\"aligncenter size-full wp-image-125363\" src=\"https:\/\/digital58.com.ve\/site\/wp-content\/uploads\/2021\/04\/banner-telegram-web-2021.png\" alt=\"\" width=\"600\" height=\"90\" \/><\/a><\/p><\/div><style type=\"text\/css\">\r\n@media screen and (min-width: 1201px) {\r\n.mkuoe69f4cbe3d07dc {\r\ndisplay: block;\r\n}\r\n}\r\n@media screen and (min-width: 993px) and (max-width: 1200px) {\r\n.mkuoe69f4cbe3d07dc {\r\ndisplay: block;\r\n}\r\n}\r\n@media screen and (min-width: 769px) and (max-width: 992px) {\r\n.mkuoe69f4cbe3d07dc {\r\ndisplay: block;\r\n}\r\n}\r\n@media screen and (min-width: 768px) and (max-width: 768px) {\r\n.mkuoe69f4cbe3d07dc {\r\ndisplay: block;\r\n}\r\n}\r\n@media screen and (max-width: 767px) {\r\n.mkuoe69f4cbe3d07dc {\r\ndisplay: block;\r\n}\r\n}\r\n<\/style>\r\n\n<p>&nbsp;<\/p>\n<div style=\"margin-top: 0px; margin-bottom: 0px;\" class=\"sharethis-inline-share-buttons\" ><\/div>","protected":false},"excerpt":{"rendered":"<p>El Futbolista Andr\u00e9s Rinaldi, falleci\u00f3 a causa de una aneurisma, este lunes a los 19 a\u00f1os en un\u00a0 hospital de<\/p>\n","protected":false},"author":26,"featured_media":98363,"comment_status":"open","ping_status":"closed","sticky":false,"template":"","format":"standard","meta":{"colormag_page_container_layout":"default_layout","colormag_page_sidebar_layout":"default_layout","_uag_custom_page_level_css":"","footnotes":""},"categories":[5402],"tags":[14477,14470,13,7313,8,42,14469,14478],"class_list":["post-98361","post","type-post","status-publish","format-standard","has-post-thumbnail","hentry","category-deportes","tag-andres-rinaldi","tag-atalanta","tag-futbol","tag-futbol-italiano","tag-internacionales","tag-italia","tag-legnano","tag-serie-d"],"yoast_head":"<!-- This site is optimized with the Yoast SEO plugin v27.5 - https:\/\/yoast.com\/product\/yoast-seo-wordpress\/ -->\n<title>Italia conmocionada por la muerte prematura de un futbolista de 19 a\u00f1os<\/title>\n<meta name=\"description\" content=\"Deportes\" \/>\n<meta name=\"robots\" content=\"index, follow, max-snippet:-1, max-image-preview:large, max-video-preview:-1\" \/>\n<link rel=\"canonical\" href=\"https:\/\/digital58.com.ve\/site\/2020\/05\/11\/italia-conmocionada-por-la-muerte-prematura-de-un-futbolista-de-19-anos\/\" \/>\n<meta property=\"og:locale\" content=\"es_ES\" \/>\n<meta property=\"og:type\" content=\"article\" \/>\n<meta property=\"og:title\" content=\"Italia conmocionada por la muerte prematura de un futbolista de 19 a\u00f1os\" \/>\n<meta property=\"og:description\" content=\"Deportes\" \/>\n<meta property=\"og:url\" content=\"https:\/\/digital58.com.ve\/site\/2020\/05\/11\/italia-conmocionada-por-la-muerte-prematura-de-un-futbolista-de-19-anos\/\" \/>\n<meta property=\"og:site_name\" content=\"Noticias Digital58\" \/>\n<meta property=\"article:published_time\" content=\"2020-05-11T22:17:36+00:00\" \/>\n<meta property=\"article:modified_time\" content=\"2020-05-12T00:56:54+00:00\" \/>\n<meta property=\"og:image\" content=\"https:\/\/digital58.com.ve\/site\/wp-content\/uploads\/2020\/05\/5ZAQVU5AUNF4FL6QPQF67637QQ.jpg\" \/>\n\t<meta property=\"og:image:width\" content=\"879\" \/>\n\t<meta property=\"og:image:height\" content=\"1099\" \/>\n\t<meta property=\"og:image:type\" content=\"image\/jpeg\" \/>\n<meta name=\"author\" content=\"Molero Luis\" \/>\n<meta name=\"twitter:card\" content=\"summary_large_image\" \/>\n<meta name=\"twitter:creator\" content=\"@Digital_58\" \/>\n<meta name=\"twitter:site\" content=\"@villasmilhfoto\" \/>\n<meta name=\"twitter:label1\" content=\"Escrito por\" \/>\n\t<meta name=\"twitter:data1\" content=\"Molero Luis\" \/>\n\t<meta name=\"twitter:label2\" content=\"Tiempo estimado de lectura\" \/>\n\t<meta name=\"twitter:data2\" content=\"1 minuto\" \/>\n<script type=\"application\/ld+json\" class=\"yoast-schema-graph\">{\"@context\":\"https:\\\/\\\/schema.org\",\"@graph\":[{\"@type\":\"Article\",\"@id\":\"https:\\\/\\\/digital58.com.ve\\\/site\\\/2020\\\/05\\\/11\\\/italia-conmocionada-por-la-muerte-prematura-de-un-futbolista-de-19-anos\\\/#article\",\"isPartOf\":{\"@id\":\"https:\\\/\\\/digital58.com.ve\\\/site\\\/2020\\\/05\\\/11\\\/italia-conmocionada-por-la-muerte-prematura-de-un-futbolista-de-19-anos\\\/\"},\"author\":{\"name\":\"Molero Luis\",\"@id\":\"https:\\\/\\\/digital58.com.ve\\\/site\\\/#\\\/schema\\\/person\\\/c61667ce6845137620ee3f0aaabade17\"},\"headline\":\"Italia conmocionada por la muerte prematura de un futbolista de 19 a\u00f1os\",\"datePublished\":\"2020-05-11T22:17:36+00:00\",\"dateModified\":\"2020-05-12T00:56:54+00:00\",\"mainEntityOfPage\":{\"@id\":\"https:\\\/\\\/digital58.com.ve\\\/site\\\/2020\\\/05\\\/11\\\/italia-conmocionada-por-la-muerte-prematura-de-un-futbolista-de-19-anos\\\/\"},\"wordCount\":293,\"commentCount\":0,\"publisher\":{\"@id\":\"https:\\\/\\\/digital58.com.ve\\\/site\\\/#\\\/schema\\\/person\\\/64d1c2e4d0d4fd1b849980c4331c2951\"},\"image\":{\"@id\":\"https:\\\/\\\/digital58.com.ve\\\/site\\\/2020\\\/05\\\/11\\\/italia-conmocionada-por-la-muerte-prematura-de-un-futbolista-de-19-anos\\\/#primaryimage\"},\"thumbnailUrl\":\"https:\\\/\\\/digital58.com.ve\\\/site\\\/wp-content\\\/uploads\\\/2020\\\/05\\\/5ZAQVU5AUNF4FL6QPQF67637QQ.jpg\",\"keywords\":[\"Andr\u00e9s Rinaldi\",\"Atalanta\",\"F\u00fatbol\",\"F\u00fatbol Italiano\",\"Internacionales\",\"Italia\",\"Legnano\",\"Serie D\"],\"articleSection\":[\"Deportes\"],\"inLanguage\":\"es\",\"potentialAction\":[{\"@type\":\"CommentAction\",\"name\":\"Comment\",\"target\":[\"https:\\\/\\\/digital58.com.ve\\\/site\\\/2020\\\/05\\\/11\\\/italia-conmocionada-por-la-muerte-prematura-de-un-futbolista-de-19-anos\\\/#respond\"]}]},{\"@type\":\"WebPage\",\"@id\":\"https:\\\/\\\/digital58.com.ve\\\/site\\\/2020\\\/05\\\/11\\\/italia-conmocionada-por-la-muerte-prematura-de-un-futbolista-de-19-anos\\\/\",\"url\":\"https:\\\/\\\/digital58.com.ve\\\/site\\\/2020\\\/05\\\/11\\\/italia-conmocionada-por-la-muerte-prematura-de-un-futbolista-de-19-anos\\\/\",\"name\":\"Italia conmocionada por la muerte prematura de un futbolista de 19 a\u00f1os\",\"isPartOf\":{\"@id\":\"https:\\\/\\\/digital58.com.ve\\\/site\\\/#website\"},\"primaryImageOfPage\":{\"@id\":\"https:\\\/\\\/digital58.com.ve\\\/site\\\/2020\\\/05\\\/11\\\/italia-conmocionada-por-la-muerte-prematura-de-un-futbolista-de-19-anos\\\/#primaryimage\"},\"image\":{\"@id\":\"https:\\\/\\\/digital58.com.ve\\\/site\\\/2020\\\/05\\\/11\\\/italia-conmocionada-por-la-muerte-prematura-de-un-futbolista-de-19-anos\\\/#primaryimage\"},\"thumbnailUrl\":\"https:\\\/\\\/digital58.com.ve\\\/site\\\/wp-content\\\/uploads\\\/2020\\\/05\\\/5ZAQVU5AUNF4FL6QPQF67637QQ.jpg\",\"datePublished\":\"2020-05-11T22:17:36+00:00\",\"dateModified\":\"2020-05-12T00:56:54+00:00\",\"description\":\"Deportes\",\"breadcrumb\":{\"@id\":\"https:\\\/\\\/digital58.com.ve\\\/site\\\/2020\\\/05\\\/11\\\/italia-conmocionada-por-la-muerte-prematura-de-un-futbolista-de-19-anos\\\/#breadcrumb\"},\"inLanguage\":\"es\",\"potentialAction\":[{\"@type\":\"ReadAction\",\"target\":[\"https:\\\/\\\/digital58.com.ve\\\/site\\\/2020\\\/05\\\/11\\\/italia-conmocionada-por-la-muerte-prematura-de-un-futbolista-de-19-anos\\\/\"]}]},{\"@type\":\"ImageObject\",\"inLanguage\":\"es\",\"@id\":\"https:\\\/\\\/digital58.com.ve\\\/site\\\/2020\\\/05\\\/11\\\/italia-conmocionada-por-la-muerte-prematura-de-un-futbolista-de-19-anos\\\/#primaryimage\",\"url\":\"https:\\\/\\\/digital58.com.ve\\\/site\\\/wp-content\\\/uploads\\\/2020\\\/05\\\/5ZAQVU5AUNF4FL6QPQF67637QQ.jpg\",\"contentUrl\":\"https:\\\/\\\/digital58.com.ve\\\/site\\\/wp-content\\\/uploads\\\/2020\\\/05\\\/5ZAQVU5AUNF4FL6QPQF67637QQ.jpg\",\"width\":480,\"height\":600},{\"@type\":\"BreadcrumbList\",\"@id\":\"https:\\\/\\\/digital58.com.ve\\\/site\\\/2020\\\/05\\\/11\\\/italia-conmocionada-por-la-muerte-prematura-de-un-futbolista-de-19-anos\\\/#breadcrumb\",\"itemListElement\":[{\"@type\":\"ListItem\",\"position\":1,\"name\":\"Home\",\"item\":\"https:\\\/\\\/digital58.com.ve\\\/site\\\/\"},{\"@type\":\"ListItem\",\"position\":2,\"name\":\"Italia conmocionada por la muerte prematura de un futbolista de 19 a\u00f1os\"}]},{\"@type\":\"WebSite\",\"@id\":\"https:\\\/\\\/digital58.com.ve\\\/site\\\/#website\",\"url\":\"https:\\\/\\\/digital58.com.ve\\\/site\\\/\",\"name\":\"Noticias Digital58\",\"description\":\"Portal de Noticias \u00a1Periodismo web de verdad! Lanzamiento web 22.11.2005 \\\/ Maracaibo, Venezuela\",\"publisher\":{\"@id\":\"https:\\\/\\\/digital58.com.ve\\\/site\\\/#\\\/schema\\\/person\\\/64d1c2e4d0d4fd1b849980c4331c2951\"},\"alternateName\":\"ND58\",\"potentialAction\":[{\"@type\":\"SearchAction\",\"target\":{\"@type\":\"EntryPoint\",\"urlTemplate\":\"https:\\\/\\\/digital58.com.ve\\\/site\\\/?s={search_term_string}\"},\"query-input\":{\"@type\":\"PropertyValueSpecification\",\"valueRequired\":true,\"valueName\":\"search_term_string\"}}],\"inLanguage\":\"es\"},{\"@type\":[\"Person\",\"Organization\"],\"@id\":\"https:\\\/\\\/digital58.com.ve\\\/site\\\/#\\\/schema\\\/person\\\/64d1c2e4d0d4fd1b849980c4331c2951\",\"name\":\"Villasmil Henry\",\"image\":{\"@type\":\"ImageObject\",\"inLanguage\":\"es\",\"@id\":\"https:\\\/\\\/secure.gravatar.com\\\/avatar\\\/bb0c4a2fcb7970138239f7e404ea75757b1b507b28b5ce4c53fbd62d797c5a7c?s=96&d=mm&r=g\",\"url\":\"https:\\\/\\\/secure.gravatar.com\\\/avatar\\\/bb0c4a2fcb7970138239f7e404ea75757b1b507b28b5ce4c53fbd62d797c5a7c?s=96&d=mm&r=g\",\"contentUrl\":\"https:\\\/\\\/secure.gravatar.com\\\/avatar\\\/bb0c4a2fcb7970138239f7e404ea75757b1b507b28b5ce4c53fbd62d797c5a7c?s=96&d=mm&r=g\",\"caption\":\"Villasmil Henry\"},\"logo\":{\"@id\":\"https:\\\/\\\/secure.gravatar.com\\\/avatar\\\/bb0c4a2fcb7970138239f7e404ea75757b1b507b28b5ce4c53fbd62d797c5a7c?s=96&d=mm&r=g\"},\"sameAs\":[\"http:\\\/\\\/www.henryvillasmil.com.ve\",\"https:\\\/\\\/www.instagram.com\\\/villasmilhfoto\\\/\",\"https:\\\/\\\/x.com\\\/https:\\\/\\\/twitter.com\\\/villasmilhfoto\"]},{\"@type\":\"Person\",\"@id\":\"https:\\\/\\\/digital58.com.ve\\\/site\\\/#\\\/schema\\\/person\\\/c61667ce6845137620ee3f0aaabade17\",\"name\":\"Molero Luis\",\"image\":{\"@type\":\"ImageObject\",\"inLanguage\":\"es\",\"@id\":\"https:\\\/\\\/secure.gravatar.com\\\/avatar\\\/bf041ec637e3e7405449807deb2f7cf3d2de7c6fa755dd56e985201de9863f2b?s=96&d=mm&r=g\",\"url\":\"https:\\\/\\\/secure.gravatar.com\\\/avatar\\\/bf041ec637e3e7405449807deb2f7cf3d2de7c6fa755dd56e985201de9863f2b?s=96&d=mm&r=g\",\"contentUrl\":\"https:\\\/\\\/secure.gravatar.com\\\/avatar\\\/bf041ec637e3e7405449807deb2f7cf3d2de7c6fa755dd56e985201de9863f2b?s=96&d=mm&r=g\",\"caption\":\"Molero Luis\"},\"url\":\"https:\\\/\\\/digital58.com.ve\\\/site\\\/author\\\/luismolero\\\/\"}]}<\/script>\n<!-- \/ Yoast SEO plugin. -->","yoast_head_json":{"title":"Italia conmocionada por la muerte prematura de un futbolista de 19 a\u00f1os","description":"Deportes","robots":{"index":"index","follow":"follow","max-snippet":"max-snippet:-1","max-image-preview":"max-image-preview:large","max-video-preview":"max-video-preview:-1"},"canonical":"https:\/\/digital58.com.ve\/site\/2020\/05\/11\/italia-conmocionada-por-la-muerte-prematura-de-un-futbolista-de-19-anos\/","og_locale":"es_ES","og_type":"article","og_title":"Italia conmocionada por la muerte prematura de un futbolista de 19 a\u00f1os","og_description":"Deportes","og_url":"https:\/\/digital58.com.ve\/site\/2020\/05\/11\/italia-conmocionada-por-la-muerte-prematura-de-un-futbolista-de-19-anos\/","og_site_name":"Noticias Digital58","article_published_time":"2020-05-11T22:17:36+00:00","article_modified_time":"2020-05-12T00:56:54+00:00","og_image":[{"width":879,"height":1099,"url":"https:\/\/digital58.com.ve\/site\/wp-content\/uploads\/2020\/05\/5ZAQVU5AUNF4FL6QPQF67637QQ.jpg","type":"image\/jpeg"}],"author":"Molero Luis","twitter_card":"summary_large_image","twitter_creator":"@Digital_58","twitter_site":"@villasmilhfoto","twitter_misc":{"Escrito por":"Molero Luis","Tiempo estimado de lectura":"1 minuto"},"schema":{"@context":"https:\/\/schema.org","@graph":[{"@type":"Article","@id":"https:\/\/digital58.com.ve\/site\/2020\/05\/11\/italia-conmocionada-por-la-muerte-prematura-de-un-futbolista-de-19-anos\/#article","isPartOf":{"@id":"https:\/\/digital58.com.ve\/site\/2020\/05\/11\/italia-conmocionada-por-la-muerte-prematura-de-un-futbolista-de-19-anos\/"},"author":{"name":"Molero Luis","@id":"https:\/\/digital58.com.ve\/site\/#\/schema\/person\/c61667ce6845137620ee3f0aaabade17"},"headline":"Italia conmocionada por la muerte prematura de un futbolista de 19 a\u00f1os","datePublished":"2020-05-11T22:17:36+00:00","dateModified":"2020-05-12T00:56:54+00:00","mainEntityOfPage":{"@id":"https:\/\/digital58.com.ve\/site\/2020\/05\/11\/italia-conmocionada-por-la-muerte-prematura-de-un-futbolista-de-19-anos\/"},"wordCount":293,"commentCount":0,"publisher":{"@id":"https:\/\/digital58.com.ve\/site\/#\/schema\/person\/64d1c2e4d0d4fd1b849980c4331c2951"},"image":{"@id":"https:\/\/digital58.com.ve\/site\/2020\/05\/11\/italia-conmocionada-por-la-muerte-prematura-de-un-futbolista-de-19-anos\/#primaryimage"},"thumbnailUrl":"https:\/\/digital58.com.ve\/site\/wp-content\/uploads\/2020\/05\/5ZAQVU5AUNF4FL6QPQF67637QQ.jpg","keywords":["Andr\u00e9s Rinaldi","Atalanta","F\u00fatbol","F\u00fatbol Italiano","Internacionales","Italia","Legnano","Serie D"],"articleSection":["Deportes"],"inLanguage":"es","potentialAction":[{"@type":"CommentAction","name":"Comment","target":["https:\/\/digital58.com.ve\/site\/2020\/05\/11\/italia-conmocionada-por-la-muerte-prematura-de-un-futbolista-de-19-anos\/#respond"]}]},{"@type":"WebPage","@id":"https:\/\/digital58.com.ve\/site\/2020\/05\/11\/italia-conmocionada-por-la-muerte-prematura-de-un-futbolista-de-19-anos\/","url":"https:\/\/digital58.com.ve\/site\/2020\/05\/11\/italia-conmocionada-por-la-muerte-prematura-de-un-futbolista-de-19-anos\/","name":"Italia conmocionada por la muerte prematura de un futbolista de 19 a\u00f1os","isPartOf":{"@id":"https:\/\/digital58.com.ve\/site\/#website"},"primaryImageOfPage":{"@id":"https:\/\/digital58.com.ve\/site\/2020\/05\/11\/italia-conmocionada-por-la-muerte-prematura-de-un-futbolista-de-19-anos\/#primaryimage"},"image":{"@id":"https:\/\/digital58.com.ve\/site\/2020\/05\/11\/italia-conmocionada-por-la-muerte-prematura-de-un-futbolista-de-19-anos\/#primaryimage"},"thumbnailUrl":"https:\/\/digital58.com.ve\/site\/wp-content\/uploads\/2020\/05\/5ZAQVU5AUNF4FL6QPQF67637QQ.jpg","datePublished":"2020-05-11T22:17:36+00:00","dateModified":"2020-05-12T00:56:54+00:00","description":"Deportes","breadcrumb":{"@id":"https:\/\/digital58.com.ve\/site\/2020\/05\/11\/italia-conmocionada-por-la-muerte-prematura-de-un-futbolista-de-19-anos\/#breadcrumb"},"inLanguage":"es","potentialAction":[{"@type":"ReadAction","target":["https:\/\/digital58.com.ve\/site\/2020\/05\/11\/italia-conmocionada-por-la-muerte-prematura-de-un-futbolista-de-19-anos\/"]}]},{"@type":"ImageObject","inLanguage":"es","@id":"https:\/\/digital58.com.ve\/site\/2020\/05\/11\/italia-conmocionada-por-la-muerte-prematura-de-un-futbolista-de-19-anos\/#primaryimage","url":"https:\/\/digital58.com.ve\/site\/wp-content\/uploads\/2020\/05\/5ZAQVU5AUNF4FL6QPQF67637QQ.jpg","contentUrl":"https:\/\/digital58.com.ve\/site\/wp-content\/uploads\/2020\/05\/5ZAQVU5AUNF4FL6QPQF67637QQ.jpg","width":480,"height":600},{"@type":"BreadcrumbList","@id":"https:\/\/digital58.com.ve\/site\/2020\/05\/11\/italia-conmocionada-por-la-muerte-prematura-de-un-futbolista-de-19-anos\/#breadcrumb","itemListElement":[{"@type":"ListItem","position":1,"name":"Home","item":"https:\/\/digital58.com.ve\/site\/"},{"@type":"ListItem","position":2,"name":"Italia conmocionada por la muerte prematura de un futbolista de 19 a\u00f1os"}]},{"@type":"WebSite","@id":"https:\/\/digital58.com.ve\/site\/#website","url":"https:\/\/digital58.com.ve\/site\/","name":"Noticias Digital58","description":"Portal de Noticias \u00a1Periodismo web de verdad! Lanzamiento web 22.11.2005 \/ Maracaibo, Venezuela","publisher":{"@id":"https:\/\/digital58.com.ve\/site\/#\/schema\/person\/64d1c2e4d0d4fd1b849980c4331c2951"},"alternateName":"ND58","potentialAction":[{"@type":"SearchAction","target":{"@type":"EntryPoint","urlTemplate":"https:\/\/digital58.com.ve\/site\/?s={search_term_string}"},"query-input":{"@type":"PropertyValueSpecification","valueRequired":true,"valueName":"search_term_string"}}],"inLanguage":"es"},{"@type":["Person","Organization"],"@id":"https:\/\/digital58.com.ve\/site\/#\/schema\/person\/64d1c2e4d0d4fd1b849980c4331c2951","name":"Villasmil Henry","image":{"@type":"ImageObject","inLanguage":"es","@id":"https:\/\/secure.gravatar.com\/avatar\/bb0c4a2fcb7970138239f7e404ea75757b1b507b28b5ce4c53fbd62d797c5a7c?s=96&d=mm&r=g","url":"https:\/\/secure.gravatar.com\/avatar\/bb0c4a2fcb7970138239f7e404ea75757b1b507b28b5ce4c53fbd62d797c5a7c?s=96&d=mm&r=g","contentUrl":"https:\/\/secure.gravatar.com\/avatar\/bb0c4a2fcb7970138239f7e404ea75757b1b507b28b5ce4c53fbd62d797c5a7c?s=96&d=mm&r=g","caption":"Villasmil Henry"},"logo":{"@id":"https:\/\/secure.gravatar.com\/avatar\/bb0c4a2fcb7970138239f7e404ea75757b1b507b28b5ce4c53fbd62d797c5a7c?s=96&d=mm&r=g"},"sameAs":["http:\/\/www.henryvillasmil.com.ve","https:\/\/www.instagram.com\/villasmilhfoto\/","https:\/\/x.com\/https:\/\/twitter.com\/villasmilhfoto"]},{"@type":"Person","@id":"https:\/\/digital58.com.ve\/site\/#\/schema\/person\/c61667ce6845137620ee3f0aaabade17","name":"Molero Luis","image":{"@type":"ImageObject","inLanguage":"es","@id":"https:\/\/secure.gravatar.com\/avatar\/bf041ec637e3e7405449807deb2f7cf3d2de7c6fa755dd56e985201de9863f2b?s=96&d=mm&r=g","url":"https:\/\/secure.gravatar.com\/avatar\/bf041ec637e3e7405449807deb2f7cf3d2de7c6fa755dd56e985201de9863f2b?s=96&d=mm&r=g","contentUrl":"https:\/\/secure.gravatar.com\/avatar\/bf041ec637e3e7405449807deb2f7cf3d2de7c6fa755dd56e985201de9863f2b?s=96&d=mm&r=g","caption":"Molero Luis"},"url":"https:\/\/digital58.com.ve\/site\/author\/luismolero\/"}]}},"uagb_featured_image_src":{"full":["https:\/\/digital58.com.ve\/site\/wp-content\/uploads\/2020\/05\/5ZAQVU5AUNF4FL6QPQF67637QQ.jpg",480,600,false],"thumbnail":["https:\/\/digital58.com.ve\/site\/wp-content\/uploads\/2020\/05\/5ZAQVU5AUNF4FL6QPQF67637QQ-150x150.jpg",150,150,true],"medium":["https:\/\/digital58.com.ve\/site\/wp-content\/uploads\/2020\/05\/5ZAQVU5AUNF4FL6QPQF67637QQ-240x300.jpg",240,300,true],"medium_large":["https:\/\/digital58.com.ve\/site\/wp-content\/uploads\/2020\/05\/5ZAQVU5AUNF4FL6QPQF67637QQ-768x960.jpg",768,960,true],"large":["https:\/\/digital58.com.ve\/site\/wp-content\/uploads\/2020\/05\/5ZAQVU5AUNF4FL6QPQF67637QQ-819x1024.jpg",800,1000,true],"1536x1536":["https:\/\/digital58.com.ve\/site\/wp-content\/uploads\/2020\/05\/5ZAQVU5AUNF4FL6QPQF67637QQ.jpg",480,600,false],"2048x2048":["https:\/\/digital58.com.ve\/site\/wp-content\/uploads\/2020\/05\/5ZAQVU5AUNF4FL6QPQF67637QQ.jpg",480,600,false],"colormag-highlighted-post":["https:\/\/digital58.com.ve\/site\/wp-content\/uploads\/2020\/05\/5ZAQVU5AUNF4FL6QPQF67637QQ.jpg",218,272,false],"colormag-featured-post-medium":["https:\/\/digital58.com.ve\/site\/wp-content\/uploads\/2020\/05\/5ZAQVU5AUNF4FL6QPQF67637QQ.jpg",164,205,false],"colormag-featured-post-small":["https:\/\/digital58.com.ve\/site\/wp-content\/uploads\/2020\/05\/5ZAQVU5AUNF4FL6QPQF67637QQ.jpg",72,90,false],"colormag-featured-image":["https:\/\/digital58.com.ve\/site\/wp-content\/uploads\/2020\/05\/5ZAQVU5AUNF4FL6QPQF67637QQ.jpg",356,445,false],"colormag-default-news":["https:\/\/digital58.com.ve\/site\/wp-content\/uploads\/2020\/05\/5ZAQVU5AUNF4FL6QPQF67637QQ.jpg",120,150,false],"colormag-featured-image-large":["https:\/\/digital58.com.ve\/site\/wp-content\/uploads\/2020\/05\/5ZAQVU5AUNF4FL6QPQF67637QQ.jpg",480,600,false]},"uagb_author_info":{"display_name":"Molero Luis","author_link":"https:\/\/digital58.com.ve\/site\/author\/luismolero\/"},"uagb_comment_info":0,"uagb_excerpt":"El Futbolista Andr\u00e9s Rinaldi, falleci\u00f3 a causa de una aneurisma, este lunes a los 19 a\u00f1os en un\u00a0 hospital de","_links":{"self":[{"href":"https:\/\/digital58.com.ve\/site\/wp-json\/wp\/v2\/posts\/98361","targetHints":{"allow":["GET"]}}],"collection":[{"href":"https:\/\/digital58.com.ve\/site\/wp-json\/wp\/v2\/posts"}],"about":[{"href":"https:\/\/digital58.com.ve\/site\/wp-json\/wp\/v2\/types\/post"}],"author":[{"embeddable":true,"href":"https:\/\/digital58.com.ve\/site\/wp-json\/wp\/v2\/users\/26"}],"replies":[{"embeddable":true,"href":"https:\/\/digital58.com.ve\/site\/wp-json\/wp\/v2\/comments?post=98361"}],"version-history":[{"count":0,"href":"https:\/\/digital58.com.ve\/site\/wp-json\/wp\/v2\/posts\/98361\/revisions"}],"wp:featuredmedia":[{"embeddable":true,"href":"https:\/\/digital58.com.ve\/site\/wp-json\/wp\/v2\/media\/98363"}],"wp:attachment":[{"href":"https:\/\/digital58.com.ve\/site\/wp-json\/wp\/v2\/media?parent=98361"}],"wp:term":[{"taxonomy":"category","embeddable":true,"href":"https:\/\/digital58.com.ve\/site\/wp-json\/wp\/v2\/categories?post=98361"},{"taxonomy":"post_tag","embeddable":true,"href":"https:\/\/digital58.com.ve\/site\/wp-json\/wp\/v2\/tags?post=98361"}],"curies":[{"name":"wp","href":"https:\/\/api.w.org\/{rel}","templated":true}]}}