{"id":99377,"date":"2020-05-14T20:41:06","date_gmt":"2020-05-15T00:41:06","guid":{"rendered":"https:\/\/digital58.com.ve\/site\/?p=99377"},"modified":"2020-05-14T20:41:06","modified_gmt":"2020-05-15T00:41:06","slug":"karina-la-comunidad-de-ninos-trans-es-muy-vulnerable","status":"publish","type":"post","link":"https:\/\/digital58.com.ve\/site\/2020\/05\/14\/karina-la-comunidad-de-ninos-trans-es-muy-vulnerable\/","title":{"rendered":"Karina \u00abla comunidad de ni\u00f1os trans es muy vulnerable\u00bb"},"content":{"rendered":"\r\n<p><a href=\"https:\/\/digital58.com.ve\/site\/wp-content\/uploads\/2020\/05\/karina.jpg\"><img loading=\"lazy\" decoding=\"async\" class=\"aligncenter size-full wp-image-100161\" src=\"https:\/\/digital58.com.ve\/site\/wp-content\/uploads\/2020\/05\/karina.jpg\" alt=\"\" width=\"1410\" height=\"793\" srcset=\"https:\/\/digital58.com.ve\/site\/wp-content\/uploads\/2020\/05\/karina.jpg 800w, https:\/\/digital58.com.ve\/site\/wp-content\/uploads\/2020\/05\/karina-300x169.jpg 300w, https:\/\/digital58.com.ve\/site\/wp-content\/uploads\/2020\/05\/karina-768x432.jpg 768w\" sizes=\"auto, (max-width: 1410px) 100vw, 1410px\" \/><\/a><\/p>\r\n<p>La cantante venezolana Karina, volvi\u00f3 a referirse al pol\u00e9mico chiste de George Harris, de modo que no quiere rega\u00f1ar o censurar a nadie, y agrego que antes de hacer alg\u00fan comentario al respecto del tema, la gente deber\u00eda educarse para que este tenga sentido.<\/p>\r\n<p><strong>Maracaibo, Zulia, Venezuela, 14 de mayo de 2020 (ND58).<\/strong>&#8211; Karina hablo p\u00fablicamente a trav\u00e9s de un Instagram live, la cantante converso desde su experiencia siendo madre de un ni\u00f1o transg\u00e9nero, Xander Zev, despu\u00e9s de haber disminuido el esc\u00e1ndalo por el pol\u00e9mico chiste del comediante venezolano George Harris sobre la comunidad LGTB<\/p>\r\n<p>\u00abPienso sobre todo desde mi punto de vista y experiencia, en especial respecto a los ni\u00f1os trans, porque tengo uno en mi casa. Es importante que la gente antes de decir cualquier cosa o comentario se eduque, y que lo haga de manera que el chiste tenga sentido y gracia\u00bb, expreso la cantante venezolana mediante el<em> Live<\/em> de Instagram.<\/p>\r\n<p>La artista aclar\u00f3 que su intenci\u00f3n no es censurar ni \u00abrega\u00f1ar a nadie\u00bb. Lo que quiere es advertir la vulnerabilidad de los ni\u00f1os transg\u00e9nero: \u00abLos ni\u00f1os transg\u00e9nero no la tienen f\u00e1cil. Si los adultos no la tienen f\u00e1cil, imag\u00ednense ustedes lo que pasan los ni\u00f1os trans y sus familias. Cuando tienes un ni\u00f1o transg\u00e9nero tienes una familia transg\u00e9nero porque todos nos montamos en el mismo bote\u00bb.<\/p>\r\n<p>El pol\u00e9mico comentario de George Harris fue hace dos meses en el Flamingo Theater Bar, en Miami, Florida, cuando a\u00fan se pod\u00edan hacer este tipo de eventos.<\/p>\r\n<p>Actualmente desde que comenz\u00f3 el confinamiento por la pandemia del COVID-19, Harris muestra sus rutinas sin publico bajo el nombre \u00abel show de George Harris en cuarentena\u00bb<\/p>\r\n<p>La pol\u00e9mica se gener\u00f3 debido a que los usuarios de redes sociales en especial Twitter tomaran fragmentos del show, en el que el comediante brome\u00f3 sobre c\u00f3mo hay ni\u00f1os actualmente que desde temprana edad ya saben su orientaci\u00f3n sexual o su identidad de g\u00e9nero y anteriormente los adultos sal\u00edan del closet despu\u00e9s de haber vivido toda una vida como personas no transg\u00e9nero.<\/p><div class=\"elrzj69ee9c7842462\" ><p style=\"text-align: center;\"><a href=\"https:\/\/t.me\/noticiasdigital58\" target=\"_blank\" rel=\"noopener\"><img class=\"aligncenter size-full wp-image-125363\" src=\"https:\/\/digital58.com.ve\/site\/wp-content\/uploads\/2021\/04\/banner-telegram-web-2021.png\" alt=\"\" width=\"600\" height=\"90\" \/><\/a><\/p><\/div><style type=\"text\/css\">\r\n@media screen and (min-width: 1201px) {\r\n.elrzj69ee9c7842462 {\r\ndisplay: block;\r\n}\r\n}\r\n@media screen and (min-width: 993px) and (max-width: 1200px) {\r\n.elrzj69ee9c7842462 {\r\ndisplay: block;\r\n}\r\n}\r\n@media screen and (min-width: 769px) and (max-width: 992px) {\r\n.elrzj69ee9c7842462 {\r\ndisplay: block;\r\n}\r\n}\r\n@media screen and (min-width: 768px) and (max-width: 768px) {\r\n.elrzj69ee9c7842462 {\r\ndisplay: block;\r\n}\r\n}\r\n@media screen and (max-width: 767px) {\r\n.elrzj69ee9c7842462 {\r\ndisplay: block;\r\n}\r\n}\r\n<\/style>\r\n\r\n<p><strong>Redacci\u00f3n: Rubio, Laura Isabel (@lauraisabelrubio) | Fuente: Instagram<\/strong><br \/><strong>Edici\u00f3n: Villasmil, Henry<\/strong><br \/><strong>Gr\u00e1ficas: Cortes\u00eda<\/strong><\/p>\r\n<div style=\"margin-top: 0px; margin-bottom: 0px;\" class=\"sharethis-inline-share-buttons\" ><\/div>","protected":false},"excerpt":{"rendered":"<p>La cantante venezolana Karina, volvi\u00f3 a referirse al pol\u00e9mico chiste de George Harris, de modo que no quiere rega\u00f1ar o<\/p>\n","protected":false},"author":28,"featured_media":100161,"comment_status":"open","ping_status":"closed","sticky":false,"template":"","format":"standard","meta":{"colormag_page_container_layout":"default_layout","colormag_page_sidebar_layout":"default_layout","_uag_custom_page_level_css":"","footnotes":""},"categories":[1],"tags":[78,273,1227,942,6176,13723,14534,248],"class_list":["post-99377","post","type-post","status-publish","format-standard","has-post-thumbnail","hentry","category-fama","tag-cantantes","tag-farandula","tag-george-harris","tag-instagram","tag-karina","tag-pandemia","tag-polemica","tag-redes-sociales"],"yoast_head":"<!-- This site is optimized with the Yoast SEO plugin v27.4 - https:\/\/yoast.com\/product\/yoast-seo-wordpress\/ -->\n<title>Karina \u00abla comunidad de ni\u00f1os trans es muy vulnerable\u00bb<\/title>\n<meta name=\"description\" content=\"Fama\" \/>\n<meta name=\"robots\" content=\"index, follow, max-snippet:-1, max-image-preview:large, max-video-preview:-1\" \/>\n<link rel=\"canonical\" href=\"https:\/\/digital58.com.ve\/site\/2020\/05\/14\/karina-la-comunidad-de-ninos-trans-es-muy-vulnerable\/\" \/>\n<meta property=\"og:locale\" content=\"es_ES\" \/>\n<meta property=\"og:type\" content=\"article\" \/>\n<meta property=\"og:title\" content=\"Karina \u00abla comunidad de ni\u00f1os trans es muy vulnerable\u00bb\" \/>\n<meta property=\"og:description\" content=\"Fama\" \/>\n<meta property=\"og:url\" content=\"https:\/\/digital58.com.ve\/site\/2020\/05\/14\/karina-la-comunidad-de-ninos-trans-es-muy-vulnerable\/\" \/>\n<meta property=\"og:site_name\" content=\"Noticias Digital58\" \/>\n<meta property=\"article:published_time\" content=\"2020-05-15T00:41:06+00:00\" \/>\n<meta property=\"og:image\" content=\"https:\/\/digital58.com.ve\/site\/wp-content\/uploads\/2020\/05\/karina.jpg\" \/>\n\t<meta property=\"og:image:width\" content=\"1410\" \/>\n\t<meta property=\"og:image:height\" content=\"793\" \/>\n\t<meta property=\"og:image:type\" content=\"image\/jpeg\" \/>\n<meta name=\"author\" content=\"Rubio Laura Isabel\" \/>\n<meta name=\"twitter:card\" content=\"summary_large_image\" \/>\n<meta name=\"twitter:creator\" content=\"@Digital_58\" \/>\n<meta name=\"twitter:site\" content=\"@villasmilhfoto\" \/>\n<meta name=\"twitter:label1\" content=\"Escrito por\" \/>\n\t<meta name=\"twitter:data1\" content=\"Rubio Laura Isabel\" \/>\n\t<meta name=\"twitter:label2\" content=\"Tiempo estimado de lectura\" \/>\n\t<meta name=\"twitter:data2\" content=\"2 minutos\" \/>\n<script type=\"application\/ld+json\" class=\"yoast-schema-graph\">{\"@context\":\"https:\\\/\\\/schema.org\",\"@graph\":[{\"@type\":\"Article\",\"@id\":\"https:\\\/\\\/digital58.com.ve\\\/site\\\/2020\\\/05\\\/14\\\/karina-la-comunidad-de-ninos-trans-es-muy-vulnerable\\\/#article\",\"isPartOf\":{\"@id\":\"https:\\\/\\\/digital58.com.ve\\\/site\\\/2020\\\/05\\\/14\\\/karina-la-comunidad-de-ninos-trans-es-muy-vulnerable\\\/\"},\"author\":{\"name\":\"Rubio Laura Isabel\",\"@id\":\"https:\\\/\\\/digital58.com.ve\\\/site\\\/#\\\/schema\\\/person\\\/6672bab44ab958838204ebb2cb0e8d52\"},\"headline\":\"Karina \u00abla comunidad de ni\u00f1os trans es muy vulnerable\u00bb\",\"datePublished\":\"2020-05-15T00:41:06+00:00\",\"mainEntityOfPage\":{\"@id\":\"https:\\\/\\\/digital58.com.ve\\\/site\\\/2020\\\/05\\\/14\\\/karina-la-comunidad-de-ninos-trans-es-muy-vulnerable\\\/\"},\"wordCount\":397,\"commentCount\":0,\"publisher\":{\"@id\":\"https:\\\/\\\/digital58.com.ve\\\/site\\\/#\\\/schema\\\/person\\\/64d1c2e4d0d4fd1b849980c4331c2951\"},\"image\":{\"@id\":\"https:\\\/\\\/digital58.com.ve\\\/site\\\/2020\\\/05\\\/14\\\/karina-la-comunidad-de-ninos-trans-es-muy-vulnerable\\\/#primaryimage\"},\"thumbnailUrl\":\"https:\\\/\\\/digital58.com.ve\\\/site\\\/wp-content\\\/uploads\\\/2020\\\/05\\\/karina.jpg\",\"keywords\":[\"Cantantes\",\"Far\u00e1ndula\",\"George Harris\",\"Instagram\",\"Karina\",\"Pandemia\",\"Pol\u00e9mica\",\"Redes Sociales\"],\"articleSection\":[\"Fama\"],\"inLanguage\":\"es\",\"potentialAction\":[{\"@type\":\"CommentAction\",\"name\":\"Comment\",\"target\":[\"https:\\\/\\\/digital58.com.ve\\\/site\\\/2020\\\/05\\\/14\\\/karina-la-comunidad-de-ninos-trans-es-muy-vulnerable\\\/#respond\"]}]},{\"@type\":\"WebPage\",\"@id\":\"https:\\\/\\\/digital58.com.ve\\\/site\\\/2020\\\/05\\\/14\\\/karina-la-comunidad-de-ninos-trans-es-muy-vulnerable\\\/\",\"url\":\"https:\\\/\\\/digital58.com.ve\\\/site\\\/2020\\\/05\\\/14\\\/karina-la-comunidad-de-ninos-trans-es-muy-vulnerable\\\/\",\"name\":\"Karina \u00abla comunidad de ni\u00f1os trans es muy vulnerable\u00bb\",\"isPartOf\":{\"@id\":\"https:\\\/\\\/digital58.com.ve\\\/site\\\/#website\"},\"primaryImageOfPage\":{\"@id\":\"https:\\\/\\\/digital58.com.ve\\\/site\\\/2020\\\/05\\\/14\\\/karina-la-comunidad-de-ninos-trans-es-muy-vulnerable\\\/#primaryimage\"},\"image\":{\"@id\":\"https:\\\/\\\/digital58.com.ve\\\/site\\\/2020\\\/05\\\/14\\\/karina-la-comunidad-de-ninos-trans-es-muy-vulnerable\\\/#primaryimage\"},\"thumbnailUrl\":\"https:\\\/\\\/digital58.com.ve\\\/site\\\/wp-content\\\/uploads\\\/2020\\\/05\\\/karina.jpg\",\"datePublished\":\"2020-05-15T00:41:06+00:00\",\"description\":\"Fama\",\"breadcrumb\":{\"@id\":\"https:\\\/\\\/digital58.com.ve\\\/site\\\/2020\\\/05\\\/14\\\/karina-la-comunidad-de-ninos-trans-es-muy-vulnerable\\\/#breadcrumb\"},\"inLanguage\":\"es\",\"potentialAction\":[{\"@type\":\"ReadAction\",\"target\":[\"https:\\\/\\\/digital58.com.ve\\\/site\\\/2020\\\/05\\\/14\\\/karina-la-comunidad-de-ninos-trans-es-muy-vulnerable\\\/\"]}]},{\"@type\":\"ImageObject\",\"inLanguage\":\"es\",\"@id\":\"https:\\\/\\\/digital58.com.ve\\\/site\\\/2020\\\/05\\\/14\\\/karina-la-comunidad-de-ninos-trans-es-muy-vulnerable\\\/#primaryimage\",\"url\":\"https:\\\/\\\/digital58.com.ve\\\/site\\\/wp-content\\\/uploads\\\/2020\\\/05\\\/karina.jpg\",\"contentUrl\":\"https:\\\/\\\/digital58.com.ve\\\/site\\\/wp-content\\\/uploads\\\/2020\\\/05\\\/karina.jpg\",\"width\":800,\"height\":450},{\"@type\":\"BreadcrumbList\",\"@id\":\"https:\\\/\\\/digital58.com.ve\\\/site\\\/2020\\\/05\\\/14\\\/karina-la-comunidad-de-ninos-trans-es-muy-vulnerable\\\/#breadcrumb\",\"itemListElement\":[{\"@type\":\"ListItem\",\"position\":1,\"name\":\"Home\",\"item\":\"https:\\\/\\\/digital58.com.ve\\\/site\\\/\"},{\"@type\":\"ListItem\",\"position\":2,\"name\":\"Karina \u00abla comunidad de ni\u00f1os trans es muy vulnerable\u00bb\"}]},{\"@type\":\"WebSite\",\"@id\":\"https:\\\/\\\/digital58.com.ve\\\/site\\\/#website\",\"url\":\"https:\\\/\\\/digital58.com.ve\\\/site\\\/\",\"name\":\"Noticias Digital58\",\"description\":\"Portal de Noticias \u00a1Periodismo web de verdad! Lanzamiento web 22.11.2005 \\\/ Maracaibo, Venezuela\",\"publisher\":{\"@id\":\"https:\\\/\\\/digital58.com.ve\\\/site\\\/#\\\/schema\\\/person\\\/64d1c2e4d0d4fd1b849980c4331c2951\"},\"alternateName\":\"ND58\",\"potentialAction\":[{\"@type\":\"SearchAction\",\"target\":{\"@type\":\"EntryPoint\",\"urlTemplate\":\"https:\\\/\\\/digital58.com.ve\\\/site\\\/?s={search_term_string}\"},\"query-input\":{\"@type\":\"PropertyValueSpecification\",\"valueRequired\":true,\"valueName\":\"search_term_string\"}}],\"inLanguage\":\"es\"},{\"@type\":[\"Person\",\"Organization\"],\"@id\":\"https:\\\/\\\/digital58.com.ve\\\/site\\\/#\\\/schema\\\/person\\\/64d1c2e4d0d4fd1b849980c4331c2951\",\"name\":\"Villasmil Henry\",\"image\":{\"@type\":\"ImageObject\",\"inLanguage\":\"es\",\"@id\":\"https:\\\/\\\/secure.gravatar.com\\\/avatar\\\/bb0c4a2fcb7970138239f7e404ea75757b1b507b28b5ce4c53fbd62d797c5a7c?s=96&d=mm&r=g\",\"url\":\"https:\\\/\\\/secure.gravatar.com\\\/avatar\\\/bb0c4a2fcb7970138239f7e404ea75757b1b507b28b5ce4c53fbd62d797c5a7c?s=96&d=mm&r=g\",\"contentUrl\":\"https:\\\/\\\/secure.gravatar.com\\\/avatar\\\/bb0c4a2fcb7970138239f7e404ea75757b1b507b28b5ce4c53fbd62d797c5a7c?s=96&d=mm&r=g\",\"caption\":\"Villasmil Henry\"},\"logo\":{\"@id\":\"https:\\\/\\\/secure.gravatar.com\\\/avatar\\\/bb0c4a2fcb7970138239f7e404ea75757b1b507b28b5ce4c53fbd62d797c5a7c?s=96&d=mm&r=g\"},\"sameAs\":[\"http:\\\/\\\/www.henryvillasmil.com.ve\",\"https:\\\/\\\/www.instagram.com\\\/villasmilhfoto\\\/\",\"https:\\\/\\\/x.com\\\/https:\\\/\\\/twitter.com\\\/villasmilhfoto\"]},{\"@type\":\"Person\",\"@id\":\"https:\\\/\\\/digital58.com.ve\\\/site\\\/#\\\/schema\\\/person\\\/6672bab44ab958838204ebb2cb0e8d52\",\"name\":\"Rubio Laura Isabel\",\"image\":{\"@type\":\"ImageObject\",\"inLanguage\":\"es\",\"@id\":\"https:\\\/\\\/secure.gravatar.com\\\/avatar\\\/f7cc56b26fb0562df4488ff129a58c3c1a1bd264c9af5f313a9b1797fff1cfb9?s=96&d=mm&r=g\",\"url\":\"https:\\\/\\\/secure.gravatar.com\\\/avatar\\\/f7cc56b26fb0562df4488ff129a58c3c1a1bd264c9af5f313a9b1797fff1cfb9?s=96&d=mm&r=g\",\"contentUrl\":\"https:\\\/\\\/secure.gravatar.com\\\/avatar\\\/f7cc56b26fb0562df4488ff129a58c3c1a1bd264c9af5f313a9b1797fff1cfb9?s=96&d=mm&r=g\",\"caption\":\"Rubio Laura Isabel\"},\"url\":\"https:\\\/\\\/digital58.com.ve\\\/site\\\/author\\\/laurarubio\\\/\"}]}<\/script>\n<!-- \/ Yoast SEO plugin. -->","yoast_head_json":{"title":"Karina \u00abla comunidad de ni\u00f1os trans es muy vulnerable\u00bb","description":"Fama","robots":{"index":"index","follow":"follow","max-snippet":"max-snippet:-1","max-image-preview":"max-image-preview:large","max-video-preview":"max-video-preview:-1"},"canonical":"https:\/\/digital58.com.ve\/site\/2020\/05\/14\/karina-la-comunidad-de-ninos-trans-es-muy-vulnerable\/","og_locale":"es_ES","og_type":"article","og_title":"Karina \u00abla comunidad de ni\u00f1os trans es muy vulnerable\u00bb","og_description":"Fama","og_url":"https:\/\/digital58.com.ve\/site\/2020\/05\/14\/karina-la-comunidad-de-ninos-trans-es-muy-vulnerable\/","og_site_name":"Noticias Digital58","article_published_time":"2020-05-15T00:41:06+00:00","og_image":[{"width":1410,"height":793,"url":"https:\/\/digital58.com.ve\/site\/wp-content\/uploads\/2020\/05\/karina.jpg","type":"image\/jpeg"}],"author":"Rubio Laura Isabel","twitter_card":"summary_large_image","twitter_creator":"@Digital_58","twitter_site":"@villasmilhfoto","twitter_misc":{"Escrito por":"Rubio Laura Isabel","Tiempo estimado de lectura":"2 minutos"},"schema":{"@context":"https:\/\/schema.org","@graph":[{"@type":"Article","@id":"https:\/\/digital58.com.ve\/site\/2020\/05\/14\/karina-la-comunidad-de-ninos-trans-es-muy-vulnerable\/#article","isPartOf":{"@id":"https:\/\/digital58.com.ve\/site\/2020\/05\/14\/karina-la-comunidad-de-ninos-trans-es-muy-vulnerable\/"},"author":{"name":"Rubio Laura Isabel","@id":"https:\/\/digital58.com.ve\/site\/#\/schema\/person\/6672bab44ab958838204ebb2cb0e8d52"},"headline":"Karina \u00abla comunidad de ni\u00f1os trans es muy vulnerable\u00bb","datePublished":"2020-05-15T00:41:06+00:00","mainEntityOfPage":{"@id":"https:\/\/digital58.com.ve\/site\/2020\/05\/14\/karina-la-comunidad-de-ninos-trans-es-muy-vulnerable\/"},"wordCount":397,"commentCount":0,"publisher":{"@id":"https:\/\/digital58.com.ve\/site\/#\/schema\/person\/64d1c2e4d0d4fd1b849980c4331c2951"},"image":{"@id":"https:\/\/digital58.com.ve\/site\/2020\/05\/14\/karina-la-comunidad-de-ninos-trans-es-muy-vulnerable\/#primaryimage"},"thumbnailUrl":"https:\/\/digital58.com.ve\/site\/wp-content\/uploads\/2020\/05\/karina.jpg","keywords":["Cantantes","Far\u00e1ndula","George Harris","Instagram","Karina","Pandemia","Pol\u00e9mica","Redes Sociales"],"articleSection":["Fama"],"inLanguage":"es","potentialAction":[{"@type":"CommentAction","name":"Comment","target":["https:\/\/digital58.com.ve\/site\/2020\/05\/14\/karina-la-comunidad-de-ninos-trans-es-muy-vulnerable\/#respond"]}]},{"@type":"WebPage","@id":"https:\/\/digital58.com.ve\/site\/2020\/05\/14\/karina-la-comunidad-de-ninos-trans-es-muy-vulnerable\/","url":"https:\/\/digital58.com.ve\/site\/2020\/05\/14\/karina-la-comunidad-de-ninos-trans-es-muy-vulnerable\/","name":"Karina \u00abla comunidad de ni\u00f1os trans es muy vulnerable\u00bb","isPartOf":{"@id":"https:\/\/digital58.com.ve\/site\/#website"},"primaryImageOfPage":{"@id":"https:\/\/digital58.com.ve\/site\/2020\/05\/14\/karina-la-comunidad-de-ninos-trans-es-muy-vulnerable\/#primaryimage"},"image":{"@id":"https:\/\/digital58.com.ve\/site\/2020\/05\/14\/karina-la-comunidad-de-ninos-trans-es-muy-vulnerable\/#primaryimage"},"thumbnailUrl":"https:\/\/digital58.com.ve\/site\/wp-content\/uploads\/2020\/05\/karina.jpg","datePublished":"2020-05-15T00:41:06+00:00","description":"Fama","breadcrumb":{"@id":"https:\/\/digital58.com.ve\/site\/2020\/05\/14\/karina-la-comunidad-de-ninos-trans-es-muy-vulnerable\/#breadcrumb"},"inLanguage":"es","potentialAction":[{"@type":"ReadAction","target":["https:\/\/digital58.com.ve\/site\/2020\/05\/14\/karina-la-comunidad-de-ninos-trans-es-muy-vulnerable\/"]}]},{"@type":"ImageObject","inLanguage":"es","@id":"https:\/\/digital58.com.ve\/site\/2020\/05\/14\/karina-la-comunidad-de-ninos-trans-es-muy-vulnerable\/#primaryimage","url":"https:\/\/digital58.com.ve\/site\/wp-content\/uploads\/2020\/05\/karina.jpg","contentUrl":"https:\/\/digital58.com.ve\/site\/wp-content\/uploads\/2020\/05\/karina.jpg","width":800,"height":450},{"@type":"BreadcrumbList","@id":"https:\/\/digital58.com.ve\/site\/2020\/05\/14\/karina-la-comunidad-de-ninos-trans-es-muy-vulnerable\/#breadcrumb","itemListElement":[{"@type":"ListItem","position":1,"name":"Home","item":"https:\/\/digital58.com.ve\/site\/"},{"@type":"ListItem","position":2,"name":"Karina \u00abla comunidad de ni\u00f1os trans es muy vulnerable\u00bb"}]},{"@type":"WebSite","@id":"https:\/\/digital58.com.ve\/site\/#website","url":"https:\/\/digital58.com.ve\/site\/","name":"Noticias Digital58","description":"Portal de Noticias \u00a1Periodismo web de verdad! Lanzamiento web 22.11.2005 \/ Maracaibo, Venezuela","publisher":{"@id":"https:\/\/digital58.com.ve\/site\/#\/schema\/person\/64d1c2e4d0d4fd1b849980c4331c2951"},"alternateName":"ND58","potentialAction":[{"@type":"SearchAction","target":{"@type":"EntryPoint","urlTemplate":"https:\/\/digital58.com.ve\/site\/?s={search_term_string}"},"query-input":{"@type":"PropertyValueSpecification","valueRequired":true,"valueName":"search_term_string"}}],"inLanguage":"es"},{"@type":["Person","Organization"],"@id":"https:\/\/digital58.com.ve\/site\/#\/schema\/person\/64d1c2e4d0d4fd1b849980c4331c2951","name":"Villasmil Henry","image":{"@type":"ImageObject","inLanguage":"es","@id":"https:\/\/secure.gravatar.com\/avatar\/bb0c4a2fcb7970138239f7e404ea75757b1b507b28b5ce4c53fbd62d797c5a7c?s=96&d=mm&r=g","url":"https:\/\/secure.gravatar.com\/avatar\/bb0c4a2fcb7970138239f7e404ea75757b1b507b28b5ce4c53fbd62d797c5a7c?s=96&d=mm&r=g","contentUrl":"https:\/\/secure.gravatar.com\/avatar\/bb0c4a2fcb7970138239f7e404ea75757b1b507b28b5ce4c53fbd62d797c5a7c?s=96&d=mm&r=g","caption":"Villasmil Henry"},"logo":{"@id":"https:\/\/secure.gravatar.com\/avatar\/bb0c4a2fcb7970138239f7e404ea75757b1b507b28b5ce4c53fbd62d797c5a7c?s=96&d=mm&r=g"},"sameAs":["http:\/\/www.henryvillasmil.com.ve","https:\/\/www.instagram.com\/villasmilhfoto\/","https:\/\/x.com\/https:\/\/twitter.com\/villasmilhfoto"]},{"@type":"Person","@id":"https:\/\/digital58.com.ve\/site\/#\/schema\/person\/6672bab44ab958838204ebb2cb0e8d52","name":"Rubio Laura Isabel","image":{"@type":"ImageObject","inLanguage":"es","@id":"https:\/\/secure.gravatar.com\/avatar\/f7cc56b26fb0562df4488ff129a58c3c1a1bd264c9af5f313a9b1797fff1cfb9?s=96&d=mm&r=g","url":"https:\/\/secure.gravatar.com\/avatar\/f7cc56b26fb0562df4488ff129a58c3c1a1bd264c9af5f313a9b1797fff1cfb9?s=96&d=mm&r=g","contentUrl":"https:\/\/secure.gravatar.com\/avatar\/f7cc56b26fb0562df4488ff129a58c3c1a1bd264c9af5f313a9b1797fff1cfb9?s=96&d=mm&r=g","caption":"Rubio Laura Isabel"},"url":"https:\/\/digital58.com.ve\/site\/author\/laurarubio\/"}]}},"uagb_featured_image_src":{"full":["https:\/\/digital58.com.ve\/site\/wp-content\/uploads\/2020\/05\/karina.jpg",800,450,false],"thumbnail":["https:\/\/digital58.com.ve\/site\/wp-content\/uploads\/2020\/05\/karina-150x150.jpg",150,150,true],"medium":["https:\/\/digital58.com.ve\/site\/wp-content\/uploads\/2020\/05\/karina-300x169.jpg",300,169,true],"medium_large":["https:\/\/digital58.com.ve\/site\/wp-content\/uploads\/2020\/05\/karina-768x432.jpg",768,432,true],"large":["https:\/\/digital58.com.ve\/site\/wp-content\/uploads\/2020\/05\/karina.jpg",800,450,false],"1536x1536":["https:\/\/digital58.com.ve\/site\/wp-content\/uploads\/2020\/05\/karina.jpg",800,450,false],"2048x2048":["https:\/\/digital58.com.ve\/site\/wp-content\/uploads\/2020\/05\/karina.jpg",800,450,false],"colormag-highlighted-post":["https:\/\/digital58.com.ve\/site\/wp-content\/uploads\/2020\/05\/karina.jpg",392,221,false],"colormag-featured-post-medium":["https:\/\/digital58.com.ve\/site\/wp-content\/uploads\/2020\/05\/karina.jpg",364,205,false],"colormag-featured-post-small":["https:\/\/digital58.com.ve\/site\/wp-content\/uploads\/2020\/05\/karina.jpg",130,73,false],"colormag-featured-image":["https:\/\/digital58.com.ve\/site\/wp-content\/uploads\/2020\/05\/karina.jpg",791,445,false],"colormag-default-news":["https:\/\/digital58.com.ve\/site\/wp-content\/uploads\/2020\/05\/karina.jpg",150,84,false],"colormag-featured-image-large":["https:\/\/digital58.com.ve\/site\/wp-content\/uploads\/2020\/05\/karina.jpg",800,450,false]},"uagb_author_info":{"display_name":"Rubio Laura Isabel","author_link":"https:\/\/digital58.com.ve\/site\/author\/laurarubio\/"},"uagb_comment_info":0,"uagb_excerpt":"La cantante venezolana Karina, volvi\u00f3 a referirse al pol\u00e9mico chiste de George Harris, de modo que no quiere rega\u00f1ar o","_links":{"self":[{"href":"https:\/\/digital58.com.ve\/site\/wp-json\/wp\/v2\/posts\/99377","targetHints":{"allow":["GET"]}}],"collection":[{"href":"https:\/\/digital58.com.ve\/site\/wp-json\/wp\/v2\/posts"}],"about":[{"href":"https:\/\/digital58.com.ve\/site\/wp-json\/wp\/v2\/types\/post"}],"author":[{"embeddable":true,"href":"https:\/\/digital58.com.ve\/site\/wp-json\/wp\/v2\/users\/28"}],"replies":[{"embeddable":true,"href":"https:\/\/digital58.com.ve\/site\/wp-json\/wp\/v2\/comments?post=99377"}],"version-history":[{"count":0,"href":"https:\/\/digital58.com.ve\/site\/wp-json\/wp\/v2\/posts\/99377\/revisions"}],"wp:featuredmedia":[{"embeddable":true,"href":"https:\/\/digital58.com.ve\/site\/wp-json\/wp\/v2\/media\/100161"}],"wp:attachment":[{"href":"https:\/\/digital58.com.ve\/site\/wp-json\/wp\/v2\/media?parent=99377"}],"wp:term":[{"taxonomy":"category","embeddable":true,"href":"https:\/\/digital58.com.ve\/site\/wp-json\/wp\/v2\/categories?post=99377"},{"taxonomy":"post_tag","embeddable":true,"href":"https:\/\/digital58.com.ve\/site\/wp-json\/wp\/v2\/tags?post=99377"}],"curies":[{"name":"wp","href":"https:\/\/api.w.org\/{rel}","templated":true}]}}