{"id":99399,"date":"2020-05-13T21:14:35","date_gmt":"2020-05-14T01:14:35","guid":{"rendered":"https:\/\/digital58.com.ve\/site\/?p=99399"},"modified":"2020-05-13T21:14:35","modified_gmt":"2020-05-14T01:14:35","slug":"joaquin-sabina-estable-despues-de-ser-operado-con-exito-de-un-hematoma-intracraneal-por-por-su-caida-del-escenario","status":"publish","type":"post","link":"https:\/\/digital58.com.ve\/site\/2020\/05\/13\/joaquin-sabina-estable-despues-de-ser-operado-con-exito-de-un-hematoma-intracraneal-por-por-su-caida-del-escenario\/","title":{"rendered":"Joaqu\u00edn Sabina estable, despu\u00e9s de ser operado con \u00e9xito de un hematoma intracraneal por por su ca\u00edda del escenario"},"content":{"rendered":"\r\n<p><a href=\"https:\/\/digital58.com.ve\/site\/wp-content\/uploads\/2020\/05\/Joaqu\u00ednSabina.jpg\"><img loading=\"lazy\" decoding=\"async\" class=\"aligncenter size-full wp-image-99789\" src=\"https:\/\/digital58.com.ve\/site\/wp-content\/uploads\/2020\/05\/Joaqu\u00ednSabina.jpg\" alt=\"\" width=\"1240\" height=\"744\" srcset=\"https:\/\/digital58.com.ve\/site\/wp-content\/uploads\/2020\/05\/Joaqu\u00ednSabina.jpg 800w, https:\/\/digital58.com.ve\/site\/wp-content\/uploads\/2020\/05\/Joaqu\u00ednSabina-300x180.jpg 300w, https:\/\/digital58.com.ve\/site\/wp-content\/uploads\/2020\/05\/Joaqu\u00ednSabina-768x461.jpg 768w\" sizes=\"auto, (max-width: 1240px) 100vw, 1240px\" \/><\/a><\/p>\r\n<p>El cantante Joaqu\u00edn Sabina se encuentra estable y permanece en la Unidad de Cuidados Intensivos del Hospital Ruber Internacional de Madrid, seg\u00fan el medico el artista present\u00f3 \u00abtraumatismo de hombro izquierdo tor\u00e1cico y craneoencef\u00e1lico\u00bb.<\/p>\r\n<p><strong>Madrid, Espa\u00f1a 13 de mayo de 2020 (ND58) \u2013<\/strong> Joaqu\u00edn Sabina, fue operado para \u00abla realizaci\u00f3n de evacuaci\u00f3n de hematoma i<span class=\"st\">ntracraneal<\/span> en hemisferio derecho\u00bb, en t\u00e9rminos m\u00e9dicos.<\/p>\r\n<p>El peque\u00f1o coagulo en el cr\u00e1neo se produjo al caerse de forma accidental en la noche de este mi\u00e9rcoles, del escenario del Wizink Center, el m\u00fasico coprotagonizaba un concierto de su gira junto a Joan Manuel Serrat.<\/p>\r\n<p>La situaci\u00f3n se torna cambiante, a\u00f1adi\u00f3 el representante de Sabina, que ya hab\u00eda adelantad que la operaci\u00f3n hab\u00eda sido todo un \u00e9xito.<br \/><br \/>Seg\u00fan Berry, el representante de Sabina se encuentra muy nervioso, el artista se encuentra acompa\u00f1ado de su familia, Joaqu\u00edn seguir\u00eda 48 horas en observaci\u00f3n.<\/p>\r\n<p>Despu\u00e9s del golpetazo brutal que sufri\u00f3 el m\u00fasico, fue trasladad a la cl\u00ednica Ruber donde se le observaron \u00abtres fisuras limpias sin desplazamiento\u00bb.<\/p>\r\n<p>Posteriormente se le observ\u00f3 un golpe en la cabeza y un derrame, confirmo su representante que fue el motivo de la operaci\u00f3n.<\/p>\r\n<p>\u00abNo estamos alarmados\u00bb, aleg\u00f3 minutos despu\u00e9s de que los m\u00e9dicos informaran a la familia del estado del famoso Sabina.<\/p>\r\n<p>El ingreso a la UCI, es el \u00abprocedimiento normal\u00bb de un paciente con los antecedentes de Joaqu\u00edn Sabina, quien tiene un complicado historial de salud, incluido el derrame cerebral del a\u00f1o 2001, el cantante \u00abha dormido y pasado la noche muy bien\u00bb agreg\u00f3 Berry.<\/p><div class=\"sjrvf69f7743f7416b\" ><p style=\"text-align: center;\"><a href=\"https:\/\/t.me\/noticiasdigital58\" target=\"_blank\" rel=\"noopener\"><img class=\"aligncenter size-full wp-image-125363\" src=\"https:\/\/digital58.com.ve\/site\/wp-content\/uploads\/2021\/04\/banner-telegram-web-2021.png\" alt=\"\" width=\"600\" height=\"90\" \/><\/a><\/p><\/div><style type=\"text\/css\">\r\n@media screen and (min-width: 1201px) {\r\n.sjrvf69f7743f7416b {\r\ndisplay: block;\r\n}\r\n}\r\n@media screen and (min-width: 993px) and (max-width: 1200px) {\r\n.sjrvf69f7743f7416b {\r\ndisplay: block;\r\n}\r\n}\r\n@media screen and (min-width: 769px) and (max-width: 992px) {\r\n.sjrvf69f7743f7416b {\r\ndisplay: block;\r\n}\r\n}\r\n@media screen and (min-width: 768px) and (max-width: 768px) {\r\n.sjrvf69f7743f7416b {\r\ndisplay: block;\r\n}\r\n}\r\n@media screen and (max-width: 767px) {\r\n.sjrvf69f7743f7416b {\r\ndisplay: block;\r\n}\r\n}\r\n<\/style>\r\n\r\n<p><strong>Redacci\u00f3n: Rubio, Laura Isabel (@lauraisabelrubio) | Fuente: El Mundo <\/strong><br \/><strong>Edici\u00f3n: Villasmil, Henry<\/strong><br \/><strong>Gr\u00e1ficas: Cortes\u00eda<\/strong><br \/><br \/><\/p>\r\n<div style=\"margin-top: 0px; margin-bottom: 0px;\" class=\"sharethis-inline-share-buttons\" ><\/div>","protected":false},"excerpt":{"rendered":"<p>El cantante Joaqu\u00edn Sabina se encuentra estable y permanece en la Unidad de Cuidados Intensivos del Hospital Ruber Internacional de<\/p>\n","protected":false},"author":28,"featured_media":99789,"comment_status":"open","ping_status":"closed","sticky":false,"template":"","format":"standard","meta":{"colormag_page_container_layout":"default_layout","colormag_page_sidebar_layout":"default_layout","_uag_custom_page_level_css":"","footnotes":""},"categories":[1],"tags":[6365,78,115,273,8,14547,2418],"class_list":["post-99399","post","type-post","status-publish","format-standard","has-post-thumbnail","hentry","category-fama","tag-accidente","tag-cantantes","tag-espana","tag-farandula","tag-internacionales","tag-joaquin-sabina","tag-musicos"],"yoast_head":"<!-- This site is optimized with the Yoast SEO plugin v27.5 - https:\/\/yoast.com\/product\/yoast-seo-wordpress\/ -->\n<title>Joaqu\u00edn Sabina estable, despu\u00e9s de ser operado con \u00e9xito de un hematoma intracraneal por por su ca\u00edda del escenario<\/title>\n<meta name=\"description\" content=\"Fama\" \/>\n<meta name=\"robots\" content=\"index, follow, max-snippet:-1, max-image-preview:large, max-video-preview:-1\" \/>\n<link rel=\"canonical\" href=\"https:\/\/digital58.com.ve\/site\/2020\/05\/13\/joaquin-sabina-estable-despues-de-ser-operado-con-exito-de-un-hematoma-intracraneal-por-por-su-caida-del-escenario\/\" \/>\n<meta property=\"og:locale\" content=\"es_ES\" \/>\n<meta property=\"og:type\" content=\"article\" \/>\n<meta property=\"og:title\" content=\"Joaqu\u00edn Sabina estable, despu\u00e9s de ser operado con \u00e9xito de un hematoma intracraneal por por su ca\u00edda del escenario\" \/>\n<meta property=\"og:description\" content=\"Fama\" \/>\n<meta property=\"og:url\" content=\"https:\/\/digital58.com.ve\/site\/2020\/05\/13\/joaquin-sabina-estable-despues-de-ser-operado-con-exito-de-un-hematoma-intracraneal-por-por-su-caida-del-escenario\/\" \/>\n<meta property=\"og:site_name\" content=\"Noticias Digital58\" \/>\n<meta property=\"article:published_time\" content=\"2020-05-14T01:14:35+00:00\" \/>\n<meta property=\"og:image\" content=\"https:\/\/digital58.com.ve\/site\/wp-content\/uploads\/2020\/05\/Joaqu\u00ednSabina.jpg\" \/>\n\t<meta property=\"og:image:width\" content=\"1240\" \/>\n\t<meta property=\"og:image:height\" content=\"744\" \/>\n\t<meta property=\"og:image:type\" content=\"image\/jpeg\" \/>\n<meta name=\"author\" content=\"Rubio Laura Isabel\" \/>\n<meta name=\"twitter:card\" content=\"summary_large_image\" \/>\n<meta name=\"twitter:creator\" content=\"@Digital_58\" \/>\n<meta name=\"twitter:site\" content=\"@villasmilhfoto\" \/>\n<meta name=\"twitter:label1\" content=\"Escrito por\" \/>\n\t<meta name=\"twitter:data1\" content=\"Rubio Laura Isabel\" \/>\n\t<meta name=\"twitter:label2\" content=\"Tiempo estimado de lectura\" \/>\n\t<meta name=\"twitter:data2\" content=\"1 minuto\" \/>\n<script type=\"application\/ld+json\" class=\"yoast-schema-graph\">{\"@context\":\"https:\\\/\\\/schema.org\",\"@graph\":[{\"@type\":\"Article\",\"@id\":\"https:\\\/\\\/digital58.com.ve\\\/site\\\/2020\\\/05\\\/13\\\/joaquin-sabina-estable-despues-de-ser-operado-con-exito-de-un-hematoma-intracraneal-por-por-su-caida-del-escenario\\\/#article\",\"isPartOf\":{\"@id\":\"https:\\\/\\\/digital58.com.ve\\\/site\\\/2020\\\/05\\\/13\\\/joaquin-sabina-estable-despues-de-ser-operado-con-exito-de-un-hematoma-intracraneal-por-por-su-caida-del-escenario\\\/\"},\"author\":{\"name\":\"Rubio Laura Isabel\",\"@id\":\"https:\\\/\\\/digital58.com.ve\\\/site\\\/#\\\/schema\\\/person\\\/6672bab44ab958838204ebb2cb0e8d52\"},\"headline\":\"Joaqu\u00edn Sabina estable, despu\u00e9s de ser operado con \u00e9xito de un hematoma intracraneal por por su ca\u00edda del escenario\",\"datePublished\":\"2020-05-14T01:14:35+00:00\",\"mainEntityOfPage\":{\"@id\":\"https:\\\/\\\/digital58.com.ve\\\/site\\\/2020\\\/05\\\/13\\\/joaquin-sabina-estable-despues-de-ser-operado-con-exito-de-un-hematoma-intracraneal-por-por-su-caida-del-escenario\\\/\"},\"wordCount\":318,\"commentCount\":0,\"publisher\":{\"@id\":\"https:\\\/\\\/digital58.com.ve\\\/site\\\/#\\\/schema\\\/person\\\/64d1c2e4d0d4fd1b849980c4331c2951\"},\"image\":{\"@id\":\"https:\\\/\\\/digital58.com.ve\\\/site\\\/2020\\\/05\\\/13\\\/joaquin-sabina-estable-despues-de-ser-operado-con-exito-de-un-hematoma-intracraneal-por-por-su-caida-del-escenario\\\/#primaryimage\"},\"thumbnailUrl\":\"https:\\\/\\\/digital58.com.ve\\\/site\\\/wp-content\\\/uploads\\\/2020\\\/05\\\/Joaqu\u00ednSabina.jpg\",\"keywords\":[\"Accidente\",\"Cantantes\",\"Espa\u00f1a\",\"Far\u00e1ndula\",\"Internacionales\",\"Joaqu\u00edn Sabina\",\"M\u00fasicos\"],\"articleSection\":[\"Fama\"],\"inLanguage\":\"es\",\"potentialAction\":[{\"@type\":\"CommentAction\",\"name\":\"Comment\",\"target\":[\"https:\\\/\\\/digital58.com.ve\\\/site\\\/2020\\\/05\\\/13\\\/joaquin-sabina-estable-despues-de-ser-operado-con-exito-de-un-hematoma-intracraneal-por-por-su-caida-del-escenario\\\/#respond\"]}]},{\"@type\":\"WebPage\",\"@id\":\"https:\\\/\\\/digital58.com.ve\\\/site\\\/2020\\\/05\\\/13\\\/joaquin-sabina-estable-despues-de-ser-operado-con-exito-de-un-hematoma-intracraneal-por-por-su-caida-del-escenario\\\/\",\"url\":\"https:\\\/\\\/digital58.com.ve\\\/site\\\/2020\\\/05\\\/13\\\/joaquin-sabina-estable-despues-de-ser-operado-con-exito-de-un-hematoma-intracraneal-por-por-su-caida-del-escenario\\\/\",\"name\":\"Joaqu\u00edn Sabina estable, despu\u00e9s de ser operado con \u00e9xito de un hematoma intracraneal por por su ca\u00edda del escenario\",\"isPartOf\":{\"@id\":\"https:\\\/\\\/digital58.com.ve\\\/site\\\/#website\"},\"primaryImageOfPage\":{\"@id\":\"https:\\\/\\\/digital58.com.ve\\\/site\\\/2020\\\/05\\\/13\\\/joaquin-sabina-estable-despues-de-ser-operado-con-exito-de-un-hematoma-intracraneal-por-por-su-caida-del-escenario\\\/#primaryimage\"},\"image\":{\"@id\":\"https:\\\/\\\/digital58.com.ve\\\/site\\\/2020\\\/05\\\/13\\\/joaquin-sabina-estable-despues-de-ser-operado-con-exito-de-un-hematoma-intracraneal-por-por-su-caida-del-escenario\\\/#primaryimage\"},\"thumbnailUrl\":\"https:\\\/\\\/digital58.com.ve\\\/site\\\/wp-content\\\/uploads\\\/2020\\\/05\\\/Joaqu\u00ednSabina.jpg\",\"datePublished\":\"2020-05-14T01:14:35+00:00\",\"description\":\"Fama\",\"breadcrumb\":{\"@id\":\"https:\\\/\\\/digital58.com.ve\\\/site\\\/2020\\\/05\\\/13\\\/joaquin-sabina-estable-despues-de-ser-operado-con-exito-de-un-hematoma-intracraneal-por-por-su-caida-del-escenario\\\/#breadcrumb\"},\"inLanguage\":\"es\",\"potentialAction\":[{\"@type\":\"ReadAction\",\"target\":[\"https:\\\/\\\/digital58.com.ve\\\/site\\\/2020\\\/05\\\/13\\\/joaquin-sabina-estable-despues-de-ser-operado-con-exito-de-un-hematoma-intracraneal-por-por-su-caida-del-escenario\\\/\"]}]},{\"@type\":\"ImageObject\",\"inLanguage\":\"es\",\"@id\":\"https:\\\/\\\/digital58.com.ve\\\/site\\\/2020\\\/05\\\/13\\\/joaquin-sabina-estable-despues-de-ser-operado-con-exito-de-un-hematoma-intracraneal-por-por-su-caida-del-escenario\\\/#primaryimage\",\"url\":\"https:\\\/\\\/digital58.com.ve\\\/site\\\/wp-content\\\/uploads\\\/2020\\\/05\\\/Joaqu\u00ednSabina.jpg\",\"contentUrl\":\"https:\\\/\\\/digital58.com.ve\\\/site\\\/wp-content\\\/uploads\\\/2020\\\/05\\\/Joaqu\u00ednSabina.jpg\",\"width\":800,\"height\":480},{\"@type\":\"BreadcrumbList\",\"@id\":\"https:\\\/\\\/digital58.com.ve\\\/site\\\/2020\\\/05\\\/13\\\/joaquin-sabina-estable-despues-de-ser-operado-con-exito-de-un-hematoma-intracraneal-por-por-su-caida-del-escenario\\\/#breadcrumb\",\"itemListElement\":[{\"@type\":\"ListItem\",\"position\":1,\"name\":\"Home\",\"item\":\"https:\\\/\\\/digital58.com.ve\\\/site\\\/\"},{\"@type\":\"ListItem\",\"position\":2,\"name\":\"Joaqu\u00edn Sabina estable, despu\u00e9s de ser operado con \u00e9xito de un hematoma intracraneal por por su ca\u00edda del escenario\"}]},{\"@type\":\"WebSite\",\"@id\":\"https:\\\/\\\/digital58.com.ve\\\/site\\\/#website\",\"url\":\"https:\\\/\\\/digital58.com.ve\\\/site\\\/\",\"name\":\"Noticias Digital58\",\"description\":\"Portal de Noticias \u00a1Periodismo web de verdad! Lanzamiento web 22.11.2005 \\\/ Maracaibo, Venezuela\",\"publisher\":{\"@id\":\"https:\\\/\\\/digital58.com.ve\\\/site\\\/#\\\/schema\\\/person\\\/64d1c2e4d0d4fd1b849980c4331c2951\"},\"alternateName\":\"ND58\",\"potentialAction\":[{\"@type\":\"SearchAction\",\"target\":{\"@type\":\"EntryPoint\",\"urlTemplate\":\"https:\\\/\\\/digital58.com.ve\\\/site\\\/?s={search_term_string}\"},\"query-input\":{\"@type\":\"PropertyValueSpecification\",\"valueRequired\":true,\"valueName\":\"search_term_string\"}}],\"inLanguage\":\"es\"},{\"@type\":[\"Person\",\"Organization\"],\"@id\":\"https:\\\/\\\/digital58.com.ve\\\/site\\\/#\\\/schema\\\/person\\\/64d1c2e4d0d4fd1b849980c4331c2951\",\"name\":\"Villasmil Henry\",\"image\":{\"@type\":\"ImageObject\",\"inLanguage\":\"es\",\"@id\":\"https:\\\/\\\/secure.gravatar.com\\\/avatar\\\/bb0c4a2fcb7970138239f7e404ea75757b1b507b28b5ce4c53fbd62d797c5a7c?s=96&d=mm&r=g\",\"url\":\"https:\\\/\\\/secure.gravatar.com\\\/avatar\\\/bb0c4a2fcb7970138239f7e404ea75757b1b507b28b5ce4c53fbd62d797c5a7c?s=96&d=mm&r=g\",\"contentUrl\":\"https:\\\/\\\/secure.gravatar.com\\\/avatar\\\/bb0c4a2fcb7970138239f7e404ea75757b1b507b28b5ce4c53fbd62d797c5a7c?s=96&d=mm&r=g\",\"caption\":\"Villasmil Henry\"},\"logo\":{\"@id\":\"https:\\\/\\\/secure.gravatar.com\\\/avatar\\\/bb0c4a2fcb7970138239f7e404ea75757b1b507b28b5ce4c53fbd62d797c5a7c?s=96&d=mm&r=g\"},\"sameAs\":[\"http:\\\/\\\/www.henryvillasmil.com.ve\",\"https:\\\/\\\/www.instagram.com\\\/villasmilhfoto\\\/\",\"https:\\\/\\\/x.com\\\/https:\\\/\\\/twitter.com\\\/villasmilhfoto\"]},{\"@type\":\"Person\",\"@id\":\"https:\\\/\\\/digital58.com.ve\\\/site\\\/#\\\/schema\\\/person\\\/6672bab44ab958838204ebb2cb0e8d52\",\"name\":\"Rubio Laura Isabel\",\"image\":{\"@type\":\"ImageObject\",\"inLanguage\":\"es\",\"@id\":\"https:\\\/\\\/secure.gravatar.com\\\/avatar\\\/f7cc56b26fb0562df4488ff129a58c3c1a1bd264c9af5f313a9b1797fff1cfb9?s=96&d=mm&r=g\",\"url\":\"https:\\\/\\\/secure.gravatar.com\\\/avatar\\\/f7cc56b26fb0562df4488ff129a58c3c1a1bd264c9af5f313a9b1797fff1cfb9?s=96&d=mm&r=g\",\"contentUrl\":\"https:\\\/\\\/secure.gravatar.com\\\/avatar\\\/f7cc56b26fb0562df4488ff129a58c3c1a1bd264c9af5f313a9b1797fff1cfb9?s=96&d=mm&r=g\",\"caption\":\"Rubio Laura Isabel\"},\"url\":\"https:\\\/\\\/digital58.com.ve\\\/site\\\/author\\\/laurarubio\\\/\"}]}<\/script>\n<!-- \/ Yoast SEO plugin. -->","yoast_head_json":{"title":"Joaqu\u00edn Sabina estable, despu\u00e9s de ser operado con \u00e9xito de un hematoma intracraneal por por su ca\u00edda del escenario","description":"Fama","robots":{"index":"index","follow":"follow","max-snippet":"max-snippet:-1","max-image-preview":"max-image-preview:large","max-video-preview":"max-video-preview:-1"},"canonical":"https:\/\/digital58.com.ve\/site\/2020\/05\/13\/joaquin-sabina-estable-despues-de-ser-operado-con-exito-de-un-hematoma-intracraneal-por-por-su-caida-del-escenario\/","og_locale":"es_ES","og_type":"article","og_title":"Joaqu\u00edn Sabina estable, despu\u00e9s de ser operado con \u00e9xito de un hematoma intracraneal por por su ca\u00edda del escenario","og_description":"Fama","og_url":"https:\/\/digital58.com.ve\/site\/2020\/05\/13\/joaquin-sabina-estable-despues-de-ser-operado-con-exito-de-un-hematoma-intracraneal-por-por-su-caida-del-escenario\/","og_site_name":"Noticias Digital58","article_published_time":"2020-05-14T01:14:35+00:00","og_image":[{"width":1240,"height":744,"url":"https:\/\/digital58.com.ve\/site\/wp-content\/uploads\/2020\/05\/Joaqu\u00ednSabina.jpg","type":"image\/jpeg"}],"author":"Rubio Laura Isabel","twitter_card":"summary_large_image","twitter_creator":"@Digital_58","twitter_site":"@villasmilhfoto","twitter_misc":{"Escrito por":"Rubio Laura Isabel","Tiempo estimado de lectura":"1 minuto"},"schema":{"@context":"https:\/\/schema.org","@graph":[{"@type":"Article","@id":"https:\/\/digital58.com.ve\/site\/2020\/05\/13\/joaquin-sabina-estable-despues-de-ser-operado-con-exito-de-un-hematoma-intracraneal-por-por-su-caida-del-escenario\/#article","isPartOf":{"@id":"https:\/\/digital58.com.ve\/site\/2020\/05\/13\/joaquin-sabina-estable-despues-de-ser-operado-con-exito-de-un-hematoma-intracraneal-por-por-su-caida-del-escenario\/"},"author":{"name":"Rubio Laura Isabel","@id":"https:\/\/digital58.com.ve\/site\/#\/schema\/person\/6672bab44ab958838204ebb2cb0e8d52"},"headline":"Joaqu\u00edn Sabina estable, despu\u00e9s de ser operado con \u00e9xito de un hematoma intracraneal por por su ca\u00edda del escenario","datePublished":"2020-05-14T01:14:35+00:00","mainEntityOfPage":{"@id":"https:\/\/digital58.com.ve\/site\/2020\/05\/13\/joaquin-sabina-estable-despues-de-ser-operado-con-exito-de-un-hematoma-intracraneal-por-por-su-caida-del-escenario\/"},"wordCount":318,"commentCount":0,"publisher":{"@id":"https:\/\/digital58.com.ve\/site\/#\/schema\/person\/64d1c2e4d0d4fd1b849980c4331c2951"},"image":{"@id":"https:\/\/digital58.com.ve\/site\/2020\/05\/13\/joaquin-sabina-estable-despues-de-ser-operado-con-exito-de-un-hematoma-intracraneal-por-por-su-caida-del-escenario\/#primaryimage"},"thumbnailUrl":"https:\/\/digital58.com.ve\/site\/wp-content\/uploads\/2020\/05\/Joaqu\u00ednSabina.jpg","keywords":["Accidente","Cantantes","Espa\u00f1a","Far\u00e1ndula","Internacionales","Joaqu\u00edn Sabina","M\u00fasicos"],"articleSection":["Fama"],"inLanguage":"es","potentialAction":[{"@type":"CommentAction","name":"Comment","target":["https:\/\/digital58.com.ve\/site\/2020\/05\/13\/joaquin-sabina-estable-despues-de-ser-operado-con-exito-de-un-hematoma-intracraneal-por-por-su-caida-del-escenario\/#respond"]}]},{"@type":"WebPage","@id":"https:\/\/digital58.com.ve\/site\/2020\/05\/13\/joaquin-sabina-estable-despues-de-ser-operado-con-exito-de-un-hematoma-intracraneal-por-por-su-caida-del-escenario\/","url":"https:\/\/digital58.com.ve\/site\/2020\/05\/13\/joaquin-sabina-estable-despues-de-ser-operado-con-exito-de-un-hematoma-intracraneal-por-por-su-caida-del-escenario\/","name":"Joaqu\u00edn Sabina estable, despu\u00e9s de ser operado con \u00e9xito de un hematoma intracraneal por por su ca\u00edda del escenario","isPartOf":{"@id":"https:\/\/digital58.com.ve\/site\/#website"},"primaryImageOfPage":{"@id":"https:\/\/digital58.com.ve\/site\/2020\/05\/13\/joaquin-sabina-estable-despues-de-ser-operado-con-exito-de-un-hematoma-intracraneal-por-por-su-caida-del-escenario\/#primaryimage"},"image":{"@id":"https:\/\/digital58.com.ve\/site\/2020\/05\/13\/joaquin-sabina-estable-despues-de-ser-operado-con-exito-de-un-hematoma-intracraneal-por-por-su-caida-del-escenario\/#primaryimage"},"thumbnailUrl":"https:\/\/digital58.com.ve\/site\/wp-content\/uploads\/2020\/05\/Joaqu\u00ednSabina.jpg","datePublished":"2020-05-14T01:14:35+00:00","description":"Fama","breadcrumb":{"@id":"https:\/\/digital58.com.ve\/site\/2020\/05\/13\/joaquin-sabina-estable-despues-de-ser-operado-con-exito-de-un-hematoma-intracraneal-por-por-su-caida-del-escenario\/#breadcrumb"},"inLanguage":"es","potentialAction":[{"@type":"ReadAction","target":["https:\/\/digital58.com.ve\/site\/2020\/05\/13\/joaquin-sabina-estable-despues-de-ser-operado-con-exito-de-un-hematoma-intracraneal-por-por-su-caida-del-escenario\/"]}]},{"@type":"ImageObject","inLanguage":"es","@id":"https:\/\/digital58.com.ve\/site\/2020\/05\/13\/joaquin-sabina-estable-despues-de-ser-operado-con-exito-de-un-hematoma-intracraneal-por-por-su-caida-del-escenario\/#primaryimage","url":"https:\/\/digital58.com.ve\/site\/wp-content\/uploads\/2020\/05\/Joaqu\u00ednSabina.jpg","contentUrl":"https:\/\/digital58.com.ve\/site\/wp-content\/uploads\/2020\/05\/Joaqu\u00ednSabina.jpg","width":800,"height":480},{"@type":"BreadcrumbList","@id":"https:\/\/digital58.com.ve\/site\/2020\/05\/13\/joaquin-sabina-estable-despues-de-ser-operado-con-exito-de-un-hematoma-intracraneal-por-por-su-caida-del-escenario\/#breadcrumb","itemListElement":[{"@type":"ListItem","position":1,"name":"Home","item":"https:\/\/digital58.com.ve\/site\/"},{"@type":"ListItem","position":2,"name":"Joaqu\u00edn Sabina estable, despu\u00e9s de ser operado con \u00e9xito de un hematoma intracraneal por por su ca\u00edda del escenario"}]},{"@type":"WebSite","@id":"https:\/\/digital58.com.ve\/site\/#website","url":"https:\/\/digital58.com.ve\/site\/","name":"Noticias Digital58","description":"Portal de Noticias \u00a1Periodismo web de verdad! Lanzamiento web 22.11.2005 \/ Maracaibo, Venezuela","publisher":{"@id":"https:\/\/digital58.com.ve\/site\/#\/schema\/person\/64d1c2e4d0d4fd1b849980c4331c2951"},"alternateName":"ND58","potentialAction":[{"@type":"SearchAction","target":{"@type":"EntryPoint","urlTemplate":"https:\/\/digital58.com.ve\/site\/?s={search_term_string}"},"query-input":{"@type":"PropertyValueSpecification","valueRequired":true,"valueName":"search_term_string"}}],"inLanguage":"es"},{"@type":["Person","Organization"],"@id":"https:\/\/digital58.com.ve\/site\/#\/schema\/person\/64d1c2e4d0d4fd1b849980c4331c2951","name":"Villasmil Henry","image":{"@type":"ImageObject","inLanguage":"es","@id":"https:\/\/secure.gravatar.com\/avatar\/bb0c4a2fcb7970138239f7e404ea75757b1b507b28b5ce4c53fbd62d797c5a7c?s=96&d=mm&r=g","url":"https:\/\/secure.gravatar.com\/avatar\/bb0c4a2fcb7970138239f7e404ea75757b1b507b28b5ce4c53fbd62d797c5a7c?s=96&d=mm&r=g","contentUrl":"https:\/\/secure.gravatar.com\/avatar\/bb0c4a2fcb7970138239f7e404ea75757b1b507b28b5ce4c53fbd62d797c5a7c?s=96&d=mm&r=g","caption":"Villasmil Henry"},"logo":{"@id":"https:\/\/secure.gravatar.com\/avatar\/bb0c4a2fcb7970138239f7e404ea75757b1b507b28b5ce4c53fbd62d797c5a7c?s=96&d=mm&r=g"},"sameAs":["http:\/\/www.henryvillasmil.com.ve","https:\/\/www.instagram.com\/villasmilhfoto\/","https:\/\/x.com\/https:\/\/twitter.com\/villasmilhfoto"]},{"@type":"Person","@id":"https:\/\/digital58.com.ve\/site\/#\/schema\/person\/6672bab44ab958838204ebb2cb0e8d52","name":"Rubio Laura Isabel","image":{"@type":"ImageObject","inLanguage":"es","@id":"https:\/\/secure.gravatar.com\/avatar\/f7cc56b26fb0562df4488ff129a58c3c1a1bd264c9af5f313a9b1797fff1cfb9?s=96&d=mm&r=g","url":"https:\/\/secure.gravatar.com\/avatar\/f7cc56b26fb0562df4488ff129a58c3c1a1bd264c9af5f313a9b1797fff1cfb9?s=96&d=mm&r=g","contentUrl":"https:\/\/secure.gravatar.com\/avatar\/f7cc56b26fb0562df4488ff129a58c3c1a1bd264c9af5f313a9b1797fff1cfb9?s=96&d=mm&r=g","caption":"Rubio Laura Isabel"},"url":"https:\/\/digital58.com.ve\/site\/author\/laurarubio\/"}]}},"uagb_featured_image_src":{"full":["https:\/\/digital58.com.ve\/site\/wp-content\/uploads\/2020\/05\/Joaqu\u00ednSabina.jpg",800,480,false],"thumbnail":["https:\/\/digital58.com.ve\/site\/wp-content\/uploads\/2020\/05\/Joaqu\u00ednSabina-150x150.jpg",150,150,true],"medium":["https:\/\/digital58.com.ve\/site\/wp-content\/uploads\/2020\/05\/Joaqu\u00ednSabina-300x180.jpg",300,180,true],"medium_large":["https:\/\/digital58.com.ve\/site\/wp-content\/uploads\/2020\/05\/Joaqu\u00ednSabina-768x461.jpg",768,461,true],"large":["https:\/\/digital58.com.ve\/site\/wp-content\/uploads\/2020\/05\/Joaqu\u00ednSabina.jpg",800,480,false],"1536x1536":["https:\/\/digital58.com.ve\/site\/wp-content\/uploads\/2020\/05\/Joaqu\u00ednSabina.jpg",800,480,false],"2048x2048":["https:\/\/digital58.com.ve\/site\/wp-content\/uploads\/2020\/05\/Joaqu\u00ednSabina.jpg",800,480,false],"colormag-highlighted-post":["https:\/\/digital58.com.ve\/site\/wp-content\/uploads\/2020\/05\/Joaqu\u00ednSabina.jpg",392,235,false],"colormag-featured-post-medium":["https:\/\/digital58.com.ve\/site\/wp-content\/uploads\/2020\/05\/Joaqu\u00ednSabina.jpg",342,205,false],"colormag-featured-post-small":["https:\/\/digital58.com.ve\/site\/wp-content\/uploads\/2020\/05\/Joaqu\u00ednSabina.jpg",130,78,false],"colormag-featured-image":["https:\/\/digital58.com.ve\/site\/wp-content\/uploads\/2020\/05\/Joaqu\u00ednSabina.jpg",742,445,false],"colormag-default-news":["https:\/\/digital58.com.ve\/site\/wp-content\/uploads\/2020\/05\/Joaqu\u00ednSabina.jpg",150,90,false],"colormag-featured-image-large":["https:\/\/digital58.com.ve\/site\/wp-content\/uploads\/2020\/05\/Joaqu\u00ednSabina.jpg",800,480,false]},"uagb_author_info":{"display_name":"Rubio Laura Isabel","author_link":"https:\/\/digital58.com.ve\/site\/author\/laurarubio\/"},"uagb_comment_info":0,"uagb_excerpt":"El cantante Joaqu\u00edn Sabina se encuentra estable y permanece en la Unidad de Cuidados Intensivos del Hospital Ruber Internacional de","_links":{"self":[{"href":"https:\/\/digital58.com.ve\/site\/wp-json\/wp\/v2\/posts\/99399","targetHints":{"allow":["GET"]}}],"collection":[{"href":"https:\/\/digital58.com.ve\/site\/wp-json\/wp\/v2\/posts"}],"about":[{"href":"https:\/\/digital58.com.ve\/site\/wp-json\/wp\/v2\/types\/post"}],"author":[{"embeddable":true,"href":"https:\/\/digital58.com.ve\/site\/wp-json\/wp\/v2\/users\/28"}],"replies":[{"embeddable":true,"href":"https:\/\/digital58.com.ve\/site\/wp-json\/wp\/v2\/comments?post=99399"}],"version-history":[{"count":0,"href":"https:\/\/digital58.com.ve\/site\/wp-json\/wp\/v2\/posts\/99399\/revisions"}],"wp:featuredmedia":[{"embeddable":true,"href":"https:\/\/digital58.com.ve\/site\/wp-json\/wp\/v2\/media\/99789"}],"wp:attachment":[{"href":"https:\/\/digital58.com.ve\/site\/wp-json\/wp\/v2\/media?parent=99399"}],"wp:term":[{"taxonomy":"category","embeddable":true,"href":"https:\/\/digital58.com.ve\/site\/wp-json\/wp\/v2\/categories?post=99399"},{"taxonomy":"post_tag","embeddable":true,"href":"https:\/\/digital58.com.ve\/site\/wp-json\/wp\/v2\/tags?post=99399"}],"curies":[{"name":"wp","href":"https:\/\/api.w.org\/{rel}","templated":true}]}}