{"id":99419,"date":"2020-05-13T15:29:39","date_gmt":"2020-05-13T19:29:39","guid":{"rendered":"https:\/\/digital58.com.ve\/site\/?p=99419"},"modified":"2020-05-13T15:29:39","modified_gmt":"2020-05-13T19:29:39","slug":"ministerio-publico-imputo-al-director-del-penal-de-portuguesa","status":"publish","type":"post","link":"https:\/\/digital58.com.ve\/site\/2020\/05\/13\/ministerio-publico-imputo-al-director-del-penal-de-portuguesa\/","title":{"rendered":"Ministerio P\u00fablico imput\u00f3 al director del penal de Portuguesa"},"content":{"rendered":"<p><img loading=\"lazy\" decoding=\"async\" class=\"aligncenter wp-image-99421 size-full\" src=\"https:\/\/digital58.com.ve\/site\/wp-content\/uploads\/2020\/05\/Tarek-William-Saab-.jpg\" alt=\"\" width=\"1200\" height=\"800\" srcset=\"https:\/\/digital58.com.ve\/site\/wp-content\/uploads\/2020\/05\/Tarek-William-Saab-.jpg 800w, https:\/\/digital58.com.ve\/site\/wp-content\/uploads\/2020\/05\/Tarek-William-Saab--300x200.jpg 300w, https:\/\/digital58.com.ve\/site\/wp-content\/uploads\/2020\/05\/Tarek-William-Saab--768x512.jpg 768w, https:\/\/digital58.com.ve\/site\/wp-content\/uploads\/2020\/05\/Tarek-William-Saab--720x480.jpg 720w, https:\/\/digital58.com.ve\/site\/wp-content\/uploads\/2020\/05\/Tarek-William-Saab--480x320.jpg 480w\" sizes=\"auto, (max-width: 1200px) 100vw, 1200px\" \/><\/p>\n<p>El Ministerio publico imputo esta mi\u00e9rcoles al director del penal de Portuguesa, as\u00ed como a cinco funcionarios y cuatros presos. \u00abFuncionarios militares no realizaron las maniobras necesarias para la contenci\u00f3n de los internos y optaron por hacer uso de sus armas\u00bb, inform\u00f3 el fiscal general de la Rep\u00fablica, Tarek William Saab.<\/p>\n<p><strong>Maracaibo, Zulia, Venezuela 13 de mayo de 2020 (ND58).-<\/strong>Este mi\u00e9rcoles 13 de mayo, el Ministerio P\u00fablico imput\u00f3 al director del Centro Penitenciario de Portuguesa, as\u00ed como a cinco funcionarios y cuatro penados por los hechos violentos del pasado 1 de mayo, donde murieron 47 reclusos, mientras que 67 personas resultaron heridas, entre ellas, un guardia nacional que era custodio, inform\u00f3 el fiscal general de la Rep\u00fablica, Tarek William Saab.<\/p>\n<p>En rueda de prensa, record\u00f3 que ese d\u00eda los internos, obedeciendo \u00f3rdenes de un l\u00edder negativo apodado \u00abOlivo\u00bb, emprendieron unas protestas por supuestos hechos irregulares durante la visita e, incluso, traspasaron la cerca perimetral del centro penitenciario, agrediendo al director del penal, seg\u00fan inform\u00f3 AVN.<\/p>\n<p>Ante ello, los funcionarios militares \u00abno realizaron las maniobras necesarias para la contenci\u00f3n de los internos y optaron por hacer uso de sus armas, recibiendo respuesta por parte de un grupo de internos armados, dejando el lamentable saldo de 47 fallecidos y 69 heridos\u00bb, dijo el Fiscal Saab.<\/p>\n<p>Por estos hechos, fue imputado el director del penal, Carlos Graterol, \u00abpor ser c\u00f3mplice necesario en el delito de introducci\u00f3n de armas de fuego en centros penitenciarios\u00bb, indic\u00f3.<\/p>\n<p><img loading=\"lazy\" decoding=\"async\" class=\"aligncenter wp-image-99422 size-full\" src=\"https:\/\/digital58.com.ve\/site\/wp-content\/uploads\/2020\/05\/ministerio-publico-imputo-a-10-hombres-por-masacre-en-internado-judicial-de-puente-ayala.jpg\" alt=\"\" width=\"1068\" height=\"801\" srcset=\"https:\/\/digital58.com.ve\/site\/wp-content\/uploads\/2020\/05\/ministerio-publico-imputo-a-10-hombres-por-masacre-en-internado-judicial-de-puente-ayala.jpg 800w, https:\/\/digital58.com.ve\/site\/wp-content\/uploads\/2020\/05\/ministerio-publico-imputo-a-10-hombres-por-masacre-en-internado-judicial-de-puente-ayala-300x225.jpg 300w, https:\/\/digital58.com.ve\/site\/wp-content\/uploads\/2020\/05\/ministerio-publico-imputo-a-10-hombres-por-masacre-en-internado-judicial-de-puente-ayala-768x576.jpg 768w\" sizes=\"auto, (max-width: 1068px) 100vw, 1068px\" \/><\/p>\n<p>Asimismo, el MP acus\u00f3 cinco funcionarios, identificados como el primer teniente Castro Malaguera, sargento primero Manuel Torres Parada, sargento mayor de tercera Rodr\u00edguez Escalona; sargento primero Almeida Gudi\u00f1o y sargento primero Rodr\u00edguez Garc\u00eda.<\/p>\n<p>\u00abA estos funcionarios se les imputar\u00e1n los delitos de homicidio intencional en grado de complicidad correspectiva, homicidio intencional en grado de frustraci\u00f3n y abuso de poder\u00bb, puntualiz\u00f3.<\/p>\n<p>Adem\u00e1s de que cuatro reclusos fueron acusados por los delitos de homicidio intencional en grado de complicidad correspectiva, homicidio intencional en grado de frustraci\u00f3n y tr\u00e1fico de armas de fuego. Los mismos fueron identificados como Olivo Castillo Vel\u00e1zquez, Ronal Camacaro, Wilmer Romero Dur\u00e1n y Douglas Ramos Lucena.<\/p>\n<p>Saab indic\u00f3 que tras la revuelta, fueron asignados fiscales que junto a los expertos de la Unidad Criminal\u00edstica del Ministerio P\u00fablico, realizaron las numerosas experticias.<\/p><div class=\"gevze69f34a7dd9155\" ><p style=\"text-align: center;\"><a href=\"https:\/\/t.me\/noticiasdigital58\" target=\"_blank\" rel=\"noopener\"><img class=\"aligncenter size-full wp-image-125363\" src=\"https:\/\/digital58.com.ve\/site\/wp-content\/uploads\/2021\/04\/banner-telegram-web-2021.png\" alt=\"\" width=\"600\" height=\"90\" \/><\/a><\/p><\/div><style type=\"text\/css\">\r\n@media screen and (min-width: 1201px) {\r\n.gevze69f34a7dd9155 {\r\ndisplay: block;\r\n}\r\n}\r\n@media screen and (min-width: 993px) and (max-width: 1200px) {\r\n.gevze69f34a7dd9155 {\r\ndisplay: block;\r\n}\r\n}\r\n@media screen and (min-width: 769px) and (max-width: 992px) {\r\n.gevze69f34a7dd9155 {\r\ndisplay: block;\r\n}\r\n}\r\n@media screen and (min-width: 768px) and (max-width: 768px) {\r\n.gevze69f34a7dd9155 {\r\ndisplay: block;\r\n}\r\n}\r\n@media screen and (max-width: 767px) {\r\n.gevze69f34a7dd9155 {\r\ndisplay: block;\r\n}\r\n}\r\n<\/style>\r\n\n<p><strong>Redacci\u00f3n: Molero, Luis\u00a0 (@Moleromarquez) | Fuente: El Nacional<\/strong><br \/>\n<strong>Edici\u00f3n: Villasmil, Henry<\/strong><br \/>\n<strong>Gr\u00e1ficas: cortes\u00eda<\/strong><\/p>\n<div style=\"margin-top: 0px; margin-bottom: 0px;\" class=\"sharethis-inline-share-buttons\" ><\/div>","protected":false},"excerpt":{"rendered":"<p>El Ministerio publico imputo esta mi\u00e9rcoles al director del penal de Portuguesa, as\u00ed como a cinco funcionarios y cuatros presos.<\/p>\n","protected":false},"author":26,"featured_media":99422,"comment_status":"open","ping_status":"closed","sticky":false,"template":"","format":"standard","meta":{"colormag_page_container_layout":"default_layout","colormag_page_sidebar_layout":"default_layout","_uag_custom_page_level_css":"","footnotes":""},"categories":[8610],"tags":[13914,233,13915,32],"class_list":["post-99419","post","type-post","status-publish","format-standard","has-post-thumbnail","hentry","category-politica","tag-ministerio-publico","tag-nacionales","tag-tarek-william-saab","tag-venezuela"],"yoast_head":"<!-- This site is optimized with the Yoast SEO plugin v27.5 - https:\/\/yoast.com\/product\/yoast-seo-wordpress\/ -->\n<title>Ministerio P\u00fablico imput\u00f3 al director del penal de Portuguesa<\/title>\n<meta name=\"robots\" content=\"index, follow, max-snippet:-1, max-image-preview:large, max-video-preview:-1\" \/>\n<link rel=\"canonical\" href=\"https:\/\/digital58.com.ve\/site\/2020\/05\/13\/ministerio-publico-imputo-al-director-del-penal-de-portuguesa\/\" \/>\n<meta property=\"og:locale\" content=\"es_ES\" \/>\n<meta property=\"og:type\" content=\"article\" \/>\n<meta property=\"og:title\" content=\"Ministerio P\u00fablico imput\u00f3 al director del penal de Portuguesa\" \/>\n<meta property=\"og:url\" content=\"https:\/\/digital58.com.ve\/site\/2020\/05\/13\/ministerio-publico-imputo-al-director-del-penal-de-portuguesa\/\" \/>\n<meta property=\"og:site_name\" content=\"Noticias Digital58\" \/>\n<meta property=\"article:published_time\" content=\"2020-05-13T19:29:39+00:00\" \/>\n<meta property=\"og:image\" content=\"https:\/\/digital58.com.ve\/site\/wp-content\/uploads\/2020\/05\/ministerio-publico-imputo-a-10-hombres-por-masacre-en-internado-judicial-de-puente-ayala.jpg\" \/>\n\t<meta property=\"og:image:width\" content=\"1068\" \/>\n\t<meta property=\"og:image:height\" content=\"801\" \/>\n\t<meta property=\"og:image:type\" content=\"image\/jpeg\" \/>\n<meta name=\"author\" content=\"Molero Luis\" \/>\n<meta name=\"twitter:card\" content=\"summary_large_image\" \/>\n<meta name=\"twitter:creator\" content=\"@Digital_58\" \/>\n<meta name=\"twitter:site\" content=\"@villasmilhfoto\" \/>\n<meta name=\"twitter:label1\" content=\"Escrito por\" \/>\n\t<meta name=\"twitter:data1\" content=\"Molero Luis\" \/>\n\t<meta name=\"twitter:label2\" content=\"Tiempo estimado de lectura\" \/>\n\t<meta name=\"twitter:data2\" content=\"2 minutos\" \/>\n<script type=\"application\/ld+json\" class=\"yoast-schema-graph\">{\"@context\":\"https:\\\/\\\/schema.org\",\"@graph\":[{\"@type\":\"Article\",\"@id\":\"https:\\\/\\\/digital58.com.ve\\\/site\\\/2020\\\/05\\\/13\\\/ministerio-publico-imputo-al-director-del-penal-de-portuguesa\\\/#article\",\"isPartOf\":{\"@id\":\"https:\\\/\\\/digital58.com.ve\\\/site\\\/2020\\\/05\\\/13\\\/ministerio-publico-imputo-al-director-del-penal-de-portuguesa\\\/\"},\"author\":{\"name\":\"Molero Luis\",\"@id\":\"https:\\\/\\\/digital58.com.ve\\\/site\\\/#\\\/schema\\\/person\\\/c61667ce6845137620ee3f0aaabade17\"},\"headline\":\"Ministerio P\u00fablico imput\u00f3 al director del penal de Portuguesa\",\"datePublished\":\"2020-05-13T19:29:39+00:00\",\"mainEntityOfPage\":{\"@id\":\"https:\\\/\\\/digital58.com.ve\\\/site\\\/2020\\\/05\\\/13\\\/ministerio-publico-imputo-al-director-del-penal-de-portuguesa\\\/\"},\"wordCount\":417,\"commentCount\":0,\"publisher\":{\"@id\":\"https:\\\/\\\/digital58.com.ve\\\/site\\\/#\\\/schema\\\/person\\\/64d1c2e4d0d4fd1b849980c4331c2951\"},\"image\":{\"@id\":\"https:\\\/\\\/digital58.com.ve\\\/site\\\/2020\\\/05\\\/13\\\/ministerio-publico-imputo-al-director-del-penal-de-portuguesa\\\/#primaryimage\"},\"thumbnailUrl\":\"https:\\\/\\\/digital58.com.ve\\\/site\\\/wp-content\\\/uploads\\\/2020\\\/05\\\/ministerio-publico-imputo-a-10-hombres-por-masacre-en-internado-judicial-de-puente-ayala.jpg\",\"keywords\":[\"Ministerio P\u00fablico\",\"Nacionales\",\"Tarek William Saab\",\"Venezuela\"],\"articleSection\":[\"Pol\u00edtica\"],\"inLanguage\":\"es\",\"potentialAction\":[{\"@type\":\"CommentAction\",\"name\":\"Comment\",\"target\":[\"https:\\\/\\\/digital58.com.ve\\\/site\\\/2020\\\/05\\\/13\\\/ministerio-publico-imputo-al-director-del-penal-de-portuguesa\\\/#respond\"]}]},{\"@type\":\"WebPage\",\"@id\":\"https:\\\/\\\/digital58.com.ve\\\/site\\\/2020\\\/05\\\/13\\\/ministerio-publico-imputo-al-director-del-penal-de-portuguesa\\\/\",\"url\":\"https:\\\/\\\/digital58.com.ve\\\/site\\\/2020\\\/05\\\/13\\\/ministerio-publico-imputo-al-director-del-penal-de-portuguesa\\\/\",\"name\":\"Ministerio P\u00fablico imput\u00f3 al director del penal de Portuguesa\",\"isPartOf\":{\"@id\":\"https:\\\/\\\/digital58.com.ve\\\/site\\\/#website\"},\"primaryImageOfPage\":{\"@id\":\"https:\\\/\\\/digital58.com.ve\\\/site\\\/2020\\\/05\\\/13\\\/ministerio-publico-imputo-al-director-del-penal-de-portuguesa\\\/#primaryimage\"},\"image\":{\"@id\":\"https:\\\/\\\/digital58.com.ve\\\/site\\\/2020\\\/05\\\/13\\\/ministerio-publico-imputo-al-director-del-penal-de-portuguesa\\\/#primaryimage\"},\"thumbnailUrl\":\"https:\\\/\\\/digital58.com.ve\\\/site\\\/wp-content\\\/uploads\\\/2020\\\/05\\\/ministerio-publico-imputo-a-10-hombres-por-masacre-en-internado-judicial-de-puente-ayala.jpg\",\"datePublished\":\"2020-05-13T19:29:39+00:00\",\"breadcrumb\":{\"@id\":\"https:\\\/\\\/digital58.com.ve\\\/site\\\/2020\\\/05\\\/13\\\/ministerio-publico-imputo-al-director-del-penal-de-portuguesa\\\/#breadcrumb\"},\"inLanguage\":\"es\",\"potentialAction\":[{\"@type\":\"ReadAction\",\"target\":[\"https:\\\/\\\/digital58.com.ve\\\/site\\\/2020\\\/05\\\/13\\\/ministerio-publico-imputo-al-director-del-penal-de-portuguesa\\\/\"]}]},{\"@type\":\"ImageObject\",\"inLanguage\":\"es\",\"@id\":\"https:\\\/\\\/digital58.com.ve\\\/site\\\/2020\\\/05\\\/13\\\/ministerio-publico-imputo-al-director-del-penal-de-portuguesa\\\/#primaryimage\",\"url\":\"https:\\\/\\\/digital58.com.ve\\\/site\\\/wp-content\\\/uploads\\\/2020\\\/05\\\/ministerio-publico-imputo-a-10-hombres-por-masacre-en-internado-judicial-de-puente-ayala.jpg\",\"contentUrl\":\"https:\\\/\\\/digital58.com.ve\\\/site\\\/wp-content\\\/uploads\\\/2020\\\/05\\\/ministerio-publico-imputo-a-10-hombres-por-masacre-en-internado-judicial-de-puente-ayala.jpg\",\"width\":800,\"height\":600},{\"@type\":\"BreadcrumbList\",\"@id\":\"https:\\\/\\\/digital58.com.ve\\\/site\\\/2020\\\/05\\\/13\\\/ministerio-publico-imputo-al-director-del-penal-de-portuguesa\\\/#breadcrumb\",\"itemListElement\":[{\"@type\":\"ListItem\",\"position\":1,\"name\":\"Home\",\"item\":\"https:\\\/\\\/digital58.com.ve\\\/site\\\/\"},{\"@type\":\"ListItem\",\"position\":2,\"name\":\"Ministerio P\u00fablico imput\u00f3 al director del penal de Portuguesa\"}]},{\"@type\":\"WebSite\",\"@id\":\"https:\\\/\\\/digital58.com.ve\\\/site\\\/#website\",\"url\":\"https:\\\/\\\/digital58.com.ve\\\/site\\\/\",\"name\":\"Noticias Digital58\",\"description\":\"Portal de Noticias \u00a1Periodismo web de verdad! Lanzamiento web 22.11.2005 \\\/ Maracaibo, Venezuela\",\"publisher\":{\"@id\":\"https:\\\/\\\/digital58.com.ve\\\/site\\\/#\\\/schema\\\/person\\\/64d1c2e4d0d4fd1b849980c4331c2951\"},\"alternateName\":\"ND58\",\"potentialAction\":[{\"@type\":\"SearchAction\",\"target\":{\"@type\":\"EntryPoint\",\"urlTemplate\":\"https:\\\/\\\/digital58.com.ve\\\/site\\\/?s={search_term_string}\"},\"query-input\":{\"@type\":\"PropertyValueSpecification\",\"valueRequired\":true,\"valueName\":\"search_term_string\"}}],\"inLanguage\":\"es\"},{\"@type\":[\"Person\",\"Organization\"],\"@id\":\"https:\\\/\\\/digital58.com.ve\\\/site\\\/#\\\/schema\\\/person\\\/64d1c2e4d0d4fd1b849980c4331c2951\",\"name\":\"Villasmil Henry\",\"image\":{\"@type\":\"ImageObject\",\"inLanguage\":\"es\",\"@id\":\"https:\\\/\\\/secure.gravatar.com\\\/avatar\\\/bb0c4a2fcb7970138239f7e404ea75757b1b507b28b5ce4c53fbd62d797c5a7c?s=96&d=mm&r=g\",\"url\":\"https:\\\/\\\/secure.gravatar.com\\\/avatar\\\/bb0c4a2fcb7970138239f7e404ea75757b1b507b28b5ce4c53fbd62d797c5a7c?s=96&d=mm&r=g\",\"contentUrl\":\"https:\\\/\\\/secure.gravatar.com\\\/avatar\\\/bb0c4a2fcb7970138239f7e404ea75757b1b507b28b5ce4c53fbd62d797c5a7c?s=96&d=mm&r=g\",\"caption\":\"Villasmil Henry\"},\"logo\":{\"@id\":\"https:\\\/\\\/secure.gravatar.com\\\/avatar\\\/bb0c4a2fcb7970138239f7e404ea75757b1b507b28b5ce4c53fbd62d797c5a7c?s=96&d=mm&r=g\"},\"sameAs\":[\"http:\\\/\\\/www.henryvillasmil.com.ve\",\"https:\\\/\\\/www.instagram.com\\\/villasmilhfoto\\\/\",\"https:\\\/\\\/x.com\\\/https:\\\/\\\/twitter.com\\\/villasmilhfoto\"]},{\"@type\":\"Person\",\"@id\":\"https:\\\/\\\/digital58.com.ve\\\/site\\\/#\\\/schema\\\/person\\\/c61667ce6845137620ee3f0aaabade17\",\"name\":\"Molero Luis\",\"image\":{\"@type\":\"ImageObject\",\"inLanguage\":\"es\",\"@id\":\"https:\\\/\\\/secure.gravatar.com\\\/avatar\\\/bf041ec637e3e7405449807deb2f7cf3d2de7c6fa755dd56e985201de9863f2b?s=96&d=mm&r=g\",\"url\":\"https:\\\/\\\/secure.gravatar.com\\\/avatar\\\/bf041ec637e3e7405449807deb2f7cf3d2de7c6fa755dd56e985201de9863f2b?s=96&d=mm&r=g\",\"contentUrl\":\"https:\\\/\\\/secure.gravatar.com\\\/avatar\\\/bf041ec637e3e7405449807deb2f7cf3d2de7c6fa755dd56e985201de9863f2b?s=96&d=mm&r=g\",\"caption\":\"Molero Luis\"},\"url\":\"https:\\\/\\\/digital58.com.ve\\\/site\\\/author\\\/luismolero\\\/\"}]}<\/script>\n<!-- \/ Yoast SEO plugin. -->","yoast_head_json":{"title":"Ministerio P\u00fablico imput\u00f3 al director del penal de Portuguesa","robots":{"index":"index","follow":"follow","max-snippet":"max-snippet:-1","max-image-preview":"max-image-preview:large","max-video-preview":"max-video-preview:-1"},"canonical":"https:\/\/digital58.com.ve\/site\/2020\/05\/13\/ministerio-publico-imputo-al-director-del-penal-de-portuguesa\/","og_locale":"es_ES","og_type":"article","og_title":"Ministerio P\u00fablico imput\u00f3 al director del penal de Portuguesa","og_url":"https:\/\/digital58.com.ve\/site\/2020\/05\/13\/ministerio-publico-imputo-al-director-del-penal-de-portuguesa\/","og_site_name":"Noticias Digital58","article_published_time":"2020-05-13T19:29:39+00:00","og_image":[{"width":1068,"height":801,"url":"https:\/\/digital58.com.ve\/site\/wp-content\/uploads\/2020\/05\/ministerio-publico-imputo-a-10-hombres-por-masacre-en-internado-judicial-de-puente-ayala.jpg","type":"image\/jpeg"}],"author":"Molero Luis","twitter_card":"summary_large_image","twitter_creator":"@Digital_58","twitter_site":"@villasmilhfoto","twitter_misc":{"Escrito por":"Molero Luis","Tiempo estimado de lectura":"2 minutos"},"schema":{"@context":"https:\/\/schema.org","@graph":[{"@type":"Article","@id":"https:\/\/digital58.com.ve\/site\/2020\/05\/13\/ministerio-publico-imputo-al-director-del-penal-de-portuguesa\/#article","isPartOf":{"@id":"https:\/\/digital58.com.ve\/site\/2020\/05\/13\/ministerio-publico-imputo-al-director-del-penal-de-portuguesa\/"},"author":{"name":"Molero Luis","@id":"https:\/\/digital58.com.ve\/site\/#\/schema\/person\/c61667ce6845137620ee3f0aaabade17"},"headline":"Ministerio P\u00fablico imput\u00f3 al director del penal de Portuguesa","datePublished":"2020-05-13T19:29:39+00:00","mainEntityOfPage":{"@id":"https:\/\/digital58.com.ve\/site\/2020\/05\/13\/ministerio-publico-imputo-al-director-del-penal-de-portuguesa\/"},"wordCount":417,"commentCount":0,"publisher":{"@id":"https:\/\/digital58.com.ve\/site\/#\/schema\/person\/64d1c2e4d0d4fd1b849980c4331c2951"},"image":{"@id":"https:\/\/digital58.com.ve\/site\/2020\/05\/13\/ministerio-publico-imputo-al-director-del-penal-de-portuguesa\/#primaryimage"},"thumbnailUrl":"https:\/\/digital58.com.ve\/site\/wp-content\/uploads\/2020\/05\/ministerio-publico-imputo-a-10-hombres-por-masacre-en-internado-judicial-de-puente-ayala.jpg","keywords":["Ministerio P\u00fablico","Nacionales","Tarek William Saab","Venezuela"],"articleSection":["Pol\u00edtica"],"inLanguage":"es","potentialAction":[{"@type":"CommentAction","name":"Comment","target":["https:\/\/digital58.com.ve\/site\/2020\/05\/13\/ministerio-publico-imputo-al-director-del-penal-de-portuguesa\/#respond"]}]},{"@type":"WebPage","@id":"https:\/\/digital58.com.ve\/site\/2020\/05\/13\/ministerio-publico-imputo-al-director-del-penal-de-portuguesa\/","url":"https:\/\/digital58.com.ve\/site\/2020\/05\/13\/ministerio-publico-imputo-al-director-del-penal-de-portuguesa\/","name":"Ministerio P\u00fablico imput\u00f3 al director del penal de Portuguesa","isPartOf":{"@id":"https:\/\/digital58.com.ve\/site\/#website"},"primaryImageOfPage":{"@id":"https:\/\/digital58.com.ve\/site\/2020\/05\/13\/ministerio-publico-imputo-al-director-del-penal-de-portuguesa\/#primaryimage"},"image":{"@id":"https:\/\/digital58.com.ve\/site\/2020\/05\/13\/ministerio-publico-imputo-al-director-del-penal-de-portuguesa\/#primaryimage"},"thumbnailUrl":"https:\/\/digital58.com.ve\/site\/wp-content\/uploads\/2020\/05\/ministerio-publico-imputo-a-10-hombres-por-masacre-en-internado-judicial-de-puente-ayala.jpg","datePublished":"2020-05-13T19:29:39+00:00","breadcrumb":{"@id":"https:\/\/digital58.com.ve\/site\/2020\/05\/13\/ministerio-publico-imputo-al-director-del-penal-de-portuguesa\/#breadcrumb"},"inLanguage":"es","potentialAction":[{"@type":"ReadAction","target":["https:\/\/digital58.com.ve\/site\/2020\/05\/13\/ministerio-publico-imputo-al-director-del-penal-de-portuguesa\/"]}]},{"@type":"ImageObject","inLanguage":"es","@id":"https:\/\/digital58.com.ve\/site\/2020\/05\/13\/ministerio-publico-imputo-al-director-del-penal-de-portuguesa\/#primaryimage","url":"https:\/\/digital58.com.ve\/site\/wp-content\/uploads\/2020\/05\/ministerio-publico-imputo-a-10-hombres-por-masacre-en-internado-judicial-de-puente-ayala.jpg","contentUrl":"https:\/\/digital58.com.ve\/site\/wp-content\/uploads\/2020\/05\/ministerio-publico-imputo-a-10-hombres-por-masacre-en-internado-judicial-de-puente-ayala.jpg","width":800,"height":600},{"@type":"BreadcrumbList","@id":"https:\/\/digital58.com.ve\/site\/2020\/05\/13\/ministerio-publico-imputo-al-director-del-penal-de-portuguesa\/#breadcrumb","itemListElement":[{"@type":"ListItem","position":1,"name":"Home","item":"https:\/\/digital58.com.ve\/site\/"},{"@type":"ListItem","position":2,"name":"Ministerio P\u00fablico imput\u00f3 al director del penal de Portuguesa"}]},{"@type":"WebSite","@id":"https:\/\/digital58.com.ve\/site\/#website","url":"https:\/\/digital58.com.ve\/site\/","name":"Noticias Digital58","description":"Portal de Noticias \u00a1Periodismo web de verdad! Lanzamiento web 22.11.2005 \/ Maracaibo, Venezuela","publisher":{"@id":"https:\/\/digital58.com.ve\/site\/#\/schema\/person\/64d1c2e4d0d4fd1b849980c4331c2951"},"alternateName":"ND58","potentialAction":[{"@type":"SearchAction","target":{"@type":"EntryPoint","urlTemplate":"https:\/\/digital58.com.ve\/site\/?s={search_term_string}"},"query-input":{"@type":"PropertyValueSpecification","valueRequired":true,"valueName":"search_term_string"}}],"inLanguage":"es"},{"@type":["Person","Organization"],"@id":"https:\/\/digital58.com.ve\/site\/#\/schema\/person\/64d1c2e4d0d4fd1b849980c4331c2951","name":"Villasmil Henry","image":{"@type":"ImageObject","inLanguage":"es","@id":"https:\/\/secure.gravatar.com\/avatar\/bb0c4a2fcb7970138239f7e404ea75757b1b507b28b5ce4c53fbd62d797c5a7c?s=96&d=mm&r=g","url":"https:\/\/secure.gravatar.com\/avatar\/bb0c4a2fcb7970138239f7e404ea75757b1b507b28b5ce4c53fbd62d797c5a7c?s=96&d=mm&r=g","contentUrl":"https:\/\/secure.gravatar.com\/avatar\/bb0c4a2fcb7970138239f7e404ea75757b1b507b28b5ce4c53fbd62d797c5a7c?s=96&d=mm&r=g","caption":"Villasmil Henry"},"logo":{"@id":"https:\/\/secure.gravatar.com\/avatar\/bb0c4a2fcb7970138239f7e404ea75757b1b507b28b5ce4c53fbd62d797c5a7c?s=96&d=mm&r=g"},"sameAs":["http:\/\/www.henryvillasmil.com.ve","https:\/\/www.instagram.com\/villasmilhfoto\/","https:\/\/x.com\/https:\/\/twitter.com\/villasmilhfoto"]},{"@type":"Person","@id":"https:\/\/digital58.com.ve\/site\/#\/schema\/person\/c61667ce6845137620ee3f0aaabade17","name":"Molero Luis","image":{"@type":"ImageObject","inLanguage":"es","@id":"https:\/\/secure.gravatar.com\/avatar\/bf041ec637e3e7405449807deb2f7cf3d2de7c6fa755dd56e985201de9863f2b?s=96&d=mm&r=g","url":"https:\/\/secure.gravatar.com\/avatar\/bf041ec637e3e7405449807deb2f7cf3d2de7c6fa755dd56e985201de9863f2b?s=96&d=mm&r=g","contentUrl":"https:\/\/secure.gravatar.com\/avatar\/bf041ec637e3e7405449807deb2f7cf3d2de7c6fa755dd56e985201de9863f2b?s=96&d=mm&r=g","caption":"Molero Luis"},"url":"https:\/\/digital58.com.ve\/site\/author\/luismolero\/"}]}},"uagb_featured_image_src":{"full":["https:\/\/digital58.com.ve\/site\/wp-content\/uploads\/2020\/05\/ministerio-publico-imputo-a-10-hombres-por-masacre-en-internado-judicial-de-puente-ayala.jpg",800,600,false],"thumbnail":["https:\/\/digital58.com.ve\/site\/wp-content\/uploads\/2020\/05\/ministerio-publico-imputo-a-10-hombres-por-masacre-en-internado-judicial-de-puente-ayala-150x150.jpg",150,150,true],"medium":["https:\/\/digital58.com.ve\/site\/wp-content\/uploads\/2020\/05\/ministerio-publico-imputo-a-10-hombres-por-masacre-en-internado-judicial-de-puente-ayala-300x225.jpg",300,225,true],"medium_large":["https:\/\/digital58.com.ve\/site\/wp-content\/uploads\/2020\/05\/ministerio-publico-imputo-a-10-hombres-por-masacre-en-internado-judicial-de-puente-ayala-768x576.jpg",768,576,true],"large":["https:\/\/digital58.com.ve\/site\/wp-content\/uploads\/2020\/05\/ministerio-publico-imputo-a-10-hombres-por-masacre-en-internado-judicial-de-puente-ayala.jpg",800,600,false],"1536x1536":["https:\/\/digital58.com.ve\/site\/wp-content\/uploads\/2020\/05\/ministerio-publico-imputo-a-10-hombres-por-masacre-en-internado-judicial-de-puente-ayala.jpg",800,600,false],"2048x2048":["https:\/\/digital58.com.ve\/site\/wp-content\/uploads\/2020\/05\/ministerio-publico-imputo-a-10-hombres-por-masacre-en-internado-judicial-de-puente-ayala.jpg",800,600,false],"colormag-highlighted-post":["https:\/\/digital58.com.ve\/site\/wp-content\/uploads\/2020\/05\/ministerio-publico-imputo-a-10-hombres-por-masacre-en-internado-judicial-de-puente-ayala.jpg",363,272,false],"colormag-featured-post-medium":["https:\/\/digital58.com.ve\/site\/wp-content\/uploads\/2020\/05\/ministerio-publico-imputo-a-10-hombres-por-masacre-en-internado-judicial-de-puente-ayala.jpg",273,205,false],"colormag-featured-post-small":["https:\/\/digital58.com.ve\/site\/wp-content\/uploads\/2020\/05\/ministerio-publico-imputo-a-10-hombres-por-masacre-en-internado-judicial-de-puente-ayala.jpg",120,90,false],"colormag-featured-image":["https:\/\/digital58.com.ve\/site\/wp-content\/uploads\/2020\/05\/ministerio-publico-imputo-a-10-hombres-por-masacre-en-internado-judicial-de-puente-ayala.jpg",593,445,false],"colormag-default-news":["https:\/\/digital58.com.ve\/site\/wp-content\/uploads\/2020\/05\/ministerio-publico-imputo-a-10-hombres-por-masacre-en-internado-judicial-de-puente-ayala.jpg",150,113,false],"colormag-featured-image-large":["https:\/\/digital58.com.ve\/site\/wp-content\/uploads\/2020\/05\/ministerio-publico-imputo-a-10-hombres-por-masacre-en-internado-judicial-de-puente-ayala.jpg",800,600,false]},"uagb_author_info":{"display_name":"Molero Luis","author_link":"https:\/\/digital58.com.ve\/site\/author\/luismolero\/"},"uagb_comment_info":0,"uagb_excerpt":"El Ministerio publico imputo esta mi\u00e9rcoles al director del penal de Portuguesa, as\u00ed como a cinco funcionarios y cuatros presos.","_links":{"self":[{"href":"https:\/\/digital58.com.ve\/site\/wp-json\/wp\/v2\/posts\/99419","targetHints":{"allow":["GET"]}}],"collection":[{"href":"https:\/\/digital58.com.ve\/site\/wp-json\/wp\/v2\/posts"}],"about":[{"href":"https:\/\/digital58.com.ve\/site\/wp-json\/wp\/v2\/types\/post"}],"author":[{"embeddable":true,"href":"https:\/\/digital58.com.ve\/site\/wp-json\/wp\/v2\/users\/26"}],"replies":[{"embeddable":true,"href":"https:\/\/digital58.com.ve\/site\/wp-json\/wp\/v2\/comments?post=99419"}],"version-history":[{"count":0,"href":"https:\/\/digital58.com.ve\/site\/wp-json\/wp\/v2\/posts\/99419\/revisions"}],"wp:featuredmedia":[{"embeddable":true,"href":"https:\/\/digital58.com.ve\/site\/wp-json\/wp\/v2\/media\/99422"}],"wp:attachment":[{"href":"https:\/\/digital58.com.ve\/site\/wp-json\/wp\/v2\/media?parent=99419"}],"wp:term":[{"taxonomy":"category","embeddable":true,"href":"https:\/\/digital58.com.ve\/site\/wp-json\/wp\/v2\/categories?post=99419"},{"taxonomy":"post_tag","embeddable":true,"href":"https:\/\/digital58.com.ve\/site\/wp-json\/wp\/v2\/tags?post=99419"}],"curies":[{"name":"wp","href":"https:\/\/api.w.org\/{rel}","templated":true}]}}